{"id":509,"date":"2020-02-22T15:03:59","date_gmt":"2020-02-22T18:03:59","guid":{"rendered":"https:\/\/elcanillita.info\/press\/?p=509"},"modified":"2020-02-23T11:34:37","modified_gmt":"2020-02-23T14:34:37","slug":"coronavirus-primer-contagio-turin-italia","status":"publish","type":"post","link":"https:\/\/elcanillita.info\/press\/2020\/02\/22\/coronavirus-primer-contagio-turin-italia\/","title":{"rendered":"Coronavirus, primer contagio en Tur\u00edn, Italia"},"content":{"rendered":"\n<p>Turin, 22.02.2020 &#8211; En Piemonte, 15 casos investigados.  El hombre tiene mucha fiebre, pero su vida no correr\u00eda peligro. Ha tenido contacto con Codogno, el pueblo donde comenz\u00f3 el contagio\u2026<\/p>\n\n\n\n<p>En las \u00faltimas horas tambi\u00e9n se ha registrado un caso de coronavirus en Tur\u00edn. Se trata de un hombre de 49 a\u00f1os que, seg\u00fan las primeras informaciones, va y viene de Lombard\u00eda por trabajo y habr\u00eda tenido contacto con Codogno, la ciudad de la provincia de Lodi donde se inici\u00f3 el primer caso de contagio.<\/p>\n\n\n\n<p>Seg\u00fan las primeras reconstrucciones, el hombre estar\u00eda en buenas condiciones y habr\u00eda decidido someterse a controles despu\u00e9s de descubrir que las personas con las que hab\u00eda estado en contacto se hab\u00edan visto afectadas por algunos controles. La prueba se llev\u00f3 a cabo en el Hospital Amedeo de Tur\u00edn. El paciente ser\u00eda hospitalizado en aislamiento en el mismo centro de salud, con fiebre.<\/p>\n\n\n\n<p><strong>El paciente no est\u00e1 en peligro<\/strong><br> Seg\u00fan el Consejero Regional de Salud, Luigi Icardi, el hombre de 49 a\u00f1os no correr\u00eda peligro de muerte. En este momento, los casos en observaci\u00f3n en la regi\u00f3n del Piemonte, ser\u00edan 15 y estar\u00edan dispersos en toda la regi\u00f3n. <\/p>\n\n\n\n<p>Habr\u00e1 m\u00e1s informaci\u00f3n sobre los casos en las pr\u00f3ximas seis horas y, precisamente por eso, la regi\u00f3n ha convocado una unidad de crisis, operativa las 24 horas del d\u00eda, a partir de hoy hasta que vuelva la emergencia.<\/p>\n\n\n\n<p><strong>Ex\u00e1menes de los miembros de la familia.<\/strong><br>En las pr\u00f3ximas horas, las personas que hayan estado en contacto con el coronavirus de 49 a\u00f1os positivo ser\u00e1n examinadas. Esto fue reportado por el Consejero de Salud Icardi. <\/p>\n\n\n\n<p>El hisopo, de hecho, se realizar\u00e1 en la esposa y los dos hijos del hombre, pero tambi\u00e9n en las personas que jugaron al baloncesto con \u00e9l el mi\u00e9rcoles.<\/p>\n\n\n\n<p>El hombre vive en Tur\u00edn, pero trabaja en una empresa en Cesano Boscone, en la provincia de Mil\u00e1n. Habr\u00eda regresado a la capital piemontesa en tren y el jueves habr\u00eda sufrido una ligera tos seguida de fiebre. De ah\u00ed la hospitalizaci\u00f3n de esta ma\u00f1ana, donde el hisopo habr\u00eda confirmado el contagio.<\/p>\n\n\n\n<p><strong>Hoy no hay emergencias<\/strong><br>&#8220;Tomamos esta decisi\u00f3n de acuerdo con el prefecto para no crear alarmismo, sino para estar preparados para enfrentar el fen\u00f3meno&#8221;, explic\u00f3 el presidente de la regi\u00f3n del Piemonte, Alberto Cirio. A\u00f1adi\u00f3: &#8220;Hoy no hay emergencias. Lamentablemente, tenemos un caso establecido: lo que estamos haciendo con el servicio de higiene p\u00fablica es aislar las relaciones familiares, laborales y de ocio del sujeto, para estrechar el c\u00edrculo y estar seguros de que la situaci\u00f3n est\u00e1 bajo control&#8221;.<\/p>\n\n\n\n<p><strong>La apelaci\u00f3n contra las fobias<\/strong><br>Durante la reuni\u00f3n en la Sala Regional de Operaciones de Protecci\u00f3n Civil, el Prefecto Claudio Palomba pidi\u00f3 que se prestara atenci\u00f3n a las fobias relacionadas con el virus: &#8220;Hago un llamamiento para sensibilizar sobre los casos de violencia que se han producido en los \u00faltimos d\u00edas: es una situaci\u00f3n insostenible.<\/p>\n\n\n\n<p>Hace s\u00f3lo unas horas una ciudadana de origen chino fue atacada en Tur\u00edn, precisamente por sus or\u00edgenes. En las \u00faltimas semanas, una pareja fue golpeada por el lanzamiento de una botella.<br><br><small>\u00a92020 SalaStampa.Eu, afiliada a la red Broadcasting Board of Governors \u00a92020 BBG<\/small><\/p>\n\n\n\n<p><\/p>\n","protected":false},"excerpt":{"rendered":"<p>Turin, 22.02.2020 &#8211; En Piemonte, 15 casos investigados.  El hombre tiene mucha fiebre, pero su vida no correr\u00eda peligro. Ha tenido contacto con Codogno, el pueblo donde comenz\u00f3 el contagio\u2026<\/p>\n","protected":false},"author":1,"featured_media":0,"comment_status":"closed","ping_status":"closed","sticky":false,"template":"","format":"standard","meta":{"footnotes":"","_links_to":"","_links_to_target":""},"categories":[70,5,78,25],"tags":[60],"class_list":["post-509","post","type-post","status-publish","format-standard","hentry","category-actualidad","category-europa","category-sanidad","category-sociedad","tag-italia","entry","double"],"yoast_head":"<!-- This site is optimized with the Yoast SEO plugin v27.5 - https:\/\/yoast.com\/product\/yoast-seo-wordpress\/ -->\n<title>Coronavirus, primer contagio en Tur\u00edn, Italia - ElCanillita.Info<\/title>\n<meta name=\"robots\" content=\"index, follow, max-snippet:-1, max-image-preview:large, max-video-preview:-1\" \/>\n<link rel=\"canonical\" href=\"https:\/\/elcanillita.info\/press\/2020\/02\/22\/coronavirus-primer-contagio-turin-italia\/\" \/>\n<meta property=\"og:locale\" content=\"es_ES\" \/>\n<meta property=\"og:type\" content=\"article\" \/>\n<meta property=\"og:title\" content=\"Coronavirus, primer contagio en Tur\u00edn, Italia - ElCanillita.Info\" \/>\n<meta property=\"og:description\" content=\"Turin, 22.02.2020 - En Piemonte, 15 casos investigados. El hombre tiene mucha fiebre, pero su vida no correr\u00eda peligro. Ha tenido contacto con Codogno, el pueblo donde comenz\u00f3 el contagio\u2026\" \/>\n<meta property=\"og:url\" content=\"https:\/\/elcanillita.info\/press\/2020\/02\/22\/coronavirus-primer-contagio-turin-italia\/\" \/>\n<meta property=\"og:site_name\" content=\"ElCanillita.Info\" \/>\n<meta property=\"article:publisher\" content=\"https:\/\/ar-ar.facebook.com\/ElCanillitainfo-114249515285712\/\" \/>\n<meta property=\"article:published_time\" content=\"2020-02-22T18:03:59+00:00\" \/>\n<meta property=\"article:modified_time\" content=\"2020-02-23T14:34:37+00:00\" \/>\n<meta name=\"author\" content=\"SalaStampa.eu, world press service\" \/>\n<meta name=\"twitter:card\" content=\"summary_large_image\" \/>\n<meta name=\"twitter:label1\" content=\"Escrito por\" \/>\n\t<meta name=\"twitter:data1\" content=\"SalaStampa.eu, world press service\" \/>\n\t<meta name=\"twitter:label2\" content=\"Tiempo de lectura\" \/>\n\t<meta name=\"twitter:data2\" content=\"3 minutos\" \/>\n<script type=\"application\/ld+json\" class=\"yoast-schema-graph\">{\"@context\":\"https:\\\/\\\/schema.org\",\"@graph\":[{\"@type\":\"Article\",\"@id\":\"https:\\\/\\\/elcanillita.info\\\/press\\\/2020\\\/02\\\/22\\\/coronavirus-primer-contagio-turin-italia\\\/#article\",\"isPartOf\":{\"@id\":\"https:\\\/\\\/elcanillita.info\\\/press\\\/2020\\\/02\\\/22\\\/coronavirus-primer-contagio-turin-italia\\\/\"},\"author\":{\"name\":\"SalaStampa.eu, world press service\",\"@id\":\"https:\\\/\\\/elcanillita.info\\\/press\\\/#\\\/schema\\\/person\\\/7fcb79f38045700919f7da6d97e71ba0\"},\"headline\":\"Coronavirus, primer contagio en Tur\u00edn, Italia\",\"datePublished\":\"2020-02-22T18:03:59+00:00\",\"dateModified\":\"2020-02-23T14:34:37+00:00\",\"mainEntityOfPage\":{\"@id\":\"https:\\\/\\\/elcanillita.info\\\/press\\\/2020\\\/02\\\/22\\\/coronavirus-primer-contagio-turin-italia\\\/\"},\"wordCount\":578,\"publisher\":{\"@id\":\"https:\\\/\\\/elcanillita.info\\\/press\\\/#organization\"},\"keywords\":[\"Italia\"],\"articleSection\":[\"Actualidad\",\"Europa\",\"Sanidad\",\"Sociedad\"],\"inLanguage\":\"es-AR\"},{\"@type\":\"WebPage\",\"@id\":\"https:\\\/\\\/elcanillita.info\\\/press\\\/2020\\\/02\\\/22\\\/coronavirus-primer-contagio-turin-italia\\\/\",\"url\":\"https:\\\/\\\/elcanillita.info\\\/press\\\/2020\\\/02\\\/22\\\/coronavirus-primer-contagio-turin-italia\\\/\",\"name\":\"Coronavirus, primer contagio en Tur\u00edn, Italia - ElCanillita.Info\",\"isPartOf\":{\"@id\":\"https:\\\/\\\/elcanillita.info\\\/press\\\/#website\"},\"datePublished\":\"2020-02-22T18:03:59+00:00\",\"dateModified\":\"2020-02-23T14:34:37+00:00\",\"inLanguage\":\"es-AR\",\"potentialAction\":[{\"@type\":\"ReadAction\",\"target\":[\"https:\\\/\\\/elcanillita.info\\\/press\\\/2020\\\/02\\\/22\\\/coronavirus-primer-contagio-turin-italia\\\/\"]}]},{\"@type\":\"WebSite\",\"@id\":\"https:\\\/\\\/elcanillita.info\\\/press\\\/#website\",\"url\":\"https:\\\/\\\/elcanillita.info\\\/press\\\/\",\"name\":\"ElCanillita.Info\",\"description\":\"desde los Apeninos a los Andes\",\"publisher\":{\"@id\":\"https:\\\/\\\/elcanillita.info\\\/press\\\/#organization\"},\"potentialAction\":[{\"@type\":\"SearchAction\",\"target\":{\"@type\":\"EntryPoint\",\"urlTemplate\":\"https:\\\/\\\/elcanillita.info\\\/press\\\/?s={search_term_string}\"},\"query-input\":{\"@type\":\"PropertyValueSpecification\",\"valueRequired\":true,\"valueName\":\"search_term_string\"}}],\"inLanguage\":\"es-AR\"},{\"@type\":\"Organization\",\"@id\":\"https:\\\/\\\/elcanillita.info\\\/press\\\/#organization\",\"name\":\"Guzzo Photos & Graphic Publications\",\"url\":\"https:\\\/\\\/elcanillita.info\\\/press\\\/\",\"logo\":{\"@type\":\"ImageObject\",\"inLanguage\":\"es-AR\",\"@id\":\"https:\\\/\\\/elcanillita.info\\\/press\\\/#\\\/schema\\\/logo\\\/image\\\/\",\"url\":\"https:\\\/\\\/elcanillita.info\\\/press\\\/images\\\/2020\\\/01\\\/cropped-cropped-cropped-elcanillitainfo.png\",\"contentUrl\":\"https:\\\/\\\/elcanillita.info\\\/press\\\/images\\\/2020\\\/01\\\/cropped-cropped-cropped-elcanillitainfo.png\",\"width\":460,\"height\":50,\"caption\":\"Guzzo Photos & Graphic Publications\"},\"image\":{\"@id\":\"https:\\\/\\\/elcanillita.info\\\/press\\\/#\\\/schema\\\/logo\\\/image\\\/\"},\"sameAs\":[\"https:\\\/\\\/ar-ar.facebook.com\\\/ElCanillitainfo-114249515285712\\\/\"]},{\"@type\":\"Person\",\"@id\":\"https:\\\/\\\/elcanillita.info\\\/press\\\/#\\\/schema\\\/person\\\/7fcb79f38045700919f7da6d97e71ba0\",\"name\":\"SalaStampa.eu, world press service\",\"image\":{\"@type\":\"ImageObject\",\"inLanguage\":\"es-AR\",\"@id\":\"https:\\\/\\\/secure.gravatar.com\\\/avatar\\\/c2f0e0d515a107624234994507816ca4724c7199cef73fc8bedebf6931d73888?s=96&d=mm&r=g\",\"url\":\"https:\\\/\\\/secure.gravatar.com\\\/avatar\\\/c2f0e0d515a107624234994507816ca4724c7199cef73fc8bedebf6931d73888?s=96&d=mm&r=g\",\"contentUrl\":\"https:\\\/\\\/secure.gravatar.com\\\/avatar\\\/c2f0e0d515a107624234994507816ca4724c7199cef73fc8bedebf6931d73888?s=96&d=mm&r=g\",\"caption\":\"SalaStampa.eu, world press service\"}}]}<\/script>\n<!-- \/ Yoast SEO plugin. -->","yoast_head_json":{"title":"Coronavirus, primer contagio en Tur\u00edn, Italia - ElCanillita.Info","robots":{"index":"index","follow":"follow","max-snippet":"max-snippet:-1","max-image-preview":"max-image-preview:large","max-video-preview":"max-video-preview:-1"},"canonical":"https:\/\/elcanillita.info\/press\/2020\/02\/22\/coronavirus-primer-contagio-turin-italia\/","og_locale":"es_ES","og_type":"article","og_title":"Coronavirus, primer contagio en Tur\u00edn, Italia - ElCanillita.Info","og_description":"Turin, 22.02.2020 - En Piemonte, 15 casos investigados. El hombre tiene mucha fiebre, pero su vida no correr\u00eda peligro. Ha tenido contacto con Codogno, el pueblo donde comenz\u00f3 el contagio\u2026","og_url":"https:\/\/elcanillita.info\/press\/2020\/02\/22\/coronavirus-primer-contagio-turin-italia\/","og_site_name":"ElCanillita.Info","article_publisher":"https:\/\/ar-ar.facebook.com\/ElCanillitainfo-114249515285712\/","article_published_time":"2020-02-22T18:03:59+00:00","article_modified_time":"2020-02-23T14:34:37+00:00","author":"SalaStampa.eu, world press service","twitter_card":"summary_large_image","twitter_misc":{"Escrito por":"SalaStampa.eu, world press service","Tiempo de lectura":"3 minutos"},"schema":{"@context":"https:\/\/schema.org","@graph":[{"@type":"Article","@id":"https:\/\/elcanillita.info\/press\/2020\/02\/22\/coronavirus-primer-contagio-turin-italia\/#article","isPartOf":{"@id":"https:\/\/elcanillita.info\/press\/2020\/02\/22\/coronavirus-primer-contagio-turin-italia\/"},"author":{"name":"SalaStampa.eu, world press service","@id":"https:\/\/elcanillita.info\/press\/#\/schema\/person\/7fcb79f38045700919f7da6d97e71ba0"},"headline":"Coronavirus, primer contagio en Tur\u00edn, Italia","datePublished":"2020-02-22T18:03:59+00:00","dateModified":"2020-02-23T14:34:37+00:00","mainEntityOfPage":{"@id":"https:\/\/elcanillita.info\/press\/2020\/02\/22\/coronavirus-primer-contagio-turin-italia\/"},"wordCount":578,"publisher":{"@id":"https:\/\/elcanillita.info\/press\/#organization"},"keywords":["Italia"],"articleSection":["Actualidad","Europa","Sanidad","Sociedad"],"inLanguage":"es-AR"},{"@type":"WebPage","@id":"https:\/\/elcanillita.info\/press\/2020\/02\/22\/coronavirus-primer-contagio-turin-italia\/","url":"https:\/\/elcanillita.info\/press\/2020\/02\/22\/coronavirus-primer-contagio-turin-italia\/","name":"Coronavirus, primer contagio en Tur\u00edn, Italia - ElCanillita.Info","isPartOf":{"@id":"https:\/\/elcanillita.info\/press\/#website"},"datePublished":"2020-02-22T18:03:59+00:00","dateModified":"2020-02-23T14:34:37+00:00","inLanguage":"es-AR","potentialAction":[{"@type":"ReadAction","target":["https:\/\/elcanillita.info\/press\/2020\/02\/22\/coronavirus-primer-contagio-turin-italia\/"]}]},{"@type":"WebSite","@id":"https:\/\/elcanillita.info\/press\/#website","url":"https:\/\/elcanillita.info\/press\/","name":"ElCanillita.Info","description":"desde los Apeninos a los Andes","publisher":{"@id":"https:\/\/elcanillita.info\/press\/#organization"},"potentialAction":[{"@type":"SearchAction","target":{"@type":"EntryPoint","urlTemplate":"https:\/\/elcanillita.info\/press\/?s={search_term_string}"},"query-input":{"@type":"PropertyValueSpecification","valueRequired":true,"valueName":"search_term_string"}}],"inLanguage":"es-AR"},{"@type":"Organization","@id":"https:\/\/elcanillita.info\/press\/#organization","name":"Guzzo Photos & Graphic Publications","url":"https:\/\/elcanillita.info\/press\/","logo":{"@type":"ImageObject","inLanguage":"es-AR","@id":"https:\/\/elcanillita.info\/press\/#\/schema\/logo\/image\/","url":"https:\/\/elcanillita.info\/press\/images\/2020\/01\/cropped-cropped-cropped-elcanillitainfo.png","contentUrl":"https:\/\/elcanillita.info\/press\/images\/2020\/01\/cropped-cropped-cropped-elcanillitainfo.png","width":460,"height":50,"caption":"Guzzo Photos & Graphic Publications"},"image":{"@id":"https:\/\/elcanillita.info\/press\/#\/schema\/logo\/image\/"},"sameAs":["https:\/\/ar-ar.facebook.com\/ElCanillitainfo-114249515285712\/"]},{"@type":"Person","@id":"https:\/\/elcanillita.info\/press\/#\/schema\/person\/7fcb79f38045700919f7da6d97e71ba0","name":"SalaStampa.eu, world press service","image":{"@type":"ImageObject","inLanguage":"es-AR","@id":"https:\/\/secure.gravatar.com\/avatar\/c2f0e0d515a107624234994507816ca4724c7199cef73fc8bedebf6931d73888?s=96&d=mm&r=g","url":"https:\/\/secure.gravatar.com\/avatar\/c2f0e0d515a107624234994507816ca4724c7199cef73fc8bedebf6931d73888?s=96&d=mm&r=g","contentUrl":"https:\/\/secure.gravatar.com\/avatar\/c2f0e0d515a107624234994507816ca4724c7199cef73fc8bedebf6931d73888?s=96&d=mm&r=g","caption":"SalaStampa.eu, world press service"}}]}},"views":757,"_links":{"self":[{"href":"https:\/\/elcanillita.info\/press\/wp-json\/wp\/v2\/posts\/509","targetHints":{"allow":["GET"]}}],"collection":[{"href":"https:\/\/elcanillita.info\/press\/wp-json\/wp\/v2\/posts"}],"about":[{"href":"https:\/\/elcanillita.info\/press\/wp-json\/wp\/v2\/types\/post"}],"author":[{"embeddable":true,"href":"https:\/\/elcanillita.info\/press\/wp-json\/wp\/v2\/users\/1"}],"replies":[{"embeddable":true,"href":"https:\/\/elcanillita.info\/press\/wp-json\/wp\/v2\/comments?post=509"}],"version-history":[{"count":0,"href":"https:\/\/elcanillita.info\/press\/wp-json\/wp\/v2\/posts\/509\/revisions"}],"wp:attachment":[{"href":"https:\/\/elcanillita.info\/press\/wp-json\/wp\/v2\/media?parent=509"}],"wp:term":[{"taxonomy":"category","embeddable":true,"href":"https:\/\/elcanillita.info\/press\/wp-json\/wp\/v2\/categories?post=509"},{"taxonomy":"post_tag","embeddable":true,"href":"https:\/\/elcanillita.info\/press\/wp-json\/wp\/v2\/tags?post=509"}],"curies":[{"name":"wp","href":"https:\/\/api.w.org\/{rel}","templated":true}]}}