{"id":508,"date":"2020-02-21T15:23:53","date_gmt":"2020-02-21T18:23:53","guid":{"rendered":"https:\/\/elcanillita.info\/press\/?p=508"},"modified":"2020-02-22T15:49:39","modified_gmt":"2020-02-22T18:49:39","slug":"coronavirus-contagios-lodigian-italia","status":"publish","type":"post","link":"https:\/\/elcanillita.info\/press\/2020\/02\/21\/coronavirus-contagios-lodigian-italia\/","title":{"rendered":"Contagio de Coronavirus en Lodigiano, Italia"},"content":{"rendered":"\n<p>Lodigiano, Italia, 21.02.2020 &#8211; <em>Coronavirus<\/em>: los contagios en Lodigiano, Italia son 14. Los primeros son un hombre de 38 a\u00f1os de edad de Codogno y su esposa.  En aislamiento 250 personas<\/p>\n\n\n\n<p>Positividad confirmada por Iss &#8211; Istituto Superiore di Sanit\u00e0. El hombre no ha estado en China, a finales de enero cen\u00f3 con un amigo que hab\u00eda regresado de all\u00ed, pero \u00e9ste dio negativo en las primeras pruebas. Su esposa est\u00e1 embarazada de ocho meses.  Tambien fue internado con neumon\u00eda el m\u00e9dico general que examin\u00f3 al hombre de 38 a\u00f1os. Cuarentena para los familiares, m\u00e9dicos y enfermeras.<\/p>\n\n\n\n<p>Adem\u00e1s de las seis primeras infecciones de coronavirus en Italia, en Lombard\u00eda hay otras ocho: cinco m\u00e9dicos y tres pacientes del hospital de Codogno.  Esto eleva a 14 el n\u00famero de casos positivos de coronavirus en Lodigiano. El primero es un residente de 38 a\u00f1os de edad en Codogno, nacido en Castiglione d&#8217;Adda, en la provincia de Lodi, hospitalizado desde el mi\u00e9rcoles por la noche en Codogno, dio positivo en el test de coronavirus y la positividad fue confirmada oficialmente por el Instituto Superior de Salud.<br> <br> Su esposa, que est\u00e1 embarazada de ocho meses, tambi\u00e9n dio positivo en la prueba y fue admitida en aislamiento en el Hospital Sacco de Mil\u00e1n.  Los otros infectados son 3 clientes de un bar de Castiglione y el hijo del propietario: el hijo del propietario es amigo del de 38 a\u00f1os y hab\u00eda jugado al f\u00fatbol sala con \u00e9l, mientras que los otros tres son clientes del bar, jubilados de 70 y 80 a\u00f1os. Nunca habr\u00edan tenido contacto directo con el &#8220;paciente cero&#8221; sino con su amigo.<\/p>\n\n\n\n<p>Por la tarde lleg\u00f3 la confirmaci\u00f3n: en el hospital de Codogno 5 trabajadores de la salud y 3 pacientes tambi\u00e9n dieron positivo. &#8220;Unas 250 personas est\u00e1n aisladas, explic\u00f3 el Consejero de Bienestar de la Regi\u00f3n de Lombard\u00eda, Giulio Gallera.<\/p>\n\n\n\n<p>Todos los pacientes hospitalizados -hospitalizados en Codogno, excepto la esposa de 38 a\u00f1os, que estar\u00eda en una condici\u00f3n menos preocupante- tienen una neumon\u00eda grave y han sido trasladados al Hospital Sacco. El hombre de 38 a\u00f1os, por otra parte, tiene un pron\u00f3stico confidencial, con insuficiencia respiratoria y su estado se considera muy grave, tanto que el traslado al Hospital Sacco, previsto para la ma\u00f1ana, ha sido aplazado. Las otras tres personas infectadas llegaron al hospital de Codogno (Lodi) durante la noche con un cuadro cl\u00ednico de neumon\u00eda.<\/p>\n\n\n\n<p>Deber\u00edan haber tenido contacto con el &#8220;paciente cero&#8221; de 38 a\u00f1os. Todos los pacientes tienen 40 a\u00f1os y no hay menores entre los infectados. El m\u00e9dico de cabecera que visit\u00f3 a la chica de 38 a\u00f1os en Codogno en su casa el lunes est\u00e1 internado en el Hospital Sacco con neumon\u00eda. Se atiende el resultado de la prueba.<\/p>\n\n\n\n<p>Apelo: &#8220;No salgas de casa&#8221;<\/p>\n\n\n\n<p>&#8220;Se invita a todos los ciudadanos de Castiglione d&#8217;Adda, Codogno y Casalpusterlengo, como medida de precauci\u00f3n, a permanecer en sus casas y evitar los contactos sociales&#8221;, \u00e9sta es en una nota del Consejero Regional de Salud Giulio Gallera. <\/p>\n\n\n\n<p>Inmediatamente lleg\u00f3 una declaraci\u00f3n del Primer Ministro Conte: &#8220;El enfoque preventivo adoptado por Italia en el asunto del Coronavirus nos permite alejar cualquier alarma y p\u00e1nico social. Hay que confiar en las indicaciones oficiales del Ministerio de Sanidad, tenemos un comit\u00e9 t\u00e9cnico cient\u00edfico que nos ofrece la base t\u00e9cnica y cient\u00edfica para la evaluaci\u00f3n. <br> Obviamente, un momento despu\u00e9s, en consecuencia -dijo nuevamente Conte- adoptamos todas las iniciativas e indicaciones, incluso a nivel pol\u00edtico, que son necesarias para la poblaci\u00f3n. Ya estamos en el nivel de m\u00e1xima precauci\u00f3n&#8221;.<\/p>\n\n\n\n<p>Coronavirus en la provincia de Lodi<br> Se est\u00e1 tratando de reconstruir c\u00f3mo se propag\u00f3 el virus: por lo que sabemos, la persona de 38 a\u00f1os habr\u00eda ido a cenar con un amigo &#8211; un gerente de Unilever en Fiorenzuola d&#8217;Arda, en la provincia de Piacenza &#8211; que regres\u00f3 de China a fines de enero, pero no es seguro que ese fuera el momento de la infecci\u00f3n, ya que los d\u00edas transcurridos a partir de ese momento ser\u00edan m\u00e1s que los considerados hasta ahora como el per\u00edodo de incubaci\u00f3n del virus. <br><br>El gerente &#8211; que es en \u00e9ste caso el &#8220;\u00edndice&#8221; &#8211; est\u00e1 aislado en el Hospital Sacco y se le hicieron las primeras pruebas negativas. La esposa de 38 a\u00f1os de edad ense\u00f1aba en una escuela secundaria, pero hab\u00eda dejado de hacerlo porque estaba embarazada. Ocasionalmente ayudaba a su madre, que tiene una tienda de hierbas.<br><br>\n<small>2020 salastampa.eu, afiliada a la red Broadcasting Board of Governors \u00a9 2020 BBG<\/small><\/p>\n","protected":false},"excerpt":{"rendered":"<p>Lodigiano, Italia, 21.02.2020 &#8211; Coronavirus: los contagios en Lodigiano, Italia son 14: los primeros son un hombre de 38 a\u00f1os de edad de Codogno y su esposa.  En aislamiento 250 personas<\/p>\n","protected":false},"author":1,"featured_media":0,"comment_status":"closed","ping_status":"closed","sticky":false,"template":"","format":"standard","meta":{"footnotes":"","_links_to":"","_links_to_target":""},"categories":[70,5,78,25],"tags":[60],"class_list":["post-508","post","type-post","status-publish","format-standard","hentry","category-actualidad","category-europa","category-sanidad","category-sociedad","tag-italia","entry","double"],"yoast_head":"<!-- This site is optimized with the Yoast SEO plugin v27.5 - https:\/\/yoast.com\/product\/yoast-seo-wordpress\/ -->\n<title>Contagio de Coronavirus en Lodigiano, Italia - ElCanillita.Info<\/title>\n<meta name=\"robots\" content=\"index, follow, max-snippet:-1, max-image-preview:large, max-video-preview:-1\" \/>\n<link rel=\"canonical\" href=\"https:\/\/elcanillita.info\/press\/2020\/02\/21\/coronavirus-contagios-lodigian-italia\/\" \/>\n<meta property=\"og:locale\" content=\"es_ES\" \/>\n<meta property=\"og:type\" content=\"article\" \/>\n<meta property=\"og:title\" content=\"Contagio de Coronavirus en Lodigiano, Italia - ElCanillita.Info\" \/>\n<meta property=\"og:description\" content=\"Lodigiano, Italia, 21.02.2020 - Coronavirus: los contagios en Lodigiano, Italia son 14: los primeros son un hombre de 38 a\u00f1os de edad de Codogno y su esposa. En aislamiento 250 personas\" \/>\n<meta property=\"og:url\" content=\"https:\/\/elcanillita.info\/press\/2020\/02\/21\/coronavirus-contagios-lodigian-italia\/\" \/>\n<meta property=\"og:site_name\" content=\"ElCanillita.Info\" \/>\n<meta property=\"article:publisher\" content=\"https:\/\/ar-ar.facebook.com\/ElCanillitainfo-114249515285712\/\" \/>\n<meta property=\"article:published_time\" content=\"2020-02-21T18:23:53+00:00\" \/>\n<meta property=\"article:modified_time\" content=\"2020-02-22T18:49:39+00:00\" \/>\n<meta name=\"author\" content=\"SalaStampa.eu, world press service\" \/>\n<meta name=\"twitter:card\" content=\"summary_large_image\" \/>\n<meta name=\"twitter:label1\" content=\"Escrito por\" \/>\n\t<meta name=\"twitter:data1\" content=\"SalaStampa.eu, world press service\" \/>\n\t<meta name=\"twitter:label2\" content=\"Tiempo de lectura\" \/>\n\t<meta name=\"twitter:data2\" content=\"4 minutos\" \/>\n<script type=\"application\/ld+json\" class=\"yoast-schema-graph\">{\"@context\":\"https:\\\/\\\/schema.org\",\"@graph\":[{\"@type\":\"Article\",\"@id\":\"https:\\\/\\\/elcanillita.info\\\/press\\\/2020\\\/02\\\/21\\\/coronavirus-contagios-lodigian-italia\\\/#article\",\"isPartOf\":{\"@id\":\"https:\\\/\\\/elcanillita.info\\\/press\\\/2020\\\/02\\\/21\\\/coronavirus-contagios-lodigian-italia\\\/\"},\"author\":{\"name\":\"SalaStampa.eu, world press service\",\"@id\":\"https:\\\/\\\/elcanillita.info\\\/press\\\/#\\\/schema\\\/person\\\/7fcb79f38045700919f7da6d97e71ba0\"},\"headline\":\"Contagio de Coronavirus en Lodigiano, Italia\",\"datePublished\":\"2020-02-21T18:23:53+00:00\",\"dateModified\":\"2020-02-22T18:49:39+00:00\",\"mainEntityOfPage\":{\"@id\":\"https:\\\/\\\/elcanillita.info\\\/press\\\/2020\\\/02\\\/21\\\/coronavirus-contagios-lodigian-italia\\\/\"},\"wordCount\":793,\"publisher\":{\"@id\":\"https:\\\/\\\/elcanillita.info\\\/press\\\/#organization\"},\"keywords\":[\"Italia\"],\"articleSection\":[\"Actualidad\",\"Europa\",\"Sanidad\",\"Sociedad\"],\"inLanguage\":\"es-AR\"},{\"@type\":\"WebPage\",\"@id\":\"https:\\\/\\\/elcanillita.info\\\/press\\\/2020\\\/02\\\/21\\\/coronavirus-contagios-lodigian-italia\\\/\",\"url\":\"https:\\\/\\\/elcanillita.info\\\/press\\\/2020\\\/02\\\/21\\\/coronavirus-contagios-lodigian-italia\\\/\",\"name\":\"Contagio de Coronavirus en Lodigiano, Italia - ElCanillita.Info\",\"isPartOf\":{\"@id\":\"https:\\\/\\\/elcanillita.info\\\/press\\\/#website\"},\"datePublished\":\"2020-02-21T18:23:53+00:00\",\"dateModified\":\"2020-02-22T18:49:39+00:00\",\"inLanguage\":\"es-AR\",\"potentialAction\":[{\"@type\":\"ReadAction\",\"target\":[\"https:\\\/\\\/elcanillita.info\\\/press\\\/2020\\\/02\\\/21\\\/coronavirus-contagios-lodigian-italia\\\/\"]}]},{\"@type\":\"WebSite\",\"@id\":\"https:\\\/\\\/elcanillita.info\\\/press\\\/#website\",\"url\":\"https:\\\/\\\/elcanillita.info\\\/press\\\/\",\"name\":\"ElCanillita.Info\",\"description\":\"desde los Apeninos a los Andes\",\"publisher\":{\"@id\":\"https:\\\/\\\/elcanillita.info\\\/press\\\/#organization\"},\"potentialAction\":[{\"@type\":\"SearchAction\",\"target\":{\"@type\":\"EntryPoint\",\"urlTemplate\":\"https:\\\/\\\/elcanillita.info\\\/press\\\/?s={search_term_string}\"},\"query-input\":{\"@type\":\"PropertyValueSpecification\",\"valueRequired\":true,\"valueName\":\"search_term_string\"}}],\"inLanguage\":\"es-AR\"},{\"@type\":\"Organization\",\"@id\":\"https:\\\/\\\/elcanillita.info\\\/press\\\/#organization\",\"name\":\"Guzzo Photos & Graphic Publications\",\"url\":\"https:\\\/\\\/elcanillita.info\\\/press\\\/\",\"logo\":{\"@type\":\"ImageObject\",\"inLanguage\":\"es-AR\",\"@id\":\"https:\\\/\\\/elcanillita.info\\\/press\\\/#\\\/schema\\\/logo\\\/image\\\/\",\"url\":\"https:\\\/\\\/elcanillita.info\\\/press\\\/images\\\/2020\\\/01\\\/cropped-cropped-cropped-elcanillitainfo.png\",\"contentUrl\":\"https:\\\/\\\/elcanillita.info\\\/press\\\/images\\\/2020\\\/01\\\/cropped-cropped-cropped-elcanillitainfo.png\",\"width\":460,\"height\":50,\"caption\":\"Guzzo Photos & Graphic Publications\"},\"image\":{\"@id\":\"https:\\\/\\\/elcanillita.info\\\/press\\\/#\\\/schema\\\/logo\\\/image\\\/\"},\"sameAs\":[\"https:\\\/\\\/ar-ar.facebook.com\\\/ElCanillitainfo-114249515285712\\\/\"]},{\"@type\":\"Person\",\"@id\":\"https:\\\/\\\/elcanillita.info\\\/press\\\/#\\\/schema\\\/person\\\/7fcb79f38045700919f7da6d97e71ba0\",\"name\":\"SalaStampa.eu, world press service\",\"image\":{\"@type\":\"ImageObject\",\"inLanguage\":\"es-AR\",\"@id\":\"https:\\\/\\\/secure.gravatar.com\\\/avatar\\\/c2f0e0d515a107624234994507816ca4724c7199cef73fc8bedebf6931d73888?s=96&d=mm&r=g\",\"url\":\"https:\\\/\\\/secure.gravatar.com\\\/avatar\\\/c2f0e0d515a107624234994507816ca4724c7199cef73fc8bedebf6931d73888?s=96&d=mm&r=g\",\"contentUrl\":\"https:\\\/\\\/secure.gravatar.com\\\/avatar\\\/c2f0e0d515a107624234994507816ca4724c7199cef73fc8bedebf6931d73888?s=96&d=mm&r=g\",\"caption\":\"SalaStampa.eu, world press service\"}}]}<\/script>\n<!-- \/ Yoast SEO plugin. -->","yoast_head_json":{"title":"Contagio de Coronavirus en Lodigiano, Italia - ElCanillita.Info","robots":{"index":"index","follow":"follow","max-snippet":"max-snippet:-1","max-image-preview":"max-image-preview:large","max-video-preview":"max-video-preview:-1"},"canonical":"https:\/\/elcanillita.info\/press\/2020\/02\/21\/coronavirus-contagios-lodigian-italia\/","og_locale":"es_ES","og_type":"article","og_title":"Contagio de Coronavirus en Lodigiano, Italia - ElCanillita.Info","og_description":"Lodigiano, Italia, 21.02.2020 - Coronavirus: los contagios en Lodigiano, Italia son 14: los primeros son un hombre de 38 a\u00f1os de edad de Codogno y su esposa. En aislamiento 250 personas","og_url":"https:\/\/elcanillita.info\/press\/2020\/02\/21\/coronavirus-contagios-lodigian-italia\/","og_site_name":"ElCanillita.Info","article_publisher":"https:\/\/ar-ar.facebook.com\/ElCanillitainfo-114249515285712\/","article_published_time":"2020-02-21T18:23:53+00:00","article_modified_time":"2020-02-22T18:49:39+00:00","author":"SalaStampa.eu, world press service","twitter_card":"summary_large_image","twitter_misc":{"Escrito por":"SalaStampa.eu, world press service","Tiempo de lectura":"4 minutos"},"schema":{"@context":"https:\/\/schema.org","@graph":[{"@type":"Article","@id":"https:\/\/elcanillita.info\/press\/2020\/02\/21\/coronavirus-contagios-lodigian-italia\/#article","isPartOf":{"@id":"https:\/\/elcanillita.info\/press\/2020\/02\/21\/coronavirus-contagios-lodigian-italia\/"},"author":{"name":"SalaStampa.eu, world press service","@id":"https:\/\/elcanillita.info\/press\/#\/schema\/person\/7fcb79f38045700919f7da6d97e71ba0"},"headline":"Contagio de Coronavirus en Lodigiano, Italia","datePublished":"2020-02-21T18:23:53+00:00","dateModified":"2020-02-22T18:49:39+00:00","mainEntityOfPage":{"@id":"https:\/\/elcanillita.info\/press\/2020\/02\/21\/coronavirus-contagios-lodigian-italia\/"},"wordCount":793,"publisher":{"@id":"https:\/\/elcanillita.info\/press\/#organization"},"keywords":["Italia"],"articleSection":["Actualidad","Europa","Sanidad","Sociedad"],"inLanguage":"es-AR"},{"@type":"WebPage","@id":"https:\/\/elcanillita.info\/press\/2020\/02\/21\/coronavirus-contagios-lodigian-italia\/","url":"https:\/\/elcanillita.info\/press\/2020\/02\/21\/coronavirus-contagios-lodigian-italia\/","name":"Contagio de Coronavirus en Lodigiano, Italia - ElCanillita.Info","isPartOf":{"@id":"https:\/\/elcanillita.info\/press\/#website"},"datePublished":"2020-02-21T18:23:53+00:00","dateModified":"2020-02-22T18:49:39+00:00","inLanguage":"es-AR","potentialAction":[{"@type":"ReadAction","target":["https:\/\/elcanillita.info\/press\/2020\/02\/21\/coronavirus-contagios-lodigian-italia\/"]}]},{"@type":"WebSite","@id":"https:\/\/elcanillita.info\/press\/#website","url":"https:\/\/elcanillita.info\/press\/","name":"ElCanillita.Info","description":"desde los Apeninos a los Andes","publisher":{"@id":"https:\/\/elcanillita.info\/press\/#organization"},"potentialAction":[{"@type":"SearchAction","target":{"@type":"EntryPoint","urlTemplate":"https:\/\/elcanillita.info\/press\/?s={search_term_string}"},"query-input":{"@type":"PropertyValueSpecification","valueRequired":true,"valueName":"search_term_string"}}],"inLanguage":"es-AR"},{"@type":"Organization","@id":"https:\/\/elcanillita.info\/press\/#organization","name":"Guzzo Photos & Graphic Publications","url":"https:\/\/elcanillita.info\/press\/","logo":{"@type":"ImageObject","inLanguage":"es-AR","@id":"https:\/\/elcanillita.info\/press\/#\/schema\/logo\/image\/","url":"https:\/\/elcanillita.info\/press\/images\/2020\/01\/cropped-cropped-cropped-elcanillitainfo.png","contentUrl":"https:\/\/elcanillita.info\/press\/images\/2020\/01\/cropped-cropped-cropped-elcanillitainfo.png","width":460,"height":50,"caption":"Guzzo Photos & Graphic Publications"},"image":{"@id":"https:\/\/elcanillita.info\/press\/#\/schema\/logo\/image\/"},"sameAs":["https:\/\/ar-ar.facebook.com\/ElCanillitainfo-114249515285712\/"]},{"@type":"Person","@id":"https:\/\/elcanillita.info\/press\/#\/schema\/person\/7fcb79f38045700919f7da6d97e71ba0","name":"SalaStampa.eu, world press service","image":{"@type":"ImageObject","inLanguage":"es-AR","@id":"https:\/\/secure.gravatar.com\/avatar\/c2f0e0d515a107624234994507816ca4724c7199cef73fc8bedebf6931d73888?s=96&d=mm&r=g","url":"https:\/\/secure.gravatar.com\/avatar\/c2f0e0d515a107624234994507816ca4724c7199cef73fc8bedebf6931d73888?s=96&d=mm&r=g","contentUrl":"https:\/\/secure.gravatar.com\/avatar\/c2f0e0d515a107624234994507816ca4724c7199cef73fc8bedebf6931d73888?s=96&d=mm&r=g","caption":"SalaStampa.eu, world press service"}}]}},"views":786,"_links":{"self":[{"href":"https:\/\/elcanillita.info\/press\/wp-json\/wp\/v2\/posts\/508","targetHints":{"allow":["GET"]}}],"collection":[{"href":"https:\/\/elcanillita.info\/press\/wp-json\/wp\/v2\/posts"}],"about":[{"href":"https:\/\/elcanillita.info\/press\/wp-json\/wp\/v2\/types\/post"}],"author":[{"embeddable":true,"href":"https:\/\/elcanillita.info\/press\/wp-json\/wp\/v2\/users\/1"}],"replies":[{"embeddable":true,"href":"https:\/\/elcanillita.info\/press\/wp-json\/wp\/v2\/comments?post=508"}],"version-history":[{"count":0,"href":"https:\/\/elcanillita.info\/press\/wp-json\/wp\/v2\/posts\/508\/revisions"}],"wp:attachment":[{"href":"https:\/\/elcanillita.info\/press\/wp-json\/wp\/v2\/media?parent=508"}],"wp:term":[{"taxonomy":"category","embeddable":true,"href":"https:\/\/elcanillita.info\/press\/wp-json\/wp\/v2\/categories?post=508"},{"taxonomy":"post_tag","embeddable":true,"href":"https:\/\/elcanillita.info\/press\/wp-json\/wp\/v2\/tags?post=508"}],"curies":[{"name":"wp","href":"https:\/\/api.w.org\/{rel}","templated":true}]}}