{"id":507,"date":"2020-02-20T09:54:25","date_gmt":"2020-02-20T12:54:25","guid":{"rendered":"https:\/\/elcanillita.info\/press\/?p=507"},"modified":"2020-02-22T14:54:38","modified_gmt":"2020-02-22T17:54:38","slug":"expresidente-mejico-pena-nieto-investigado-corrupcion","status":"publish","type":"post","link":"https:\/\/elcanillita.info\/press\/2020\/02\/20\/expresidente-mejico-pena-nieto-investigado-corrupcion\/","title":{"rendered":"Expresidente de M\u00e9jico, Pe\u00f1a Nieto, investigado por corrupci\u00f3n"},"content":{"rendered":"\n<p>Mejico, 20.02.2020 &#8211; El expresidente mexicano Enrique Pe\u00f1a Nieto est\u00e1 siendo investigado por la polic\u00eda de su pa\u00eds como parte de una pesquisa por corrupci\u00f3n,&nbsp;inform\u00f3 el mi\u00e9rcoles el diario Wall Street Journal.<\/p>\n\n\n\n<p>Pe\u00f1a Nieto ha resultado involucrado en la investigaci\u00f3n de Emilio Lozoya, expresidente ejecutivo de la petrolera estatal mexicana Petr\u00f3leos Mexicanos, o Pemex.<\/p>\n\n\n\n<p>Lozoya est\u00e1 acusado de corrupci\u00f3n, en relaci\u00f3n con un amplio caso de soborno y lavado de dinero que involucra a la constructora brasile\u00f1a Odebrecht SA. Lozoya, quien fue arrestado en Espa\u00f1a la semana pasada, ha negado haber actuado mal.<\/p>\n\n\n\n<p>La oficina del fiscal general mexicano no respondi\u00f3 de inmediato a una solicitud de comentarios.<\/p>\n\n\n\n<p>Pe\u00f1a Nieto, quien complet\u00f3 un per\u00edodo de seis a\u00f1os en 2018, no pudo ser contactado de inmediato para hacer comentarios. Anteriormente hab\u00eda negado recibir sobornos de Odebrecht.<br><br>\n<small>2020 voanoticias \u2013 salastampa.eu, afiliada a la red Broadcasting Board of Governors \u00a9 2020 BBG<\/small><\/p>\n","protected":false},"excerpt":{"rendered":"<p>Mejico, 20.02.2020 &#8211; El expresidente mexicano Enrique Pe\u00f1a Nieto est\u00e1 siendo investigado por la polic\u00eda de su pa\u00eds como parte de una pesquisa por corrupci\u00f3n, inform\u00f3 el mi\u00e9rcoles el diario Wall Street Journal.<\/p>\n","protected":false},"author":1,"featured_media":0,"comment_status":"closed","ping_status":"closed","sticky":false,"template":"","format":"standard","meta":{"footnotes":"","_links_to":"","_links_to_target":""},"categories":[70,9,20,22,25],"tags":[57],"class_list":["post-507","post","type-post","status-publish","format-standard","hentry","category-actualidad","category-america-del-norte","category-economia","category-justicia","category-sociedad","tag-mejico","entry","double"],"yoast_head":"<!-- This site is optimized with the Yoast SEO plugin v27.4 - https:\/\/yoast.com\/product\/yoast-seo-wordpress\/ -->\n<title>Expresidente de M\u00e9jico, Pe\u00f1a Nieto, investigado por corrupci\u00f3n - ElCanillita.Info<\/title>\n<meta name=\"robots\" content=\"index, follow, max-snippet:-1, max-image-preview:large, max-video-preview:-1\" \/>\n<link rel=\"canonical\" href=\"https:\/\/elcanillita.info\/press\/2020\/02\/20\/expresidente-mejico-pena-nieto-investigado-corrupcion\/\" \/>\n<meta property=\"og:locale\" content=\"es_ES\" \/>\n<meta property=\"og:type\" content=\"article\" \/>\n<meta property=\"og:title\" content=\"Expresidente de M\u00e9jico, Pe\u00f1a Nieto, investigado por corrupci\u00f3n - ElCanillita.Info\" \/>\n<meta property=\"og:description\" content=\"Mejico, 20.02.2020 - El expresidente mexicano Enrique Pe\u00f1a Nieto est\u00e1 siendo investigado por la polic\u00eda de su pa\u00eds como parte de una pesquisa por corrupci\u00f3n, inform\u00f3 el mi\u00e9rcoles el diario Wall Street Journal.\" \/>\n<meta property=\"og:url\" content=\"https:\/\/elcanillita.info\/press\/2020\/02\/20\/expresidente-mejico-pena-nieto-investigado-corrupcion\/\" \/>\n<meta property=\"og:site_name\" content=\"ElCanillita.Info\" \/>\n<meta property=\"article:publisher\" content=\"https:\/\/ar-ar.facebook.com\/ElCanillitainfo-114249515285712\/\" \/>\n<meta property=\"article:published_time\" content=\"2020-02-20T12:54:25+00:00\" \/>\n<meta property=\"article:modified_time\" content=\"2020-02-22T17:54:38+00:00\" \/>\n<meta name=\"author\" content=\"SalaStampa.eu, world press service\" \/>\n<meta name=\"twitter:card\" content=\"summary_large_image\" \/>\n<meta name=\"twitter:label1\" content=\"Escrito por\" \/>\n\t<meta name=\"twitter:data1\" content=\"SalaStampa.eu, world press service\" \/>\n\t<meta name=\"twitter:label2\" content=\"Tiempo de lectura\" \/>\n\t<meta name=\"twitter:data2\" content=\"1 minuto\" \/>\n<script type=\"application\/ld+json\" class=\"yoast-schema-graph\">{\"@context\":\"https:\\\/\\\/schema.org\",\"@graph\":[{\"@type\":\"Article\",\"@id\":\"https:\\\/\\\/elcanillita.info\\\/press\\\/2020\\\/02\\\/20\\\/expresidente-mejico-pena-nieto-investigado-corrupcion\\\/#article\",\"isPartOf\":{\"@id\":\"https:\\\/\\\/elcanillita.info\\\/press\\\/2020\\\/02\\\/20\\\/expresidente-mejico-pena-nieto-investigado-corrupcion\\\/\"},\"author\":{\"name\":\"SalaStampa.eu, world press service\",\"@id\":\"https:\\\/\\\/elcanillita.info\\\/press\\\/#\\\/schema\\\/person\\\/7fcb79f38045700919f7da6d97e71ba0\"},\"headline\":\"Expresidente de M\u00e9jico, Pe\u00f1a Nieto, investigado por corrupci\u00f3n\",\"datePublished\":\"2020-02-20T12:54:25+00:00\",\"dateModified\":\"2020-02-22T17:54:38+00:00\",\"mainEntityOfPage\":{\"@id\":\"https:\\\/\\\/elcanillita.info\\\/press\\\/2020\\\/02\\\/20\\\/expresidente-mejico-pena-nieto-investigado-corrupcion\\\/\"},\"wordCount\":174,\"publisher\":{\"@id\":\"https:\\\/\\\/elcanillita.info\\\/press\\\/#organization\"},\"keywords\":[\"M\u00e9jico\"],\"articleSection\":[\"Actualidad\",\"Am\u00e9rica del Norte\",\"Economia\",\"Justicia\",\"Sociedad\"],\"inLanguage\":\"es-AR\"},{\"@type\":\"WebPage\",\"@id\":\"https:\\\/\\\/elcanillita.info\\\/press\\\/2020\\\/02\\\/20\\\/expresidente-mejico-pena-nieto-investigado-corrupcion\\\/\",\"url\":\"https:\\\/\\\/elcanillita.info\\\/press\\\/2020\\\/02\\\/20\\\/expresidente-mejico-pena-nieto-investigado-corrupcion\\\/\",\"name\":\"Expresidente de M\u00e9jico, Pe\u00f1a Nieto, investigado por corrupci\u00f3n - ElCanillita.Info\",\"isPartOf\":{\"@id\":\"https:\\\/\\\/elcanillita.info\\\/press\\\/#website\"},\"datePublished\":\"2020-02-20T12:54:25+00:00\",\"dateModified\":\"2020-02-22T17:54:38+00:00\",\"inLanguage\":\"es-AR\",\"potentialAction\":[{\"@type\":\"ReadAction\",\"target\":[\"https:\\\/\\\/elcanillita.info\\\/press\\\/2020\\\/02\\\/20\\\/expresidente-mejico-pena-nieto-investigado-corrupcion\\\/\"]}]},{\"@type\":\"WebSite\",\"@id\":\"https:\\\/\\\/elcanillita.info\\\/press\\\/#website\",\"url\":\"https:\\\/\\\/elcanillita.info\\\/press\\\/\",\"name\":\"ElCanillita.Info\",\"description\":\"desde los Apeninos a los Andes\",\"publisher\":{\"@id\":\"https:\\\/\\\/elcanillita.info\\\/press\\\/#organization\"},\"potentialAction\":[{\"@type\":\"SearchAction\",\"target\":{\"@type\":\"EntryPoint\",\"urlTemplate\":\"https:\\\/\\\/elcanillita.info\\\/press\\\/?s={search_term_string}\"},\"query-input\":{\"@type\":\"PropertyValueSpecification\",\"valueRequired\":true,\"valueName\":\"search_term_string\"}}],\"inLanguage\":\"es-AR\"},{\"@type\":\"Organization\",\"@id\":\"https:\\\/\\\/elcanillita.info\\\/press\\\/#organization\",\"name\":\"Guzzo Photos & Graphic Publications\",\"url\":\"https:\\\/\\\/elcanillita.info\\\/press\\\/\",\"logo\":{\"@type\":\"ImageObject\",\"inLanguage\":\"es-AR\",\"@id\":\"https:\\\/\\\/elcanillita.info\\\/press\\\/#\\\/schema\\\/logo\\\/image\\\/\",\"url\":\"https:\\\/\\\/elcanillita.info\\\/press\\\/images\\\/2020\\\/01\\\/cropped-cropped-cropped-elcanillitainfo.png\",\"contentUrl\":\"https:\\\/\\\/elcanillita.info\\\/press\\\/images\\\/2020\\\/01\\\/cropped-cropped-cropped-elcanillitainfo.png\",\"width\":460,\"height\":50,\"caption\":\"Guzzo Photos & Graphic Publications\"},\"image\":{\"@id\":\"https:\\\/\\\/elcanillita.info\\\/press\\\/#\\\/schema\\\/logo\\\/image\\\/\"},\"sameAs\":[\"https:\\\/\\\/ar-ar.facebook.com\\\/ElCanillitainfo-114249515285712\\\/\"]},{\"@type\":\"Person\",\"@id\":\"https:\\\/\\\/elcanillita.info\\\/press\\\/#\\\/schema\\\/person\\\/7fcb79f38045700919f7da6d97e71ba0\",\"name\":\"SalaStampa.eu, world press service\",\"image\":{\"@type\":\"ImageObject\",\"inLanguage\":\"es-AR\",\"@id\":\"https:\\\/\\\/secure.gravatar.com\\\/avatar\\\/c2f0e0d515a107624234994507816ca4724c7199cef73fc8bedebf6931d73888?s=96&d=mm&r=g\",\"url\":\"https:\\\/\\\/secure.gravatar.com\\\/avatar\\\/c2f0e0d515a107624234994507816ca4724c7199cef73fc8bedebf6931d73888?s=96&d=mm&r=g\",\"contentUrl\":\"https:\\\/\\\/secure.gravatar.com\\\/avatar\\\/c2f0e0d515a107624234994507816ca4724c7199cef73fc8bedebf6931d73888?s=96&d=mm&r=g\",\"caption\":\"SalaStampa.eu, world press service\"}}]}<\/script>\n<!-- \/ Yoast SEO plugin. -->","yoast_head_json":{"title":"Expresidente de M\u00e9jico, Pe\u00f1a Nieto, investigado por corrupci\u00f3n - ElCanillita.Info","robots":{"index":"index","follow":"follow","max-snippet":"max-snippet:-1","max-image-preview":"max-image-preview:large","max-video-preview":"max-video-preview:-1"},"canonical":"https:\/\/elcanillita.info\/press\/2020\/02\/20\/expresidente-mejico-pena-nieto-investigado-corrupcion\/","og_locale":"es_ES","og_type":"article","og_title":"Expresidente de M\u00e9jico, Pe\u00f1a Nieto, investigado por corrupci\u00f3n - ElCanillita.Info","og_description":"Mejico, 20.02.2020 - El expresidente mexicano Enrique Pe\u00f1a Nieto est\u00e1 siendo investigado por la polic\u00eda de su pa\u00eds como parte de una pesquisa por corrupci\u00f3n, inform\u00f3 el mi\u00e9rcoles el diario Wall Street Journal.","og_url":"https:\/\/elcanillita.info\/press\/2020\/02\/20\/expresidente-mejico-pena-nieto-investigado-corrupcion\/","og_site_name":"ElCanillita.Info","article_publisher":"https:\/\/ar-ar.facebook.com\/ElCanillitainfo-114249515285712\/","article_published_time":"2020-02-20T12:54:25+00:00","article_modified_time":"2020-02-22T17:54:38+00:00","author":"SalaStampa.eu, world press service","twitter_card":"summary_large_image","twitter_misc":{"Escrito por":"SalaStampa.eu, world press service","Tiempo de lectura":"1 minuto"},"schema":{"@context":"https:\/\/schema.org","@graph":[{"@type":"Article","@id":"https:\/\/elcanillita.info\/press\/2020\/02\/20\/expresidente-mejico-pena-nieto-investigado-corrupcion\/#article","isPartOf":{"@id":"https:\/\/elcanillita.info\/press\/2020\/02\/20\/expresidente-mejico-pena-nieto-investigado-corrupcion\/"},"author":{"name":"SalaStampa.eu, world press service","@id":"https:\/\/elcanillita.info\/press\/#\/schema\/person\/7fcb79f38045700919f7da6d97e71ba0"},"headline":"Expresidente de M\u00e9jico, Pe\u00f1a Nieto, investigado por corrupci\u00f3n","datePublished":"2020-02-20T12:54:25+00:00","dateModified":"2020-02-22T17:54:38+00:00","mainEntityOfPage":{"@id":"https:\/\/elcanillita.info\/press\/2020\/02\/20\/expresidente-mejico-pena-nieto-investigado-corrupcion\/"},"wordCount":174,"publisher":{"@id":"https:\/\/elcanillita.info\/press\/#organization"},"keywords":["M\u00e9jico"],"articleSection":["Actualidad","Am\u00e9rica del Norte","Economia","Justicia","Sociedad"],"inLanguage":"es-AR"},{"@type":"WebPage","@id":"https:\/\/elcanillita.info\/press\/2020\/02\/20\/expresidente-mejico-pena-nieto-investigado-corrupcion\/","url":"https:\/\/elcanillita.info\/press\/2020\/02\/20\/expresidente-mejico-pena-nieto-investigado-corrupcion\/","name":"Expresidente de M\u00e9jico, Pe\u00f1a Nieto, investigado por corrupci\u00f3n - ElCanillita.Info","isPartOf":{"@id":"https:\/\/elcanillita.info\/press\/#website"},"datePublished":"2020-02-20T12:54:25+00:00","dateModified":"2020-02-22T17:54:38+00:00","inLanguage":"es-AR","potentialAction":[{"@type":"ReadAction","target":["https:\/\/elcanillita.info\/press\/2020\/02\/20\/expresidente-mejico-pena-nieto-investigado-corrupcion\/"]}]},{"@type":"WebSite","@id":"https:\/\/elcanillita.info\/press\/#website","url":"https:\/\/elcanillita.info\/press\/","name":"ElCanillita.Info","description":"desde los Apeninos a los Andes","publisher":{"@id":"https:\/\/elcanillita.info\/press\/#organization"},"potentialAction":[{"@type":"SearchAction","target":{"@type":"EntryPoint","urlTemplate":"https:\/\/elcanillita.info\/press\/?s={search_term_string}"},"query-input":{"@type":"PropertyValueSpecification","valueRequired":true,"valueName":"search_term_string"}}],"inLanguage":"es-AR"},{"@type":"Organization","@id":"https:\/\/elcanillita.info\/press\/#organization","name":"Guzzo Photos & Graphic Publications","url":"https:\/\/elcanillita.info\/press\/","logo":{"@type":"ImageObject","inLanguage":"es-AR","@id":"https:\/\/elcanillita.info\/press\/#\/schema\/logo\/image\/","url":"https:\/\/elcanillita.info\/press\/images\/2020\/01\/cropped-cropped-cropped-elcanillitainfo.png","contentUrl":"https:\/\/elcanillita.info\/press\/images\/2020\/01\/cropped-cropped-cropped-elcanillitainfo.png","width":460,"height":50,"caption":"Guzzo Photos & Graphic Publications"},"image":{"@id":"https:\/\/elcanillita.info\/press\/#\/schema\/logo\/image\/"},"sameAs":["https:\/\/ar-ar.facebook.com\/ElCanillitainfo-114249515285712\/"]},{"@type":"Person","@id":"https:\/\/elcanillita.info\/press\/#\/schema\/person\/7fcb79f38045700919f7da6d97e71ba0","name":"SalaStampa.eu, world press service","image":{"@type":"ImageObject","inLanguage":"es-AR","@id":"https:\/\/secure.gravatar.com\/avatar\/c2f0e0d515a107624234994507816ca4724c7199cef73fc8bedebf6931d73888?s=96&d=mm&r=g","url":"https:\/\/secure.gravatar.com\/avatar\/c2f0e0d515a107624234994507816ca4724c7199cef73fc8bedebf6931d73888?s=96&d=mm&r=g","contentUrl":"https:\/\/secure.gravatar.com\/avatar\/c2f0e0d515a107624234994507816ca4724c7199cef73fc8bedebf6931d73888?s=96&d=mm&r=g","caption":"SalaStampa.eu, world press service"}}]}},"views":792,"_links":{"self":[{"href":"https:\/\/elcanillita.info\/press\/wp-json\/wp\/v2\/posts\/507","targetHints":{"allow":["GET"]}}],"collection":[{"href":"https:\/\/elcanillita.info\/press\/wp-json\/wp\/v2\/posts"}],"about":[{"href":"https:\/\/elcanillita.info\/press\/wp-json\/wp\/v2\/types\/post"}],"author":[{"embeddable":true,"href":"https:\/\/elcanillita.info\/press\/wp-json\/wp\/v2\/users\/1"}],"replies":[{"embeddable":true,"href":"https:\/\/elcanillita.info\/press\/wp-json\/wp\/v2\/comments?post=507"}],"version-history":[{"count":0,"href":"https:\/\/elcanillita.info\/press\/wp-json\/wp\/v2\/posts\/507\/revisions"}],"wp:attachment":[{"href":"https:\/\/elcanillita.info\/press\/wp-json\/wp\/v2\/media?parent=507"}],"wp:term":[{"taxonomy":"category","embeddable":true,"href":"https:\/\/elcanillita.info\/press\/wp-json\/wp\/v2\/categories?post=507"},{"taxonomy":"post_tag","embeddable":true,"href":"https:\/\/elcanillita.info\/press\/wp-json\/wp\/v2\/tags?post=507"}],"curies":[{"name":"wp","href":"https:\/\/api.w.org\/{rel}","templated":true}]}}