{"id":506,"date":"2020-02-20T09:39:42","date_gmt":"2020-02-20T12:39:42","guid":{"rendered":"https:\/\/elcanillita.info\/press\/?p=506"},"modified":"2020-02-22T14:54:15","modified_gmt":"2020-02-22T17:54:15","slug":"venezuela-decreta-emergencia-energetica-buscando-recuperar-industria-hidrocarburos","status":"publish","type":"post","link":"https:\/\/elcanillita.info\/press\/2020\/02\/20\/venezuela-decreta-emergencia-energetica-buscando-recuperar-industria-hidrocarburos\/","title":{"rendered":"Venezuela decreta emergencia energ\u00e9tica buscando recuperar industria de hidrocarburos"},"content":{"rendered":"\n<p>Caracas, 20.02.2020 &#8211; El presidente en disputa de Venezuela Nicol\u00e1s Maduro firm\u00f3 el mi\u00e9rcoles un decreto presidencial donde declara la emergencia energ\u00e9tica de la industria de hidrocarburos, con lo cual busca adoptar medidas urgentes que garanticen la seguridad energ\u00e9tica del pa\u00eds suramericano.<\/p>\n\n\n\n<p>\u201cFirmo el decreto constitucional donde declaro la emergencia energ\u00e9tica de la industria de hidrocarburos para que adoptemos las medidas urgentes y necesarias para garantizar la seguridad energ\u00e9tica nacional, y proteger la industria\u201d, asever\u00f3 Maduro.<\/p>\n\n\n\n<p>El mandatario tambi\u00e9n afirm\u00f3 que la medida tomada buscar\u00e1 organizar y recuperar de manera integral la industria petrolera, petroqu\u00edmica y refiner\u00edas de Venezuela como parte del nuevo concepto de la petrolera estatal PDVSA.<\/p>\n\n\n\n<p>De acuerdo con Maduro se crear\u00e1 una \u201ccomisi\u00f3n presidencial para la defensa, reestructuraci\u00f3n y reorganizaci\u00f3n de PDVSA que tendr\u00e1 todo el poder para iniciar el proceso de cambios y defensa integral de toda la industria petrolera\u201d, seg\u00fan lo citado por INFOBAE.<\/p>\n\n\n\n<p>El funcionario al frente del ente ser\u00e1&nbsp;Tareck El Aissami, vicepresidente hasta 2018 y actual Ministro de Industrias y Producci\u00f3n del gobierno en disputa.<\/p>\n\n\n\n<p>El anuncio se produjo un d\u00eda despu\u00e9s de que la administraci\u00f3n Trump anunciara una bater\u00eda de sanciones sobre la rama comercial de la petrolera rusa Rosneft, la cual ha ayudado al gobierno de Maduro a esquivar un embargo petrolero estadounidense y ha hecho posible que el gobierno en disputa se mantenga en el poder.<\/p>\n\n\n\n<p>Funcionarios estadounidenses dijeron que la compa\u00f1\u00eda Rosneft Trading y su presidente, Didier Casimiro, ser\u00edan a\u00f1adidos a una lista negra financiera en una acci\u00f3n que se prev\u00e9 que lo mantenga a \u00e9l y a la compa\u00f1\u00eda fuera del sistema financiero mundial.<\/p>\n\n\n\n<p>El c\u00famulo de sanciones, que buscan presionar a Maduro para que renuncie, incluye el congelamiento de los activos del gobierno de Venezuela en Estados Unidos, proh\u00edben a los estadounidenses y empresas for\u00e1neas relacionadas hacer negocios con el gobierno venezolano, sus familiares o aquellos que mantengan v\u00ednculos comerciales con empresas o funcionarios del gobierno.<\/p>\n\n\n\n<p>Maduro, visiblemente molesto, responsabiliz\u00f3 al l\u00edder opositor Juan Guaid\u00f3 de solicitar entre otras, la reciente sanci\u00f3n a Rosneft y pidi\u00f3 a los trabajadores petroleros mostrarle su repudi\u00f3 cada vez que puedan.<\/p>\n\n\n\n<p>\u201cJuan Guaid\u00f3 esa rata de ca\u00f1er\u00eda, vende patria, los trabajadores de PDVSA tienen que identificarlo y gritarle: \u00a1traidor, vende patria!\u201d, asever\u00f3.<\/p>\n\n\n\n<p>El gobierno estadounidense (que respalda a Guaid\u00f3, quien como jefe de la Asamblea Nacional se declar\u00f3 en enero de 2019 presidente interino en desaf\u00edo a Maduro) adem\u00e1s impuso sanciones a PDVSA, la mayor fuente de divisas del pa\u00eds.<\/p>\n\n\n\n<p>La medida aceler\u00f3 el colapso de la producci\u00f3n de crudo en el pa\u00eds sudamericano, la cual ven\u00eda en declive por una deficiente administraci\u00f3n, el desv\u00edo de recursos por la insistencia del gobierno de involucrar la empresa en actividades que le eran ajenas &#8211; como la producci\u00f3n de alimentos &#8211; y una corrupci\u00f3n galopante.<\/p>\n\n\n\n<p>La producci\u00f3n de crudo de Venezuela est\u00e1 ahora en su nivel m\u00e1s bajo en siete d\u00e9cadas pese a tener las mayores reservas del mundo. La producci\u00f3n cerr\u00f3 enero en 882.000 barriles de crudo por d\u00eda, unos 25.000 menos que en el mes anterior, de acuerdo a cifras de la Organizaci\u00f3n de Pa\u00edses Exportadores de Petr\u00f3leo (OPEP).<\/p>\n\n\n\n<p>Maduro afirm\u00f3, pese a las sanciones, que PDVSA sigue \u201crelacionada con el mundo entero\u201d, y seg\u00fan \u00e9l, para sus planes de reestructuraci\u00f3n y relanzamiento de la producci\u00f3n, la empresa contar\u00eda con el respaldo de grandes inversiones de decenas de pa\u00edses, con ofertas que hoy superan los 25.000 millones de d\u00f3lares.<br><br>\n<small>2020 voanoticias \u2013 salastampa.eu, afiliada a la red Broadcasting Board of Governors \u00a9 2020 BBG<\/small><\/p>\n\n\n\n<p><\/p>\n","protected":false},"excerpt":{"rendered":"<p>Caracas, 20.02.2020 &#8211; El presidente en disputa de Venezuela Nicol\u00e1s Maduro firm\u00f3 el mi\u00e9rcoles un decreto presidencial donde declara la emergencia energ\u00e9tica de la industria de hidrocarburos, con lo cual busca adoptar medidas urgentes que garanticen la seguridad energ\u00e9tica del pa\u00eds suramericano.<\/p>\n","protected":false},"author":1,"featured_media":0,"comment_status":"closed","ping_status":"closed","sticky":false,"template":"","format":"standard","meta":{"footnotes":"","_links_to":"","_links_to_target":""},"categories":[70,11,20,23,25],"tags":[],"class_list":["post-506","post","type-post","status-publish","format-standard","hentry","category-actualidad","category-america-del-sur","category-economia","category-politica","category-sociedad","entry","double"],"yoast_head":"<!-- This site is optimized with the Yoast SEO plugin v27.5 - https:\/\/yoast.com\/product\/yoast-seo-wordpress\/ -->\n<title>Venezuela decreta emergencia energ\u00e9tica buscando recuperar industria de hidrocarburos - ElCanillita.Info<\/title>\n<meta name=\"robots\" content=\"index, follow, max-snippet:-1, max-image-preview:large, max-video-preview:-1\" \/>\n<link rel=\"canonical\" href=\"https:\/\/elcanillita.info\/press\/2020\/02\/20\/venezuela-decreta-emergencia-energetica-buscando-recuperar-industria-hidrocarburos\/\" \/>\n<meta property=\"og:locale\" content=\"es_ES\" \/>\n<meta property=\"og:type\" content=\"article\" \/>\n<meta property=\"og:title\" content=\"Venezuela decreta emergencia energ\u00e9tica buscando recuperar industria de hidrocarburos - ElCanillita.Info\" \/>\n<meta property=\"og:description\" content=\"Caracas, 20.02.2020 - El presidente en disputa de Venezuela Nicol\u00e1s Maduro firm\u00f3 el mi\u00e9rcoles un decreto presidencial donde declara la emergencia energ\u00e9tica de la industria de hidrocarburos, con lo cual busca adoptar medidas urgentes que garanticen la seguridad energ\u00e9tica del pa\u00eds suramericano.\" \/>\n<meta property=\"og:url\" content=\"https:\/\/elcanillita.info\/press\/2020\/02\/20\/venezuela-decreta-emergencia-energetica-buscando-recuperar-industria-hidrocarburos\/\" \/>\n<meta property=\"og:site_name\" content=\"ElCanillita.Info\" \/>\n<meta property=\"article:publisher\" content=\"https:\/\/ar-ar.facebook.com\/ElCanillitainfo-114249515285712\/\" \/>\n<meta property=\"article:published_time\" content=\"2020-02-20T12:39:42+00:00\" \/>\n<meta property=\"article:modified_time\" content=\"2020-02-22T17:54:15+00:00\" \/>\n<meta name=\"author\" content=\"SalaStampa.eu, world press service\" \/>\n<meta name=\"twitter:card\" content=\"summary_large_image\" \/>\n<meta name=\"twitter:label1\" content=\"Escrito por\" \/>\n\t<meta name=\"twitter:data1\" content=\"SalaStampa.eu, world press service\" \/>\n\t<meta name=\"twitter:label2\" content=\"Tiempo de lectura\" \/>\n\t<meta name=\"twitter:data2\" content=\"3 minutos\" \/>\n<script type=\"application\/ld+json\" class=\"yoast-schema-graph\">{\"@context\":\"https:\\\/\\\/schema.org\",\"@graph\":[{\"@type\":\"Article\",\"@id\":\"https:\\\/\\\/elcanillita.info\\\/press\\\/2020\\\/02\\\/20\\\/venezuela-decreta-emergencia-energetica-buscando-recuperar-industria-hidrocarburos\\\/#article\",\"isPartOf\":{\"@id\":\"https:\\\/\\\/elcanillita.info\\\/press\\\/2020\\\/02\\\/20\\\/venezuela-decreta-emergencia-energetica-buscando-recuperar-industria-hidrocarburos\\\/\"},\"author\":{\"name\":\"SalaStampa.eu, world press service\",\"@id\":\"https:\\\/\\\/elcanillita.info\\\/press\\\/#\\\/schema\\\/person\\\/7fcb79f38045700919f7da6d97e71ba0\"},\"headline\":\"Venezuela decreta emergencia energ\u00e9tica buscando recuperar industria de hidrocarburos\",\"datePublished\":\"2020-02-20T12:39:42+00:00\",\"dateModified\":\"2020-02-22T17:54:15+00:00\",\"mainEntityOfPage\":{\"@id\":\"https:\\\/\\\/elcanillita.info\\\/press\\\/2020\\\/02\\\/20\\\/venezuela-decreta-emergencia-energetica-buscando-recuperar-industria-hidrocarburos\\\/\"},\"wordCount\":643,\"publisher\":{\"@id\":\"https:\\\/\\\/elcanillita.info\\\/press\\\/#organization\"},\"articleSection\":[\"Actualidad\",\"Am\u00e9rica del Sur\",\"Economia\",\"Politica\",\"Sociedad\"],\"inLanguage\":\"es-AR\"},{\"@type\":\"WebPage\",\"@id\":\"https:\\\/\\\/elcanillita.info\\\/press\\\/2020\\\/02\\\/20\\\/venezuela-decreta-emergencia-energetica-buscando-recuperar-industria-hidrocarburos\\\/\",\"url\":\"https:\\\/\\\/elcanillita.info\\\/press\\\/2020\\\/02\\\/20\\\/venezuela-decreta-emergencia-energetica-buscando-recuperar-industria-hidrocarburos\\\/\",\"name\":\"Venezuela decreta emergencia energ\u00e9tica buscando recuperar industria de hidrocarburos - ElCanillita.Info\",\"isPartOf\":{\"@id\":\"https:\\\/\\\/elcanillita.info\\\/press\\\/#website\"},\"datePublished\":\"2020-02-20T12:39:42+00:00\",\"dateModified\":\"2020-02-22T17:54:15+00:00\",\"inLanguage\":\"es-AR\",\"potentialAction\":[{\"@type\":\"ReadAction\",\"target\":[\"https:\\\/\\\/elcanillita.info\\\/press\\\/2020\\\/02\\\/20\\\/venezuela-decreta-emergencia-energetica-buscando-recuperar-industria-hidrocarburos\\\/\"]}]},{\"@type\":\"WebSite\",\"@id\":\"https:\\\/\\\/elcanillita.info\\\/press\\\/#website\",\"url\":\"https:\\\/\\\/elcanillita.info\\\/press\\\/\",\"name\":\"ElCanillita.Info\",\"description\":\"desde los Apeninos a los Andes\",\"publisher\":{\"@id\":\"https:\\\/\\\/elcanillita.info\\\/press\\\/#organization\"},\"potentialAction\":[{\"@type\":\"SearchAction\",\"target\":{\"@type\":\"EntryPoint\",\"urlTemplate\":\"https:\\\/\\\/elcanillita.info\\\/press\\\/?s={search_term_string}\"},\"query-input\":{\"@type\":\"PropertyValueSpecification\",\"valueRequired\":true,\"valueName\":\"search_term_string\"}}],\"inLanguage\":\"es-AR\"},{\"@type\":\"Organization\",\"@id\":\"https:\\\/\\\/elcanillita.info\\\/press\\\/#organization\",\"name\":\"Guzzo Photos & Graphic Publications\",\"url\":\"https:\\\/\\\/elcanillita.info\\\/press\\\/\",\"logo\":{\"@type\":\"ImageObject\",\"inLanguage\":\"es-AR\",\"@id\":\"https:\\\/\\\/elcanillita.info\\\/press\\\/#\\\/schema\\\/logo\\\/image\\\/\",\"url\":\"https:\\\/\\\/elcanillita.info\\\/press\\\/images\\\/2020\\\/01\\\/cropped-cropped-cropped-elcanillitainfo.png\",\"contentUrl\":\"https:\\\/\\\/elcanillita.info\\\/press\\\/images\\\/2020\\\/01\\\/cropped-cropped-cropped-elcanillitainfo.png\",\"width\":460,\"height\":50,\"caption\":\"Guzzo Photos & Graphic Publications\"},\"image\":{\"@id\":\"https:\\\/\\\/elcanillita.info\\\/press\\\/#\\\/schema\\\/logo\\\/image\\\/\"},\"sameAs\":[\"https:\\\/\\\/ar-ar.facebook.com\\\/ElCanillitainfo-114249515285712\\\/\"]},{\"@type\":\"Person\",\"@id\":\"https:\\\/\\\/elcanillita.info\\\/press\\\/#\\\/schema\\\/person\\\/7fcb79f38045700919f7da6d97e71ba0\",\"name\":\"SalaStampa.eu, world press service\",\"image\":{\"@type\":\"ImageObject\",\"inLanguage\":\"es-AR\",\"@id\":\"https:\\\/\\\/secure.gravatar.com\\\/avatar\\\/c2f0e0d515a107624234994507816ca4724c7199cef73fc8bedebf6931d73888?s=96&d=mm&r=g\",\"url\":\"https:\\\/\\\/secure.gravatar.com\\\/avatar\\\/c2f0e0d515a107624234994507816ca4724c7199cef73fc8bedebf6931d73888?s=96&d=mm&r=g\",\"contentUrl\":\"https:\\\/\\\/secure.gravatar.com\\\/avatar\\\/c2f0e0d515a107624234994507816ca4724c7199cef73fc8bedebf6931d73888?s=96&d=mm&r=g\",\"caption\":\"SalaStampa.eu, world press service\"}}]}<\/script>\n<!-- \/ Yoast SEO plugin. -->","yoast_head_json":{"title":"Venezuela decreta emergencia energ\u00e9tica buscando recuperar industria de hidrocarburos - ElCanillita.Info","robots":{"index":"index","follow":"follow","max-snippet":"max-snippet:-1","max-image-preview":"max-image-preview:large","max-video-preview":"max-video-preview:-1"},"canonical":"https:\/\/elcanillita.info\/press\/2020\/02\/20\/venezuela-decreta-emergencia-energetica-buscando-recuperar-industria-hidrocarburos\/","og_locale":"es_ES","og_type":"article","og_title":"Venezuela decreta emergencia energ\u00e9tica buscando recuperar industria de hidrocarburos - ElCanillita.Info","og_description":"Caracas, 20.02.2020 - El presidente en disputa de Venezuela Nicol\u00e1s Maduro firm\u00f3 el mi\u00e9rcoles un decreto presidencial donde declara la emergencia energ\u00e9tica de la industria de hidrocarburos, con lo cual busca adoptar medidas urgentes que garanticen la seguridad energ\u00e9tica del pa\u00eds suramericano.","og_url":"https:\/\/elcanillita.info\/press\/2020\/02\/20\/venezuela-decreta-emergencia-energetica-buscando-recuperar-industria-hidrocarburos\/","og_site_name":"ElCanillita.Info","article_publisher":"https:\/\/ar-ar.facebook.com\/ElCanillitainfo-114249515285712\/","article_published_time":"2020-02-20T12:39:42+00:00","article_modified_time":"2020-02-22T17:54:15+00:00","author":"SalaStampa.eu, world press service","twitter_card":"summary_large_image","twitter_misc":{"Escrito por":"SalaStampa.eu, world press service","Tiempo de lectura":"3 minutos"},"schema":{"@context":"https:\/\/schema.org","@graph":[{"@type":"Article","@id":"https:\/\/elcanillita.info\/press\/2020\/02\/20\/venezuela-decreta-emergencia-energetica-buscando-recuperar-industria-hidrocarburos\/#article","isPartOf":{"@id":"https:\/\/elcanillita.info\/press\/2020\/02\/20\/venezuela-decreta-emergencia-energetica-buscando-recuperar-industria-hidrocarburos\/"},"author":{"name":"SalaStampa.eu, world press service","@id":"https:\/\/elcanillita.info\/press\/#\/schema\/person\/7fcb79f38045700919f7da6d97e71ba0"},"headline":"Venezuela decreta emergencia energ\u00e9tica buscando recuperar industria de hidrocarburos","datePublished":"2020-02-20T12:39:42+00:00","dateModified":"2020-02-22T17:54:15+00:00","mainEntityOfPage":{"@id":"https:\/\/elcanillita.info\/press\/2020\/02\/20\/venezuela-decreta-emergencia-energetica-buscando-recuperar-industria-hidrocarburos\/"},"wordCount":643,"publisher":{"@id":"https:\/\/elcanillita.info\/press\/#organization"},"articleSection":["Actualidad","Am\u00e9rica del Sur","Economia","Politica","Sociedad"],"inLanguage":"es-AR"},{"@type":"WebPage","@id":"https:\/\/elcanillita.info\/press\/2020\/02\/20\/venezuela-decreta-emergencia-energetica-buscando-recuperar-industria-hidrocarburos\/","url":"https:\/\/elcanillita.info\/press\/2020\/02\/20\/venezuela-decreta-emergencia-energetica-buscando-recuperar-industria-hidrocarburos\/","name":"Venezuela decreta emergencia energ\u00e9tica buscando recuperar industria de hidrocarburos - ElCanillita.Info","isPartOf":{"@id":"https:\/\/elcanillita.info\/press\/#website"},"datePublished":"2020-02-20T12:39:42+00:00","dateModified":"2020-02-22T17:54:15+00:00","inLanguage":"es-AR","potentialAction":[{"@type":"ReadAction","target":["https:\/\/elcanillita.info\/press\/2020\/02\/20\/venezuela-decreta-emergencia-energetica-buscando-recuperar-industria-hidrocarburos\/"]}]},{"@type":"WebSite","@id":"https:\/\/elcanillita.info\/press\/#website","url":"https:\/\/elcanillita.info\/press\/","name":"ElCanillita.Info","description":"desde los Apeninos a los Andes","publisher":{"@id":"https:\/\/elcanillita.info\/press\/#organization"},"potentialAction":[{"@type":"SearchAction","target":{"@type":"EntryPoint","urlTemplate":"https:\/\/elcanillita.info\/press\/?s={search_term_string}"},"query-input":{"@type":"PropertyValueSpecification","valueRequired":true,"valueName":"search_term_string"}}],"inLanguage":"es-AR"},{"@type":"Organization","@id":"https:\/\/elcanillita.info\/press\/#organization","name":"Guzzo Photos & Graphic Publications","url":"https:\/\/elcanillita.info\/press\/","logo":{"@type":"ImageObject","inLanguage":"es-AR","@id":"https:\/\/elcanillita.info\/press\/#\/schema\/logo\/image\/","url":"https:\/\/elcanillita.info\/press\/images\/2020\/01\/cropped-cropped-cropped-elcanillitainfo.png","contentUrl":"https:\/\/elcanillita.info\/press\/images\/2020\/01\/cropped-cropped-cropped-elcanillitainfo.png","width":460,"height":50,"caption":"Guzzo Photos & Graphic Publications"},"image":{"@id":"https:\/\/elcanillita.info\/press\/#\/schema\/logo\/image\/"},"sameAs":["https:\/\/ar-ar.facebook.com\/ElCanillitainfo-114249515285712\/"]},{"@type":"Person","@id":"https:\/\/elcanillita.info\/press\/#\/schema\/person\/7fcb79f38045700919f7da6d97e71ba0","name":"SalaStampa.eu, world press service","image":{"@type":"ImageObject","inLanguage":"es-AR","@id":"https:\/\/secure.gravatar.com\/avatar\/c2f0e0d515a107624234994507816ca4724c7199cef73fc8bedebf6931d73888?s=96&d=mm&r=g","url":"https:\/\/secure.gravatar.com\/avatar\/c2f0e0d515a107624234994507816ca4724c7199cef73fc8bedebf6931d73888?s=96&d=mm&r=g","contentUrl":"https:\/\/secure.gravatar.com\/avatar\/c2f0e0d515a107624234994507816ca4724c7199cef73fc8bedebf6931d73888?s=96&d=mm&r=g","caption":"SalaStampa.eu, world press service"}}]}},"views":666,"_links":{"self":[{"href":"https:\/\/elcanillita.info\/press\/wp-json\/wp\/v2\/posts\/506","targetHints":{"allow":["GET"]}}],"collection":[{"href":"https:\/\/elcanillita.info\/press\/wp-json\/wp\/v2\/posts"}],"about":[{"href":"https:\/\/elcanillita.info\/press\/wp-json\/wp\/v2\/types\/post"}],"author":[{"embeddable":true,"href":"https:\/\/elcanillita.info\/press\/wp-json\/wp\/v2\/users\/1"}],"replies":[{"embeddable":true,"href":"https:\/\/elcanillita.info\/press\/wp-json\/wp\/v2\/comments?post=506"}],"version-history":[{"count":0,"href":"https:\/\/elcanillita.info\/press\/wp-json\/wp\/v2\/posts\/506\/revisions"}],"wp:attachment":[{"href":"https:\/\/elcanillita.info\/press\/wp-json\/wp\/v2\/media?parent=506"}],"wp:term":[{"taxonomy":"category","embeddable":true,"href":"https:\/\/elcanillita.info\/press\/wp-json\/wp\/v2\/categories?post=506"},{"taxonomy":"post_tag","embeddable":true,"href":"https:\/\/elcanillita.info\/press\/wp-json\/wp\/v2\/tags?post=506"}],"curies":[{"name":"wp","href":"https:\/\/api.w.org\/{rel}","templated":true}]}}