{"id":5052,"date":"2025-06-27T15:32:16","date_gmt":"2025-06-27T18:32:16","guid":{"rendered":"https:\/\/elcanillita.info\/press\/?p=5052"},"modified":"2025-06-27T15:41:30","modified_gmt":"2025-06-27T18:41:30","slug":"ensayo-democratico","status":"publish","type":"post","link":"https:\/\/elcanillita.info\/press\/2025\/06\/27\/ensayo-democratico\/","title":{"rendered":"Ensayo democr\u00e1tico"},"content":{"rendered":"\n<figure class=\"wp-block-image size-full\"><img loading=\"lazy\" decoding=\"async\" width=\"600\" height=\"400\" src=\"https:\/\/elcanillita.info\/press\/images\/2025\/06\/600-400-abuela_tris_Edit.png\" alt=\"\" class=\"wp-image-5053\" srcset=\"https:\/\/elcanillita.info\/press\/images\/2025\/06\/600-400-abuela_tris_Edit.png 600w, https:\/\/elcanillita.info\/press\/images\/2025\/06\/600-400-abuela_tris_Edit-300x200.png 300w\" sizes=\"auto, (max-width: 600px) 100vw, 600px\" \/><\/figure>\n\n\n\n<p><strong>ElCanillita.info<\/strong><br>Argentina, 27\/06\/2025<br><br><small><strong>Redacci\u00f3n internacional, con asistencia del Laboratorio de Realismo de Abuela Pecas<\/strong><\/small><br><br>&#8220;Una jueza me puso el bast\u00f3n entre las ruedas&#8221;, se queja Don Javier, al que no le gusta que lo frenen cuando acelera. Pero, mi cielo, \u00bfc\u00f3mo te explico que la democracia no es una bicicleta de spinning donde uno pedalea solo? La democracia \u2014y esto lo aprend\u00ed de chica\u2014 anda en triciclo: tiene tres ruedas, o tres poderes. Y si se le pincha una, se cae todo el andamiaje.<\/p>\n\n\n\n<p>Resulta que Milei quiso cancelar el feriado del 27 de junio, d\u00eda del trabajador del Estado, firmando un DNU como si se tratara de un tique de colectivo. Pero una jueza le dijo que no, que eso no se puede hacer porque el decreto invade competencias del Congreso. Y ah\u00ed Don Javier, m\u00e1s molesto que perro en bote, apel\u00f3.<\/p>\n\n\n\n<p><strong>Mientras tanto, en la calle, se oyen voces como estas:<\/strong><\/p>\n\n\n\n<ul class=\"wp-block-list\">\n<li>&#8220;Esas cosas son por las que banco a Milei. Hay que romper con todos esos derechos adquiridos que solo hacen mal&#8221;<br><\/li>\n\n\n\n<li>&#8220;Hoy ten\u00eda que ir a hacer un tr\u00e1mite y decid\u00ed no ir. Seguro estaban tomando mate.&#8221; <\/li>\n<\/ul>\n\n\n\n<p>Y yo me pregunto: \u00bfromper derechos adquiridos? \u00bfNo ser\u00eda mejor garantizar que se cumplan, que haya controles, que se eval\u00fae el rendimiento sin tirar por la borda lo conquistado con d\u00e9cadas de lucha?<\/p>\n\n\n\n<p>Mir\u00e1, hijito, si te molesta que el Estado no funcione bien, ped\u00ed reformas, no dinamita. Ped\u00ed eficiencia, no l\u00e1tigo. Porque cuando los derechos se tiran por la ventana, lo que entra no es el orden, sino la arbitrariedad. Y eso ya no se llama rep\u00fablica, sino ensayo autoritario.<\/p>\n\n\n\n<p>La jueza no defendi\u00f3 un mate ni un sueldito. Defendi\u00f3 el principio: que el Poder Ejecutivo no puede meterse en el patio del Legislativo. Y si eso molesta, hay que cambiar las leyes, no salt\u00e1rselas.<\/p>\n\n\n\n<p>Porque la democracia, aunque no sea perfecta, al menos tiene rueditas para no irse de trompa.<br><br>Abuela Pecas<br>(desde el balc\u00f3n con vista al Cabildo, aunque hoy haya neblina institucional)<\/p>\n\n\n\n<p><small>\u00a92025 &#8220;Abuela Pecas &#8221; \u2013 All Rights Reserved &#8211; Copyright \u00a9 2025 ElCanillita.info \/ BlogDiario.info \/SalaStampa.eu, world press service &#8211; Guzzo Photos &amp; Graphic Publications \u2013 Registro Editori e Stampatori n. 1441 Turin, Italy<\/small><\/p>\n\n\n\n<p>\ud83d\udcef<a href=\"https:\/\/elcanillita.info\/press\/2025\/06\/27\/%f0%9f%93%af-suscribite-al-canal-de-elcanillita-info\/\"> Suscribite al Canal de ElCanillita.info<\/a><\/p>\n\n\n\n<p><\/p>\n","protected":false},"excerpt":{"rendered":"<p>Desde el balc\u00f3n con vista al Cabildo, aunque hoy haya neblina institucional !!<\/p>\n","protected":false},"author":1,"featured_media":0,"comment_status":"closed","ping_status":"closed","sticky":false,"template":"","format":"standard","meta":{"footnotes":"","_links_to":"","_links_to_target":""},"categories":[108,121,70,123,126,23,25],"tags":[29],"class_list":["post-5052","post","type-post","status-publish","format-standard","hentry","category-blogdiario","category-dc24","category-actualidad","category-argentina","category-dolores-de-la-press","category-politica","category-sociedad","tag-argentina","entry","double"],"yoast_head":"<!-- This site is optimized with the Yoast SEO plugin v27.4 - https:\/\/yoast.com\/product\/yoast-seo-wordpress\/ -->\n<title>Ensayo democr\u00e1tico - ElCanillita.Info<\/title>\n<meta name=\"robots\" content=\"index, follow, max-snippet:-1, max-image-preview:large, max-video-preview:-1\" \/>\n<link rel=\"canonical\" href=\"https:\/\/elcanillita.info\/press\/2025\/06\/27\/ensayo-democratico\/\" \/>\n<meta property=\"og:locale\" content=\"es_ES\" \/>\n<meta property=\"og:type\" content=\"article\" \/>\n<meta property=\"og:title\" content=\"Ensayo democr\u00e1tico - ElCanillita.Info\" \/>\n<meta property=\"og:description\" content=\"Desde el balc\u00f3n con vista al Cabildo, aunque hoy haya neblina institucional !!\" \/>\n<meta property=\"og:url\" content=\"https:\/\/elcanillita.info\/press\/2025\/06\/27\/ensayo-democratico\/\" \/>\n<meta property=\"og:site_name\" content=\"ElCanillita.Info\" \/>\n<meta property=\"article:publisher\" content=\"https:\/\/ar-ar.facebook.com\/ElCanillitainfo-114249515285712\/\" \/>\n<meta property=\"article:published_time\" content=\"2025-06-27T18:32:16+00:00\" \/>\n<meta property=\"article:modified_time\" content=\"2025-06-27T18:41:30+00:00\" \/>\n<meta property=\"og:image\" content=\"https:\/\/elcanillita.info\/press\/images\/2025\/06\/abuela-pecas_600.cover_-1.png\" \/>\n\t<meta property=\"og:image:width\" content=\"600\" \/>\n\t<meta property=\"og:image:height\" content=\"400\" \/>\n\t<meta property=\"og:image:type\" content=\"image\/png\" \/>\n<meta name=\"author\" content=\"SalaStampa.eu, world press service\" \/>\n<meta name=\"twitter:card\" content=\"summary_large_image\" \/>\n<meta name=\"twitter:label1\" content=\"Escrito por\" \/>\n\t<meta name=\"twitter:data1\" content=\"SalaStampa.eu, world press service\" \/>\n\t<meta name=\"twitter:label2\" content=\"Tiempo de lectura\" \/>\n\t<meta name=\"twitter:data2\" content=\"3 minutos\" \/>\n<script type=\"application\/ld+json\" class=\"yoast-schema-graph\">{\"@context\":\"https:\\\/\\\/schema.org\",\"@graph\":[{\"@type\":\"Article\",\"@id\":\"https:\\\/\\\/elcanillita.info\\\/press\\\/2025\\\/06\\\/27\\\/ensayo-democratico\\\/#article\",\"isPartOf\":{\"@id\":\"https:\\\/\\\/elcanillita.info\\\/press\\\/2025\\\/06\\\/27\\\/ensayo-democratico\\\/\"},\"author\":{\"name\":\"SalaStampa.eu, world press service\",\"@id\":\"https:\\\/\\\/elcanillita.info\\\/press\\\/#\\\/schema\\\/person\\\/7fcb79f38045700919f7da6d97e71ba0\"},\"headline\":\"Ensayo democr\u00e1tico\",\"datePublished\":\"2025-06-27T18:32:16+00:00\",\"dateModified\":\"2025-06-27T18:41:30+00:00\",\"mainEntityOfPage\":{\"@id\":\"https:\\\/\\\/elcanillita.info\\\/press\\\/2025\\\/06\\\/27\\\/ensayo-democratico\\\/\"},\"wordCount\":387,\"publisher\":{\"@id\":\"https:\\\/\\\/elcanillita.info\\\/press\\\/#organization\"},\"image\":{\"@id\":\"https:\\\/\\\/elcanillita.info\\\/press\\\/2025\\\/06\\\/27\\\/ensayo-democratico\\\/#primaryimage\"},\"thumbnailUrl\":\"https:\\\/\\\/elcanillita.info\\\/press\\\/images\\\/2025\\\/06\\\/600-400-abuela_tris_Edit.png\",\"keywords\":[\"Argentina\"],\"articleSection\":[\".\",\".\",\"Actualidad\",\"Argentina\",\"Dolores de La Press\",\"Politica\",\"Sociedad\"],\"inLanguage\":\"es-AR\"},{\"@type\":\"WebPage\",\"@id\":\"https:\\\/\\\/elcanillita.info\\\/press\\\/2025\\\/06\\\/27\\\/ensayo-democratico\\\/\",\"url\":\"https:\\\/\\\/elcanillita.info\\\/press\\\/2025\\\/06\\\/27\\\/ensayo-democratico\\\/\",\"name\":\"Ensayo democr\u00e1tico - ElCanillita.Info\",\"isPartOf\":{\"@id\":\"https:\\\/\\\/elcanillita.info\\\/press\\\/#website\"},\"primaryImageOfPage\":{\"@id\":\"https:\\\/\\\/elcanillita.info\\\/press\\\/2025\\\/06\\\/27\\\/ensayo-democratico\\\/#primaryimage\"},\"image\":{\"@id\":\"https:\\\/\\\/elcanillita.info\\\/press\\\/2025\\\/06\\\/27\\\/ensayo-democratico\\\/#primaryimage\"},\"thumbnailUrl\":\"https:\\\/\\\/elcanillita.info\\\/press\\\/images\\\/2025\\\/06\\\/600-400-abuela_tris_Edit.png\",\"datePublished\":\"2025-06-27T18:32:16+00:00\",\"dateModified\":\"2025-06-27T18:41:30+00:00\",\"inLanguage\":\"es-AR\",\"potentialAction\":[{\"@type\":\"ReadAction\",\"target\":[\"https:\\\/\\\/elcanillita.info\\\/press\\\/2025\\\/06\\\/27\\\/ensayo-democratico\\\/\"]}]},{\"@type\":\"ImageObject\",\"inLanguage\":\"es-AR\",\"@id\":\"https:\\\/\\\/elcanillita.info\\\/press\\\/2025\\\/06\\\/27\\\/ensayo-democratico\\\/#primaryimage\",\"url\":\"https:\\\/\\\/elcanillita.info\\\/press\\\/images\\\/2025\\\/06\\\/600-400-abuela_tris_Edit.png\",\"contentUrl\":\"https:\\\/\\\/elcanillita.info\\\/press\\\/images\\\/2025\\\/06\\\/600-400-abuela_tris_Edit.png\",\"width\":600,\"height\":400},{\"@type\":\"WebSite\",\"@id\":\"https:\\\/\\\/elcanillita.info\\\/press\\\/#website\",\"url\":\"https:\\\/\\\/elcanillita.info\\\/press\\\/\",\"name\":\"ElCanillita.Info\",\"description\":\"desde los Apeninos a los Andes\",\"publisher\":{\"@id\":\"https:\\\/\\\/elcanillita.info\\\/press\\\/#organization\"},\"potentialAction\":[{\"@type\":\"SearchAction\",\"target\":{\"@type\":\"EntryPoint\",\"urlTemplate\":\"https:\\\/\\\/elcanillita.info\\\/press\\\/?s={search_term_string}\"},\"query-input\":{\"@type\":\"PropertyValueSpecification\",\"valueRequired\":true,\"valueName\":\"search_term_string\"}}],\"inLanguage\":\"es-AR\"},{\"@type\":\"Organization\",\"@id\":\"https:\\\/\\\/elcanillita.info\\\/press\\\/#organization\",\"name\":\"Guzzo Photos & Graphic Publications\",\"url\":\"https:\\\/\\\/elcanillita.info\\\/press\\\/\",\"logo\":{\"@type\":\"ImageObject\",\"inLanguage\":\"es-AR\",\"@id\":\"https:\\\/\\\/elcanillita.info\\\/press\\\/#\\\/schema\\\/logo\\\/image\\\/\",\"url\":\"https:\\\/\\\/elcanillita.info\\\/press\\\/images\\\/2020\\\/01\\\/cropped-cropped-cropped-elcanillitainfo.png\",\"contentUrl\":\"https:\\\/\\\/elcanillita.info\\\/press\\\/images\\\/2020\\\/01\\\/cropped-cropped-cropped-elcanillitainfo.png\",\"width\":460,\"height\":50,\"caption\":\"Guzzo Photos & Graphic Publications\"},\"image\":{\"@id\":\"https:\\\/\\\/elcanillita.info\\\/press\\\/#\\\/schema\\\/logo\\\/image\\\/\"},\"sameAs\":[\"https:\\\/\\\/ar-ar.facebook.com\\\/ElCanillitainfo-114249515285712\\\/\"]},{\"@type\":\"Person\",\"@id\":\"https:\\\/\\\/elcanillita.info\\\/press\\\/#\\\/schema\\\/person\\\/7fcb79f38045700919f7da6d97e71ba0\",\"name\":\"SalaStampa.eu, world press service\",\"image\":{\"@type\":\"ImageObject\",\"inLanguage\":\"es-AR\",\"@id\":\"https:\\\/\\\/secure.gravatar.com\\\/avatar\\\/c2f0e0d515a107624234994507816ca4724c7199cef73fc8bedebf6931d73888?s=96&d=mm&r=g\",\"url\":\"https:\\\/\\\/secure.gravatar.com\\\/avatar\\\/c2f0e0d515a107624234994507816ca4724c7199cef73fc8bedebf6931d73888?s=96&d=mm&r=g\",\"contentUrl\":\"https:\\\/\\\/secure.gravatar.com\\\/avatar\\\/c2f0e0d515a107624234994507816ca4724c7199cef73fc8bedebf6931d73888?s=96&d=mm&r=g\",\"caption\":\"SalaStampa.eu, world press service\"}}]}<\/script>\n<!-- \/ Yoast SEO plugin. -->","yoast_head_json":{"title":"Ensayo democr\u00e1tico - ElCanillita.Info","robots":{"index":"index","follow":"follow","max-snippet":"max-snippet:-1","max-image-preview":"max-image-preview:large","max-video-preview":"max-video-preview:-1"},"canonical":"https:\/\/elcanillita.info\/press\/2025\/06\/27\/ensayo-democratico\/","og_locale":"es_ES","og_type":"article","og_title":"Ensayo democr\u00e1tico - ElCanillita.Info","og_description":"Desde el balc\u00f3n con vista al Cabildo, aunque hoy haya neblina institucional !!","og_url":"https:\/\/elcanillita.info\/press\/2025\/06\/27\/ensayo-democratico\/","og_site_name":"ElCanillita.Info","article_publisher":"https:\/\/ar-ar.facebook.com\/ElCanillitainfo-114249515285712\/","article_published_time":"2025-06-27T18:32:16+00:00","article_modified_time":"2025-06-27T18:41:30+00:00","og_image":[{"width":600,"height":400,"url":"https:\/\/elcanillita.info\/press\/images\/2025\/06\/abuela-pecas_600.cover_-1.png","type":"image\/png"}],"author":"SalaStampa.eu, world press service","twitter_card":"summary_large_image","twitter_misc":{"Escrito por":"SalaStampa.eu, world press service","Tiempo de lectura":"3 minutos"},"schema":{"@context":"https:\/\/schema.org","@graph":[{"@type":"Article","@id":"https:\/\/elcanillita.info\/press\/2025\/06\/27\/ensayo-democratico\/#article","isPartOf":{"@id":"https:\/\/elcanillita.info\/press\/2025\/06\/27\/ensayo-democratico\/"},"author":{"name":"SalaStampa.eu, world press service","@id":"https:\/\/elcanillita.info\/press\/#\/schema\/person\/7fcb79f38045700919f7da6d97e71ba0"},"headline":"Ensayo democr\u00e1tico","datePublished":"2025-06-27T18:32:16+00:00","dateModified":"2025-06-27T18:41:30+00:00","mainEntityOfPage":{"@id":"https:\/\/elcanillita.info\/press\/2025\/06\/27\/ensayo-democratico\/"},"wordCount":387,"publisher":{"@id":"https:\/\/elcanillita.info\/press\/#organization"},"image":{"@id":"https:\/\/elcanillita.info\/press\/2025\/06\/27\/ensayo-democratico\/#primaryimage"},"thumbnailUrl":"https:\/\/elcanillita.info\/press\/images\/2025\/06\/600-400-abuela_tris_Edit.png","keywords":["Argentina"],"articleSection":[".",".","Actualidad","Argentina","Dolores de La Press","Politica","Sociedad"],"inLanguage":"es-AR"},{"@type":"WebPage","@id":"https:\/\/elcanillita.info\/press\/2025\/06\/27\/ensayo-democratico\/","url":"https:\/\/elcanillita.info\/press\/2025\/06\/27\/ensayo-democratico\/","name":"Ensayo democr\u00e1tico - ElCanillita.Info","isPartOf":{"@id":"https:\/\/elcanillita.info\/press\/#website"},"primaryImageOfPage":{"@id":"https:\/\/elcanillita.info\/press\/2025\/06\/27\/ensayo-democratico\/#primaryimage"},"image":{"@id":"https:\/\/elcanillita.info\/press\/2025\/06\/27\/ensayo-democratico\/#primaryimage"},"thumbnailUrl":"https:\/\/elcanillita.info\/press\/images\/2025\/06\/600-400-abuela_tris_Edit.png","datePublished":"2025-06-27T18:32:16+00:00","dateModified":"2025-06-27T18:41:30+00:00","inLanguage":"es-AR","potentialAction":[{"@type":"ReadAction","target":["https:\/\/elcanillita.info\/press\/2025\/06\/27\/ensayo-democratico\/"]}]},{"@type":"ImageObject","inLanguage":"es-AR","@id":"https:\/\/elcanillita.info\/press\/2025\/06\/27\/ensayo-democratico\/#primaryimage","url":"https:\/\/elcanillita.info\/press\/images\/2025\/06\/600-400-abuela_tris_Edit.png","contentUrl":"https:\/\/elcanillita.info\/press\/images\/2025\/06\/600-400-abuela_tris_Edit.png","width":600,"height":400},{"@type":"WebSite","@id":"https:\/\/elcanillita.info\/press\/#website","url":"https:\/\/elcanillita.info\/press\/","name":"ElCanillita.Info","description":"desde los Apeninos a los Andes","publisher":{"@id":"https:\/\/elcanillita.info\/press\/#organization"},"potentialAction":[{"@type":"SearchAction","target":{"@type":"EntryPoint","urlTemplate":"https:\/\/elcanillita.info\/press\/?s={search_term_string}"},"query-input":{"@type":"PropertyValueSpecification","valueRequired":true,"valueName":"search_term_string"}}],"inLanguage":"es-AR"},{"@type":"Organization","@id":"https:\/\/elcanillita.info\/press\/#organization","name":"Guzzo Photos & Graphic Publications","url":"https:\/\/elcanillita.info\/press\/","logo":{"@type":"ImageObject","inLanguage":"es-AR","@id":"https:\/\/elcanillita.info\/press\/#\/schema\/logo\/image\/","url":"https:\/\/elcanillita.info\/press\/images\/2020\/01\/cropped-cropped-cropped-elcanillitainfo.png","contentUrl":"https:\/\/elcanillita.info\/press\/images\/2020\/01\/cropped-cropped-cropped-elcanillitainfo.png","width":460,"height":50,"caption":"Guzzo Photos & Graphic Publications"},"image":{"@id":"https:\/\/elcanillita.info\/press\/#\/schema\/logo\/image\/"},"sameAs":["https:\/\/ar-ar.facebook.com\/ElCanillitainfo-114249515285712\/"]},{"@type":"Person","@id":"https:\/\/elcanillita.info\/press\/#\/schema\/person\/7fcb79f38045700919f7da6d97e71ba0","name":"SalaStampa.eu, world press service","image":{"@type":"ImageObject","inLanguage":"es-AR","@id":"https:\/\/secure.gravatar.com\/avatar\/c2f0e0d515a107624234994507816ca4724c7199cef73fc8bedebf6931d73888?s=96&d=mm&r=g","url":"https:\/\/secure.gravatar.com\/avatar\/c2f0e0d515a107624234994507816ca4724c7199cef73fc8bedebf6931d73888?s=96&d=mm&r=g","contentUrl":"https:\/\/secure.gravatar.com\/avatar\/c2f0e0d515a107624234994507816ca4724c7199cef73fc8bedebf6931d73888?s=96&d=mm&r=g","caption":"SalaStampa.eu, world press service"}}]}},"views":186,"_links":{"self":[{"href":"https:\/\/elcanillita.info\/press\/wp-json\/wp\/v2\/posts\/5052","targetHints":{"allow":["GET"]}}],"collection":[{"href":"https:\/\/elcanillita.info\/press\/wp-json\/wp\/v2\/posts"}],"about":[{"href":"https:\/\/elcanillita.info\/press\/wp-json\/wp\/v2\/types\/post"}],"author":[{"embeddable":true,"href":"https:\/\/elcanillita.info\/press\/wp-json\/wp\/v2\/users\/1"}],"replies":[{"embeddable":true,"href":"https:\/\/elcanillita.info\/press\/wp-json\/wp\/v2\/comments?post=5052"}],"version-history":[{"count":0,"href":"https:\/\/elcanillita.info\/press\/wp-json\/wp\/v2\/posts\/5052\/revisions"}],"wp:attachment":[{"href":"https:\/\/elcanillita.info\/press\/wp-json\/wp\/v2\/media?parent=5052"}],"wp:term":[{"taxonomy":"category","embeddable":true,"href":"https:\/\/elcanillita.info\/press\/wp-json\/wp\/v2\/categories?post=5052"},{"taxonomy":"post_tag","embeddable":true,"href":"https:\/\/elcanillita.info\/press\/wp-json\/wp\/v2\/tags?post=5052"}],"curies":[{"name":"wp","href":"https:\/\/api.w.org\/{rel}","templated":true}]}}