{"id":501,"date":"2020-02-20T09:12:22","date_gmt":"2020-02-20T12:12:22","guid":{"rendered":"https:\/\/elcanillita.info\/press\/?p=501"},"modified":"2020-02-20T09:12:23","modified_gmt":"2020-02-20T12:12:23","slug":"presiones-estados-unidos-desembocarian-sanciones-ue-nicaragua","status":"publish","type":"post","link":"https:\/\/elcanillita.info\/press\/2020\/02\/20\/presiones-estados-unidos-desembocarian-sanciones-ue-nicaragua\/","title":{"rendered":"Presiones de Estados Unidos desembocar\u00edan en sanciones de la UE a Nicaragua"},"content":{"rendered":"\n<p>Union Europea, 20.02.2020 &#8211; La gira del&nbsp;subsecretario de Estado Adjunto para Centroam\u00e9rica, Hugo Rodr\u00edguez, por Europa, para definir estrategias de Estados Unidos para presionar al gobierno de Nicaragua podr\u00eda acelerar la aplicaci\u00f3n de sanciones de la Uni\u00f3n Europea contra funcionarios e instituciones del pa\u00eds.<\/p>\n\n\n\n<p>Analistas nicarag\u00fcenses consultados por la Voz de Am\u00e9rica, entre ellos el exembajador de Nicaragua ante la Uni\u00f3n Europea y Venezuela,&nbsp;Roger Guevara Mena, advierte sobre los resultados de la&nbsp;medida.&nbsp;<\/p>\n\n\n\n<p>\u201cEstas acciones est\u00e1n llamadas a actuar en conjunto con los mismos plazos, bajo las mismas condiciones y consideraciones y por su puesto van a establecer una autoridad com\u00fan o una comisi\u00f3n que va a conocer de todas las sanciones posibles que se van a dar\u201d, dijo.<\/p>\n\n\n\n<p>Expertos opinan sobre sanciones a gobierno de Ortega en Nicaragua<br>\nRodr\u00edguez explic\u00f3 que el plan de la Administraci\u00f3n Trump es seguir sancionando a funcionarios leales al gobierno del presidente Ortega y que, en ese sentido buscan el respaldo de sus socios de Europa.<\/p>\n\n\n\n<p>El analista pol\u00edtico Bosco Matamoros advierte que estas declaraciones reflejan la preocupaci\u00f3n sobre el impacto de la crisis que vive&nbsp;Nicaragua en los pa\u00edses centroamericanos. \u201cPor una parte refleja la cuesti\u00f3n de la democracia en la regi\u00f3n, la obligaci\u00f3n que todos los pa\u00edses tienen de apegarse y cumplir con las disposiciones de la Carta Democr\u00e1tica Interamericana, y por otro lado la preocupaci\u00f3n de seguridad de Estados Unidos en tanto la situaci\u00f3n de Nicaragua y su relaci\u00f3n con pa\u00edses extra regionales\u201d.<\/p>\n\n\n\n<p>El gobierno de Nicaragua ha rechazado tajantemente las sanciones impuestas por Estados Unidos, acusando a esa naci\u00f3n de \u201cinjerencista y de financiar un golpe de estado en el pa\u00eds\u201d.<\/p>\n\n\n\n<p>A la largo de dos a\u00f1os EE.UU. ha sancionado a 15 funcionarios del gobierno sandinista, entre ellos a la primera dama y vicepresidente Rosario Murillo as\u00ed como a dos de los hijos de la pareja presidencial.<br><br>\n<small>2020 voanoticias \u2013 salastampa.eu, afiliada a la red Broadcasting Board of Governors \u00a9 2020 BBG<\/small><\/p>\n","protected":false},"excerpt":{"rendered":"<p>Union Europea, 20.02.2020 &#8211; La gira del subsecretario de Estado Adjunto para Centroam\u00e9rica, Hugo Rodr\u00edguez, por Europa, para definir estrategias de Estados Unidos para presionar al gobierno de Nicaragua podr\u00eda acelerar la aplicaci\u00f3n de sanciones de la Uni\u00f3n Europea contra funcionarios e instituciones del pa\u00eds.<\/p>\n","protected":false},"author":1,"featured_media":0,"comment_status":"closed","ping_status":"closed","sticky":false,"template":"","format":"standard","meta":{"footnotes":"","_links_to":"","_links_to_target":""},"categories":[70,5,23,25],"tags":[59],"class_list":["post-501","post","type-post","status-publish","format-standard","hentry","category-actualidad","category-europa","category-politica","category-sociedad","tag-union-europea","entry","double"],"yoast_head":"<!-- This site is optimized with the Yoast SEO plugin v27.5 - https:\/\/yoast.com\/product\/yoast-seo-wordpress\/ -->\n<title>Presiones de Estados Unidos desembocar\u00edan en sanciones de la UE a Nicaragua - ElCanillita.Info<\/title>\n<meta name=\"robots\" content=\"index, follow, max-snippet:-1, max-image-preview:large, max-video-preview:-1\" \/>\n<link rel=\"canonical\" href=\"https:\/\/elcanillita.info\/press\/2020\/02\/20\/presiones-estados-unidos-desembocarian-sanciones-ue-nicaragua\/\" \/>\n<meta property=\"og:locale\" content=\"es_ES\" \/>\n<meta property=\"og:type\" content=\"article\" \/>\n<meta property=\"og:title\" content=\"Presiones de Estados Unidos desembocar\u00edan en sanciones de la UE a Nicaragua - ElCanillita.Info\" \/>\n<meta property=\"og:description\" content=\"Union Europea, 20.02.2020 - La gira del subsecretario de Estado Adjunto para Centroam\u00e9rica, Hugo Rodr\u00edguez, por Europa, para definir estrategias de Estados Unidos para presionar al gobierno de Nicaragua podr\u00eda acelerar la aplicaci\u00f3n de sanciones de la Uni\u00f3n Europea contra funcionarios e instituciones del pa\u00eds.\" \/>\n<meta property=\"og:url\" content=\"https:\/\/elcanillita.info\/press\/2020\/02\/20\/presiones-estados-unidos-desembocarian-sanciones-ue-nicaragua\/\" \/>\n<meta property=\"og:site_name\" content=\"ElCanillita.Info\" \/>\n<meta property=\"article:publisher\" content=\"https:\/\/ar-ar.facebook.com\/ElCanillitainfo-114249515285712\/\" \/>\n<meta property=\"article:published_time\" content=\"2020-02-20T12:12:22+00:00\" \/>\n<meta property=\"article:modified_time\" content=\"2020-02-20T12:12:23+00:00\" \/>\n<meta name=\"author\" content=\"SalaStampa.eu, world press service\" \/>\n<meta name=\"twitter:card\" content=\"summary_large_image\" \/>\n<meta name=\"twitter:label1\" content=\"Escrito por\" \/>\n\t<meta name=\"twitter:data1\" content=\"SalaStampa.eu, world press service\" \/>\n\t<meta name=\"twitter:label2\" content=\"Tiempo de lectura\" \/>\n\t<meta name=\"twitter:data2\" content=\"2 minutos\" \/>\n<script type=\"application\/ld+json\" class=\"yoast-schema-graph\">{\"@context\":\"https:\\\/\\\/schema.org\",\"@graph\":[{\"@type\":\"Article\",\"@id\":\"https:\\\/\\\/elcanillita.info\\\/press\\\/2020\\\/02\\\/20\\\/presiones-estados-unidos-desembocarian-sanciones-ue-nicaragua\\\/#article\",\"isPartOf\":{\"@id\":\"https:\\\/\\\/elcanillita.info\\\/press\\\/2020\\\/02\\\/20\\\/presiones-estados-unidos-desembocarian-sanciones-ue-nicaragua\\\/\"},\"author\":{\"name\":\"SalaStampa.eu, world press service\",\"@id\":\"https:\\\/\\\/elcanillita.info\\\/press\\\/#\\\/schema\\\/person\\\/7fcb79f38045700919f7da6d97e71ba0\"},\"headline\":\"Presiones de Estados Unidos desembocar\u00edan en sanciones de la UE a Nicaragua\",\"datePublished\":\"2020-02-20T12:12:22+00:00\",\"dateModified\":\"2020-02-20T12:12:23+00:00\",\"mainEntityOfPage\":{\"@id\":\"https:\\\/\\\/elcanillita.info\\\/press\\\/2020\\\/02\\\/20\\\/presiones-estados-unidos-desembocarian-sanciones-ue-nicaragua\\\/\"},\"wordCount\":367,\"publisher\":{\"@id\":\"https:\\\/\\\/elcanillita.info\\\/press\\\/#organization\"},\"keywords\":[\"Uni\u00f3n Europea\"],\"articleSection\":[\"Actualidad\",\"Europa\",\"Politica\",\"Sociedad\"],\"inLanguage\":\"es-AR\"},{\"@type\":\"WebPage\",\"@id\":\"https:\\\/\\\/elcanillita.info\\\/press\\\/2020\\\/02\\\/20\\\/presiones-estados-unidos-desembocarian-sanciones-ue-nicaragua\\\/\",\"url\":\"https:\\\/\\\/elcanillita.info\\\/press\\\/2020\\\/02\\\/20\\\/presiones-estados-unidos-desembocarian-sanciones-ue-nicaragua\\\/\",\"name\":\"Presiones de Estados Unidos desembocar\u00edan en sanciones de la UE a Nicaragua - ElCanillita.Info\",\"isPartOf\":{\"@id\":\"https:\\\/\\\/elcanillita.info\\\/press\\\/#website\"},\"datePublished\":\"2020-02-20T12:12:22+00:00\",\"dateModified\":\"2020-02-20T12:12:23+00:00\",\"inLanguage\":\"es-AR\",\"potentialAction\":[{\"@type\":\"ReadAction\",\"target\":[\"https:\\\/\\\/elcanillita.info\\\/press\\\/2020\\\/02\\\/20\\\/presiones-estados-unidos-desembocarian-sanciones-ue-nicaragua\\\/\"]}]},{\"@type\":\"WebSite\",\"@id\":\"https:\\\/\\\/elcanillita.info\\\/press\\\/#website\",\"url\":\"https:\\\/\\\/elcanillita.info\\\/press\\\/\",\"name\":\"ElCanillita.Info\",\"description\":\"desde los Apeninos a los Andes\",\"publisher\":{\"@id\":\"https:\\\/\\\/elcanillita.info\\\/press\\\/#organization\"},\"potentialAction\":[{\"@type\":\"SearchAction\",\"target\":{\"@type\":\"EntryPoint\",\"urlTemplate\":\"https:\\\/\\\/elcanillita.info\\\/press\\\/?s={search_term_string}\"},\"query-input\":{\"@type\":\"PropertyValueSpecification\",\"valueRequired\":true,\"valueName\":\"search_term_string\"}}],\"inLanguage\":\"es-AR\"},{\"@type\":\"Organization\",\"@id\":\"https:\\\/\\\/elcanillita.info\\\/press\\\/#organization\",\"name\":\"Guzzo Photos & Graphic Publications\",\"url\":\"https:\\\/\\\/elcanillita.info\\\/press\\\/\",\"logo\":{\"@type\":\"ImageObject\",\"inLanguage\":\"es-AR\",\"@id\":\"https:\\\/\\\/elcanillita.info\\\/press\\\/#\\\/schema\\\/logo\\\/image\\\/\",\"url\":\"https:\\\/\\\/elcanillita.info\\\/press\\\/images\\\/2020\\\/01\\\/cropped-cropped-cropped-elcanillitainfo.png\",\"contentUrl\":\"https:\\\/\\\/elcanillita.info\\\/press\\\/images\\\/2020\\\/01\\\/cropped-cropped-cropped-elcanillitainfo.png\",\"width\":460,\"height\":50,\"caption\":\"Guzzo Photos & Graphic Publications\"},\"image\":{\"@id\":\"https:\\\/\\\/elcanillita.info\\\/press\\\/#\\\/schema\\\/logo\\\/image\\\/\"},\"sameAs\":[\"https:\\\/\\\/ar-ar.facebook.com\\\/ElCanillitainfo-114249515285712\\\/\"]},{\"@type\":\"Person\",\"@id\":\"https:\\\/\\\/elcanillita.info\\\/press\\\/#\\\/schema\\\/person\\\/7fcb79f38045700919f7da6d97e71ba0\",\"name\":\"SalaStampa.eu, world press service\",\"image\":{\"@type\":\"ImageObject\",\"inLanguage\":\"es-AR\",\"@id\":\"https:\\\/\\\/secure.gravatar.com\\\/avatar\\\/c2f0e0d515a107624234994507816ca4724c7199cef73fc8bedebf6931d73888?s=96&d=mm&r=g\",\"url\":\"https:\\\/\\\/secure.gravatar.com\\\/avatar\\\/c2f0e0d515a107624234994507816ca4724c7199cef73fc8bedebf6931d73888?s=96&d=mm&r=g\",\"contentUrl\":\"https:\\\/\\\/secure.gravatar.com\\\/avatar\\\/c2f0e0d515a107624234994507816ca4724c7199cef73fc8bedebf6931d73888?s=96&d=mm&r=g\",\"caption\":\"SalaStampa.eu, world press service\"}}]}<\/script>\n<!-- \/ Yoast SEO plugin. -->","yoast_head_json":{"title":"Presiones de Estados Unidos desembocar\u00edan en sanciones de la UE a Nicaragua - ElCanillita.Info","robots":{"index":"index","follow":"follow","max-snippet":"max-snippet:-1","max-image-preview":"max-image-preview:large","max-video-preview":"max-video-preview:-1"},"canonical":"https:\/\/elcanillita.info\/press\/2020\/02\/20\/presiones-estados-unidos-desembocarian-sanciones-ue-nicaragua\/","og_locale":"es_ES","og_type":"article","og_title":"Presiones de Estados Unidos desembocar\u00edan en sanciones de la UE a Nicaragua - ElCanillita.Info","og_description":"Union Europea, 20.02.2020 - La gira del subsecretario de Estado Adjunto para Centroam\u00e9rica, Hugo Rodr\u00edguez, por Europa, para definir estrategias de Estados Unidos para presionar al gobierno de Nicaragua podr\u00eda acelerar la aplicaci\u00f3n de sanciones de la Uni\u00f3n Europea contra funcionarios e instituciones del pa\u00eds.","og_url":"https:\/\/elcanillita.info\/press\/2020\/02\/20\/presiones-estados-unidos-desembocarian-sanciones-ue-nicaragua\/","og_site_name":"ElCanillita.Info","article_publisher":"https:\/\/ar-ar.facebook.com\/ElCanillitainfo-114249515285712\/","article_published_time":"2020-02-20T12:12:22+00:00","article_modified_time":"2020-02-20T12:12:23+00:00","author":"SalaStampa.eu, world press service","twitter_card":"summary_large_image","twitter_misc":{"Escrito por":"SalaStampa.eu, world press service","Tiempo de lectura":"2 minutos"},"schema":{"@context":"https:\/\/schema.org","@graph":[{"@type":"Article","@id":"https:\/\/elcanillita.info\/press\/2020\/02\/20\/presiones-estados-unidos-desembocarian-sanciones-ue-nicaragua\/#article","isPartOf":{"@id":"https:\/\/elcanillita.info\/press\/2020\/02\/20\/presiones-estados-unidos-desembocarian-sanciones-ue-nicaragua\/"},"author":{"name":"SalaStampa.eu, world press service","@id":"https:\/\/elcanillita.info\/press\/#\/schema\/person\/7fcb79f38045700919f7da6d97e71ba0"},"headline":"Presiones de Estados Unidos desembocar\u00edan en sanciones de la UE a Nicaragua","datePublished":"2020-02-20T12:12:22+00:00","dateModified":"2020-02-20T12:12:23+00:00","mainEntityOfPage":{"@id":"https:\/\/elcanillita.info\/press\/2020\/02\/20\/presiones-estados-unidos-desembocarian-sanciones-ue-nicaragua\/"},"wordCount":367,"publisher":{"@id":"https:\/\/elcanillita.info\/press\/#organization"},"keywords":["Uni\u00f3n Europea"],"articleSection":["Actualidad","Europa","Politica","Sociedad"],"inLanguage":"es-AR"},{"@type":"WebPage","@id":"https:\/\/elcanillita.info\/press\/2020\/02\/20\/presiones-estados-unidos-desembocarian-sanciones-ue-nicaragua\/","url":"https:\/\/elcanillita.info\/press\/2020\/02\/20\/presiones-estados-unidos-desembocarian-sanciones-ue-nicaragua\/","name":"Presiones de Estados Unidos desembocar\u00edan en sanciones de la UE a Nicaragua - ElCanillita.Info","isPartOf":{"@id":"https:\/\/elcanillita.info\/press\/#website"},"datePublished":"2020-02-20T12:12:22+00:00","dateModified":"2020-02-20T12:12:23+00:00","inLanguage":"es-AR","potentialAction":[{"@type":"ReadAction","target":["https:\/\/elcanillita.info\/press\/2020\/02\/20\/presiones-estados-unidos-desembocarian-sanciones-ue-nicaragua\/"]}]},{"@type":"WebSite","@id":"https:\/\/elcanillita.info\/press\/#website","url":"https:\/\/elcanillita.info\/press\/","name":"ElCanillita.Info","description":"desde los Apeninos a los Andes","publisher":{"@id":"https:\/\/elcanillita.info\/press\/#organization"},"potentialAction":[{"@type":"SearchAction","target":{"@type":"EntryPoint","urlTemplate":"https:\/\/elcanillita.info\/press\/?s={search_term_string}"},"query-input":{"@type":"PropertyValueSpecification","valueRequired":true,"valueName":"search_term_string"}}],"inLanguage":"es-AR"},{"@type":"Organization","@id":"https:\/\/elcanillita.info\/press\/#organization","name":"Guzzo Photos & Graphic Publications","url":"https:\/\/elcanillita.info\/press\/","logo":{"@type":"ImageObject","inLanguage":"es-AR","@id":"https:\/\/elcanillita.info\/press\/#\/schema\/logo\/image\/","url":"https:\/\/elcanillita.info\/press\/images\/2020\/01\/cropped-cropped-cropped-elcanillitainfo.png","contentUrl":"https:\/\/elcanillita.info\/press\/images\/2020\/01\/cropped-cropped-cropped-elcanillitainfo.png","width":460,"height":50,"caption":"Guzzo Photos & Graphic Publications"},"image":{"@id":"https:\/\/elcanillita.info\/press\/#\/schema\/logo\/image\/"},"sameAs":["https:\/\/ar-ar.facebook.com\/ElCanillitainfo-114249515285712\/"]},{"@type":"Person","@id":"https:\/\/elcanillita.info\/press\/#\/schema\/person\/7fcb79f38045700919f7da6d97e71ba0","name":"SalaStampa.eu, world press service","image":{"@type":"ImageObject","inLanguage":"es-AR","@id":"https:\/\/secure.gravatar.com\/avatar\/c2f0e0d515a107624234994507816ca4724c7199cef73fc8bedebf6931d73888?s=96&d=mm&r=g","url":"https:\/\/secure.gravatar.com\/avatar\/c2f0e0d515a107624234994507816ca4724c7199cef73fc8bedebf6931d73888?s=96&d=mm&r=g","contentUrl":"https:\/\/secure.gravatar.com\/avatar\/c2f0e0d515a107624234994507816ca4724c7199cef73fc8bedebf6931d73888?s=96&d=mm&r=g","caption":"SalaStampa.eu, world press service"}}]}},"views":830,"_links":{"self":[{"href":"https:\/\/elcanillita.info\/press\/wp-json\/wp\/v2\/posts\/501","targetHints":{"allow":["GET"]}}],"collection":[{"href":"https:\/\/elcanillita.info\/press\/wp-json\/wp\/v2\/posts"}],"about":[{"href":"https:\/\/elcanillita.info\/press\/wp-json\/wp\/v2\/types\/post"}],"author":[{"embeddable":true,"href":"https:\/\/elcanillita.info\/press\/wp-json\/wp\/v2\/users\/1"}],"replies":[{"embeddable":true,"href":"https:\/\/elcanillita.info\/press\/wp-json\/wp\/v2\/comments?post=501"}],"version-history":[{"count":0,"href":"https:\/\/elcanillita.info\/press\/wp-json\/wp\/v2\/posts\/501\/revisions"}],"wp:attachment":[{"href":"https:\/\/elcanillita.info\/press\/wp-json\/wp\/v2\/media?parent=501"}],"wp:term":[{"taxonomy":"category","embeddable":true,"href":"https:\/\/elcanillita.info\/press\/wp-json\/wp\/v2\/categories?post=501"},{"taxonomy":"post_tag","embeddable":true,"href":"https:\/\/elcanillita.info\/press\/wp-json\/wp\/v2\/tags?post=501"}],"curies":[{"name":"wp","href":"https:\/\/api.w.org\/{rel}","templated":true}]}}