{"id":5000,"date":"2025-07-15T18:23:27","date_gmt":"2025-07-15T21:23:27","guid":{"rendered":"https:\/\/elcanillita.info\/press\/?p=5000"},"modified":"2025-07-15T18:32:08","modified_gmt":"2025-07-15T21:32:08","slug":"el-romance-milei-villarruel-termino-del-dueto-libertario-a-la-interna-feroz","status":"publish","type":"post","link":"https:\/\/elcanillita.info\/press\/2025\/07\/15\/el-romance-milei-villarruel-termino-del-dueto-libertario-a-la-interna-feroz\/","title":{"rendered":"\ud83c\udfaa El romance Milei\u2013Villarruel termin\u00f3: del dueto libertario a la interna feroz"},"content":{"rendered":"\n<figure class=\"wp-block-image size-full\"><img loading=\"lazy\" decoding=\"async\" width=\"600\" height=\"400\" src=\"https:\/\/elcanillita.info\/press\/images\/2025\/07\/Villa_600_400.Edit_.PUB_.png\" alt=\"\" class=\"wp-image-5187\" srcset=\"https:\/\/elcanillita.info\/press\/images\/2025\/07\/Villa_600_400.Edit_.PUB_.png 600w, https:\/\/elcanillita.info\/press\/images\/2025\/07\/Villa_600_400.Edit_.PUB_-300x200.png 300w\" sizes=\"auto, (max-width: 600px) 100vw, 600px\" \/><\/figure>\n\n\n\n<p><strong>ElCanillita.info<\/strong><br>Argentina, 15\/07\/2025<br><strong>El romance Milei\u2013Villarruel lleg\u00f3 a su final: del dueto libertario a la interna feroz<\/strong><br>Lo que empez\u00f3 como un experimento de alquimia libertaria termin\u00f3 en un cl\u00e1sico del circo pol\u00edtico argentino: traiciones, pu\u00f1ales por la espalda y una pista central donde el presidente grita solo, mientras la vicepresidenta le arma su propio acto a unos metros.<\/p>\n\n\n\n<p>La sesi\u00f3n del Senado que aprob\u00f3 el aumento jubilatorio, con apoyo de opositores y la bendici\u00f3n silenciosa de Victoria Villarruel, fue la gota que rebals\u00f3 el vaso. Desde el rinc\u00f3n presidencial llegaron insultos varios: &#8220;traidora&#8221;, &#8220;desleal&#8221;, &#8220;populista encubierta&#8221;. Ella, impasible, respondi\u00f3 desde Instagram con un posteo que bien podr\u00eda haber salido del archivo de Eva Per\u00f3n:<\/p>\n\n\n\n<blockquote class=\"wp-block-quote is-layout-flow wp-block-quote-is-layout-flow\">\n<p>\u201cUn jubilado no puede esperar y un discapacitado menos. Que ahorre en viajes y en la SIDE y listo.\u201d<\/p>\n<\/blockquote>\n\n\n\n<p>Un mensaje simple, filoso, y mucho m\u00e1s humano que toda la obra de Milei desde que asumi\u00f3.<\/p>\n\n\n\n<p>La ruptura, sin embargo, ven\u00eda gest\u00e1ndose desde hace meses. Villarruel fue cuidadosamente excluida de las decisiones centrales del Ejecutivo. Mientras Javier Milei se entreten\u00eda con motosierra en mano, el ala moderada \u2013si es que ese t\u00e9rmino a\u00fan aplica\u2013 buscaba espacios para sobrevivir pol\u00edticamente. Y ella, la abogada sobria, cat\u00f3lica y nacionalista, entendi\u00f3 que su juego se jugaba <strong>fuera del Palacio<\/strong>.<\/p>\n\n\n\n<p>Agenda propia no le falta. Recorre la provincia de Buenos Aires con Claudia Rucci \u2013heredera de la CGT peronista en modo derechos humanos\u2013 y comparte actos con gobernadores, algo as\u00ed como un sacrilegio en la l\u00f3gica libertaria, donde el federalismo es una molestia y el di\u00e1logo una herej\u00eda.<\/p>\n\n\n\n<p>As\u00ed, el 20 de junio se plant\u00f3 en Rosario, conmemorando el D\u00eda de la Bandera al lado de Pullaro y Javkin. Mientras tanto, el Presidente prefer\u00eda el confort del Campo de Polo en Palermo.<br>El 9 de julio repiti\u00f3 la jugada en Tucum\u00e1n, ahora en nombre de la Independencia. Milei no asisti\u00f3 porque \u2013seg\u00fan dijeron\u2013 el clima no lo favorec\u00eda. Aparentemente, <strong>los truenos s\u00f3lo le gustan en Twitter<\/strong>.<\/p>\n\n\n\n<p>La escena es clara: <strong>Villarruel ocupa los actos vac\u00edos que Milei desprecia<\/strong>.<br>Y lo hace con tono institucional, cara de pr\u00f3cer y un olfato pol\u00edtico que huele la debacle libertaria desde adentro. El circo cambi\u00f3 de acto. El payaso mayor sigue en su carpa con luces LED y aplausos pagos, pero la ex aliada ya aprendi\u00f3 a armar su propio espect\u00e1culo.<br>Y ojo, que el p\u00fablico empieza a girar la cabeza.<br><br><small><small>\u00a92025 Dron Criollo \u2013 All Rights Reserved &#8211; Copyright \u00a9 2025 ElCanillita.info \/ BlogDiario.info \/SalaStampa.eu, world press service &#8211; Guzzo Photos &amp; Graphic Publications \u2013 Registro Editori e Stampatori n. 1441 Turin, Italy<\/small><\/small><\/p>\n\n\n\n<p><\/p>\n","protected":false},"excerpt":{"rendered":"<p>Villarruel ocupa los actos vac\u00edos que Milei desprecia.<\/p>\n","protected":false},"author":1,"featured_media":5187,"comment_status":"closed","ping_status":"closed","sticky":false,"template":"","format":"standard","meta":{"footnotes":"","_links_to":"","_links_to_target":""},"categories":[70,123,126,23,25],"tags":[29],"class_list":["post-5000","post","type-post","status-publish","format-standard","has-post-thumbnail","hentry","category-actualidad","category-argentina","category-dolores-de-la-press","category-politica","category-sociedad","tag-argentina","entry","double"],"yoast_head":"<!-- This site is optimized with the Yoast SEO plugin v27.5 - https:\/\/yoast.com\/product\/yoast-seo-wordpress\/ -->\n<title>\ud83c\udfaa El romance Milei\u2013Villarruel termin\u00f3: del dueto libertario a la interna feroz - ElCanillita.Info<\/title>\n<meta name=\"robots\" content=\"index, follow, max-snippet:-1, max-image-preview:large, max-video-preview:-1\" \/>\n<link rel=\"canonical\" href=\"https:\/\/elcanillita.info\/press\/2025\/07\/15\/el-romance-milei-villarruel-termino-del-dueto-libertario-a-la-interna-feroz\/\" \/>\n<meta property=\"og:locale\" content=\"es_ES\" \/>\n<meta property=\"og:type\" content=\"article\" \/>\n<meta property=\"og:title\" content=\"\ud83c\udfaa El romance Milei\u2013Villarruel termin\u00f3: del dueto libertario a la interna feroz - ElCanillita.Info\" \/>\n<meta property=\"og:description\" content=\"Villarruel ocupa los actos vac\u00edos que Milei desprecia.\" \/>\n<meta property=\"og:url\" content=\"https:\/\/elcanillita.info\/press\/2025\/07\/15\/el-romance-milei-villarruel-termino-del-dueto-libertario-a-la-interna-feroz\/\" \/>\n<meta property=\"og:site_name\" content=\"ElCanillita.Info\" \/>\n<meta property=\"article:publisher\" content=\"https:\/\/ar-ar.facebook.com\/ElCanillitainfo-114249515285712\/\" \/>\n<meta property=\"article:published_time\" content=\"2025-07-15T21:23:27+00:00\" \/>\n<meta property=\"article:modified_time\" content=\"2025-07-15T21:32:08+00:00\" \/>\n<meta property=\"og:image\" content=\"https:\/\/elcanillita.info\/press\/images\/2025\/07\/Villa_600_400.Edit_.PUB_.png\" \/>\n\t<meta property=\"og:image:width\" content=\"600\" \/>\n\t<meta property=\"og:image:height\" content=\"400\" \/>\n\t<meta property=\"og:image:type\" content=\"image\/png\" \/>\n<meta name=\"author\" content=\"SalaStampa.eu, world press service\" \/>\n<meta name=\"twitter:card\" content=\"summary_large_image\" \/>\n<meta name=\"twitter:label1\" content=\"Escrito por\" \/>\n\t<meta name=\"twitter:data1\" content=\"SalaStampa.eu, world press service\" \/>\n\t<meta name=\"twitter:label2\" content=\"Tiempo de lectura\" \/>\n\t<meta name=\"twitter:data2\" content=\"3 minutos\" \/>\n<script type=\"application\/ld+json\" class=\"yoast-schema-graph\">{\"@context\":\"https:\\\/\\\/schema.org\",\"@graph\":[{\"@type\":\"Article\",\"@id\":\"https:\\\/\\\/elcanillita.info\\\/press\\\/2025\\\/07\\\/15\\\/el-romance-milei-villarruel-termino-del-dueto-libertario-a-la-interna-feroz\\\/#article\",\"isPartOf\":{\"@id\":\"https:\\\/\\\/elcanillita.info\\\/press\\\/2025\\\/07\\\/15\\\/el-romance-milei-villarruel-termino-del-dueto-libertario-a-la-interna-feroz\\\/\"},\"author\":{\"name\":\"SalaStampa.eu, world press service\",\"@id\":\"https:\\\/\\\/elcanillita.info\\\/press\\\/#\\\/schema\\\/person\\\/7fcb79f38045700919f7da6d97e71ba0\"},\"headline\":\"\ud83c\udfaa El romance Milei\u2013Villarruel termin\u00f3: del dueto libertario a la interna feroz\",\"datePublished\":\"2025-07-15T21:23:27+00:00\",\"dateModified\":\"2025-07-15T21:32:08+00:00\",\"mainEntityOfPage\":{\"@id\":\"https:\\\/\\\/elcanillita.info\\\/press\\\/2025\\\/07\\\/15\\\/el-romance-milei-villarruel-termino-del-dueto-libertario-a-la-interna-feroz\\\/\"},\"wordCount\":468,\"publisher\":{\"@id\":\"https:\\\/\\\/elcanillita.info\\\/press\\\/#organization\"},\"image\":{\"@id\":\"https:\\\/\\\/elcanillita.info\\\/press\\\/2025\\\/07\\\/15\\\/el-romance-milei-villarruel-termino-del-dueto-libertario-a-la-interna-feroz\\\/#primaryimage\"},\"thumbnailUrl\":\"https:\\\/\\\/elcanillita.info\\\/press\\\/images\\\/2025\\\/07\\\/Villa_600_400.Edit_.PUB_.png\",\"keywords\":[\"Argentina\"],\"articleSection\":[\"Actualidad\",\"Argentina\",\"Dolores de La Press\",\"Politica\",\"Sociedad\"],\"inLanguage\":\"es-AR\"},{\"@type\":\"WebPage\",\"@id\":\"https:\\\/\\\/elcanillita.info\\\/press\\\/2025\\\/07\\\/15\\\/el-romance-milei-villarruel-termino-del-dueto-libertario-a-la-interna-feroz\\\/\",\"url\":\"https:\\\/\\\/elcanillita.info\\\/press\\\/2025\\\/07\\\/15\\\/el-romance-milei-villarruel-termino-del-dueto-libertario-a-la-interna-feroz\\\/\",\"name\":\"\ud83c\udfaa El romance Milei\u2013Villarruel termin\u00f3: del dueto libertario a la interna feroz - ElCanillita.Info\",\"isPartOf\":{\"@id\":\"https:\\\/\\\/elcanillita.info\\\/press\\\/#website\"},\"primaryImageOfPage\":{\"@id\":\"https:\\\/\\\/elcanillita.info\\\/press\\\/2025\\\/07\\\/15\\\/el-romance-milei-villarruel-termino-del-dueto-libertario-a-la-interna-feroz\\\/#primaryimage\"},\"image\":{\"@id\":\"https:\\\/\\\/elcanillita.info\\\/press\\\/2025\\\/07\\\/15\\\/el-romance-milei-villarruel-termino-del-dueto-libertario-a-la-interna-feroz\\\/#primaryimage\"},\"thumbnailUrl\":\"https:\\\/\\\/elcanillita.info\\\/press\\\/images\\\/2025\\\/07\\\/Villa_600_400.Edit_.PUB_.png\",\"datePublished\":\"2025-07-15T21:23:27+00:00\",\"dateModified\":\"2025-07-15T21:32:08+00:00\",\"inLanguage\":\"es-AR\",\"potentialAction\":[{\"@type\":\"ReadAction\",\"target\":[\"https:\\\/\\\/elcanillita.info\\\/press\\\/2025\\\/07\\\/15\\\/el-romance-milei-villarruel-termino-del-dueto-libertario-a-la-interna-feroz\\\/\"]}]},{\"@type\":\"ImageObject\",\"inLanguage\":\"es-AR\",\"@id\":\"https:\\\/\\\/elcanillita.info\\\/press\\\/2025\\\/07\\\/15\\\/el-romance-milei-villarruel-termino-del-dueto-libertario-a-la-interna-feroz\\\/#primaryimage\",\"url\":\"https:\\\/\\\/elcanillita.info\\\/press\\\/images\\\/2025\\\/07\\\/Villa_600_400.Edit_.PUB_.png\",\"contentUrl\":\"https:\\\/\\\/elcanillita.info\\\/press\\\/images\\\/2025\\\/07\\\/Villa_600_400.Edit_.PUB_.png\",\"width\":600,\"height\":400},{\"@type\":\"WebSite\",\"@id\":\"https:\\\/\\\/elcanillita.info\\\/press\\\/#website\",\"url\":\"https:\\\/\\\/elcanillita.info\\\/press\\\/\",\"name\":\"ElCanillita.Info\",\"description\":\"desde los Apeninos a los Andes\",\"publisher\":{\"@id\":\"https:\\\/\\\/elcanillita.info\\\/press\\\/#organization\"},\"potentialAction\":[{\"@type\":\"SearchAction\",\"target\":{\"@type\":\"EntryPoint\",\"urlTemplate\":\"https:\\\/\\\/elcanillita.info\\\/press\\\/?s={search_term_string}\"},\"query-input\":{\"@type\":\"PropertyValueSpecification\",\"valueRequired\":true,\"valueName\":\"search_term_string\"}}],\"inLanguage\":\"es-AR\"},{\"@type\":\"Organization\",\"@id\":\"https:\\\/\\\/elcanillita.info\\\/press\\\/#organization\",\"name\":\"Guzzo Photos & Graphic Publications\",\"url\":\"https:\\\/\\\/elcanillita.info\\\/press\\\/\",\"logo\":{\"@type\":\"ImageObject\",\"inLanguage\":\"es-AR\",\"@id\":\"https:\\\/\\\/elcanillita.info\\\/press\\\/#\\\/schema\\\/logo\\\/image\\\/\",\"url\":\"https:\\\/\\\/elcanillita.info\\\/press\\\/images\\\/2020\\\/01\\\/cropped-cropped-cropped-elcanillitainfo.png\",\"contentUrl\":\"https:\\\/\\\/elcanillita.info\\\/press\\\/images\\\/2020\\\/01\\\/cropped-cropped-cropped-elcanillitainfo.png\",\"width\":460,\"height\":50,\"caption\":\"Guzzo Photos & Graphic Publications\"},\"image\":{\"@id\":\"https:\\\/\\\/elcanillita.info\\\/press\\\/#\\\/schema\\\/logo\\\/image\\\/\"},\"sameAs\":[\"https:\\\/\\\/ar-ar.facebook.com\\\/ElCanillitainfo-114249515285712\\\/\"]},{\"@type\":\"Person\",\"@id\":\"https:\\\/\\\/elcanillita.info\\\/press\\\/#\\\/schema\\\/person\\\/7fcb79f38045700919f7da6d97e71ba0\",\"name\":\"SalaStampa.eu, world press service\",\"image\":{\"@type\":\"ImageObject\",\"inLanguage\":\"es-AR\",\"@id\":\"https:\\\/\\\/secure.gravatar.com\\\/avatar\\\/c2f0e0d515a107624234994507816ca4724c7199cef73fc8bedebf6931d73888?s=96&d=mm&r=g\",\"url\":\"https:\\\/\\\/secure.gravatar.com\\\/avatar\\\/c2f0e0d515a107624234994507816ca4724c7199cef73fc8bedebf6931d73888?s=96&d=mm&r=g\",\"contentUrl\":\"https:\\\/\\\/secure.gravatar.com\\\/avatar\\\/c2f0e0d515a107624234994507816ca4724c7199cef73fc8bedebf6931d73888?s=96&d=mm&r=g\",\"caption\":\"SalaStampa.eu, world press service\"}}]}<\/script>\n<!-- \/ Yoast SEO plugin. -->","yoast_head_json":{"title":"\ud83c\udfaa El romance Milei\u2013Villarruel termin\u00f3: del dueto libertario a la interna feroz - ElCanillita.Info","robots":{"index":"index","follow":"follow","max-snippet":"max-snippet:-1","max-image-preview":"max-image-preview:large","max-video-preview":"max-video-preview:-1"},"canonical":"https:\/\/elcanillita.info\/press\/2025\/07\/15\/el-romance-milei-villarruel-termino-del-dueto-libertario-a-la-interna-feroz\/","og_locale":"es_ES","og_type":"article","og_title":"\ud83c\udfaa El romance Milei\u2013Villarruel termin\u00f3: del dueto libertario a la interna feroz - ElCanillita.Info","og_description":"Villarruel ocupa los actos vac\u00edos que Milei desprecia.","og_url":"https:\/\/elcanillita.info\/press\/2025\/07\/15\/el-romance-milei-villarruel-termino-del-dueto-libertario-a-la-interna-feroz\/","og_site_name":"ElCanillita.Info","article_publisher":"https:\/\/ar-ar.facebook.com\/ElCanillitainfo-114249515285712\/","article_published_time":"2025-07-15T21:23:27+00:00","article_modified_time":"2025-07-15T21:32:08+00:00","og_image":[{"width":600,"height":400,"url":"https:\/\/elcanillita.info\/press\/images\/2025\/07\/Villa_600_400.Edit_.PUB_.png","type":"image\/png"}],"author":"SalaStampa.eu, world press service","twitter_card":"summary_large_image","twitter_misc":{"Escrito por":"SalaStampa.eu, world press service","Tiempo de lectura":"3 minutos"},"schema":{"@context":"https:\/\/schema.org","@graph":[{"@type":"Article","@id":"https:\/\/elcanillita.info\/press\/2025\/07\/15\/el-romance-milei-villarruel-termino-del-dueto-libertario-a-la-interna-feroz\/#article","isPartOf":{"@id":"https:\/\/elcanillita.info\/press\/2025\/07\/15\/el-romance-milei-villarruel-termino-del-dueto-libertario-a-la-interna-feroz\/"},"author":{"name":"SalaStampa.eu, world press service","@id":"https:\/\/elcanillita.info\/press\/#\/schema\/person\/7fcb79f38045700919f7da6d97e71ba0"},"headline":"\ud83c\udfaa El romance Milei\u2013Villarruel termin\u00f3: del dueto libertario a la interna feroz","datePublished":"2025-07-15T21:23:27+00:00","dateModified":"2025-07-15T21:32:08+00:00","mainEntityOfPage":{"@id":"https:\/\/elcanillita.info\/press\/2025\/07\/15\/el-romance-milei-villarruel-termino-del-dueto-libertario-a-la-interna-feroz\/"},"wordCount":468,"publisher":{"@id":"https:\/\/elcanillita.info\/press\/#organization"},"image":{"@id":"https:\/\/elcanillita.info\/press\/2025\/07\/15\/el-romance-milei-villarruel-termino-del-dueto-libertario-a-la-interna-feroz\/#primaryimage"},"thumbnailUrl":"https:\/\/elcanillita.info\/press\/images\/2025\/07\/Villa_600_400.Edit_.PUB_.png","keywords":["Argentina"],"articleSection":["Actualidad","Argentina","Dolores de La Press","Politica","Sociedad"],"inLanguage":"es-AR"},{"@type":"WebPage","@id":"https:\/\/elcanillita.info\/press\/2025\/07\/15\/el-romance-milei-villarruel-termino-del-dueto-libertario-a-la-interna-feroz\/","url":"https:\/\/elcanillita.info\/press\/2025\/07\/15\/el-romance-milei-villarruel-termino-del-dueto-libertario-a-la-interna-feroz\/","name":"\ud83c\udfaa El romance Milei\u2013Villarruel termin\u00f3: del dueto libertario a la interna feroz - ElCanillita.Info","isPartOf":{"@id":"https:\/\/elcanillita.info\/press\/#website"},"primaryImageOfPage":{"@id":"https:\/\/elcanillita.info\/press\/2025\/07\/15\/el-romance-milei-villarruel-termino-del-dueto-libertario-a-la-interna-feroz\/#primaryimage"},"image":{"@id":"https:\/\/elcanillita.info\/press\/2025\/07\/15\/el-romance-milei-villarruel-termino-del-dueto-libertario-a-la-interna-feroz\/#primaryimage"},"thumbnailUrl":"https:\/\/elcanillita.info\/press\/images\/2025\/07\/Villa_600_400.Edit_.PUB_.png","datePublished":"2025-07-15T21:23:27+00:00","dateModified":"2025-07-15T21:32:08+00:00","inLanguage":"es-AR","potentialAction":[{"@type":"ReadAction","target":["https:\/\/elcanillita.info\/press\/2025\/07\/15\/el-romance-milei-villarruel-termino-del-dueto-libertario-a-la-interna-feroz\/"]}]},{"@type":"ImageObject","inLanguage":"es-AR","@id":"https:\/\/elcanillita.info\/press\/2025\/07\/15\/el-romance-milei-villarruel-termino-del-dueto-libertario-a-la-interna-feroz\/#primaryimage","url":"https:\/\/elcanillita.info\/press\/images\/2025\/07\/Villa_600_400.Edit_.PUB_.png","contentUrl":"https:\/\/elcanillita.info\/press\/images\/2025\/07\/Villa_600_400.Edit_.PUB_.png","width":600,"height":400},{"@type":"WebSite","@id":"https:\/\/elcanillita.info\/press\/#website","url":"https:\/\/elcanillita.info\/press\/","name":"ElCanillita.Info","description":"desde los Apeninos a los Andes","publisher":{"@id":"https:\/\/elcanillita.info\/press\/#organization"},"potentialAction":[{"@type":"SearchAction","target":{"@type":"EntryPoint","urlTemplate":"https:\/\/elcanillita.info\/press\/?s={search_term_string}"},"query-input":{"@type":"PropertyValueSpecification","valueRequired":true,"valueName":"search_term_string"}}],"inLanguage":"es-AR"},{"@type":"Organization","@id":"https:\/\/elcanillita.info\/press\/#organization","name":"Guzzo Photos & Graphic Publications","url":"https:\/\/elcanillita.info\/press\/","logo":{"@type":"ImageObject","inLanguage":"es-AR","@id":"https:\/\/elcanillita.info\/press\/#\/schema\/logo\/image\/","url":"https:\/\/elcanillita.info\/press\/images\/2020\/01\/cropped-cropped-cropped-elcanillitainfo.png","contentUrl":"https:\/\/elcanillita.info\/press\/images\/2020\/01\/cropped-cropped-cropped-elcanillitainfo.png","width":460,"height":50,"caption":"Guzzo Photos & Graphic Publications"},"image":{"@id":"https:\/\/elcanillita.info\/press\/#\/schema\/logo\/image\/"},"sameAs":["https:\/\/ar-ar.facebook.com\/ElCanillitainfo-114249515285712\/"]},{"@type":"Person","@id":"https:\/\/elcanillita.info\/press\/#\/schema\/person\/7fcb79f38045700919f7da6d97e71ba0","name":"SalaStampa.eu, world press service","image":{"@type":"ImageObject","inLanguage":"es-AR","@id":"https:\/\/secure.gravatar.com\/avatar\/c2f0e0d515a107624234994507816ca4724c7199cef73fc8bedebf6931d73888?s=96&d=mm&r=g","url":"https:\/\/secure.gravatar.com\/avatar\/c2f0e0d515a107624234994507816ca4724c7199cef73fc8bedebf6931d73888?s=96&d=mm&r=g","contentUrl":"https:\/\/secure.gravatar.com\/avatar\/c2f0e0d515a107624234994507816ca4724c7199cef73fc8bedebf6931d73888?s=96&d=mm&r=g","caption":"SalaStampa.eu, world press service"}}]}},"views":213,"_links":{"self":[{"href":"https:\/\/elcanillita.info\/press\/wp-json\/wp\/v2\/posts\/5000","targetHints":{"allow":["GET"]}}],"collection":[{"href":"https:\/\/elcanillita.info\/press\/wp-json\/wp\/v2\/posts"}],"about":[{"href":"https:\/\/elcanillita.info\/press\/wp-json\/wp\/v2\/types\/post"}],"author":[{"embeddable":true,"href":"https:\/\/elcanillita.info\/press\/wp-json\/wp\/v2\/users\/1"}],"replies":[{"embeddable":true,"href":"https:\/\/elcanillita.info\/press\/wp-json\/wp\/v2\/comments?post=5000"}],"version-history":[{"count":0,"href":"https:\/\/elcanillita.info\/press\/wp-json\/wp\/v2\/posts\/5000\/revisions"}],"wp:featuredmedia":[{"embeddable":true,"href":"https:\/\/elcanillita.info\/press\/wp-json\/wp\/v2\/media\/5187"}],"wp:attachment":[{"href":"https:\/\/elcanillita.info\/press\/wp-json\/wp\/v2\/media?parent=5000"}],"wp:term":[{"taxonomy":"category","embeddable":true,"href":"https:\/\/elcanillita.info\/press\/wp-json\/wp\/v2\/categories?post=5000"},{"taxonomy":"post_tag","embeddable":true,"href":"https:\/\/elcanillita.info\/press\/wp-json\/wp\/v2\/tags?post=5000"}],"curies":[{"name":"wp","href":"https:\/\/api.w.org\/{rel}","templated":true}]}}