{"id":4995,"date":"2025-06-26T16:03:20","date_gmt":"2025-06-26T19:03:20","guid":{"rendered":"https:\/\/elcanillita.info\/press\/?p=4995"},"modified":"2025-06-26T16:03:21","modified_gmt":"2025-06-26T19:03:21","slug":"%f0%9f%9f%a5-trabajar-o-no-trabajar-manana-that-is-the-question","status":"publish","type":"post","link":"https:\/\/elcanillita.info\/press\/2025\/06\/26\/%f0%9f%9f%a5-trabajar-o-no-trabajar-manana-that-is-the-question\/","title":{"rendered":"\ud83d\udfe5 \u00bfTrabajar o No trabajar ma\u00f1ana? That is the question !!"},"content":{"rendered":"\n<figure class=\"wp-block-image size-full\"><img loading=\"lazy\" decoding=\"async\" width=\"600\" height=\"400\" src=\"https:\/\/elcanillita.info\/press\/images\/2025\/06\/dnu_600_page.pubb_.png\" alt=\"\" class=\"wp-image-4996\" srcset=\"https:\/\/elcanillita.info\/press\/images\/2025\/06\/dnu_600_page.pubb_.png 600w, https:\/\/elcanillita.info\/press\/images\/2025\/06\/dnu_600_page.pubb_-300x200.png 300w\" sizes=\"auto, (max-width: 600px) 100vw, 600px\" \/><\/figure>\n\n\n\n<p><strong>ElCanillita.info<\/strong><br>MDZ, Argentina 26\/07\/2025<br><br><em>Por Don Papel\u00f3n, Especial para ElCanillita.info<\/em><br><\/p>\n\n\n\n<p>\ud83d\udccc <em>&#8220;\u00bfCu\u00e1l disposici\u00f3n seguir: la del gobernador de Mendoza o aquella otra escrita en la tienda del Circo Javier?&#8221;<\/em><\/p>\n\n\n\n<p>En la Rep\u00fablica Argentina de las decisiones unilaterales y las reacciones provinciales, el presidente Javier Milei firm\u00f3 el <strong>DNU 430\/2025<\/strong>, eliminando el d\u00eda no laborable del <strong>27 de junio<\/strong>, que tradicionalmente celebraba el <strong>D\u00eda del Trabajador del Estado<\/strong> para los empleados de la <strong>Administraci\u00f3n P\u00fablica Nacional<\/strong>.<\/p>\n\n\n\n<p>El decreto deroga el art\u00edculo 2\u00b0 de la Ley 26.876, por lo que <strong>los empleados nacionales deber\u00e1n trabajar<\/strong> como si fuera un d\u00eda cualquiera \u2014aunque, ir\u00f3nicamente, los plazos administrativos no correr\u00e1n ese d\u00eda. Lo que en criollo se traduce como: <em>ven\u00ed a laburar, pero nadie te va a responder un tr\u00e1mite<\/em>.<\/p>\n\n\n\n<h3 class=\"wp-block-heading\">\ud83d\udccd <strong>\u00bfY en Mendoza?<\/strong><\/h3>\n\n\n\n<p>La provincia de Mendoza, por su parte, tiene su propia legislaci\u00f3n: la <strong>Ley Provincial 8.570<\/strong>, que <strong>declara asueto administrativo para empleados provinciales cada 27 de junio<\/strong>. Y salvo decisi\u00f3n contraria de \u00faltimo minuto, <strong>la norma provincial sigue vigente<\/strong>.<\/p>\n\n\n\n<p>Esto quiere decir que, mientras en Buenos Aires se dictan decretos al ritmo de TikTok, en Mendoza se mantiene el d\u00eda no laborable para trabajadores del Estado provincial y municipal.<\/p>\n\n\n\n<hr class=\"wp-block-separator has-alpha-channel-opacity\"\/>\n\n\n\n<h3 class=\"wp-block-heading\">\u2705 Entonces, \u00bfqu\u00e9 norma seguir?<\/h3>\n\n\n\n<ul class=\"wp-block-list\">\n<li><strong>Si trabaj\u00e1s para el Estado Nacional<\/strong> (AFIP, ANSES, Ministerios, etc.):<br>\ud83d\udcc5 <strong>Vas a trabajar<\/strong> este 27 de junio.<\/li>\n\n\n\n<li><strong>Si trabaj\u00e1s para el Estado Provincial o Municipal de Mendoza<\/strong>:<br>\ud83d\udca4 <strong>Ten\u00e9s d\u00eda libre<\/strong> por ley local.<\/li>\n<\/ul>\n\n\n\n<hr class=\"wp-block-separator has-alpha-channel-opacity\"\/>\n\n\n\n<h3 class=\"wp-block-heading\">\ud83c\udfaa <strong>Ep\u00edlogo<\/strong><\/h3>\n\n\n\n<p>Una vez m\u00e1s, Argentina da clases magistrales de federalismo descoordinado: el Ejecutivo Nacional firma un DNU que parece m\u00e1s una orden de circo, mientras las provincias hacen equilibrio entre sus normas, sus gremios y su gente. \u00bfLa pregunta que queda flotando? \u00bfQui\u00e9n gobierna el descanso: la lapicera presidencial o la ley provincial?<br>Y sobre todo&#8230; \u00bfqui\u00e9n le avisa al reloj biom\u00e9trico?<\/p>\n\n\n\n<p><small>\u00a92025 Don Papel\u00f3n \u2013 All Rights Reserved &#8211; Copyright \u00a9 2025 ElCanillita.info \/ BlogDiario.info \/SalaStampa.eu, world press service &#8211; Guzzo Photos &amp; Graphic Publications \u2013 Registro Editori e Stampatori n. 1441 Turin, Italy<\/small><br><\/p>\n\n\n ","protected":false},"excerpt":{"rendered":"<p>Redacci\u00f3n nacional e internacional, con asistencia del Laboratorio de Realismo Callejero<\/p>\n","protected":false},"author":1,"featured_media":4996,"comment_status":"closed","ping_status":"closed","sticky":false,"template":"","format":"standard","meta":{"footnotes":"","_links_to":"","_links_to_target":""},"categories":[108,121,70,123,126,20],"tags":[],"class_list":["post-4995","post","type-post","status-publish","format-standard","has-post-thumbnail","hentry","category-blogdiario","category-dc24","category-actualidad","category-argentina","category-dolores-de-la-press","category-economia","entry","double"],"yoast_head":"<!-- This site is optimized with the Yoast SEO plugin v27.4 - https:\/\/yoast.com\/product\/yoast-seo-wordpress\/ -->\n<title>\ud83d\udfe5 \u00bfTrabajar o No trabajar ma\u00f1ana? That is the question !! - ElCanillita.Info<\/title>\n<meta name=\"robots\" content=\"index, follow, max-snippet:-1, max-image-preview:large, max-video-preview:-1\" \/>\n<link rel=\"canonical\" href=\"https:\/\/elcanillita.info\/press\/2025\/06\/26\/\ud83d\udfe5-trabajar-o-no-trabajar-manana-that-is-the-question\/\" \/>\n<meta property=\"og:locale\" content=\"es_ES\" \/>\n<meta property=\"og:type\" content=\"article\" \/>\n<meta property=\"og:title\" content=\"\ud83d\udfe5 \u00bfTrabajar o No trabajar ma\u00f1ana? That is the question !! - ElCanillita.Info\" \/>\n<meta property=\"og:description\" content=\"Redacci\u00f3n nacional e internacional, con asistencia del Laboratorio de Realismo Callejero\" \/>\n<meta property=\"og:url\" content=\"https:\/\/elcanillita.info\/press\/2025\/06\/26\/\ud83d\udfe5-trabajar-o-no-trabajar-manana-that-is-the-question\/\" \/>\n<meta property=\"og:site_name\" content=\"ElCanillita.Info\" \/>\n<meta property=\"article:publisher\" content=\"https:\/\/ar-ar.facebook.com\/ElCanillitainfo-114249515285712\/\" \/>\n<meta property=\"article:published_time\" content=\"2025-06-26T19:03:20+00:00\" \/>\n<meta property=\"article:modified_time\" content=\"2025-06-26T19:03:21+00:00\" \/>\n<meta property=\"og:image\" content=\"https:\/\/elcanillita.info\/press\/images\/2025\/06\/dnu_600_page.pubb_.png\" \/>\n\t<meta property=\"og:image:width\" content=\"600\" \/>\n\t<meta property=\"og:image:height\" content=\"400\" \/>\n\t<meta property=\"og:image:type\" content=\"image\/png\" \/>\n<meta name=\"author\" content=\"SalaStampa.eu, world press service\" \/>\n<meta name=\"twitter:card\" content=\"summary_large_image\" \/>\n<meta name=\"twitter:label1\" content=\"Escrito por\" \/>\n\t<meta name=\"twitter:data1\" content=\"SalaStampa.eu, world press service\" \/>\n\t<meta name=\"twitter:label2\" content=\"Tiempo de lectura\" \/>\n\t<meta name=\"twitter:data2\" content=\"2 minutos\" \/>\n<script type=\"application\/ld+json\" class=\"yoast-schema-graph\">{\"@context\":\"https:\\\/\\\/schema.org\",\"@graph\":[{\"@type\":\"Article\",\"@id\":\"https:\\\/\\\/elcanillita.info\\\/press\\\/2025\\\/06\\\/26\\\/%f0%9f%9f%a5-trabajar-o-no-trabajar-manana-that-is-the-question\\\/#article\",\"isPartOf\":{\"@id\":\"https:\\\/\\\/elcanillita.info\\\/press\\\/2025\\\/06\\\/26\\\/%f0%9f%9f%a5-trabajar-o-no-trabajar-manana-that-is-the-question\\\/\"},\"author\":{\"name\":\"SalaStampa.eu, world press service\",\"@id\":\"https:\\\/\\\/elcanillita.info\\\/press\\\/#\\\/schema\\\/person\\\/7fcb79f38045700919f7da6d97e71ba0\"},\"headline\":\"\ud83d\udfe5 \u00bfTrabajar o No trabajar ma\u00f1ana? That is the question !!\",\"datePublished\":\"2025-06-26T19:03:20+00:00\",\"dateModified\":\"2025-06-26T19:03:21+00:00\",\"mainEntityOfPage\":{\"@id\":\"https:\\\/\\\/elcanillita.info\\\/press\\\/2025\\\/06\\\/26\\\/%f0%9f%9f%a5-trabajar-o-no-trabajar-manana-that-is-the-question\\\/\"},\"wordCount\":357,\"publisher\":{\"@id\":\"https:\\\/\\\/elcanillita.info\\\/press\\\/#organization\"},\"image\":{\"@id\":\"https:\\\/\\\/elcanillita.info\\\/press\\\/2025\\\/06\\\/26\\\/%f0%9f%9f%a5-trabajar-o-no-trabajar-manana-that-is-the-question\\\/#primaryimage\"},\"thumbnailUrl\":\"https:\\\/\\\/elcanillita.info\\\/press\\\/images\\\/2025\\\/06\\\/dnu_600_page.pubb_.png\",\"articleSection\":[\".\",\".\",\"Actualidad\",\"Argentina\",\"Dolores de La Press\",\"Economia\"],\"inLanguage\":\"es-AR\"},{\"@type\":\"WebPage\",\"@id\":\"https:\\\/\\\/elcanillita.info\\\/press\\\/2025\\\/06\\\/26\\\/%f0%9f%9f%a5-trabajar-o-no-trabajar-manana-that-is-the-question\\\/\",\"url\":\"https:\\\/\\\/elcanillita.info\\\/press\\\/2025\\\/06\\\/26\\\/%f0%9f%9f%a5-trabajar-o-no-trabajar-manana-that-is-the-question\\\/\",\"name\":\"\ud83d\udfe5 \u00bfTrabajar o No trabajar ma\u00f1ana? That is the question !! - ElCanillita.Info\",\"isPartOf\":{\"@id\":\"https:\\\/\\\/elcanillita.info\\\/press\\\/#website\"},\"primaryImageOfPage\":{\"@id\":\"https:\\\/\\\/elcanillita.info\\\/press\\\/2025\\\/06\\\/26\\\/%f0%9f%9f%a5-trabajar-o-no-trabajar-manana-that-is-the-question\\\/#primaryimage\"},\"image\":{\"@id\":\"https:\\\/\\\/elcanillita.info\\\/press\\\/2025\\\/06\\\/26\\\/%f0%9f%9f%a5-trabajar-o-no-trabajar-manana-that-is-the-question\\\/#primaryimage\"},\"thumbnailUrl\":\"https:\\\/\\\/elcanillita.info\\\/press\\\/images\\\/2025\\\/06\\\/dnu_600_page.pubb_.png\",\"datePublished\":\"2025-06-26T19:03:20+00:00\",\"dateModified\":\"2025-06-26T19:03:21+00:00\",\"inLanguage\":\"es-AR\",\"potentialAction\":[{\"@type\":\"ReadAction\",\"target\":[\"https:\\\/\\\/elcanillita.info\\\/press\\\/2025\\\/06\\\/26\\\/%f0%9f%9f%a5-trabajar-o-no-trabajar-manana-that-is-the-question\\\/\"]}]},{\"@type\":\"ImageObject\",\"inLanguage\":\"es-AR\",\"@id\":\"https:\\\/\\\/elcanillita.info\\\/press\\\/2025\\\/06\\\/26\\\/%f0%9f%9f%a5-trabajar-o-no-trabajar-manana-that-is-the-question\\\/#primaryimage\",\"url\":\"https:\\\/\\\/elcanillita.info\\\/press\\\/images\\\/2025\\\/06\\\/dnu_600_page.pubb_.png\",\"contentUrl\":\"https:\\\/\\\/elcanillita.info\\\/press\\\/images\\\/2025\\\/06\\\/dnu_600_page.pubb_.png\",\"width\":600,\"height\":400},{\"@type\":\"WebSite\",\"@id\":\"https:\\\/\\\/elcanillita.info\\\/press\\\/#website\",\"url\":\"https:\\\/\\\/elcanillita.info\\\/press\\\/\",\"name\":\"ElCanillita.Info\",\"description\":\"desde los Apeninos a los Andes\",\"publisher\":{\"@id\":\"https:\\\/\\\/elcanillita.info\\\/press\\\/#organization\"},\"potentialAction\":[{\"@type\":\"SearchAction\",\"target\":{\"@type\":\"EntryPoint\",\"urlTemplate\":\"https:\\\/\\\/elcanillita.info\\\/press\\\/?s={search_term_string}\"},\"query-input\":{\"@type\":\"PropertyValueSpecification\",\"valueRequired\":true,\"valueName\":\"search_term_string\"}}],\"inLanguage\":\"es-AR\"},{\"@type\":\"Organization\",\"@id\":\"https:\\\/\\\/elcanillita.info\\\/press\\\/#organization\",\"name\":\"Guzzo Photos & Graphic Publications\",\"url\":\"https:\\\/\\\/elcanillita.info\\\/press\\\/\",\"logo\":{\"@type\":\"ImageObject\",\"inLanguage\":\"es-AR\",\"@id\":\"https:\\\/\\\/elcanillita.info\\\/press\\\/#\\\/schema\\\/logo\\\/image\\\/\",\"url\":\"https:\\\/\\\/elcanillita.info\\\/press\\\/images\\\/2020\\\/01\\\/cropped-cropped-cropped-elcanillitainfo.png\",\"contentUrl\":\"https:\\\/\\\/elcanillita.info\\\/press\\\/images\\\/2020\\\/01\\\/cropped-cropped-cropped-elcanillitainfo.png\",\"width\":460,\"height\":50,\"caption\":\"Guzzo Photos & Graphic Publications\"},\"image\":{\"@id\":\"https:\\\/\\\/elcanillita.info\\\/press\\\/#\\\/schema\\\/logo\\\/image\\\/\"},\"sameAs\":[\"https:\\\/\\\/ar-ar.facebook.com\\\/ElCanillitainfo-114249515285712\\\/\"]},{\"@type\":\"Person\",\"@id\":\"https:\\\/\\\/elcanillita.info\\\/press\\\/#\\\/schema\\\/person\\\/7fcb79f38045700919f7da6d97e71ba0\",\"name\":\"SalaStampa.eu, world press service\",\"image\":{\"@type\":\"ImageObject\",\"inLanguage\":\"es-AR\",\"@id\":\"https:\\\/\\\/secure.gravatar.com\\\/avatar\\\/c2f0e0d515a107624234994507816ca4724c7199cef73fc8bedebf6931d73888?s=96&d=mm&r=g\",\"url\":\"https:\\\/\\\/secure.gravatar.com\\\/avatar\\\/c2f0e0d515a107624234994507816ca4724c7199cef73fc8bedebf6931d73888?s=96&d=mm&r=g\",\"contentUrl\":\"https:\\\/\\\/secure.gravatar.com\\\/avatar\\\/c2f0e0d515a107624234994507816ca4724c7199cef73fc8bedebf6931d73888?s=96&d=mm&r=g\",\"caption\":\"SalaStampa.eu, world press service\"}}]}<\/script>\n<!-- \/ Yoast SEO plugin. -->","yoast_head_json":{"title":"\ud83d\udfe5 \u00bfTrabajar o No trabajar ma\u00f1ana? That is the question !! - ElCanillita.Info","robots":{"index":"index","follow":"follow","max-snippet":"max-snippet:-1","max-image-preview":"max-image-preview:large","max-video-preview":"max-video-preview:-1"},"canonical":"https:\/\/elcanillita.info\/press\/2025\/06\/26\/\ud83d\udfe5-trabajar-o-no-trabajar-manana-that-is-the-question\/","og_locale":"es_ES","og_type":"article","og_title":"\ud83d\udfe5 \u00bfTrabajar o No trabajar ma\u00f1ana? That is the question !! - ElCanillita.Info","og_description":"Redacci\u00f3n nacional e internacional, con asistencia del Laboratorio de Realismo Callejero","og_url":"https:\/\/elcanillita.info\/press\/2025\/06\/26\/\ud83d\udfe5-trabajar-o-no-trabajar-manana-that-is-the-question\/","og_site_name":"ElCanillita.Info","article_publisher":"https:\/\/ar-ar.facebook.com\/ElCanillitainfo-114249515285712\/","article_published_time":"2025-06-26T19:03:20+00:00","article_modified_time":"2025-06-26T19:03:21+00:00","og_image":[{"width":600,"height":400,"url":"https:\/\/elcanillita.info\/press\/images\/2025\/06\/dnu_600_page.pubb_.png","type":"image\/png"}],"author":"SalaStampa.eu, world press service","twitter_card":"summary_large_image","twitter_misc":{"Escrito por":"SalaStampa.eu, world press service","Tiempo de lectura":"2 minutos"},"schema":{"@context":"https:\/\/schema.org","@graph":[{"@type":"Article","@id":"https:\/\/elcanillita.info\/press\/2025\/06\/26\/%f0%9f%9f%a5-trabajar-o-no-trabajar-manana-that-is-the-question\/#article","isPartOf":{"@id":"https:\/\/elcanillita.info\/press\/2025\/06\/26\/%f0%9f%9f%a5-trabajar-o-no-trabajar-manana-that-is-the-question\/"},"author":{"name":"SalaStampa.eu, world press service","@id":"https:\/\/elcanillita.info\/press\/#\/schema\/person\/7fcb79f38045700919f7da6d97e71ba0"},"headline":"\ud83d\udfe5 \u00bfTrabajar o No trabajar ma\u00f1ana? That is the question !!","datePublished":"2025-06-26T19:03:20+00:00","dateModified":"2025-06-26T19:03:21+00:00","mainEntityOfPage":{"@id":"https:\/\/elcanillita.info\/press\/2025\/06\/26\/%f0%9f%9f%a5-trabajar-o-no-trabajar-manana-that-is-the-question\/"},"wordCount":357,"publisher":{"@id":"https:\/\/elcanillita.info\/press\/#organization"},"image":{"@id":"https:\/\/elcanillita.info\/press\/2025\/06\/26\/%f0%9f%9f%a5-trabajar-o-no-trabajar-manana-that-is-the-question\/#primaryimage"},"thumbnailUrl":"https:\/\/elcanillita.info\/press\/images\/2025\/06\/dnu_600_page.pubb_.png","articleSection":[".",".","Actualidad","Argentina","Dolores de La Press","Economia"],"inLanguage":"es-AR"},{"@type":"WebPage","@id":"https:\/\/elcanillita.info\/press\/2025\/06\/26\/%f0%9f%9f%a5-trabajar-o-no-trabajar-manana-that-is-the-question\/","url":"https:\/\/elcanillita.info\/press\/2025\/06\/26\/%f0%9f%9f%a5-trabajar-o-no-trabajar-manana-that-is-the-question\/","name":"\ud83d\udfe5 \u00bfTrabajar o No trabajar ma\u00f1ana? That is the question !! - ElCanillita.Info","isPartOf":{"@id":"https:\/\/elcanillita.info\/press\/#website"},"primaryImageOfPage":{"@id":"https:\/\/elcanillita.info\/press\/2025\/06\/26\/%f0%9f%9f%a5-trabajar-o-no-trabajar-manana-that-is-the-question\/#primaryimage"},"image":{"@id":"https:\/\/elcanillita.info\/press\/2025\/06\/26\/%f0%9f%9f%a5-trabajar-o-no-trabajar-manana-that-is-the-question\/#primaryimage"},"thumbnailUrl":"https:\/\/elcanillita.info\/press\/images\/2025\/06\/dnu_600_page.pubb_.png","datePublished":"2025-06-26T19:03:20+00:00","dateModified":"2025-06-26T19:03:21+00:00","inLanguage":"es-AR","potentialAction":[{"@type":"ReadAction","target":["https:\/\/elcanillita.info\/press\/2025\/06\/26\/%f0%9f%9f%a5-trabajar-o-no-trabajar-manana-that-is-the-question\/"]}]},{"@type":"ImageObject","inLanguage":"es-AR","@id":"https:\/\/elcanillita.info\/press\/2025\/06\/26\/%f0%9f%9f%a5-trabajar-o-no-trabajar-manana-that-is-the-question\/#primaryimage","url":"https:\/\/elcanillita.info\/press\/images\/2025\/06\/dnu_600_page.pubb_.png","contentUrl":"https:\/\/elcanillita.info\/press\/images\/2025\/06\/dnu_600_page.pubb_.png","width":600,"height":400},{"@type":"WebSite","@id":"https:\/\/elcanillita.info\/press\/#website","url":"https:\/\/elcanillita.info\/press\/","name":"ElCanillita.Info","description":"desde los Apeninos a los Andes","publisher":{"@id":"https:\/\/elcanillita.info\/press\/#organization"},"potentialAction":[{"@type":"SearchAction","target":{"@type":"EntryPoint","urlTemplate":"https:\/\/elcanillita.info\/press\/?s={search_term_string}"},"query-input":{"@type":"PropertyValueSpecification","valueRequired":true,"valueName":"search_term_string"}}],"inLanguage":"es-AR"},{"@type":"Organization","@id":"https:\/\/elcanillita.info\/press\/#organization","name":"Guzzo Photos & Graphic Publications","url":"https:\/\/elcanillita.info\/press\/","logo":{"@type":"ImageObject","inLanguage":"es-AR","@id":"https:\/\/elcanillita.info\/press\/#\/schema\/logo\/image\/","url":"https:\/\/elcanillita.info\/press\/images\/2020\/01\/cropped-cropped-cropped-elcanillitainfo.png","contentUrl":"https:\/\/elcanillita.info\/press\/images\/2020\/01\/cropped-cropped-cropped-elcanillitainfo.png","width":460,"height":50,"caption":"Guzzo Photos & Graphic Publications"},"image":{"@id":"https:\/\/elcanillita.info\/press\/#\/schema\/logo\/image\/"},"sameAs":["https:\/\/ar-ar.facebook.com\/ElCanillitainfo-114249515285712\/"]},{"@type":"Person","@id":"https:\/\/elcanillita.info\/press\/#\/schema\/person\/7fcb79f38045700919f7da6d97e71ba0","name":"SalaStampa.eu, world press service","image":{"@type":"ImageObject","inLanguage":"es-AR","@id":"https:\/\/secure.gravatar.com\/avatar\/c2f0e0d515a107624234994507816ca4724c7199cef73fc8bedebf6931d73888?s=96&d=mm&r=g","url":"https:\/\/secure.gravatar.com\/avatar\/c2f0e0d515a107624234994507816ca4724c7199cef73fc8bedebf6931d73888?s=96&d=mm&r=g","contentUrl":"https:\/\/secure.gravatar.com\/avatar\/c2f0e0d515a107624234994507816ca4724c7199cef73fc8bedebf6931d73888?s=96&d=mm&r=g","caption":"SalaStampa.eu, world press service"}}]}},"views":544,"_links":{"self":[{"href":"https:\/\/elcanillita.info\/press\/wp-json\/wp\/v2\/posts\/4995","targetHints":{"allow":["GET"]}}],"collection":[{"href":"https:\/\/elcanillita.info\/press\/wp-json\/wp\/v2\/posts"}],"about":[{"href":"https:\/\/elcanillita.info\/press\/wp-json\/wp\/v2\/types\/post"}],"author":[{"embeddable":true,"href":"https:\/\/elcanillita.info\/press\/wp-json\/wp\/v2\/users\/1"}],"replies":[{"embeddable":true,"href":"https:\/\/elcanillita.info\/press\/wp-json\/wp\/v2\/comments?post=4995"}],"version-history":[{"count":0,"href":"https:\/\/elcanillita.info\/press\/wp-json\/wp\/v2\/posts\/4995\/revisions"}],"wp:featuredmedia":[{"embeddable":true,"href":"https:\/\/elcanillita.info\/press\/wp-json\/wp\/v2\/media\/4996"}],"wp:attachment":[{"href":"https:\/\/elcanillita.info\/press\/wp-json\/wp\/v2\/media?parent=4995"}],"wp:term":[{"taxonomy":"category","embeddable":true,"href":"https:\/\/elcanillita.info\/press\/wp-json\/wp\/v2\/categories?post=4995"},{"taxonomy":"post_tag","embeddable":true,"href":"https:\/\/elcanillita.info\/press\/wp-json\/wp\/v2\/tags?post=4995"}],"curies":[{"name":"wp","href":"https:\/\/api.w.org\/{rel}","templated":true}]}}