{"id":499,"date":"2020-02-20T09:04:27","date_gmt":"2020-02-20T12:04:27","guid":{"rendered":"https:\/\/elcanillita.info\/press\/?p=499"},"modified":"2020-02-22T15:08:05","modified_gmt":"2020-02-22T18:08:05","slug":"alemania-muertos-tiroteos-cerca-frankfurt","status":"publish","type":"post","link":"https:\/\/elcanillita.info\/press\/2020\/02\/20\/alemania-muertos-tiroteos-cerca-frankfurt\/","title":{"rendered":"Alemania: 8 muertos en tiroteos cerca de Frankfurt"},"content":{"rendered":"\n<p>Frankfurt, 20.02.2020 &#8211; Ocho personas murieron el mi\u00e9rcoles en dos incidentes con armas de fuego en la ciudad de Hanau, en el oeste de Alemania, dijo la polic\u00eda.<\/p>\n\n\n\n<p>Las autoridades buscaban a los autores la madrugada del jueves, horas despu\u00e9s de los disparos, aproximadamente a las 10 p.m. (2100 GMT), que seg\u00fan la polic\u00eda tambi\u00e9n dej\u00f3 cerca de cinco personas heridas.<\/p>\n\n\n\n<p>Los autores&nbsp;huyeron de la escena del primer ataque en un autom\u00f3vil de color oscuro, indic\u00f3 la polic\u00eda.<\/p>\n\n\n\n<p>Una breve declaraci\u00f3n policial no proporcion\u00f3 informaci\u00f3n sobre las v\u00edctimas. No est\u00e1 claro de inmediato cu\u00e1l pudo haber sido la raz\u00f3n de las balaceras que ocurrieron el mi\u00e9rcoles por la noche.&nbsp;<\/p>\n\n\n\n<p>Seg\u00fan los informes, dos bares de narguiles (hookah lounges) fueron atacados.&nbsp;<\/p>\n\n\n\n<p>Una fuerte presencia policial se observaba en el centro de Hanau, con oficiales acordonando la escena de uno de los tiroteos mientras un helic\u00f3ptero flotaba sobre sus cabezas. Tambi\u00e9n se pod\u00eda ver un autom\u00f3vil cubierto con papel t\u00e9rmico, con cristales rotos al lado.&nbsp;<\/p>\n\n\n\n<p>Expertos forenses en overoles blancos recolectaron evidencia.<\/p>\n\n\n\n<p>La polic\u00eda de la vecina Baviera fue desplegada para ayudar a sus colegas locales, inform\u00f3 la agencia de noticias dpa.<\/p>\n\n\n\n<p>Hanau se encuentra en el suroeste de Alemania, a unos 20 kil\u00f3metros (12 millas) al este de Frankfurt. Tiene unos 100.000 habitantes.<\/p>\n\n\n\n<p><small>Con informaci\u00f3n de Reuters y AP.<\/small><br><small>2020 voanoticias \u2013 salastampa.eu, afiliada a la red Broadcasting Board of Governors \u00a9 2020 BBG<\/small><\/p>\n","protected":false},"excerpt":{"rendered":"<p>Frankfurt, 20.02.2020 &#8211; Ocho personas murieron el mi\u00e9rcoles en dos incidentes con armas de fuego en la ciudad de Hanau, en el oeste de Alemania, dijo la polic\u00eda.<\/p>\n","protected":false},"author":1,"featured_media":0,"comment_status":"closed","ping_status":"closed","sticky":false,"template":"","format":"standard","meta":{"footnotes":"","_links_to":"","_links_to_target":""},"categories":[70,5,22,25],"tags":[69],"class_list":["post-499","post","type-post","status-publish","format-standard","hentry","category-actualidad","category-europa","category-justicia","category-sociedad","tag-alemania","entry","double"],"yoast_head":"<!-- This site is optimized with the Yoast SEO plugin v27.4 - https:\/\/yoast.com\/product\/yoast-seo-wordpress\/ -->\n<title>Alemania: 8 muertos en tiroteos cerca de Frankfurt - ElCanillita.Info<\/title>\n<meta name=\"robots\" content=\"index, follow, max-snippet:-1, max-image-preview:large, max-video-preview:-1\" \/>\n<link rel=\"canonical\" href=\"https:\/\/elcanillita.info\/press\/2020\/02\/20\/alemania-muertos-tiroteos-cerca-frankfurt\/\" \/>\n<meta property=\"og:locale\" content=\"es_ES\" \/>\n<meta property=\"og:type\" content=\"article\" \/>\n<meta property=\"og:title\" content=\"Alemania: 8 muertos en tiroteos cerca de Frankfurt - ElCanillita.Info\" \/>\n<meta property=\"og:description\" content=\"Frankfurt, 20.02.2020 - Ocho personas murieron el mi\u00e9rcoles en dos incidentes con armas de fuego en la ciudad de Hanau, en el oeste de Alemania, dijo la polic\u00eda.\" \/>\n<meta property=\"og:url\" content=\"https:\/\/elcanillita.info\/press\/2020\/02\/20\/alemania-muertos-tiroteos-cerca-frankfurt\/\" \/>\n<meta property=\"og:site_name\" content=\"ElCanillita.Info\" \/>\n<meta property=\"article:publisher\" content=\"https:\/\/ar-ar.facebook.com\/ElCanillitainfo-114249515285712\/\" \/>\n<meta property=\"article:published_time\" content=\"2020-02-20T12:04:27+00:00\" \/>\n<meta property=\"article:modified_time\" content=\"2020-02-22T18:08:05+00:00\" \/>\n<meta name=\"author\" content=\"SalaStampa.eu, world press service\" \/>\n<meta name=\"twitter:card\" content=\"summary_large_image\" \/>\n<meta name=\"twitter:label1\" content=\"Escrito por\" \/>\n\t<meta name=\"twitter:data1\" content=\"SalaStampa.eu, world press service\" \/>\n\t<meta name=\"twitter:label2\" content=\"Tiempo de lectura\" \/>\n\t<meta name=\"twitter:data2\" content=\"1 minuto\" \/>\n<script type=\"application\/ld+json\" class=\"yoast-schema-graph\">{\"@context\":\"https:\\\/\\\/schema.org\",\"@graph\":[{\"@type\":\"Article\",\"@id\":\"https:\\\/\\\/elcanillita.info\\\/press\\\/2020\\\/02\\\/20\\\/alemania-muertos-tiroteos-cerca-frankfurt\\\/#article\",\"isPartOf\":{\"@id\":\"https:\\\/\\\/elcanillita.info\\\/press\\\/2020\\\/02\\\/20\\\/alemania-muertos-tiroteos-cerca-frankfurt\\\/\"},\"author\":{\"name\":\"SalaStampa.eu, world press service\",\"@id\":\"https:\\\/\\\/elcanillita.info\\\/press\\\/#\\\/schema\\\/person\\\/7fcb79f38045700919f7da6d97e71ba0\"},\"headline\":\"Alemania: 8 muertos en tiroteos cerca de Frankfurt\",\"datePublished\":\"2020-02-20T12:04:27+00:00\",\"dateModified\":\"2020-02-22T18:08:05+00:00\",\"mainEntityOfPage\":{\"@id\":\"https:\\\/\\\/elcanillita.info\\\/press\\\/2020\\\/02\\\/20\\\/alemania-muertos-tiroteos-cerca-frankfurt\\\/\"},\"wordCount\":260,\"publisher\":{\"@id\":\"https:\\\/\\\/elcanillita.info\\\/press\\\/#organization\"},\"keywords\":[\"Alemania\"],\"articleSection\":[\"Actualidad\",\"Europa\",\"Justicia\",\"Sociedad\"],\"inLanguage\":\"es-AR\"},{\"@type\":\"WebPage\",\"@id\":\"https:\\\/\\\/elcanillita.info\\\/press\\\/2020\\\/02\\\/20\\\/alemania-muertos-tiroteos-cerca-frankfurt\\\/\",\"url\":\"https:\\\/\\\/elcanillita.info\\\/press\\\/2020\\\/02\\\/20\\\/alemania-muertos-tiroteos-cerca-frankfurt\\\/\",\"name\":\"Alemania: 8 muertos en tiroteos cerca de Frankfurt - ElCanillita.Info\",\"isPartOf\":{\"@id\":\"https:\\\/\\\/elcanillita.info\\\/press\\\/#website\"},\"datePublished\":\"2020-02-20T12:04:27+00:00\",\"dateModified\":\"2020-02-22T18:08:05+00:00\",\"inLanguage\":\"es-AR\",\"potentialAction\":[{\"@type\":\"ReadAction\",\"target\":[\"https:\\\/\\\/elcanillita.info\\\/press\\\/2020\\\/02\\\/20\\\/alemania-muertos-tiroteos-cerca-frankfurt\\\/\"]}]},{\"@type\":\"WebSite\",\"@id\":\"https:\\\/\\\/elcanillita.info\\\/press\\\/#website\",\"url\":\"https:\\\/\\\/elcanillita.info\\\/press\\\/\",\"name\":\"ElCanillita.Info\",\"description\":\"desde los Apeninos a los Andes\",\"publisher\":{\"@id\":\"https:\\\/\\\/elcanillita.info\\\/press\\\/#organization\"},\"potentialAction\":[{\"@type\":\"SearchAction\",\"target\":{\"@type\":\"EntryPoint\",\"urlTemplate\":\"https:\\\/\\\/elcanillita.info\\\/press\\\/?s={search_term_string}\"},\"query-input\":{\"@type\":\"PropertyValueSpecification\",\"valueRequired\":true,\"valueName\":\"search_term_string\"}}],\"inLanguage\":\"es-AR\"},{\"@type\":\"Organization\",\"@id\":\"https:\\\/\\\/elcanillita.info\\\/press\\\/#organization\",\"name\":\"Guzzo Photos & Graphic Publications\",\"url\":\"https:\\\/\\\/elcanillita.info\\\/press\\\/\",\"logo\":{\"@type\":\"ImageObject\",\"inLanguage\":\"es-AR\",\"@id\":\"https:\\\/\\\/elcanillita.info\\\/press\\\/#\\\/schema\\\/logo\\\/image\\\/\",\"url\":\"https:\\\/\\\/elcanillita.info\\\/press\\\/images\\\/2020\\\/01\\\/cropped-cropped-cropped-elcanillitainfo.png\",\"contentUrl\":\"https:\\\/\\\/elcanillita.info\\\/press\\\/images\\\/2020\\\/01\\\/cropped-cropped-cropped-elcanillitainfo.png\",\"width\":460,\"height\":50,\"caption\":\"Guzzo Photos & Graphic Publications\"},\"image\":{\"@id\":\"https:\\\/\\\/elcanillita.info\\\/press\\\/#\\\/schema\\\/logo\\\/image\\\/\"},\"sameAs\":[\"https:\\\/\\\/ar-ar.facebook.com\\\/ElCanillitainfo-114249515285712\\\/\"]},{\"@type\":\"Person\",\"@id\":\"https:\\\/\\\/elcanillita.info\\\/press\\\/#\\\/schema\\\/person\\\/7fcb79f38045700919f7da6d97e71ba0\",\"name\":\"SalaStampa.eu, world press service\",\"image\":{\"@type\":\"ImageObject\",\"inLanguage\":\"es-AR\",\"@id\":\"https:\\\/\\\/secure.gravatar.com\\\/avatar\\\/c2f0e0d515a107624234994507816ca4724c7199cef73fc8bedebf6931d73888?s=96&d=mm&r=g\",\"url\":\"https:\\\/\\\/secure.gravatar.com\\\/avatar\\\/c2f0e0d515a107624234994507816ca4724c7199cef73fc8bedebf6931d73888?s=96&d=mm&r=g\",\"contentUrl\":\"https:\\\/\\\/secure.gravatar.com\\\/avatar\\\/c2f0e0d515a107624234994507816ca4724c7199cef73fc8bedebf6931d73888?s=96&d=mm&r=g\",\"caption\":\"SalaStampa.eu, world press service\"}}]}<\/script>\n<!-- \/ Yoast SEO plugin. -->","yoast_head_json":{"title":"Alemania: 8 muertos en tiroteos cerca de Frankfurt - ElCanillita.Info","robots":{"index":"index","follow":"follow","max-snippet":"max-snippet:-1","max-image-preview":"max-image-preview:large","max-video-preview":"max-video-preview:-1"},"canonical":"https:\/\/elcanillita.info\/press\/2020\/02\/20\/alemania-muertos-tiroteos-cerca-frankfurt\/","og_locale":"es_ES","og_type":"article","og_title":"Alemania: 8 muertos en tiroteos cerca de Frankfurt - ElCanillita.Info","og_description":"Frankfurt, 20.02.2020 - Ocho personas murieron el mi\u00e9rcoles en dos incidentes con armas de fuego en la ciudad de Hanau, en el oeste de Alemania, dijo la polic\u00eda.","og_url":"https:\/\/elcanillita.info\/press\/2020\/02\/20\/alemania-muertos-tiroteos-cerca-frankfurt\/","og_site_name":"ElCanillita.Info","article_publisher":"https:\/\/ar-ar.facebook.com\/ElCanillitainfo-114249515285712\/","article_published_time":"2020-02-20T12:04:27+00:00","article_modified_time":"2020-02-22T18:08:05+00:00","author":"SalaStampa.eu, world press service","twitter_card":"summary_large_image","twitter_misc":{"Escrito por":"SalaStampa.eu, world press service","Tiempo de lectura":"1 minuto"},"schema":{"@context":"https:\/\/schema.org","@graph":[{"@type":"Article","@id":"https:\/\/elcanillita.info\/press\/2020\/02\/20\/alemania-muertos-tiroteos-cerca-frankfurt\/#article","isPartOf":{"@id":"https:\/\/elcanillita.info\/press\/2020\/02\/20\/alemania-muertos-tiroteos-cerca-frankfurt\/"},"author":{"name":"SalaStampa.eu, world press service","@id":"https:\/\/elcanillita.info\/press\/#\/schema\/person\/7fcb79f38045700919f7da6d97e71ba0"},"headline":"Alemania: 8 muertos en tiroteos cerca de Frankfurt","datePublished":"2020-02-20T12:04:27+00:00","dateModified":"2020-02-22T18:08:05+00:00","mainEntityOfPage":{"@id":"https:\/\/elcanillita.info\/press\/2020\/02\/20\/alemania-muertos-tiroteos-cerca-frankfurt\/"},"wordCount":260,"publisher":{"@id":"https:\/\/elcanillita.info\/press\/#organization"},"keywords":["Alemania"],"articleSection":["Actualidad","Europa","Justicia","Sociedad"],"inLanguage":"es-AR"},{"@type":"WebPage","@id":"https:\/\/elcanillita.info\/press\/2020\/02\/20\/alemania-muertos-tiroteos-cerca-frankfurt\/","url":"https:\/\/elcanillita.info\/press\/2020\/02\/20\/alemania-muertos-tiroteos-cerca-frankfurt\/","name":"Alemania: 8 muertos en tiroteos cerca de Frankfurt - ElCanillita.Info","isPartOf":{"@id":"https:\/\/elcanillita.info\/press\/#website"},"datePublished":"2020-02-20T12:04:27+00:00","dateModified":"2020-02-22T18:08:05+00:00","inLanguage":"es-AR","potentialAction":[{"@type":"ReadAction","target":["https:\/\/elcanillita.info\/press\/2020\/02\/20\/alemania-muertos-tiroteos-cerca-frankfurt\/"]}]},{"@type":"WebSite","@id":"https:\/\/elcanillita.info\/press\/#website","url":"https:\/\/elcanillita.info\/press\/","name":"ElCanillita.Info","description":"desde los Apeninos a los Andes","publisher":{"@id":"https:\/\/elcanillita.info\/press\/#organization"},"potentialAction":[{"@type":"SearchAction","target":{"@type":"EntryPoint","urlTemplate":"https:\/\/elcanillita.info\/press\/?s={search_term_string}"},"query-input":{"@type":"PropertyValueSpecification","valueRequired":true,"valueName":"search_term_string"}}],"inLanguage":"es-AR"},{"@type":"Organization","@id":"https:\/\/elcanillita.info\/press\/#organization","name":"Guzzo Photos & Graphic Publications","url":"https:\/\/elcanillita.info\/press\/","logo":{"@type":"ImageObject","inLanguage":"es-AR","@id":"https:\/\/elcanillita.info\/press\/#\/schema\/logo\/image\/","url":"https:\/\/elcanillita.info\/press\/images\/2020\/01\/cropped-cropped-cropped-elcanillitainfo.png","contentUrl":"https:\/\/elcanillita.info\/press\/images\/2020\/01\/cropped-cropped-cropped-elcanillitainfo.png","width":460,"height":50,"caption":"Guzzo Photos & Graphic Publications"},"image":{"@id":"https:\/\/elcanillita.info\/press\/#\/schema\/logo\/image\/"},"sameAs":["https:\/\/ar-ar.facebook.com\/ElCanillitainfo-114249515285712\/"]},{"@type":"Person","@id":"https:\/\/elcanillita.info\/press\/#\/schema\/person\/7fcb79f38045700919f7da6d97e71ba0","name":"SalaStampa.eu, world press service","image":{"@type":"ImageObject","inLanguage":"es-AR","@id":"https:\/\/secure.gravatar.com\/avatar\/c2f0e0d515a107624234994507816ca4724c7199cef73fc8bedebf6931d73888?s=96&d=mm&r=g","url":"https:\/\/secure.gravatar.com\/avatar\/c2f0e0d515a107624234994507816ca4724c7199cef73fc8bedebf6931d73888?s=96&d=mm&r=g","contentUrl":"https:\/\/secure.gravatar.com\/avatar\/c2f0e0d515a107624234994507816ca4724c7199cef73fc8bedebf6931d73888?s=96&d=mm&r=g","caption":"SalaStampa.eu, world press service"}}]}},"views":812,"_links":{"self":[{"href":"https:\/\/elcanillita.info\/press\/wp-json\/wp\/v2\/posts\/499","targetHints":{"allow":["GET"]}}],"collection":[{"href":"https:\/\/elcanillita.info\/press\/wp-json\/wp\/v2\/posts"}],"about":[{"href":"https:\/\/elcanillita.info\/press\/wp-json\/wp\/v2\/types\/post"}],"author":[{"embeddable":true,"href":"https:\/\/elcanillita.info\/press\/wp-json\/wp\/v2\/users\/1"}],"replies":[{"embeddable":true,"href":"https:\/\/elcanillita.info\/press\/wp-json\/wp\/v2\/comments?post=499"}],"version-history":[{"count":0,"href":"https:\/\/elcanillita.info\/press\/wp-json\/wp\/v2\/posts\/499\/revisions"}],"wp:attachment":[{"href":"https:\/\/elcanillita.info\/press\/wp-json\/wp\/v2\/media?parent=499"}],"wp:term":[{"taxonomy":"category","embeddable":true,"href":"https:\/\/elcanillita.info\/press\/wp-json\/wp\/v2\/categories?post=499"},{"taxonomy":"post_tag","embeddable":true,"href":"https:\/\/elcanillita.info\/press\/wp-json\/wp\/v2\/tags?post=499"}],"curies":[{"name":"wp","href":"https:\/\/api.w.org\/{rel}","templated":true}]}}