{"id":4984,"date":"2025-06-24T19:43:00","date_gmt":"2025-06-24T22:43:00","guid":{"rendered":"https:\/\/elcanillita.info\/press\/?p=4984"},"modified":"2025-06-24T20:04:42","modified_gmt":"2025-06-24T23:04:42","slug":"corrida-del-5","status":"publish","type":"post","link":"https:\/\/elcanillita.info\/press\/2025\/06\/24\/corrida-del-5\/","title":{"rendered":"\ud83c\uddea\ud83c\uddf8  Corrida del 5%"},"content":{"rendered":"<div class=\"wp-block-image\">\n<figure class=\"alignleft size-full is-resized\"><img loading=\"lazy\" decoding=\"async\" width=\"400\" height=\"600\" src=\"https:\/\/elcanillita.info\/press\/images\/2025\/06\/corrida_PUB.png\" alt=\"\" class=\"wp-image-4985\" style=\"width:281px;height:auto\" srcset=\"https:\/\/elcanillita.info\/press\/images\/2025\/06\/corrida_PUB.png 400w, https:\/\/elcanillita.info\/press\/images\/2025\/06\/corrida_PUB-200x300.png 200w\" sizes=\"auto, (max-width: 400px) 100vw, 400px\" \/><\/figure>\n<\/div>\n\n\n<p><strong>ElCanillita.info<\/strong><br>Pa\u00edses Bajos, 25\/06\/2025<\/p>\n\n\n\n<p class=\"p1\"><em>Por Lord Patter de Oxbridge, Especial para ElCanillita.info<\/em><\/p>\n\n\n\n<p class=\"p1\">La Haya \u2013 Air Force One, 24\/06\/ 2025<\/p>\n\n\n\n<p class=\"p1\">Mientras Donald Trump se empolva la melena a bordo del Air Force One rumbo a la cumbre de la OTAN, Europa contiene la respiraci\u00f3n. No por temor a un ataque, sino por miedo al recibo. El expresidente y actual \u201cComandante en Jefe del Tenedor\u201d ha revelado un mensaje privado del flamante secretario general de la OTAN, Mark Rutte, en el que este lo felicita por el \u00e9xito inminente de la cumbre y celebra que los aliados europeos vayan camino a aumentar su gasto militar\u2026 al 5% del PBI.<\/p>\n\n\n\n<p class=\"p1\">S\u00ed, ley\u00f3 bien: cinco. No cuatro. No el cl\u00e1sico 2% al que se resisten desde hace a\u00f1os. Cinco, como el n\u00famero de dedos de una mano cerrada, lista para golpear la puerta del Banco Central europeo.<\/p>\n\n\n\n<p class=\"p3\">\ud83c\uddfa\ud83c\uddf8 <strong>Trump, en modo cobrador<\/strong><\/p>\n\n\n\n<p class=\"p1\">\u201cEuropa pagar\u00e1 su contribuci\u00f3n de forma sustancial, como debe ser\u201d, escribi\u00f3 Rutte en un mensaje que Trump comparti\u00f3 sin pesta\u00f1ear por Truth Social. Y agreg\u00f3, exultante: \u201cLograr\u00e1n algo que ning\u00fan otro presidente estadounidense ha logrado en d\u00e9cadas\u201d.<\/p>\n\n\n\n<p class=\"p1\">La novedad fue recibida en Bruselas como una explosi\u00f3n s\u00f3nica en el o\u00eddo izquierdo de Josep Borrell, mientras en Madrid se multiplicaban los suspiros, algunos con olor a ajo.<\/p>\n\n\n\n<p class=\"p3\">\ud83c\uddea\ud83c\uddf8 <strong>Espa\u00f1a dice \u201c\u00a1Ole no!\u201d<\/strong><\/p>\n\n\n\n<p class=\"p1\">En pleno pase\u00edllo diplom\u00e1tico, Trump acus\u00f3 directamente a Espa\u00f1a:<\/p>\n\n\n\n<blockquote class=\"wp-block-quote is-layout-flow wp-block-quote-is-layout-flow\">\n<p>\u201cEspa\u00f1a no est\u00e1 de acuerdo. Lo cual es muy injusto para los dem\u00e1s aliados\u201d.<\/p>\n<\/blockquote>\n\n\n\n<p class=\"p1\">La frase cay\u00f3 como estoque en el lomo del Ministerio de Defensa espa\u00f1ol, que a duras penas llega al 1,2% del PBI. Con un d\u00e9ficit que huele a jam\u00f3n vencido y una pol\u00edtica interna atada con piolines, Espa\u00f1a se encuentra ahora en el centro del ruedo, apretada como casaca de torero en plena faena.<\/p>\n\n\n\n<p class=\"p3\">\ud83c\udfad <strong>La corrida, versi\u00f3n geopol\u00edtica<\/strong><\/p>\n\n\n\n<p class=\"p1\">El aumento al 5% supone m\u00e1s que una subida presupuestaria: es una corrida en toda regla, donde los pa\u00edses con econom\u00edas ajustadas deben lidiar no solo con sus toros fiscales, sino tambi\u00e9n con el capote de una OTAN reconvertida en franquicia militar de Wall Street.<\/p>\n\n\n\n<p class=\"p1\">Francia refunfu\u00f1a. Italia bosteza. Alemania ajusta el mon\u00f3culo. Y Espa\u00f1a\u2026 se debate entre el brindis y el banderillazo.<\/p>\n\n\n\n<p><small>\u00a9\ufe0f2025 Lord Patter de Oxbridge \u2013 All Rights Reserved \u2013 Copyright \u00a9\ufe0f 2025 ElCanillita.info \/ BlogDiario.info \/SalaStampa.eu, world press service \u2013 Guzzo Photos &amp; Graphic Publications \u2013 Registro Editori e Stampatori n. 1441 Turin, Italy<\/small><\/p>\n\n\n\n<p><\/p>\n","protected":false},"excerpt":{"rendered":"<p>Espa\u00f1a, apretada como casaca de torero en la plaza de la OTAN<\/p>\n","protected":false},"author":1,"featured_media":4986,"comment_status":"closed","ping_status":"closed","sticky":false,"template":"","format":"standard","meta":{"footnotes":"","_links_to":"","_links_to_target":""},"categories":[70,20,5,119,23,116,25,115],"tags":[],"class_list":["post-4984","post","type-post","status-publish","format-standard","has-post-thumbnail","hentry","category-actualidad","category-economia","category-europa","category-guerra","category-politica","category-united-kingdom","category-sociedad","category-union-europea","entry","double"],"yoast_head":"<!-- This site is optimized with the Yoast SEO plugin v27.5 - https:\/\/yoast.com\/product\/yoast-seo-wordpress\/ -->\n<title>\ud83c\uddea\ud83c\uddf8 Corrida del 5% - ElCanillita.Info<\/title>\n<meta name=\"robots\" content=\"index, follow, max-snippet:-1, max-image-preview:large, max-video-preview:-1\" \/>\n<link rel=\"canonical\" href=\"https:\/\/elcanillita.info\/press\/2025\/06\/24\/corrida-del-5\/\" \/>\n<meta property=\"og:locale\" content=\"es_ES\" \/>\n<meta property=\"og:type\" content=\"article\" \/>\n<meta property=\"og:title\" content=\"\ud83c\uddea\ud83c\uddf8 Corrida del 5% - ElCanillita.Info\" \/>\n<meta property=\"og:description\" content=\"Espa\u00f1a, apretada como casaca de torero en la plaza de la OTAN\" \/>\n<meta property=\"og:url\" content=\"https:\/\/elcanillita.info\/press\/2025\/06\/24\/corrida-del-5\/\" \/>\n<meta property=\"og:site_name\" content=\"ElCanillita.Info\" \/>\n<meta property=\"article:publisher\" content=\"https:\/\/ar-ar.facebook.com\/ElCanillitainfo-114249515285712\/\" \/>\n<meta property=\"article:published_time\" content=\"2025-06-24T22:43:00+00:00\" \/>\n<meta property=\"article:modified_time\" content=\"2025-06-24T23:04:42+00:00\" \/>\n<meta property=\"og:image\" content=\"https:\/\/elcanillita.info\/press\/images\/2025\/06\/corrida_PUBHHHH.png\" \/>\n\t<meta property=\"og:image:width\" content=\"600\" \/>\n\t<meta property=\"og:image:height\" content=\"400\" \/>\n\t<meta property=\"og:image:type\" content=\"image\/png\" \/>\n<meta name=\"author\" content=\"SalaStampa.eu, world press service\" \/>\n<meta name=\"twitter:card\" content=\"summary_large_image\" \/>\n<meta name=\"twitter:label1\" content=\"Escrito por\" \/>\n\t<meta name=\"twitter:data1\" content=\"SalaStampa.eu, world press service\" \/>\n\t<meta name=\"twitter:label2\" content=\"Tiempo de lectura\" \/>\n\t<meta name=\"twitter:data2\" content=\"3 minutos\" \/>\n<script type=\"application\/ld+json\" class=\"yoast-schema-graph\">{\"@context\":\"https:\\\/\\\/schema.org\",\"@graph\":[{\"@type\":\"Article\",\"@id\":\"https:\\\/\\\/elcanillita.info\\\/press\\\/2025\\\/06\\\/24\\\/corrida-del-5\\\/#article\",\"isPartOf\":{\"@id\":\"https:\\\/\\\/elcanillita.info\\\/press\\\/2025\\\/06\\\/24\\\/corrida-del-5\\\/\"},\"author\":{\"name\":\"SalaStampa.eu, world press service\",\"@id\":\"https:\\\/\\\/elcanillita.info\\\/press\\\/#\\\/schema\\\/person\\\/7fcb79f38045700919f7da6d97e71ba0\"},\"headline\":\"\ud83c\uddea\ud83c\uddf8 Corrida del 5%\",\"datePublished\":\"2025-06-24T22:43:00+00:00\",\"dateModified\":\"2025-06-24T23:04:42+00:00\",\"mainEntityOfPage\":{\"@id\":\"https:\\\/\\\/elcanillita.info\\\/press\\\/2025\\\/06\\\/24\\\/corrida-del-5\\\/\"},\"wordCount\":420,\"publisher\":{\"@id\":\"https:\\\/\\\/elcanillita.info\\\/press\\\/#organization\"},\"image\":{\"@id\":\"https:\\\/\\\/elcanillita.info\\\/press\\\/2025\\\/06\\\/24\\\/corrida-del-5\\\/#primaryimage\"},\"thumbnailUrl\":\"https:\\\/\\\/elcanillita.info\\\/press\\\/images\\\/2025\\\/06\\\/corrida_PUBHHHH.png\",\"articleSection\":[\"Actualidad\",\"Economia\",\"Europa\",\"Guerra\",\"Politica\",\"Reino Unido\",\"Sociedad\",\"UE\"],\"inLanguage\":\"es-AR\"},{\"@type\":\"WebPage\",\"@id\":\"https:\\\/\\\/elcanillita.info\\\/press\\\/2025\\\/06\\\/24\\\/corrida-del-5\\\/\",\"url\":\"https:\\\/\\\/elcanillita.info\\\/press\\\/2025\\\/06\\\/24\\\/corrida-del-5\\\/\",\"name\":\"\ud83c\uddea\ud83c\uddf8 Corrida del 5% - ElCanillita.Info\",\"isPartOf\":{\"@id\":\"https:\\\/\\\/elcanillita.info\\\/press\\\/#website\"},\"primaryImageOfPage\":{\"@id\":\"https:\\\/\\\/elcanillita.info\\\/press\\\/2025\\\/06\\\/24\\\/corrida-del-5\\\/#primaryimage\"},\"image\":{\"@id\":\"https:\\\/\\\/elcanillita.info\\\/press\\\/2025\\\/06\\\/24\\\/corrida-del-5\\\/#primaryimage\"},\"thumbnailUrl\":\"https:\\\/\\\/elcanillita.info\\\/press\\\/images\\\/2025\\\/06\\\/corrida_PUBHHHH.png\",\"datePublished\":\"2025-06-24T22:43:00+00:00\",\"dateModified\":\"2025-06-24T23:04:42+00:00\",\"inLanguage\":\"es-AR\",\"potentialAction\":[{\"@type\":\"ReadAction\",\"target\":[\"https:\\\/\\\/elcanillita.info\\\/press\\\/2025\\\/06\\\/24\\\/corrida-del-5\\\/\"]}]},{\"@type\":\"ImageObject\",\"inLanguage\":\"es-AR\",\"@id\":\"https:\\\/\\\/elcanillita.info\\\/press\\\/2025\\\/06\\\/24\\\/corrida-del-5\\\/#primaryimage\",\"url\":\"https:\\\/\\\/elcanillita.info\\\/press\\\/images\\\/2025\\\/06\\\/corrida_PUBHHHH.png\",\"contentUrl\":\"https:\\\/\\\/elcanillita.info\\\/press\\\/images\\\/2025\\\/06\\\/corrida_PUBHHHH.png\",\"width\":600,\"height\":400},{\"@type\":\"WebSite\",\"@id\":\"https:\\\/\\\/elcanillita.info\\\/press\\\/#website\",\"url\":\"https:\\\/\\\/elcanillita.info\\\/press\\\/\",\"name\":\"ElCanillita.Info\",\"description\":\"desde los Apeninos a los Andes\",\"publisher\":{\"@id\":\"https:\\\/\\\/elcanillita.info\\\/press\\\/#organization\"},\"potentialAction\":[{\"@type\":\"SearchAction\",\"target\":{\"@type\":\"EntryPoint\",\"urlTemplate\":\"https:\\\/\\\/elcanillita.info\\\/press\\\/?s={search_term_string}\"},\"query-input\":{\"@type\":\"PropertyValueSpecification\",\"valueRequired\":true,\"valueName\":\"search_term_string\"}}],\"inLanguage\":\"es-AR\"},{\"@type\":\"Organization\",\"@id\":\"https:\\\/\\\/elcanillita.info\\\/press\\\/#organization\",\"name\":\"Guzzo Photos & Graphic Publications\",\"url\":\"https:\\\/\\\/elcanillita.info\\\/press\\\/\",\"logo\":{\"@type\":\"ImageObject\",\"inLanguage\":\"es-AR\",\"@id\":\"https:\\\/\\\/elcanillita.info\\\/press\\\/#\\\/schema\\\/logo\\\/image\\\/\",\"url\":\"https:\\\/\\\/elcanillita.info\\\/press\\\/images\\\/2020\\\/01\\\/cropped-cropped-cropped-elcanillitainfo.png\",\"contentUrl\":\"https:\\\/\\\/elcanillita.info\\\/press\\\/images\\\/2020\\\/01\\\/cropped-cropped-cropped-elcanillitainfo.png\",\"width\":460,\"height\":50,\"caption\":\"Guzzo Photos & Graphic Publications\"},\"image\":{\"@id\":\"https:\\\/\\\/elcanillita.info\\\/press\\\/#\\\/schema\\\/logo\\\/image\\\/\"},\"sameAs\":[\"https:\\\/\\\/ar-ar.facebook.com\\\/ElCanillitainfo-114249515285712\\\/\"]},{\"@type\":\"Person\",\"@id\":\"https:\\\/\\\/elcanillita.info\\\/press\\\/#\\\/schema\\\/person\\\/7fcb79f38045700919f7da6d97e71ba0\",\"name\":\"SalaStampa.eu, world press service\",\"image\":{\"@type\":\"ImageObject\",\"inLanguage\":\"es-AR\",\"@id\":\"https:\\\/\\\/secure.gravatar.com\\\/avatar\\\/c2f0e0d515a107624234994507816ca4724c7199cef73fc8bedebf6931d73888?s=96&d=mm&r=g\",\"url\":\"https:\\\/\\\/secure.gravatar.com\\\/avatar\\\/c2f0e0d515a107624234994507816ca4724c7199cef73fc8bedebf6931d73888?s=96&d=mm&r=g\",\"contentUrl\":\"https:\\\/\\\/secure.gravatar.com\\\/avatar\\\/c2f0e0d515a107624234994507816ca4724c7199cef73fc8bedebf6931d73888?s=96&d=mm&r=g\",\"caption\":\"SalaStampa.eu, world press service\"}}]}<\/script>\n<!-- \/ Yoast SEO plugin. -->","yoast_head_json":{"title":"\ud83c\uddea\ud83c\uddf8 Corrida del 5% - ElCanillita.Info","robots":{"index":"index","follow":"follow","max-snippet":"max-snippet:-1","max-image-preview":"max-image-preview:large","max-video-preview":"max-video-preview:-1"},"canonical":"https:\/\/elcanillita.info\/press\/2025\/06\/24\/corrida-del-5\/","og_locale":"es_ES","og_type":"article","og_title":"\ud83c\uddea\ud83c\uddf8 Corrida del 5% - ElCanillita.Info","og_description":"Espa\u00f1a, apretada como casaca de torero en la plaza de la OTAN","og_url":"https:\/\/elcanillita.info\/press\/2025\/06\/24\/corrida-del-5\/","og_site_name":"ElCanillita.Info","article_publisher":"https:\/\/ar-ar.facebook.com\/ElCanillitainfo-114249515285712\/","article_published_time":"2025-06-24T22:43:00+00:00","article_modified_time":"2025-06-24T23:04:42+00:00","og_image":[{"width":600,"height":400,"url":"https:\/\/elcanillita.info\/press\/images\/2025\/06\/corrida_PUBHHHH.png","type":"image\/png"}],"author":"SalaStampa.eu, world press service","twitter_card":"summary_large_image","twitter_misc":{"Escrito por":"SalaStampa.eu, world press service","Tiempo de lectura":"3 minutos"},"schema":{"@context":"https:\/\/schema.org","@graph":[{"@type":"Article","@id":"https:\/\/elcanillita.info\/press\/2025\/06\/24\/corrida-del-5\/#article","isPartOf":{"@id":"https:\/\/elcanillita.info\/press\/2025\/06\/24\/corrida-del-5\/"},"author":{"name":"SalaStampa.eu, world press service","@id":"https:\/\/elcanillita.info\/press\/#\/schema\/person\/7fcb79f38045700919f7da6d97e71ba0"},"headline":"\ud83c\uddea\ud83c\uddf8 Corrida del 5%","datePublished":"2025-06-24T22:43:00+00:00","dateModified":"2025-06-24T23:04:42+00:00","mainEntityOfPage":{"@id":"https:\/\/elcanillita.info\/press\/2025\/06\/24\/corrida-del-5\/"},"wordCount":420,"publisher":{"@id":"https:\/\/elcanillita.info\/press\/#organization"},"image":{"@id":"https:\/\/elcanillita.info\/press\/2025\/06\/24\/corrida-del-5\/#primaryimage"},"thumbnailUrl":"https:\/\/elcanillita.info\/press\/images\/2025\/06\/corrida_PUBHHHH.png","articleSection":["Actualidad","Economia","Europa","Guerra","Politica","Reino Unido","Sociedad","UE"],"inLanguage":"es-AR"},{"@type":"WebPage","@id":"https:\/\/elcanillita.info\/press\/2025\/06\/24\/corrida-del-5\/","url":"https:\/\/elcanillita.info\/press\/2025\/06\/24\/corrida-del-5\/","name":"\ud83c\uddea\ud83c\uddf8 Corrida del 5% - ElCanillita.Info","isPartOf":{"@id":"https:\/\/elcanillita.info\/press\/#website"},"primaryImageOfPage":{"@id":"https:\/\/elcanillita.info\/press\/2025\/06\/24\/corrida-del-5\/#primaryimage"},"image":{"@id":"https:\/\/elcanillita.info\/press\/2025\/06\/24\/corrida-del-5\/#primaryimage"},"thumbnailUrl":"https:\/\/elcanillita.info\/press\/images\/2025\/06\/corrida_PUBHHHH.png","datePublished":"2025-06-24T22:43:00+00:00","dateModified":"2025-06-24T23:04:42+00:00","inLanguage":"es-AR","potentialAction":[{"@type":"ReadAction","target":["https:\/\/elcanillita.info\/press\/2025\/06\/24\/corrida-del-5\/"]}]},{"@type":"ImageObject","inLanguage":"es-AR","@id":"https:\/\/elcanillita.info\/press\/2025\/06\/24\/corrida-del-5\/#primaryimage","url":"https:\/\/elcanillita.info\/press\/images\/2025\/06\/corrida_PUBHHHH.png","contentUrl":"https:\/\/elcanillita.info\/press\/images\/2025\/06\/corrida_PUBHHHH.png","width":600,"height":400},{"@type":"WebSite","@id":"https:\/\/elcanillita.info\/press\/#website","url":"https:\/\/elcanillita.info\/press\/","name":"ElCanillita.Info","description":"desde los Apeninos a los Andes","publisher":{"@id":"https:\/\/elcanillita.info\/press\/#organization"},"potentialAction":[{"@type":"SearchAction","target":{"@type":"EntryPoint","urlTemplate":"https:\/\/elcanillita.info\/press\/?s={search_term_string}"},"query-input":{"@type":"PropertyValueSpecification","valueRequired":true,"valueName":"search_term_string"}}],"inLanguage":"es-AR"},{"@type":"Organization","@id":"https:\/\/elcanillita.info\/press\/#organization","name":"Guzzo Photos & Graphic Publications","url":"https:\/\/elcanillita.info\/press\/","logo":{"@type":"ImageObject","inLanguage":"es-AR","@id":"https:\/\/elcanillita.info\/press\/#\/schema\/logo\/image\/","url":"https:\/\/elcanillita.info\/press\/images\/2020\/01\/cropped-cropped-cropped-elcanillitainfo.png","contentUrl":"https:\/\/elcanillita.info\/press\/images\/2020\/01\/cropped-cropped-cropped-elcanillitainfo.png","width":460,"height":50,"caption":"Guzzo Photos & Graphic Publications"},"image":{"@id":"https:\/\/elcanillita.info\/press\/#\/schema\/logo\/image\/"},"sameAs":["https:\/\/ar-ar.facebook.com\/ElCanillitainfo-114249515285712\/"]},{"@type":"Person","@id":"https:\/\/elcanillita.info\/press\/#\/schema\/person\/7fcb79f38045700919f7da6d97e71ba0","name":"SalaStampa.eu, world press service","image":{"@type":"ImageObject","inLanguage":"es-AR","@id":"https:\/\/secure.gravatar.com\/avatar\/c2f0e0d515a107624234994507816ca4724c7199cef73fc8bedebf6931d73888?s=96&d=mm&r=g","url":"https:\/\/secure.gravatar.com\/avatar\/c2f0e0d515a107624234994507816ca4724c7199cef73fc8bedebf6931d73888?s=96&d=mm&r=g","contentUrl":"https:\/\/secure.gravatar.com\/avatar\/c2f0e0d515a107624234994507816ca4724c7199cef73fc8bedebf6931d73888?s=96&d=mm&r=g","caption":"SalaStampa.eu, world press service"}}]}},"views":299,"_links":{"self":[{"href":"https:\/\/elcanillita.info\/press\/wp-json\/wp\/v2\/posts\/4984","targetHints":{"allow":["GET"]}}],"collection":[{"href":"https:\/\/elcanillita.info\/press\/wp-json\/wp\/v2\/posts"}],"about":[{"href":"https:\/\/elcanillita.info\/press\/wp-json\/wp\/v2\/types\/post"}],"author":[{"embeddable":true,"href":"https:\/\/elcanillita.info\/press\/wp-json\/wp\/v2\/users\/1"}],"replies":[{"embeddable":true,"href":"https:\/\/elcanillita.info\/press\/wp-json\/wp\/v2\/comments?post=4984"}],"version-history":[{"count":0,"href":"https:\/\/elcanillita.info\/press\/wp-json\/wp\/v2\/posts\/4984\/revisions"}],"wp:featuredmedia":[{"embeddable":true,"href":"https:\/\/elcanillita.info\/press\/wp-json\/wp\/v2\/media\/4986"}],"wp:attachment":[{"href":"https:\/\/elcanillita.info\/press\/wp-json\/wp\/v2\/media?parent=4984"}],"wp:term":[{"taxonomy":"category","embeddable":true,"href":"https:\/\/elcanillita.info\/press\/wp-json\/wp\/v2\/categories?post=4984"},{"taxonomy":"post_tag","embeddable":true,"href":"https:\/\/elcanillita.info\/press\/wp-json\/wp\/v2\/tags?post=4984"}],"curies":[{"name":"wp","href":"https:\/\/api.w.org\/{rel}","templated":true}]}}