{"id":4981,"date":"2025-06-24T15:16:33","date_gmt":"2025-06-24T18:16:33","guid":{"rendered":"https:\/\/elcanillita.info\/press\/?p=4981"},"modified":"2025-06-24T15:17:28","modified_gmt":"2025-06-24T18:17:28","slug":"los-misterios-de-los-pagares-kirchneristas-con-asistencia-del-archivo-de-papel-mojado","status":"publish","type":"post","link":"https:\/\/elcanillita.info\/press\/2025\/06\/24\/los-misterios-de-los-pagares-kirchneristas-con-asistencia-del-archivo-de-papel-mojado\/","title":{"rendered":"Los misterios de los pagar\u00e9s kirchneristas con asistencia del Archivo de Papel Mojado"},"content":{"rendered":"<div class=\"wp-block-image\">\n<figure class=\"alignleft size-full is-resized\"><img loading=\"lazy\" decoding=\"async\" width=\"450\" height=\"450\" src=\"https:\/\/elcanillita.info\/press\/images\/2025\/06\/pino_page.png\" alt=\"\" class=\"wp-image-4982\" style=\"width:347px;height:auto\" srcset=\"https:\/\/elcanillita.info\/press\/images\/2025\/06\/pino_page.png 450w, https:\/\/elcanillita.info\/press\/images\/2025\/06\/pino_page-300x300.png 300w, https:\/\/elcanillita.info\/press\/images\/2025\/06\/pino_page-150x150.png 150w\" sizes=\"auto, (max-width: 450px) 100vw, 450px\" \/><\/figure>\n<\/div>\n\n\n<p><strong>ElCanillita.info<\/strong><br>Argentina, 24\/06\/2025<br><br><em>Por Redacci\u00f3n Local, con colaboraci\u00f3n del Bazar Tributario Argentino<\/em><br><br>Los bonistas internacionales no olvidan, y ahora se presentan en la Corte de Washington D.C. para exigirle a la Argentina que pague m\u00e1s de 1.400 millones de d\u00f3lares por bonos atados al PBI emitidos en tiempos del kirchnerismo.<br>La deuda fue avalada por Axel Kicillof como ministro, en aquel entonces celebrando que se trataba de \u201ccreatividad financiera\u201d.<br>El fallo ya fue confirmado en Londres y no hay m\u00e1s apelaciones posibles. El gobierno argentino, sin embargo, no ha hecho propuesta de pago ni dado se\u00f1ales de vida.<br>Mientras tanto, Axel recorre su provincia buscando reliquias K y tapando pozos fiscales con declaraciones de vocaci\u00f3n \u00e9pica.<br>Algunos sugieren que en vez de pagar, le ofrezcan a los bonistas una pasant\u00eda en La Matanza: ah\u00ed s\u00ed que sabr\u00e1n lo que es valor.<\/p>\n\n\n\n<p>\u2696\ufe0f 2. <strong>El \u00e1baco de Axel \u2013 versi\u00f3n contable de la Edad de Piedra<\/strong><\/p>\n\n\n\n<p>Un ciudadano que hereda el auto de su padre descubre que en la Ciudad Aut\u00f3noma de Buenos Aires el veh\u00edculo est\u00e1 valuado en unos 9 millones de pesos, pero en la Provincia de Buenos Aires m\u00e1gicamente trepa a 14.4 millones.<br>Sobre esa diferencia, el contribuyente debe pagar impuestos, sobretasas, y una cosa llamada \u201ctransferencia gratuita de bienes\u201d, que suena a regalo\u2026 pero se paga.<br>Lo curioso es que, aunque el votante reside en San Isidro, vota en CABA y paga en provincia. Vive en dos pa\u00edses distintos, sin haber cruzado una frontera.<br>Dicen que el ministro de desregulaci\u00f3n nacional se tom\u00f3 vacaciones cuando vio los formularios de ARBA.<br>Y a\u00fan as\u00ed, hay quienes siguen votando por quien hace de la recaudaci\u00f3n una aventura mitol\u00f3gica.<br><br><small>\u00a92025 Juan de los D\u00e9bitos \u2013 cobra solo si no lo ves venir. Copyright \u00a9 2025 ElCanillita.info \/ SalaStampa.eu, servicio mundial de prensa Guzzo Photos &amp; Graphic Publications \u2013 Registro Editori e Stampatori n. 1441 Torino, Italia<\/small><\/p>\n\n\n\n<p><br><br><\/p>\n\n\n\n<p><\/p>\n","protected":false},"excerpt":{"rendered":"<p>ElCanillita.infoArgentina, 24\/06\/2025 Por Redacci\u00f3n Local, con colaboraci\u00f3n del Bazar Tributario Argentino Los bonistas internacionales no olvidan, y ahora se presentan en la Corte de Washington&#8230;<\/p>\n","protected":false},"author":1,"featured_media":4982,"comment_status":"closed","ping_status":"closed","sticky":false,"template":"","format":"standard","meta":{"footnotes":"","_links_to":"","_links_to_target":""},"categories":[108,121,70,123,118,23,130,25],"tags":[29,34,58],"class_list":["post-4981","post","type-post","status-publish","format-standard","has-post-thumbnail","hentry","category-blogdiario","category-dc24","category-actualidad","category-argentina","category-corrupcion","category-politica","category-reportero-de-dinero","category-sociedad","tag-argentina","tag-estados-unidos","tag-reino-unido","entry","double"],"yoast_head":"<!-- This site is optimized with the Yoast SEO plugin v27.4 - https:\/\/yoast.com\/product\/yoast-seo-wordpress\/ -->\n<title>Los misterios de los pagar\u00e9s kirchneristas con asistencia del Archivo de Papel Mojado - ElCanillita.Info<\/title>\n<meta name=\"robots\" content=\"index, follow, max-snippet:-1, max-image-preview:large, max-video-preview:-1\" \/>\n<link rel=\"canonical\" href=\"https:\/\/elcanillita.info\/press\/2025\/06\/24\/los-misterios-de-los-pagares-kirchneristas-con-asistencia-del-archivo-de-papel-mojado\/\" \/>\n<meta property=\"og:locale\" content=\"es_ES\" \/>\n<meta property=\"og:type\" content=\"article\" \/>\n<meta property=\"og:title\" content=\"Los misterios de los pagar\u00e9s kirchneristas con asistencia del Archivo de Papel Mojado - ElCanillita.Info\" \/>\n<meta property=\"og:description\" content=\"ElCanillita.infoArgentina, 24\/06\/2025 Por Redacci\u00f3n Local, con colaboraci\u00f3n del Bazar Tributario Argentino Los bonistas internacionales no olvidan, y ahora se presentan en la Corte de Washington&#8230;\" \/>\n<meta property=\"og:url\" content=\"https:\/\/elcanillita.info\/press\/2025\/06\/24\/los-misterios-de-los-pagares-kirchneristas-con-asistencia-del-archivo-de-papel-mojado\/\" \/>\n<meta property=\"og:site_name\" content=\"ElCanillita.Info\" \/>\n<meta property=\"article:publisher\" content=\"https:\/\/ar-ar.facebook.com\/ElCanillitainfo-114249515285712\/\" \/>\n<meta property=\"article:published_time\" content=\"2025-06-24T18:16:33+00:00\" \/>\n<meta property=\"article:modified_time\" content=\"2025-06-24T18:17:28+00:00\" \/>\n<meta property=\"og:image\" content=\"https:\/\/elcanillita.info\/press\/images\/2025\/06\/pino_page.png\" \/>\n\t<meta property=\"og:image:width\" content=\"450\" \/>\n\t<meta property=\"og:image:height\" content=\"450\" \/>\n\t<meta property=\"og:image:type\" content=\"image\/png\" \/>\n<meta name=\"author\" content=\"SalaStampa.eu, world press service\" \/>\n<meta name=\"twitter:card\" content=\"summary_large_image\" \/>\n<meta name=\"twitter:label1\" content=\"Escrito por\" \/>\n\t<meta name=\"twitter:data1\" content=\"SalaStampa.eu, world press service\" \/>\n\t<meta name=\"twitter:label2\" content=\"Tiempo de lectura\" \/>\n\t<meta name=\"twitter:data2\" content=\"2 minutos\" \/>\n<script type=\"application\/ld+json\" class=\"yoast-schema-graph\">{\"@context\":\"https:\\\/\\\/schema.org\",\"@graph\":[{\"@type\":\"Article\",\"@id\":\"https:\\\/\\\/elcanillita.info\\\/press\\\/2025\\\/06\\\/24\\\/los-misterios-de-los-pagares-kirchneristas-con-asistencia-del-archivo-de-papel-mojado\\\/#article\",\"isPartOf\":{\"@id\":\"https:\\\/\\\/elcanillita.info\\\/press\\\/2025\\\/06\\\/24\\\/los-misterios-de-los-pagares-kirchneristas-con-asistencia-del-archivo-de-papel-mojado\\\/\"},\"author\":{\"name\":\"SalaStampa.eu, world press service\",\"@id\":\"https:\\\/\\\/elcanillita.info\\\/press\\\/#\\\/schema\\\/person\\\/7fcb79f38045700919f7da6d97e71ba0\"},\"headline\":\"Los misterios de los pagar\u00e9s kirchneristas con asistencia del Archivo de Papel Mojado\",\"datePublished\":\"2025-06-24T18:16:33+00:00\",\"dateModified\":\"2025-06-24T18:17:28+00:00\",\"mainEntityOfPage\":{\"@id\":\"https:\\\/\\\/elcanillita.info\\\/press\\\/2025\\\/06\\\/24\\\/los-misterios-de-los-pagares-kirchneristas-con-asistencia-del-archivo-de-papel-mojado\\\/\"},\"wordCount\":339,\"publisher\":{\"@id\":\"https:\\\/\\\/elcanillita.info\\\/press\\\/#organization\"},\"image\":{\"@id\":\"https:\\\/\\\/elcanillita.info\\\/press\\\/2025\\\/06\\\/24\\\/los-misterios-de-los-pagares-kirchneristas-con-asistencia-del-archivo-de-papel-mojado\\\/#primaryimage\"},\"thumbnailUrl\":\"https:\\\/\\\/elcanillita.info\\\/press\\\/images\\\/2025\\\/06\\\/pino_page.png\",\"keywords\":[\"Argentina\",\"Estados Unidos\",\"Reino Unido\"],\"articleSection\":[\".\",\".\",\"Actualidad\",\"Argentina\",\"Corrupci\u00f3n\",\"Politica\",\"Reportero de dinero\",\"Sociedad\"],\"inLanguage\":\"es-AR\"},{\"@type\":\"WebPage\",\"@id\":\"https:\\\/\\\/elcanillita.info\\\/press\\\/2025\\\/06\\\/24\\\/los-misterios-de-los-pagares-kirchneristas-con-asistencia-del-archivo-de-papel-mojado\\\/\",\"url\":\"https:\\\/\\\/elcanillita.info\\\/press\\\/2025\\\/06\\\/24\\\/los-misterios-de-los-pagares-kirchneristas-con-asistencia-del-archivo-de-papel-mojado\\\/\",\"name\":\"Los misterios de los pagar\u00e9s kirchneristas con asistencia del Archivo de Papel Mojado - ElCanillita.Info\",\"isPartOf\":{\"@id\":\"https:\\\/\\\/elcanillita.info\\\/press\\\/#website\"},\"primaryImageOfPage\":{\"@id\":\"https:\\\/\\\/elcanillita.info\\\/press\\\/2025\\\/06\\\/24\\\/los-misterios-de-los-pagares-kirchneristas-con-asistencia-del-archivo-de-papel-mojado\\\/#primaryimage\"},\"image\":{\"@id\":\"https:\\\/\\\/elcanillita.info\\\/press\\\/2025\\\/06\\\/24\\\/los-misterios-de-los-pagares-kirchneristas-con-asistencia-del-archivo-de-papel-mojado\\\/#primaryimage\"},\"thumbnailUrl\":\"https:\\\/\\\/elcanillita.info\\\/press\\\/images\\\/2025\\\/06\\\/pino_page.png\",\"datePublished\":\"2025-06-24T18:16:33+00:00\",\"dateModified\":\"2025-06-24T18:17:28+00:00\",\"inLanguage\":\"es-AR\",\"potentialAction\":[{\"@type\":\"ReadAction\",\"target\":[\"https:\\\/\\\/elcanillita.info\\\/press\\\/2025\\\/06\\\/24\\\/los-misterios-de-los-pagares-kirchneristas-con-asistencia-del-archivo-de-papel-mojado\\\/\"]}]},{\"@type\":\"ImageObject\",\"inLanguage\":\"es-AR\",\"@id\":\"https:\\\/\\\/elcanillita.info\\\/press\\\/2025\\\/06\\\/24\\\/los-misterios-de-los-pagares-kirchneristas-con-asistencia-del-archivo-de-papel-mojado\\\/#primaryimage\",\"url\":\"https:\\\/\\\/elcanillita.info\\\/press\\\/images\\\/2025\\\/06\\\/pino_page.png\",\"contentUrl\":\"https:\\\/\\\/elcanillita.info\\\/press\\\/images\\\/2025\\\/06\\\/pino_page.png\",\"width\":450,\"height\":450},{\"@type\":\"WebSite\",\"@id\":\"https:\\\/\\\/elcanillita.info\\\/press\\\/#website\",\"url\":\"https:\\\/\\\/elcanillita.info\\\/press\\\/\",\"name\":\"ElCanillita.Info\",\"description\":\"desde los Apeninos a los Andes\",\"publisher\":{\"@id\":\"https:\\\/\\\/elcanillita.info\\\/press\\\/#organization\"},\"potentialAction\":[{\"@type\":\"SearchAction\",\"target\":{\"@type\":\"EntryPoint\",\"urlTemplate\":\"https:\\\/\\\/elcanillita.info\\\/press\\\/?s={search_term_string}\"},\"query-input\":{\"@type\":\"PropertyValueSpecification\",\"valueRequired\":true,\"valueName\":\"search_term_string\"}}],\"inLanguage\":\"es-AR\"},{\"@type\":\"Organization\",\"@id\":\"https:\\\/\\\/elcanillita.info\\\/press\\\/#organization\",\"name\":\"Guzzo Photos & Graphic Publications\",\"url\":\"https:\\\/\\\/elcanillita.info\\\/press\\\/\",\"logo\":{\"@type\":\"ImageObject\",\"inLanguage\":\"es-AR\",\"@id\":\"https:\\\/\\\/elcanillita.info\\\/press\\\/#\\\/schema\\\/logo\\\/image\\\/\",\"url\":\"https:\\\/\\\/elcanillita.info\\\/press\\\/images\\\/2020\\\/01\\\/cropped-cropped-cropped-elcanillitainfo.png\",\"contentUrl\":\"https:\\\/\\\/elcanillita.info\\\/press\\\/images\\\/2020\\\/01\\\/cropped-cropped-cropped-elcanillitainfo.png\",\"width\":460,\"height\":50,\"caption\":\"Guzzo Photos & Graphic Publications\"},\"image\":{\"@id\":\"https:\\\/\\\/elcanillita.info\\\/press\\\/#\\\/schema\\\/logo\\\/image\\\/\"},\"sameAs\":[\"https:\\\/\\\/ar-ar.facebook.com\\\/ElCanillitainfo-114249515285712\\\/\"]},{\"@type\":\"Person\",\"@id\":\"https:\\\/\\\/elcanillita.info\\\/press\\\/#\\\/schema\\\/person\\\/7fcb79f38045700919f7da6d97e71ba0\",\"name\":\"SalaStampa.eu, world press service\",\"image\":{\"@type\":\"ImageObject\",\"inLanguage\":\"es-AR\",\"@id\":\"https:\\\/\\\/secure.gravatar.com\\\/avatar\\\/c2f0e0d515a107624234994507816ca4724c7199cef73fc8bedebf6931d73888?s=96&d=mm&r=g\",\"url\":\"https:\\\/\\\/secure.gravatar.com\\\/avatar\\\/c2f0e0d515a107624234994507816ca4724c7199cef73fc8bedebf6931d73888?s=96&d=mm&r=g\",\"contentUrl\":\"https:\\\/\\\/secure.gravatar.com\\\/avatar\\\/c2f0e0d515a107624234994507816ca4724c7199cef73fc8bedebf6931d73888?s=96&d=mm&r=g\",\"caption\":\"SalaStampa.eu, world press service\"}}]}<\/script>\n<!-- \/ Yoast SEO plugin. -->","yoast_head_json":{"title":"Los misterios de los pagar\u00e9s kirchneristas con asistencia del Archivo de Papel Mojado - ElCanillita.Info","robots":{"index":"index","follow":"follow","max-snippet":"max-snippet:-1","max-image-preview":"max-image-preview:large","max-video-preview":"max-video-preview:-1"},"canonical":"https:\/\/elcanillita.info\/press\/2025\/06\/24\/los-misterios-de-los-pagares-kirchneristas-con-asistencia-del-archivo-de-papel-mojado\/","og_locale":"es_ES","og_type":"article","og_title":"Los misterios de los pagar\u00e9s kirchneristas con asistencia del Archivo de Papel Mojado - ElCanillita.Info","og_description":"ElCanillita.infoArgentina, 24\/06\/2025 Por Redacci\u00f3n Local, con colaboraci\u00f3n del Bazar Tributario Argentino Los bonistas internacionales no olvidan, y ahora se presentan en la Corte de Washington&#8230;","og_url":"https:\/\/elcanillita.info\/press\/2025\/06\/24\/los-misterios-de-los-pagares-kirchneristas-con-asistencia-del-archivo-de-papel-mojado\/","og_site_name":"ElCanillita.Info","article_publisher":"https:\/\/ar-ar.facebook.com\/ElCanillitainfo-114249515285712\/","article_published_time":"2025-06-24T18:16:33+00:00","article_modified_time":"2025-06-24T18:17:28+00:00","og_image":[{"width":450,"height":450,"url":"https:\/\/elcanillita.info\/press\/images\/2025\/06\/pino_page.png","type":"image\/png"}],"author":"SalaStampa.eu, world press service","twitter_card":"summary_large_image","twitter_misc":{"Escrito por":"SalaStampa.eu, world press service","Tiempo de lectura":"2 minutos"},"schema":{"@context":"https:\/\/schema.org","@graph":[{"@type":"Article","@id":"https:\/\/elcanillita.info\/press\/2025\/06\/24\/los-misterios-de-los-pagares-kirchneristas-con-asistencia-del-archivo-de-papel-mojado\/#article","isPartOf":{"@id":"https:\/\/elcanillita.info\/press\/2025\/06\/24\/los-misterios-de-los-pagares-kirchneristas-con-asistencia-del-archivo-de-papel-mojado\/"},"author":{"name":"SalaStampa.eu, world press service","@id":"https:\/\/elcanillita.info\/press\/#\/schema\/person\/7fcb79f38045700919f7da6d97e71ba0"},"headline":"Los misterios de los pagar\u00e9s kirchneristas con asistencia del Archivo de Papel Mojado","datePublished":"2025-06-24T18:16:33+00:00","dateModified":"2025-06-24T18:17:28+00:00","mainEntityOfPage":{"@id":"https:\/\/elcanillita.info\/press\/2025\/06\/24\/los-misterios-de-los-pagares-kirchneristas-con-asistencia-del-archivo-de-papel-mojado\/"},"wordCount":339,"publisher":{"@id":"https:\/\/elcanillita.info\/press\/#organization"},"image":{"@id":"https:\/\/elcanillita.info\/press\/2025\/06\/24\/los-misterios-de-los-pagares-kirchneristas-con-asistencia-del-archivo-de-papel-mojado\/#primaryimage"},"thumbnailUrl":"https:\/\/elcanillita.info\/press\/images\/2025\/06\/pino_page.png","keywords":["Argentina","Estados Unidos","Reino Unido"],"articleSection":[".",".","Actualidad","Argentina","Corrupci\u00f3n","Politica","Reportero de dinero","Sociedad"],"inLanguage":"es-AR"},{"@type":"WebPage","@id":"https:\/\/elcanillita.info\/press\/2025\/06\/24\/los-misterios-de-los-pagares-kirchneristas-con-asistencia-del-archivo-de-papel-mojado\/","url":"https:\/\/elcanillita.info\/press\/2025\/06\/24\/los-misterios-de-los-pagares-kirchneristas-con-asistencia-del-archivo-de-papel-mojado\/","name":"Los misterios de los pagar\u00e9s kirchneristas con asistencia del Archivo de Papel Mojado - ElCanillita.Info","isPartOf":{"@id":"https:\/\/elcanillita.info\/press\/#website"},"primaryImageOfPage":{"@id":"https:\/\/elcanillita.info\/press\/2025\/06\/24\/los-misterios-de-los-pagares-kirchneristas-con-asistencia-del-archivo-de-papel-mojado\/#primaryimage"},"image":{"@id":"https:\/\/elcanillita.info\/press\/2025\/06\/24\/los-misterios-de-los-pagares-kirchneristas-con-asistencia-del-archivo-de-papel-mojado\/#primaryimage"},"thumbnailUrl":"https:\/\/elcanillita.info\/press\/images\/2025\/06\/pino_page.png","datePublished":"2025-06-24T18:16:33+00:00","dateModified":"2025-06-24T18:17:28+00:00","inLanguage":"es-AR","potentialAction":[{"@type":"ReadAction","target":["https:\/\/elcanillita.info\/press\/2025\/06\/24\/los-misterios-de-los-pagares-kirchneristas-con-asistencia-del-archivo-de-papel-mojado\/"]}]},{"@type":"ImageObject","inLanguage":"es-AR","@id":"https:\/\/elcanillita.info\/press\/2025\/06\/24\/los-misterios-de-los-pagares-kirchneristas-con-asistencia-del-archivo-de-papel-mojado\/#primaryimage","url":"https:\/\/elcanillita.info\/press\/images\/2025\/06\/pino_page.png","contentUrl":"https:\/\/elcanillita.info\/press\/images\/2025\/06\/pino_page.png","width":450,"height":450},{"@type":"WebSite","@id":"https:\/\/elcanillita.info\/press\/#website","url":"https:\/\/elcanillita.info\/press\/","name":"ElCanillita.Info","description":"desde los Apeninos a los Andes","publisher":{"@id":"https:\/\/elcanillita.info\/press\/#organization"},"potentialAction":[{"@type":"SearchAction","target":{"@type":"EntryPoint","urlTemplate":"https:\/\/elcanillita.info\/press\/?s={search_term_string}"},"query-input":{"@type":"PropertyValueSpecification","valueRequired":true,"valueName":"search_term_string"}}],"inLanguage":"es-AR"},{"@type":"Organization","@id":"https:\/\/elcanillita.info\/press\/#organization","name":"Guzzo Photos & Graphic Publications","url":"https:\/\/elcanillita.info\/press\/","logo":{"@type":"ImageObject","inLanguage":"es-AR","@id":"https:\/\/elcanillita.info\/press\/#\/schema\/logo\/image\/","url":"https:\/\/elcanillita.info\/press\/images\/2020\/01\/cropped-cropped-cropped-elcanillitainfo.png","contentUrl":"https:\/\/elcanillita.info\/press\/images\/2020\/01\/cropped-cropped-cropped-elcanillitainfo.png","width":460,"height":50,"caption":"Guzzo Photos & Graphic Publications"},"image":{"@id":"https:\/\/elcanillita.info\/press\/#\/schema\/logo\/image\/"},"sameAs":["https:\/\/ar-ar.facebook.com\/ElCanillitainfo-114249515285712\/"]},{"@type":"Person","@id":"https:\/\/elcanillita.info\/press\/#\/schema\/person\/7fcb79f38045700919f7da6d97e71ba0","name":"SalaStampa.eu, world press service","image":{"@type":"ImageObject","inLanguage":"es-AR","@id":"https:\/\/secure.gravatar.com\/avatar\/c2f0e0d515a107624234994507816ca4724c7199cef73fc8bedebf6931d73888?s=96&d=mm&r=g","url":"https:\/\/secure.gravatar.com\/avatar\/c2f0e0d515a107624234994507816ca4724c7199cef73fc8bedebf6931d73888?s=96&d=mm&r=g","contentUrl":"https:\/\/secure.gravatar.com\/avatar\/c2f0e0d515a107624234994507816ca4724c7199cef73fc8bedebf6931d73888?s=96&d=mm&r=g","caption":"SalaStampa.eu, world press service"}}]}},"views":202,"_links":{"self":[{"href":"https:\/\/elcanillita.info\/press\/wp-json\/wp\/v2\/posts\/4981","targetHints":{"allow":["GET"]}}],"collection":[{"href":"https:\/\/elcanillita.info\/press\/wp-json\/wp\/v2\/posts"}],"about":[{"href":"https:\/\/elcanillita.info\/press\/wp-json\/wp\/v2\/types\/post"}],"author":[{"embeddable":true,"href":"https:\/\/elcanillita.info\/press\/wp-json\/wp\/v2\/users\/1"}],"replies":[{"embeddable":true,"href":"https:\/\/elcanillita.info\/press\/wp-json\/wp\/v2\/comments?post=4981"}],"version-history":[{"count":0,"href":"https:\/\/elcanillita.info\/press\/wp-json\/wp\/v2\/posts\/4981\/revisions"}],"wp:featuredmedia":[{"embeddable":true,"href":"https:\/\/elcanillita.info\/press\/wp-json\/wp\/v2\/media\/4982"}],"wp:attachment":[{"href":"https:\/\/elcanillita.info\/press\/wp-json\/wp\/v2\/media?parent=4981"}],"wp:term":[{"taxonomy":"category","embeddable":true,"href":"https:\/\/elcanillita.info\/press\/wp-json\/wp\/v2\/categories?post=4981"},{"taxonomy":"post_tag","embeddable":true,"href":"https:\/\/elcanillita.info\/press\/wp-json\/wp\/v2\/tags?post=4981"}],"curies":[{"name":"wp","href":"https:\/\/api.w.org\/{rel}","templated":true}]}}