{"id":4972,"date":"2025-06-23T07:02:36","date_gmt":"2025-06-23T10:02:36","guid":{"rendered":"https:\/\/elcanillita.info\/press\/?p=4972"},"modified":"2025-06-23T07:30:05","modified_gmt":"2025-06-23T10:30:05","slug":"la-energia-de-la-duda","status":"publish","type":"post","link":"https:\/\/elcanillita.info\/press\/2025\/06\/23\/la-energia-de-la-duda\/","title":{"rendered":"La Energ\u00eda de la Duda"},"content":{"rendered":"<div class=\"wp-block-image is-style-default\">\n<figure class=\"alignleft size-full is-resized\"><img loading=\"lazy\" decoding=\"async\" width=\"400\" height=\"600\" src=\"https:\/\/elcanillita.info\/press\/images\/2025\/06\/moises_40_600.Page_.png\" alt=\"\" class=\"wp-image-4973\" style=\"width:332px;height:auto\" srcset=\"https:\/\/elcanillita.info\/press\/images\/2025\/06\/moises_40_600.Page_.png 400w, https:\/\/elcanillita.info\/press\/images\/2025\/06\/moises_40_600.Page_-200x300.png 200w\" sizes=\"auto, (max-width: 400px) 100vw, 400px\" \/><figcaption class=\"wp-element-caption\"><strong>Mois\u00e9s en el Sina\u00ed ante la Duda<\/strong><br>Ni trueno, ni zarza ardiente. Esta vez, lo que baja del cielo es un signo de interrogaci\u00f3n. Con las tablas en una mano y el ce\u00f1o fruncido, Mois\u00e9s contempla la incertidumbre como nuevo mandamiento.<\/figcaption><\/figure>\n<\/div>\n\n\n<p><strong>ElCanillita.info<\/strong><br>Washington, Teher\u00e1n o la estrat\u00f3sfera \u2013 23\/06\/2025<br>Veinticuatro horas despu\u00e9s de que el presidente Donald J. Trump asegurara con aplomo que el programa nuclear iran\u00ed hab\u00eda sido \u201ccompleta y totalmente destruido\u201d por el poder\u00edo antib\u00fanker y la punter\u00eda del misil Tomahawk, la realidad geopol\u00edtica \u2013como el uranio\u2013 parece resistir a la fusi\u00f3n definitiva.<\/p>\n\n\n\n<p>Porque si bien las bombas cayeron, los titulares explotaron, y el presidente se atribuy\u00f3 una victoria de proporciones b\u00edblicas, en los pasillos del Pent\u00e1gono, los tonos fueron&#8230; digamos, m\u00e1s contenidos. Altos mandos del Departamento de Defensa prefirieron no confirmar ni desmentir lo irreparable, mientras expertos nucleares recomiendan prudencia: \u201cNo es lo mismo volar una centrifugadora que evaporar las reservas de uranio\u201d, explican. Y es aqu\u00ed donde la f\u00edsica choca contra la ret\u00f3rica.<\/p>\n\n\n\n<p>El vicepresidente J.D. Vance, con su habitual tono de hombre que quiere sonar tranquilizador sin revelar demasiado, declar\u00f3 ante la cadena ABC:<\/p>\n\n\n\n<blockquote class=\"wp-block-quote is-layout-flow wp-block-quote-is-layout-flow\">\n<p>\u201cTrabajaremos en las pr\u00f3ximas semanas para asegurarnos de hacer algo con ese combustible.\u201d<\/p>\n<\/blockquote>\n\n\n\n<p>Se refer\u00eda, claro, a ese peque\u00f1o detalle t\u00e9cnico: varias toneladas de uranio enriquecido al 60% \u2013suficiente para unas nueve o diez bombas nucleares caseras, seg\u00fan quien cuente\u2013 que <em>podr\u00edan<\/em> no haber sido alcanzadas por el ataque.<\/p>\n\n\n\n<p>Un matiz que algunos medios estadounidenses han captado con rapidez, introduciendo un nuevo protagonista en la saga: <strong>la Duda<\/strong>. Esa figura inc\u00f3moda que ni el m\u00e1s sofisticado dron puede eliminar.<\/p>\n\n\n\n<p>Por su parte, el secretario de Defensa Pete Hegseth y el jefe del Estado Mayor Conjunto, Dan Caine, intentaron mantenerse en la delgada l\u00ednea entre \u201coperaci\u00f3n exitosa\u201d y \u201cveremos en unas semanas\u201d. En su informe preliminar, hablaron de \u201cgraves da\u00f1os y destrucci\u00f3n\u201d en los tres sitios atacados por los B-2 y los Tomahawk. No obstante, el p\u00e1rrafo clave fue el que no dijeron: <strong>la devastaci\u00f3n real a\u00fan est\u00e1 por verificarse.<\/strong><\/p>\n\n\n\n<p>Mientras tanto, en Ir\u00e1n se habla menos. El r\u00e9gimen guarda silencio oficial, aunque algunas im\u00e1genes satelitales muestran movimientos log\u00edsticos que podr\u00edan ser limpieza\u2026 o reubicaci\u00f3n. El juego de sombras nucleares ha comenzado.<\/p>\n\n\n\n<hr class=\"wp-block-separator has-alpha-channel-opacity\"\/>\n\n\n\n<p><strong>En resumen:<\/strong><br>La narrativa oficial festeja una victoria t\u00e1ctica. Pero la pregunta estrat\u00e9gica sigue viva:<br>\u00bfGolpe fulminante o apenas un sacud\u00f3n?<br>\u00bfTriunfo medi\u00e1tico o realidad postergada?<br>\u00bfUna bomba menos\u2026 o una duda m\u00e1s?<\/p>\n\n\n\n<p>En todo caso, el uranio \u2013ese noble elemento que no entiende de redes sociales\u2013 sigue siendo una cuesti\u00f3n de peso.<\/p>\n\n\n\n<hr class=\"wp-block-separator has-alpha-channel-opacity\"\/>\n\n\n\n<p><em>Redacci\u00f3n internacional, con asistencia del Laboratorio de Realismo Callejero<\/em><br>\u00a9 ElCanillita.info \u2013 CAP-88<br>\ud83d\udd4a\ufe0f Elegancia para tiempos at\u00f3micos.<br><br><small>\u00a9 2025 ElCanillita.info &#8211; All Rights Reserved &#8211; SalaStampa.eu, world press service<\/small><br><small> Guzzo Photos &amp; Graphic  Publications \u2013 Registro Editori e Stampatori n. 1441 Turin, Italy<\/small><\/p>\n\n\n\n<p><\/p>\n","protected":false},"excerpt":{"rendered":"<p>Una nota formal con picard\u00eda diplom\u00e1tica por ElCanillita.info<\/p>\n","protected":false},"author":1,"featured_media":4974,"comment_status":"closed","ping_status":"closed","sticky":false,"template":"","format":"standard","meta":{"footnotes":"","_links_to":"","_links_to_target":""},"categories":[108,121,70,9,126,119,23],"tags":[],"class_list":["post-4972","post","type-post","status-publish","format-standard","has-post-thumbnail","hentry","category-blogdiario","category-dc24","category-actualidad","category-america-del-norte","category-dolores-de-la-press","category-guerra","category-politica","entry","double"],"yoast_head":"<!-- This site is optimized with the Yoast SEO plugin v27.4 - https:\/\/yoast.com\/product\/yoast-seo-wordpress\/ -->\n<title>La Energ\u00eda de la Duda - ElCanillita.Info<\/title>\n<meta name=\"robots\" content=\"index, follow, max-snippet:-1, max-image-preview:large, max-video-preview:-1\" \/>\n<link rel=\"canonical\" href=\"https:\/\/elcanillita.info\/press\/2025\/06\/23\/la-energia-de-la-duda\/\" \/>\n<meta property=\"og:locale\" content=\"es_ES\" \/>\n<meta property=\"og:type\" content=\"article\" \/>\n<meta property=\"og:title\" content=\"La Energ\u00eda de la Duda - ElCanillita.Info\" \/>\n<meta property=\"og:description\" content=\"Una nota formal con picard\u00eda diplom\u00e1tica por ElCanillita.info\" \/>\n<meta property=\"og:url\" content=\"https:\/\/elcanillita.info\/press\/2025\/06\/23\/la-energia-de-la-duda\/\" \/>\n<meta property=\"og:site_name\" content=\"ElCanillita.Info\" \/>\n<meta property=\"article:publisher\" content=\"https:\/\/ar-ar.facebook.com\/ElCanillitainfo-114249515285712\/\" \/>\n<meta property=\"article:published_time\" content=\"2025-06-23T10:02:36+00:00\" \/>\n<meta property=\"article:modified_time\" content=\"2025-06-23T10:30:05+00:00\" \/>\n<meta property=\"og:image\" content=\"https:\/\/elcanillita.info\/press\/images\/2025\/06\/moises_40_600.Page_.HHH_.png\" \/>\n\t<meta property=\"og:image:width\" content=\"600\" \/>\n\t<meta property=\"og:image:height\" content=\"400\" \/>\n\t<meta property=\"og:image:type\" content=\"image\/png\" \/>\n<meta name=\"author\" content=\"SalaStampa.eu, world press service\" \/>\n<meta name=\"twitter:card\" content=\"summary_large_image\" \/>\n<meta name=\"twitter:label1\" content=\"Escrito por\" \/>\n\t<meta name=\"twitter:data1\" content=\"SalaStampa.eu, world press service\" \/>\n\t<meta name=\"twitter:label2\" content=\"Tiempo de lectura\" \/>\n\t<meta name=\"twitter:data2\" content=\"3 minutos\" \/>\n<script type=\"application\/ld+json\" class=\"yoast-schema-graph\">{\"@context\":\"https:\\\/\\\/schema.org\",\"@graph\":[{\"@type\":\"Article\",\"@id\":\"https:\\\/\\\/elcanillita.info\\\/press\\\/2025\\\/06\\\/23\\\/la-energia-de-la-duda\\\/#article\",\"isPartOf\":{\"@id\":\"https:\\\/\\\/elcanillita.info\\\/press\\\/2025\\\/06\\\/23\\\/la-energia-de-la-duda\\\/\"},\"author\":{\"name\":\"SalaStampa.eu, world press service\",\"@id\":\"https:\\\/\\\/elcanillita.info\\\/press\\\/#\\\/schema\\\/person\\\/7fcb79f38045700919f7da6d97e71ba0\"},\"headline\":\"La Energ\u00eda de la Duda\",\"datePublished\":\"2025-06-23T10:02:36+00:00\",\"dateModified\":\"2025-06-23T10:30:05+00:00\",\"mainEntityOfPage\":{\"@id\":\"https:\\\/\\\/elcanillita.info\\\/press\\\/2025\\\/06\\\/23\\\/la-energia-de-la-duda\\\/\"},\"wordCount\":515,\"publisher\":{\"@id\":\"https:\\\/\\\/elcanillita.info\\\/press\\\/#organization\"},\"image\":{\"@id\":\"https:\\\/\\\/elcanillita.info\\\/press\\\/2025\\\/06\\\/23\\\/la-energia-de-la-duda\\\/#primaryimage\"},\"thumbnailUrl\":\"https:\\\/\\\/elcanillita.info\\\/press\\\/images\\\/2025\\\/06\\\/moises_40_600.Page_.HHH_.png\",\"articleSection\":[\".\",\".\",\"Actualidad\",\"Am\u00e9rica del Norte\",\"Dolores de La Press\",\"Guerra\",\"Politica\"],\"inLanguage\":\"es-AR\"},{\"@type\":\"WebPage\",\"@id\":\"https:\\\/\\\/elcanillita.info\\\/press\\\/2025\\\/06\\\/23\\\/la-energia-de-la-duda\\\/\",\"url\":\"https:\\\/\\\/elcanillita.info\\\/press\\\/2025\\\/06\\\/23\\\/la-energia-de-la-duda\\\/\",\"name\":\"La Energ\u00eda de la Duda - ElCanillita.Info\",\"isPartOf\":{\"@id\":\"https:\\\/\\\/elcanillita.info\\\/press\\\/#website\"},\"primaryImageOfPage\":{\"@id\":\"https:\\\/\\\/elcanillita.info\\\/press\\\/2025\\\/06\\\/23\\\/la-energia-de-la-duda\\\/#primaryimage\"},\"image\":{\"@id\":\"https:\\\/\\\/elcanillita.info\\\/press\\\/2025\\\/06\\\/23\\\/la-energia-de-la-duda\\\/#primaryimage\"},\"thumbnailUrl\":\"https:\\\/\\\/elcanillita.info\\\/press\\\/images\\\/2025\\\/06\\\/moises_40_600.Page_.HHH_.png\",\"datePublished\":\"2025-06-23T10:02:36+00:00\",\"dateModified\":\"2025-06-23T10:30:05+00:00\",\"inLanguage\":\"es-AR\",\"potentialAction\":[{\"@type\":\"ReadAction\",\"target\":[\"https:\\\/\\\/elcanillita.info\\\/press\\\/2025\\\/06\\\/23\\\/la-energia-de-la-duda\\\/\"]}]},{\"@type\":\"ImageObject\",\"inLanguage\":\"es-AR\",\"@id\":\"https:\\\/\\\/elcanillita.info\\\/press\\\/2025\\\/06\\\/23\\\/la-energia-de-la-duda\\\/#primaryimage\",\"url\":\"https:\\\/\\\/elcanillita.info\\\/press\\\/images\\\/2025\\\/06\\\/moises_40_600.Page_.HHH_.png\",\"contentUrl\":\"https:\\\/\\\/elcanillita.info\\\/press\\\/images\\\/2025\\\/06\\\/moises_40_600.Page_.HHH_.png\",\"width\":600,\"height\":400},{\"@type\":\"WebSite\",\"@id\":\"https:\\\/\\\/elcanillita.info\\\/press\\\/#website\",\"url\":\"https:\\\/\\\/elcanillita.info\\\/press\\\/\",\"name\":\"ElCanillita.Info\",\"description\":\"desde los Apeninos a los Andes\",\"publisher\":{\"@id\":\"https:\\\/\\\/elcanillita.info\\\/press\\\/#organization\"},\"potentialAction\":[{\"@type\":\"SearchAction\",\"target\":{\"@type\":\"EntryPoint\",\"urlTemplate\":\"https:\\\/\\\/elcanillita.info\\\/press\\\/?s={search_term_string}\"},\"query-input\":{\"@type\":\"PropertyValueSpecification\",\"valueRequired\":true,\"valueName\":\"search_term_string\"}}],\"inLanguage\":\"es-AR\"},{\"@type\":\"Organization\",\"@id\":\"https:\\\/\\\/elcanillita.info\\\/press\\\/#organization\",\"name\":\"Guzzo Photos & Graphic Publications\",\"url\":\"https:\\\/\\\/elcanillita.info\\\/press\\\/\",\"logo\":{\"@type\":\"ImageObject\",\"inLanguage\":\"es-AR\",\"@id\":\"https:\\\/\\\/elcanillita.info\\\/press\\\/#\\\/schema\\\/logo\\\/image\\\/\",\"url\":\"https:\\\/\\\/elcanillita.info\\\/press\\\/images\\\/2020\\\/01\\\/cropped-cropped-cropped-elcanillitainfo.png\",\"contentUrl\":\"https:\\\/\\\/elcanillita.info\\\/press\\\/images\\\/2020\\\/01\\\/cropped-cropped-cropped-elcanillitainfo.png\",\"width\":460,\"height\":50,\"caption\":\"Guzzo Photos & Graphic Publications\"},\"image\":{\"@id\":\"https:\\\/\\\/elcanillita.info\\\/press\\\/#\\\/schema\\\/logo\\\/image\\\/\"},\"sameAs\":[\"https:\\\/\\\/ar-ar.facebook.com\\\/ElCanillitainfo-114249515285712\\\/\"]},{\"@type\":\"Person\",\"@id\":\"https:\\\/\\\/elcanillita.info\\\/press\\\/#\\\/schema\\\/person\\\/7fcb79f38045700919f7da6d97e71ba0\",\"name\":\"SalaStampa.eu, world press service\",\"image\":{\"@type\":\"ImageObject\",\"inLanguage\":\"es-AR\",\"@id\":\"https:\\\/\\\/secure.gravatar.com\\\/avatar\\\/c2f0e0d515a107624234994507816ca4724c7199cef73fc8bedebf6931d73888?s=96&d=mm&r=g\",\"url\":\"https:\\\/\\\/secure.gravatar.com\\\/avatar\\\/c2f0e0d515a107624234994507816ca4724c7199cef73fc8bedebf6931d73888?s=96&d=mm&r=g\",\"contentUrl\":\"https:\\\/\\\/secure.gravatar.com\\\/avatar\\\/c2f0e0d515a107624234994507816ca4724c7199cef73fc8bedebf6931d73888?s=96&d=mm&r=g\",\"caption\":\"SalaStampa.eu, world press service\"}}]}<\/script>\n<!-- \/ Yoast SEO plugin. -->","yoast_head_json":{"title":"La Energ\u00eda de la Duda - ElCanillita.Info","robots":{"index":"index","follow":"follow","max-snippet":"max-snippet:-1","max-image-preview":"max-image-preview:large","max-video-preview":"max-video-preview:-1"},"canonical":"https:\/\/elcanillita.info\/press\/2025\/06\/23\/la-energia-de-la-duda\/","og_locale":"es_ES","og_type":"article","og_title":"La Energ\u00eda de la Duda - ElCanillita.Info","og_description":"Una nota formal con picard\u00eda diplom\u00e1tica por ElCanillita.info","og_url":"https:\/\/elcanillita.info\/press\/2025\/06\/23\/la-energia-de-la-duda\/","og_site_name":"ElCanillita.Info","article_publisher":"https:\/\/ar-ar.facebook.com\/ElCanillitainfo-114249515285712\/","article_published_time":"2025-06-23T10:02:36+00:00","article_modified_time":"2025-06-23T10:30:05+00:00","og_image":[{"width":600,"height":400,"url":"https:\/\/elcanillita.info\/press\/images\/2025\/06\/moises_40_600.Page_.HHH_.png","type":"image\/png"}],"author":"SalaStampa.eu, world press service","twitter_card":"summary_large_image","twitter_misc":{"Escrito por":"SalaStampa.eu, world press service","Tiempo de lectura":"3 minutos"},"schema":{"@context":"https:\/\/schema.org","@graph":[{"@type":"Article","@id":"https:\/\/elcanillita.info\/press\/2025\/06\/23\/la-energia-de-la-duda\/#article","isPartOf":{"@id":"https:\/\/elcanillita.info\/press\/2025\/06\/23\/la-energia-de-la-duda\/"},"author":{"name":"SalaStampa.eu, world press service","@id":"https:\/\/elcanillita.info\/press\/#\/schema\/person\/7fcb79f38045700919f7da6d97e71ba0"},"headline":"La Energ\u00eda de la Duda","datePublished":"2025-06-23T10:02:36+00:00","dateModified":"2025-06-23T10:30:05+00:00","mainEntityOfPage":{"@id":"https:\/\/elcanillita.info\/press\/2025\/06\/23\/la-energia-de-la-duda\/"},"wordCount":515,"publisher":{"@id":"https:\/\/elcanillita.info\/press\/#organization"},"image":{"@id":"https:\/\/elcanillita.info\/press\/2025\/06\/23\/la-energia-de-la-duda\/#primaryimage"},"thumbnailUrl":"https:\/\/elcanillita.info\/press\/images\/2025\/06\/moises_40_600.Page_.HHH_.png","articleSection":[".",".","Actualidad","Am\u00e9rica del Norte","Dolores de La Press","Guerra","Politica"],"inLanguage":"es-AR"},{"@type":"WebPage","@id":"https:\/\/elcanillita.info\/press\/2025\/06\/23\/la-energia-de-la-duda\/","url":"https:\/\/elcanillita.info\/press\/2025\/06\/23\/la-energia-de-la-duda\/","name":"La Energ\u00eda de la Duda - ElCanillita.Info","isPartOf":{"@id":"https:\/\/elcanillita.info\/press\/#website"},"primaryImageOfPage":{"@id":"https:\/\/elcanillita.info\/press\/2025\/06\/23\/la-energia-de-la-duda\/#primaryimage"},"image":{"@id":"https:\/\/elcanillita.info\/press\/2025\/06\/23\/la-energia-de-la-duda\/#primaryimage"},"thumbnailUrl":"https:\/\/elcanillita.info\/press\/images\/2025\/06\/moises_40_600.Page_.HHH_.png","datePublished":"2025-06-23T10:02:36+00:00","dateModified":"2025-06-23T10:30:05+00:00","inLanguage":"es-AR","potentialAction":[{"@type":"ReadAction","target":["https:\/\/elcanillita.info\/press\/2025\/06\/23\/la-energia-de-la-duda\/"]}]},{"@type":"ImageObject","inLanguage":"es-AR","@id":"https:\/\/elcanillita.info\/press\/2025\/06\/23\/la-energia-de-la-duda\/#primaryimage","url":"https:\/\/elcanillita.info\/press\/images\/2025\/06\/moises_40_600.Page_.HHH_.png","contentUrl":"https:\/\/elcanillita.info\/press\/images\/2025\/06\/moises_40_600.Page_.HHH_.png","width":600,"height":400},{"@type":"WebSite","@id":"https:\/\/elcanillita.info\/press\/#website","url":"https:\/\/elcanillita.info\/press\/","name":"ElCanillita.Info","description":"desde los Apeninos a los Andes","publisher":{"@id":"https:\/\/elcanillita.info\/press\/#organization"},"potentialAction":[{"@type":"SearchAction","target":{"@type":"EntryPoint","urlTemplate":"https:\/\/elcanillita.info\/press\/?s={search_term_string}"},"query-input":{"@type":"PropertyValueSpecification","valueRequired":true,"valueName":"search_term_string"}}],"inLanguage":"es-AR"},{"@type":"Organization","@id":"https:\/\/elcanillita.info\/press\/#organization","name":"Guzzo Photos & Graphic Publications","url":"https:\/\/elcanillita.info\/press\/","logo":{"@type":"ImageObject","inLanguage":"es-AR","@id":"https:\/\/elcanillita.info\/press\/#\/schema\/logo\/image\/","url":"https:\/\/elcanillita.info\/press\/images\/2020\/01\/cropped-cropped-cropped-elcanillitainfo.png","contentUrl":"https:\/\/elcanillita.info\/press\/images\/2020\/01\/cropped-cropped-cropped-elcanillitainfo.png","width":460,"height":50,"caption":"Guzzo Photos & Graphic Publications"},"image":{"@id":"https:\/\/elcanillita.info\/press\/#\/schema\/logo\/image\/"},"sameAs":["https:\/\/ar-ar.facebook.com\/ElCanillitainfo-114249515285712\/"]},{"@type":"Person","@id":"https:\/\/elcanillita.info\/press\/#\/schema\/person\/7fcb79f38045700919f7da6d97e71ba0","name":"SalaStampa.eu, world press service","image":{"@type":"ImageObject","inLanguage":"es-AR","@id":"https:\/\/secure.gravatar.com\/avatar\/c2f0e0d515a107624234994507816ca4724c7199cef73fc8bedebf6931d73888?s=96&d=mm&r=g","url":"https:\/\/secure.gravatar.com\/avatar\/c2f0e0d515a107624234994507816ca4724c7199cef73fc8bedebf6931d73888?s=96&d=mm&r=g","contentUrl":"https:\/\/secure.gravatar.com\/avatar\/c2f0e0d515a107624234994507816ca4724c7199cef73fc8bedebf6931d73888?s=96&d=mm&r=g","caption":"SalaStampa.eu, world press service"}}]}},"views":303,"_links":{"self":[{"href":"https:\/\/elcanillita.info\/press\/wp-json\/wp\/v2\/posts\/4972","targetHints":{"allow":["GET"]}}],"collection":[{"href":"https:\/\/elcanillita.info\/press\/wp-json\/wp\/v2\/posts"}],"about":[{"href":"https:\/\/elcanillita.info\/press\/wp-json\/wp\/v2\/types\/post"}],"author":[{"embeddable":true,"href":"https:\/\/elcanillita.info\/press\/wp-json\/wp\/v2\/users\/1"}],"replies":[{"embeddable":true,"href":"https:\/\/elcanillita.info\/press\/wp-json\/wp\/v2\/comments?post=4972"}],"version-history":[{"count":0,"href":"https:\/\/elcanillita.info\/press\/wp-json\/wp\/v2\/posts\/4972\/revisions"}],"wp:featuredmedia":[{"embeddable":true,"href":"https:\/\/elcanillita.info\/press\/wp-json\/wp\/v2\/media\/4974"}],"wp:attachment":[{"href":"https:\/\/elcanillita.info\/press\/wp-json\/wp\/v2\/media?parent=4972"}],"wp:term":[{"taxonomy":"category","embeddable":true,"href":"https:\/\/elcanillita.info\/press\/wp-json\/wp\/v2\/categories?post=4972"},{"taxonomy":"post_tag","embeddable":true,"href":"https:\/\/elcanillita.info\/press\/wp-json\/wp\/v2\/tags?post=4972"}],"curies":[{"name":"wp","href":"https:\/\/api.w.org\/{rel}","templated":true}]}}