{"id":497,"date":"2020-02-20T09:00:03","date_gmt":"2020-02-20T12:00:03","guid":{"rendered":"https:\/\/elcanillita.info\/press\/?p=497"},"modified":"2020-02-20T09:00:04","modified_gmt":"2020-02-20T12:00:04","slug":"mejico-aumento-penas-feminicidios-polemica-colectivos","status":"publish","type":"post","link":"https:\/\/elcanillita.info\/press\/2020\/02\/20\/mejico-aumento-penas-feminicidios-polemica-colectivos\/","title":{"rendered":"M\u00e9jico: aumento de penas por feminicidios genera pol\u00e9mica entre colectivos"},"content":{"rendered":"\n<p>Mejico, 20.02.2020 &#8211; Colectivos de mujeres de M\u00e9xico criticaron el mi\u00e9rcoles el aumento de las penas para los feminicidas aprobada por la C\u00e1mara de Diputados en medio de una creciente indignaci\u00f3n por los recientes cr\u00edmenes ocurridos en la capital. Dijeron que la medida es ineficaz y no evitar\u00e1 nuevos asesinatos.<\/p>\n\n\n\n<p>\u201cEs populismo penal que no vale para nada\u201d, afirm\u00f3 la abogada Ver\u00f3nica Cruz, de la organizaci\u00f3n Las Libres, de Guanajuato, en el centro del pa\u00eds, con d\u00e9cadas de experiencia en temas de g\u00e9nero.<\/p>\n\n\n\n<p>El presidente Andr\u00e9s Manuel L\u00f3pez Obrador, sin embargo, asegur\u00f3 que \u201cse est\u00e1 haciendo\u201d todo lo necesario para enfrentar este tipo de cr\u00edmenes.<\/p>\n\n\n\n<p>La decisi\u00f3n de los legisladores se tom\u00f3 d\u00edas despu\u00e9s del brutal asesinato y la exhibici\u00f3n del cuerpo de la joven Ingrid Escamilla y de un nuevo asesinato que impact\u00f3 a los mexicanos, el de F\u00e1tima, una ni\u00f1a de 7 a\u00f1os que fue secuestrada al salir de la escuela y cuyo cuerpo se encontr\u00f3 en una bolsa de pl\u00e1stico.<\/p>\n\n\n\n<p>Distintas organizaciones han insistido en que el problema de los feminicidios es la impunidad y la falta de investigaciones confiables, con lo que de poco sirve contar con condenas mayores si la mayor\u00eda de los responsables no llegan a la c\u00e1rcel o no se les detiene.<\/p>\n\n\n\n<p>\u201cLo fundamental es una investigaci\u00f3n con la debida diligencia\u201d, que haya mejores peritos y que los investigadores entiendan los contextos de violencia familiar y social, subray\u00f3 Mar\u00eda de la Luz Estrada, coordinadora del Observatorio Ciudadano Nacional de Feminicidio, una agrupaci\u00f3n de ONG que trabaja con las autoridades.<\/p>\n\n\n\n<p>El incremento de penas aprobado el martes con 415 votos a favor y uno en contra para subir de 45 a 65 a\u00f1os las condenas por feminicidio &#8211; que revisar\u00e1 el Senado &#8211; tendr\u00eda poco efecto pr\u00e1ctico porque la modificaci\u00f3n afecta al c\u00f3digo penal federal y los feminicidios suelen ser delitos del fuero com\u00fan regidos por leyes estatales.<\/p>\n\n\n\n<p>\u201cS\u00f3lo dan respuesta al tema medi\u00e1tico porque no saben qu\u00e9 hacer\u201d, lament\u00f3 Cruz.<\/p>\n\n\n\n<p>En un comunicado esta semana, el Observatorio denunci\u00f3 la \u201causencia de una pol\u00edtica integral\u201d que garantice una vida libre de violencia para las mujeres y la \u201cfalta de voluntad pol\u00edtica\u201d para atajar un crimen que se ha incrementado un 137.5% en los \u00faltimos cinco a\u00f1os, seg\u00fan cifras oficiales.<\/p>\n\n\n\n<p>Cruz subray\u00f3 la importancia de la presi\u00f3n social porque eso obliga a los gobernantes a actuar. Por ejemplo: la fiscal\u00eda capitalina pidi\u00f3 \u00f3rdenes de captura contra dos personas aparentemente vinculadas al caso de F\u00e1tima, cuando en otros casos pueden pasar a\u00f1os sin que las autoridades ofrezcan siquiera una l\u00ednea de investigaci\u00f3n.<\/p>\n\n\n\n<p>La presi\u00f3n podr\u00eda mantenerse. En redes sociales circulan diversas convocatorias en torno al D\u00eda Internacional de la Mujer el 8 de marzo y otra para que las mexicanas se queden en casa el d\u00eda 9 y haya un d\u00eda sin mujeres en el pa\u00eds.<\/p>\n\n\n\n<p>Los grupos feministas insisten en que la clave es la prevenci\u00f3n y crear pol\u00edticas p\u00fablicas que eviten nuevos asesinatos, as\u00ed como castigar la tentativa de feminicidio y la violencia familiar, sancionar tanto a quien no investigue como a quien revictimice o que se pongan en marcha los protocolos que se han mostrado eficaces.<\/p>\n\n\n\n<p>\u201cNosotras, los movimientos feministas, tambi\u00e9n estamos fallando en la narrativa\u201d, agreg\u00f3 Cruz como autocr\u00edtica porque no solo hay que acreditar un feminicidio, es preciso saber por qu\u00e9 se comete para poder prevenirlo.<\/p>\n\n\n\n<p>Mientras contin\u00faa el debate, siguen las muertes y las palabras de las autoridades prometiendo justicia: el mi\u00e9rcoles las capitalinas hablaban de F\u00e1tima, las de Guerrero de otra ni\u00f1a, Jaqueline, asesinada en Coyuca de Ben\u00edtez y las de Coahuila, en el norte del pa\u00eds, del hallazgo de una beb\u00e9 cuyo cad\u00e1ver se localiz\u00f3 en un terreno bald\u00edo de la ciudad de Saltillo.<br><br>\n<small>2020 voanoticias \u2013 salastampa.eu, afiliada a la red Broadcasting Board of Governors \u00a9 2020 BBG<\/small><\/p>\n\n\n\n<p><\/p>\n","protected":false},"excerpt":{"rendered":"<p>Mejico, 20.02.2020 &#8211; Colectivos de mujeres de M\u00e9xico criticaron el mi\u00e9rcoles el aumento de las penas para los feminicidas aprobada por la C\u00e1mara de Diputados en medio de una creciente indignaci\u00f3n por los recientes cr\u00edmenes ocurridos en la capital. Dijeron que la medida es ineficaz y no evitar\u00e1 nuevos asesinatos.<\/p>\n","protected":false},"author":1,"featured_media":0,"comment_status":"closed","ping_status":"closed","sticky":false,"template":"","format":"standard","meta":{"footnotes":"","_links_to":"","_links_to_target":""},"categories":[70,9,23,25],"tags":[],"class_list":["post-497","post","type-post","status-publish","format-standard","hentry","category-actualidad","category-america-del-norte","category-politica","category-sociedad","entry","double"],"yoast_head":"<!-- This site is optimized with the Yoast SEO plugin v27.5 - https:\/\/yoast.com\/product\/yoast-seo-wordpress\/ -->\n<title>M\u00e9jico: aumento de penas por feminicidios genera pol\u00e9mica entre colectivos - ElCanillita.Info<\/title>\n<meta name=\"robots\" content=\"index, follow, max-snippet:-1, max-image-preview:large, max-video-preview:-1\" \/>\n<link rel=\"canonical\" href=\"https:\/\/elcanillita.info\/press\/2020\/02\/20\/mejico-aumento-penas-feminicidios-polemica-colectivos\/\" \/>\n<meta property=\"og:locale\" content=\"es_ES\" \/>\n<meta property=\"og:type\" content=\"article\" \/>\n<meta property=\"og:title\" content=\"M\u00e9jico: aumento de penas por feminicidios genera pol\u00e9mica entre colectivos - ElCanillita.Info\" \/>\n<meta property=\"og:description\" content=\"Mejico, 20.02.2020 - Colectivos de mujeres de M\u00e9xico criticaron el mi\u00e9rcoles el aumento de las penas para los feminicidas aprobada por la C\u00e1mara de Diputados en medio de una creciente indignaci\u00f3n por los recientes cr\u00edmenes ocurridos en la capital. Dijeron que la medida es ineficaz y no evitar\u00e1 nuevos asesinatos.\" \/>\n<meta property=\"og:url\" content=\"https:\/\/elcanillita.info\/press\/2020\/02\/20\/mejico-aumento-penas-feminicidios-polemica-colectivos\/\" \/>\n<meta property=\"og:site_name\" content=\"ElCanillita.Info\" \/>\n<meta property=\"article:publisher\" content=\"https:\/\/ar-ar.facebook.com\/ElCanillitainfo-114249515285712\/\" \/>\n<meta property=\"article:published_time\" content=\"2020-02-20T12:00:03+00:00\" \/>\n<meta property=\"article:modified_time\" content=\"2020-02-20T12:00:04+00:00\" \/>\n<meta name=\"author\" content=\"SalaStampa.eu, world press service\" \/>\n<meta name=\"twitter:card\" content=\"summary_large_image\" \/>\n<meta name=\"twitter:label1\" content=\"Escrito por\" \/>\n\t<meta name=\"twitter:data1\" content=\"SalaStampa.eu, world press service\" \/>\n\t<meta name=\"twitter:label2\" content=\"Tiempo de lectura\" \/>\n\t<meta name=\"twitter:data2\" content=\"3 minutos\" \/>\n<script type=\"application\/ld+json\" class=\"yoast-schema-graph\">{\"@context\":\"https:\\\/\\\/schema.org\",\"@graph\":[{\"@type\":\"Article\",\"@id\":\"https:\\\/\\\/elcanillita.info\\\/press\\\/2020\\\/02\\\/20\\\/mejico-aumento-penas-feminicidios-polemica-colectivos\\\/#article\",\"isPartOf\":{\"@id\":\"https:\\\/\\\/elcanillita.info\\\/press\\\/2020\\\/02\\\/20\\\/mejico-aumento-penas-feminicidios-polemica-colectivos\\\/\"},\"author\":{\"name\":\"SalaStampa.eu, world press service\",\"@id\":\"https:\\\/\\\/elcanillita.info\\\/press\\\/#\\\/schema\\\/person\\\/7fcb79f38045700919f7da6d97e71ba0\"},\"headline\":\"M\u00e9jico: aumento de penas por feminicidios genera pol\u00e9mica entre colectivos\",\"datePublished\":\"2020-02-20T12:00:03+00:00\",\"dateModified\":\"2020-02-20T12:00:04+00:00\",\"mainEntityOfPage\":{\"@id\":\"https:\\\/\\\/elcanillita.info\\\/press\\\/2020\\\/02\\\/20\\\/mejico-aumento-penas-feminicidios-polemica-colectivos\\\/\"},\"wordCount\":695,\"publisher\":{\"@id\":\"https:\\\/\\\/elcanillita.info\\\/press\\\/#organization\"},\"articleSection\":[\"Actualidad\",\"Am\u00e9rica del Norte\",\"Politica\",\"Sociedad\"],\"inLanguage\":\"es-AR\"},{\"@type\":\"WebPage\",\"@id\":\"https:\\\/\\\/elcanillita.info\\\/press\\\/2020\\\/02\\\/20\\\/mejico-aumento-penas-feminicidios-polemica-colectivos\\\/\",\"url\":\"https:\\\/\\\/elcanillita.info\\\/press\\\/2020\\\/02\\\/20\\\/mejico-aumento-penas-feminicidios-polemica-colectivos\\\/\",\"name\":\"M\u00e9jico: aumento de penas por feminicidios genera pol\u00e9mica entre colectivos - ElCanillita.Info\",\"isPartOf\":{\"@id\":\"https:\\\/\\\/elcanillita.info\\\/press\\\/#website\"},\"datePublished\":\"2020-02-20T12:00:03+00:00\",\"dateModified\":\"2020-02-20T12:00:04+00:00\",\"inLanguage\":\"es-AR\",\"potentialAction\":[{\"@type\":\"ReadAction\",\"target\":[\"https:\\\/\\\/elcanillita.info\\\/press\\\/2020\\\/02\\\/20\\\/mejico-aumento-penas-feminicidios-polemica-colectivos\\\/\"]}]},{\"@type\":\"WebSite\",\"@id\":\"https:\\\/\\\/elcanillita.info\\\/press\\\/#website\",\"url\":\"https:\\\/\\\/elcanillita.info\\\/press\\\/\",\"name\":\"ElCanillita.Info\",\"description\":\"desde los Apeninos a los Andes\",\"publisher\":{\"@id\":\"https:\\\/\\\/elcanillita.info\\\/press\\\/#organization\"},\"potentialAction\":[{\"@type\":\"SearchAction\",\"target\":{\"@type\":\"EntryPoint\",\"urlTemplate\":\"https:\\\/\\\/elcanillita.info\\\/press\\\/?s={search_term_string}\"},\"query-input\":{\"@type\":\"PropertyValueSpecification\",\"valueRequired\":true,\"valueName\":\"search_term_string\"}}],\"inLanguage\":\"es-AR\"},{\"@type\":\"Organization\",\"@id\":\"https:\\\/\\\/elcanillita.info\\\/press\\\/#organization\",\"name\":\"Guzzo Photos & Graphic Publications\",\"url\":\"https:\\\/\\\/elcanillita.info\\\/press\\\/\",\"logo\":{\"@type\":\"ImageObject\",\"inLanguage\":\"es-AR\",\"@id\":\"https:\\\/\\\/elcanillita.info\\\/press\\\/#\\\/schema\\\/logo\\\/image\\\/\",\"url\":\"https:\\\/\\\/elcanillita.info\\\/press\\\/images\\\/2020\\\/01\\\/cropped-cropped-cropped-elcanillitainfo.png\",\"contentUrl\":\"https:\\\/\\\/elcanillita.info\\\/press\\\/images\\\/2020\\\/01\\\/cropped-cropped-cropped-elcanillitainfo.png\",\"width\":460,\"height\":50,\"caption\":\"Guzzo Photos & Graphic Publications\"},\"image\":{\"@id\":\"https:\\\/\\\/elcanillita.info\\\/press\\\/#\\\/schema\\\/logo\\\/image\\\/\"},\"sameAs\":[\"https:\\\/\\\/ar-ar.facebook.com\\\/ElCanillitainfo-114249515285712\\\/\"]},{\"@type\":\"Person\",\"@id\":\"https:\\\/\\\/elcanillita.info\\\/press\\\/#\\\/schema\\\/person\\\/7fcb79f38045700919f7da6d97e71ba0\",\"name\":\"SalaStampa.eu, world press service\",\"image\":{\"@type\":\"ImageObject\",\"inLanguage\":\"es-AR\",\"@id\":\"https:\\\/\\\/secure.gravatar.com\\\/avatar\\\/c2f0e0d515a107624234994507816ca4724c7199cef73fc8bedebf6931d73888?s=96&d=mm&r=g\",\"url\":\"https:\\\/\\\/secure.gravatar.com\\\/avatar\\\/c2f0e0d515a107624234994507816ca4724c7199cef73fc8bedebf6931d73888?s=96&d=mm&r=g\",\"contentUrl\":\"https:\\\/\\\/secure.gravatar.com\\\/avatar\\\/c2f0e0d515a107624234994507816ca4724c7199cef73fc8bedebf6931d73888?s=96&d=mm&r=g\",\"caption\":\"SalaStampa.eu, world press service\"}}]}<\/script>\n<!-- \/ Yoast SEO plugin. -->","yoast_head_json":{"title":"M\u00e9jico: aumento de penas por feminicidios genera pol\u00e9mica entre colectivos - ElCanillita.Info","robots":{"index":"index","follow":"follow","max-snippet":"max-snippet:-1","max-image-preview":"max-image-preview:large","max-video-preview":"max-video-preview:-1"},"canonical":"https:\/\/elcanillita.info\/press\/2020\/02\/20\/mejico-aumento-penas-feminicidios-polemica-colectivos\/","og_locale":"es_ES","og_type":"article","og_title":"M\u00e9jico: aumento de penas por feminicidios genera pol\u00e9mica entre colectivos - ElCanillita.Info","og_description":"Mejico, 20.02.2020 - Colectivos de mujeres de M\u00e9xico criticaron el mi\u00e9rcoles el aumento de las penas para los feminicidas aprobada por la C\u00e1mara de Diputados en medio de una creciente indignaci\u00f3n por los recientes cr\u00edmenes ocurridos en la capital. Dijeron que la medida es ineficaz y no evitar\u00e1 nuevos asesinatos.","og_url":"https:\/\/elcanillita.info\/press\/2020\/02\/20\/mejico-aumento-penas-feminicidios-polemica-colectivos\/","og_site_name":"ElCanillita.Info","article_publisher":"https:\/\/ar-ar.facebook.com\/ElCanillitainfo-114249515285712\/","article_published_time":"2020-02-20T12:00:03+00:00","article_modified_time":"2020-02-20T12:00:04+00:00","author":"SalaStampa.eu, world press service","twitter_card":"summary_large_image","twitter_misc":{"Escrito por":"SalaStampa.eu, world press service","Tiempo de lectura":"3 minutos"},"schema":{"@context":"https:\/\/schema.org","@graph":[{"@type":"Article","@id":"https:\/\/elcanillita.info\/press\/2020\/02\/20\/mejico-aumento-penas-feminicidios-polemica-colectivos\/#article","isPartOf":{"@id":"https:\/\/elcanillita.info\/press\/2020\/02\/20\/mejico-aumento-penas-feminicidios-polemica-colectivos\/"},"author":{"name":"SalaStampa.eu, world press service","@id":"https:\/\/elcanillita.info\/press\/#\/schema\/person\/7fcb79f38045700919f7da6d97e71ba0"},"headline":"M\u00e9jico: aumento de penas por feminicidios genera pol\u00e9mica entre colectivos","datePublished":"2020-02-20T12:00:03+00:00","dateModified":"2020-02-20T12:00:04+00:00","mainEntityOfPage":{"@id":"https:\/\/elcanillita.info\/press\/2020\/02\/20\/mejico-aumento-penas-feminicidios-polemica-colectivos\/"},"wordCount":695,"publisher":{"@id":"https:\/\/elcanillita.info\/press\/#organization"},"articleSection":["Actualidad","Am\u00e9rica del Norte","Politica","Sociedad"],"inLanguage":"es-AR"},{"@type":"WebPage","@id":"https:\/\/elcanillita.info\/press\/2020\/02\/20\/mejico-aumento-penas-feminicidios-polemica-colectivos\/","url":"https:\/\/elcanillita.info\/press\/2020\/02\/20\/mejico-aumento-penas-feminicidios-polemica-colectivos\/","name":"M\u00e9jico: aumento de penas por feminicidios genera pol\u00e9mica entre colectivos - ElCanillita.Info","isPartOf":{"@id":"https:\/\/elcanillita.info\/press\/#website"},"datePublished":"2020-02-20T12:00:03+00:00","dateModified":"2020-02-20T12:00:04+00:00","inLanguage":"es-AR","potentialAction":[{"@type":"ReadAction","target":["https:\/\/elcanillita.info\/press\/2020\/02\/20\/mejico-aumento-penas-feminicidios-polemica-colectivos\/"]}]},{"@type":"WebSite","@id":"https:\/\/elcanillita.info\/press\/#website","url":"https:\/\/elcanillita.info\/press\/","name":"ElCanillita.Info","description":"desde los Apeninos a los Andes","publisher":{"@id":"https:\/\/elcanillita.info\/press\/#organization"},"potentialAction":[{"@type":"SearchAction","target":{"@type":"EntryPoint","urlTemplate":"https:\/\/elcanillita.info\/press\/?s={search_term_string}"},"query-input":{"@type":"PropertyValueSpecification","valueRequired":true,"valueName":"search_term_string"}}],"inLanguage":"es-AR"},{"@type":"Organization","@id":"https:\/\/elcanillita.info\/press\/#organization","name":"Guzzo Photos & Graphic Publications","url":"https:\/\/elcanillita.info\/press\/","logo":{"@type":"ImageObject","inLanguage":"es-AR","@id":"https:\/\/elcanillita.info\/press\/#\/schema\/logo\/image\/","url":"https:\/\/elcanillita.info\/press\/images\/2020\/01\/cropped-cropped-cropped-elcanillitainfo.png","contentUrl":"https:\/\/elcanillita.info\/press\/images\/2020\/01\/cropped-cropped-cropped-elcanillitainfo.png","width":460,"height":50,"caption":"Guzzo Photos & Graphic Publications"},"image":{"@id":"https:\/\/elcanillita.info\/press\/#\/schema\/logo\/image\/"},"sameAs":["https:\/\/ar-ar.facebook.com\/ElCanillitainfo-114249515285712\/"]},{"@type":"Person","@id":"https:\/\/elcanillita.info\/press\/#\/schema\/person\/7fcb79f38045700919f7da6d97e71ba0","name":"SalaStampa.eu, world press service","image":{"@type":"ImageObject","inLanguage":"es-AR","@id":"https:\/\/secure.gravatar.com\/avatar\/c2f0e0d515a107624234994507816ca4724c7199cef73fc8bedebf6931d73888?s=96&d=mm&r=g","url":"https:\/\/secure.gravatar.com\/avatar\/c2f0e0d515a107624234994507816ca4724c7199cef73fc8bedebf6931d73888?s=96&d=mm&r=g","contentUrl":"https:\/\/secure.gravatar.com\/avatar\/c2f0e0d515a107624234994507816ca4724c7199cef73fc8bedebf6931d73888?s=96&d=mm&r=g","caption":"SalaStampa.eu, world press service"}}]}},"views":567,"_links":{"self":[{"href":"https:\/\/elcanillita.info\/press\/wp-json\/wp\/v2\/posts\/497","targetHints":{"allow":["GET"]}}],"collection":[{"href":"https:\/\/elcanillita.info\/press\/wp-json\/wp\/v2\/posts"}],"about":[{"href":"https:\/\/elcanillita.info\/press\/wp-json\/wp\/v2\/types\/post"}],"author":[{"embeddable":true,"href":"https:\/\/elcanillita.info\/press\/wp-json\/wp\/v2\/users\/1"}],"replies":[{"embeddable":true,"href":"https:\/\/elcanillita.info\/press\/wp-json\/wp\/v2\/comments?post=497"}],"version-history":[{"count":0,"href":"https:\/\/elcanillita.info\/press\/wp-json\/wp\/v2\/posts\/497\/revisions"}],"wp:attachment":[{"href":"https:\/\/elcanillita.info\/press\/wp-json\/wp\/v2\/media?parent=497"}],"wp:term":[{"taxonomy":"category","embeddable":true,"href":"https:\/\/elcanillita.info\/press\/wp-json\/wp\/v2\/categories?post=497"},{"taxonomy":"post_tag","embeddable":true,"href":"https:\/\/elcanillita.info\/press\/wp-json\/wp\/v2\/tags?post=497"}],"curies":[{"name":"wp","href":"https:\/\/api.w.org\/{rel}","templated":true}]}}