{"id":4966,"date":"2025-06-22T15:54:30","date_gmt":"2025-06-22T18:54:30","guid":{"rendered":"https:\/\/elcanillita.info\/press\/?p=4966"},"modified":"2025-06-22T16:00:39","modified_gmt":"2025-06-22T19:00:39","slug":"cuentos-derechos-y-realidades-que-no-muerden","status":"publish","type":"post","link":"https:\/\/elcanillita.info\/press\/2025\/06\/22\/cuentos-derechos-y-realidades-que-no-muerden\/","title":{"rendered":"Cuentos, derechos y realidades que no muerden"},"content":{"rendered":"\n<figure class=\"wp-block-image size-large\"><img loading=\"lazy\" decoding=\"async\" width=\"1024\" height=\"682\" src=\"https:\/\/elcanillita.info\/press\/images\/2025\/06\/a871a011-57a9-439e-bf75-515c7893f54f-1-1024x682.jpg\" alt=\"\" class=\"wp-image-4967\" srcset=\"https:\/\/elcanillita.info\/press\/images\/2025\/06\/a871a011-57a9-439e-bf75-515c7893f54f-1-1024x682.jpg 1024w, https:\/\/elcanillita.info\/press\/images\/2025\/06\/a871a011-57a9-439e-bf75-515c7893f54f-1-300x200.jpg 300w, https:\/\/elcanillita.info\/press\/images\/2025\/06\/a871a011-57a9-439e-bf75-515c7893f54f-1-768x512.jpg 768w, https:\/\/elcanillita.info\/press\/images\/2025\/06\/a871a011-57a9-439e-bf75-515c7893f54f-1-1536x1023.jpg 1536w, https:\/\/elcanillita.info\/press\/images\/2025\/06\/a871a011-57a9-439e-bf75-515c7893f54f-1.jpg 1600w\" sizes=\"auto, (max-width: 1024px) 100vw, 1024px\" \/><\/figure>\n\n\n\n<p><strong>ElCanillita.info<\/strong>, 22\/06\/2025<\/p>\n\n\n\n<p class=\"p1\">Estimada Pecas<\/p>\n\n\n\n<p class=\"p1\">Gracias por tu mensaje. Se lee con gusto, y sobre todo con ese tono que uno reconoce enseguida: el de quien piensa con libertad, aunque el mundo venga apurado y autom\u00e1tico.<\/p>\n\n\n\n<p class=\"p1\">Es cierto, SADAIC es para m\u00fasicos, la Direcci\u00f3n de Derechos de Autor sirve para registrar textos, y Amazon se ha vuelto el nuevo mercado persa donde uno sube su alma\u2026 y espera likes.<\/p>\n\n\n\n<p class=\"p1\">Pero tambi\u00e9n es cierto que no todo lo que se escribe necesita pasaporte ni pasarela. A veces basta con existir, ser le\u00eddo por alguien que no nos debe nada, y provocar una ceja levantada o una sonrisa tard\u00eda.<\/p>\n\n\n\n<p class=\"p1\">Nos gust\u00f3 tu frase: \u201cNo s\u00e9 si quiero que lleguen a alg\u00fan lado.\u201d<\/p>\n\n\n\n<p class=\"p1\">Y la celebramos. Porque no todo lo que vale tiene que volverse producto, ni todo lo que se imprime se convierte en lectura.<\/p>\n\n\n\n<p class=\"p1\">Ac\u00e1, desde esta redacci\u00f3n, creemos que el 0,2% se publica\u2026 pero el 99,8% tiene algo para decir.<\/p>\n\n\n\n<p class=\"p1\">Y por eso abrimos el espacio \u201cVoces en Germinaci\u00f3n\u201d: para dar lugar a esos relatos que no se gritan, pero resuenan.<\/p>\n\n\n\n<p class=\"p1\">No prometemos m\u00e1s que eso: un gesto.<\/p>\n\n\n\n<p class=\"p1\">Una rese\u00f1a, si lo dese\u00e1s. Un rinc\u00f3n sin marketing, pero con lectores de verdad.<\/p>\n\n\n\n<p class=\"p1\">Con afecto editorial y una pizca de iron\u00eda consentida,<\/p>\n\n\n\n<p class=\"p1\">Redacci\u00f3n \u2013 BlogDiario.info<\/p>\n\n\n\n<p><\/p>\n\n\n\n<p><\/p>\n","protected":false},"excerpt":{"rendered":"<p>ElCanillita.info, 22\/06\/2025 Estimada Pecas Gracias por tu mensaje. Se lee con gusto, y sobre todo con ese tono que uno reconoce enseguida: el de quien&#8230;<\/p>\n","protected":false},"author":1,"featured_media":4968,"comment_status":"closed","ping_status":"closed","sticky":false,"template":"","format":"standard","meta":{"footnotes":"","_links_to":"","_links_to_target":""},"categories":[1,88],"tags":[],"class_list":["post-4966","post","type-post","status-publish","format-standard","has-post-thumbnail","hentry","category-archivo","category-despunte-noticias","entry","double"],"yoast_head":"<!-- This site is optimized with the Yoast SEO plugin v27.4 - https:\/\/yoast.com\/product\/yoast-seo-wordpress\/ -->\n<title>Cuentos, derechos y realidades que no muerden - ElCanillita.Info<\/title>\n<meta name=\"robots\" content=\"index, follow, max-snippet:-1, max-image-preview:large, max-video-preview:-1\" \/>\n<link rel=\"canonical\" href=\"https:\/\/elcanillita.info\/press\/2025\/06\/22\/cuentos-derechos-y-realidades-que-no-muerden\/\" \/>\n<meta property=\"og:locale\" content=\"es_ES\" \/>\n<meta property=\"og:type\" content=\"article\" \/>\n<meta property=\"og:title\" content=\"Cuentos, derechos y realidades que no muerden - ElCanillita.Info\" \/>\n<meta property=\"og:description\" content=\"ElCanillita.info, 22\/06\/2025 Estimada Pecas Gracias por tu mensaje. Se lee con gusto, y sobre todo con ese tono que uno reconoce enseguida: el de quien&#8230;\" \/>\n<meta property=\"og:url\" content=\"https:\/\/elcanillita.info\/press\/2025\/06\/22\/cuentos-derechos-y-realidades-que-no-muerden\/\" \/>\n<meta property=\"og:site_name\" content=\"ElCanillita.Info\" \/>\n<meta property=\"article:publisher\" content=\"https:\/\/ar-ar.facebook.com\/ElCanillitainfo-114249515285712\/\" \/>\n<meta property=\"article:published_time\" content=\"2025-06-22T18:54:30+00:00\" \/>\n<meta property=\"article:modified_time\" content=\"2025-06-22T19:00:39+00:00\" \/>\n<meta property=\"og:image\" content=\"https:\/\/elcanillita.info\/press\/images\/2025\/06\/a871a011-57a9-439e-bf75-515c7893f54f-2-1.jpg\" \/>\n\t<meta property=\"og:image:width\" content=\"1600\" \/>\n\t<meta property=\"og:image:height\" content=\"1066\" \/>\n\t<meta property=\"og:image:type\" content=\"image\/jpeg\" \/>\n<meta name=\"author\" content=\"SalaStampa.eu, world press service\" \/>\n<meta name=\"twitter:card\" content=\"summary_large_image\" \/>\n<meta name=\"twitter:label1\" content=\"Escrito por\" \/>\n\t<meta name=\"twitter:data1\" content=\"SalaStampa.eu, world press service\" \/>\n\t<meta name=\"twitter:label2\" content=\"Tiempo de lectura\" \/>\n\t<meta name=\"twitter:data2\" content=\"1 minuto\" \/>\n<script type=\"application\/ld+json\" class=\"yoast-schema-graph\">{\"@context\":\"https:\\\/\\\/schema.org\",\"@graph\":[{\"@type\":\"Article\",\"@id\":\"https:\\\/\\\/elcanillita.info\\\/press\\\/2025\\\/06\\\/22\\\/cuentos-derechos-y-realidades-que-no-muerden\\\/#article\",\"isPartOf\":{\"@id\":\"https:\\\/\\\/elcanillita.info\\\/press\\\/2025\\\/06\\\/22\\\/cuentos-derechos-y-realidades-que-no-muerden\\\/\"},\"author\":{\"name\":\"SalaStampa.eu, world press service\",\"@id\":\"https:\\\/\\\/elcanillita.info\\\/press\\\/#\\\/schema\\\/person\\\/7fcb79f38045700919f7da6d97e71ba0\"},\"headline\":\"Cuentos, derechos y realidades que no muerden\",\"datePublished\":\"2025-06-22T18:54:30+00:00\",\"dateModified\":\"2025-06-22T19:00:39+00:00\",\"mainEntityOfPage\":{\"@id\":\"https:\\\/\\\/elcanillita.info\\\/press\\\/2025\\\/06\\\/22\\\/cuentos-derechos-y-realidades-que-no-muerden\\\/\"},\"wordCount\":233,\"publisher\":{\"@id\":\"https:\\\/\\\/elcanillita.info\\\/press\\\/#organization\"},\"image\":{\"@id\":\"https:\\\/\\\/elcanillita.info\\\/press\\\/2025\\\/06\\\/22\\\/cuentos-derechos-y-realidades-que-no-muerden\\\/#primaryimage\"},\"thumbnailUrl\":\"https:\\\/\\\/elcanillita.info\\\/press\\\/images\\\/2025\\\/06\\\/a871a011-57a9-439e-bf75-515c7893f54f-2-1.jpg\",\"articleSection\":[\"Archivo\",\"despunte-noticias\"],\"inLanguage\":\"es-AR\"},{\"@type\":\"WebPage\",\"@id\":\"https:\\\/\\\/elcanillita.info\\\/press\\\/2025\\\/06\\\/22\\\/cuentos-derechos-y-realidades-que-no-muerden\\\/\",\"url\":\"https:\\\/\\\/elcanillita.info\\\/press\\\/2025\\\/06\\\/22\\\/cuentos-derechos-y-realidades-que-no-muerden\\\/\",\"name\":\"Cuentos, derechos y realidades que no muerden - ElCanillita.Info\",\"isPartOf\":{\"@id\":\"https:\\\/\\\/elcanillita.info\\\/press\\\/#website\"},\"primaryImageOfPage\":{\"@id\":\"https:\\\/\\\/elcanillita.info\\\/press\\\/2025\\\/06\\\/22\\\/cuentos-derechos-y-realidades-que-no-muerden\\\/#primaryimage\"},\"image\":{\"@id\":\"https:\\\/\\\/elcanillita.info\\\/press\\\/2025\\\/06\\\/22\\\/cuentos-derechos-y-realidades-que-no-muerden\\\/#primaryimage\"},\"thumbnailUrl\":\"https:\\\/\\\/elcanillita.info\\\/press\\\/images\\\/2025\\\/06\\\/a871a011-57a9-439e-bf75-515c7893f54f-2-1.jpg\",\"datePublished\":\"2025-06-22T18:54:30+00:00\",\"dateModified\":\"2025-06-22T19:00:39+00:00\",\"inLanguage\":\"es-AR\",\"potentialAction\":[{\"@type\":\"ReadAction\",\"target\":[\"https:\\\/\\\/elcanillita.info\\\/press\\\/2025\\\/06\\\/22\\\/cuentos-derechos-y-realidades-que-no-muerden\\\/\"]}]},{\"@type\":\"ImageObject\",\"inLanguage\":\"es-AR\",\"@id\":\"https:\\\/\\\/elcanillita.info\\\/press\\\/2025\\\/06\\\/22\\\/cuentos-derechos-y-realidades-que-no-muerden\\\/#primaryimage\",\"url\":\"https:\\\/\\\/elcanillita.info\\\/press\\\/images\\\/2025\\\/06\\\/a871a011-57a9-439e-bf75-515c7893f54f-2-1.jpg\",\"contentUrl\":\"https:\\\/\\\/elcanillita.info\\\/press\\\/images\\\/2025\\\/06\\\/a871a011-57a9-439e-bf75-515c7893f54f-2-1.jpg\",\"width\":1600,\"height\":1066},{\"@type\":\"WebSite\",\"@id\":\"https:\\\/\\\/elcanillita.info\\\/press\\\/#website\",\"url\":\"https:\\\/\\\/elcanillita.info\\\/press\\\/\",\"name\":\"ElCanillita.Info\",\"description\":\"desde los Apeninos a los Andes\",\"publisher\":{\"@id\":\"https:\\\/\\\/elcanillita.info\\\/press\\\/#organization\"},\"potentialAction\":[{\"@type\":\"SearchAction\",\"target\":{\"@type\":\"EntryPoint\",\"urlTemplate\":\"https:\\\/\\\/elcanillita.info\\\/press\\\/?s={search_term_string}\"},\"query-input\":{\"@type\":\"PropertyValueSpecification\",\"valueRequired\":true,\"valueName\":\"search_term_string\"}}],\"inLanguage\":\"es-AR\"},{\"@type\":\"Organization\",\"@id\":\"https:\\\/\\\/elcanillita.info\\\/press\\\/#organization\",\"name\":\"Guzzo Photos & Graphic Publications\",\"url\":\"https:\\\/\\\/elcanillita.info\\\/press\\\/\",\"logo\":{\"@type\":\"ImageObject\",\"inLanguage\":\"es-AR\",\"@id\":\"https:\\\/\\\/elcanillita.info\\\/press\\\/#\\\/schema\\\/logo\\\/image\\\/\",\"url\":\"https:\\\/\\\/elcanillita.info\\\/press\\\/images\\\/2020\\\/01\\\/cropped-cropped-cropped-elcanillitainfo.png\",\"contentUrl\":\"https:\\\/\\\/elcanillita.info\\\/press\\\/images\\\/2020\\\/01\\\/cropped-cropped-cropped-elcanillitainfo.png\",\"width\":460,\"height\":50,\"caption\":\"Guzzo Photos & Graphic Publications\"},\"image\":{\"@id\":\"https:\\\/\\\/elcanillita.info\\\/press\\\/#\\\/schema\\\/logo\\\/image\\\/\"},\"sameAs\":[\"https:\\\/\\\/ar-ar.facebook.com\\\/ElCanillitainfo-114249515285712\\\/\"]},{\"@type\":\"Person\",\"@id\":\"https:\\\/\\\/elcanillita.info\\\/press\\\/#\\\/schema\\\/person\\\/7fcb79f38045700919f7da6d97e71ba0\",\"name\":\"SalaStampa.eu, world press service\",\"image\":{\"@type\":\"ImageObject\",\"inLanguage\":\"es-AR\",\"@id\":\"https:\\\/\\\/secure.gravatar.com\\\/avatar\\\/c2f0e0d515a107624234994507816ca4724c7199cef73fc8bedebf6931d73888?s=96&d=mm&r=g\",\"url\":\"https:\\\/\\\/secure.gravatar.com\\\/avatar\\\/c2f0e0d515a107624234994507816ca4724c7199cef73fc8bedebf6931d73888?s=96&d=mm&r=g\",\"contentUrl\":\"https:\\\/\\\/secure.gravatar.com\\\/avatar\\\/c2f0e0d515a107624234994507816ca4724c7199cef73fc8bedebf6931d73888?s=96&d=mm&r=g\",\"caption\":\"SalaStampa.eu, world press service\"}}]}<\/script>\n<!-- \/ Yoast SEO plugin. -->","yoast_head_json":{"title":"Cuentos, derechos y realidades que no muerden - ElCanillita.Info","robots":{"index":"index","follow":"follow","max-snippet":"max-snippet:-1","max-image-preview":"max-image-preview:large","max-video-preview":"max-video-preview:-1"},"canonical":"https:\/\/elcanillita.info\/press\/2025\/06\/22\/cuentos-derechos-y-realidades-que-no-muerden\/","og_locale":"es_ES","og_type":"article","og_title":"Cuentos, derechos y realidades que no muerden - ElCanillita.Info","og_description":"ElCanillita.info, 22\/06\/2025 Estimada Pecas Gracias por tu mensaje. Se lee con gusto, y sobre todo con ese tono que uno reconoce enseguida: el de quien&#8230;","og_url":"https:\/\/elcanillita.info\/press\/2025\/06\/22\/cuentos-derechos-y-realidades-que-no-muerden\/","og_site_name":"ElCanillita.Info","article_publisher":"https:\/\/ar-ar.facebook.com\/ElCanillitainfo-114249515285712\/","article_published_time":"2025-06-22T18:54:30+00:00","article_modified_time":"2025-06-22T19:00:39+00:00","og_image":[{"width":1600,"height":1066,"url":"https:\/\/elcanillita.info\/press\/images\/2025\/06\/a871a011-57a9-439e-bf75-515c7893f54f-2-1.jpg","type":"image\/jpeg"}],"author":"SalaStampa.eu, world press service","twitter_card":"summary_large_image","twitter_misc":{"Escrito por":"SalaStampa.eu, world press service","Tiempo de lectura":"1 minuto"},"schema":{"@context":"https:\/\/schema.org","@graph":[{"@type":"Article","@id":"https:\/\/elcanillita.info\/press\/2025\/06\/22\/cuentos-derechos-y-realidades-que-no-muerden\/#article","isPartOf":{"@id":"https:\/\/elcanillita.info\/press\/2025\/06\/22\/cuentos-derechos-y-realidades-que-no-muerden\/"},"author":{"name":"SalaStampa.eu, world press service","@id":"https:\/\/elcanillita.info\/press\/#\/schema\/person\/7fcb79f38045700919f7da6d97e71ba0"},"headline":"Cuentos, derechos y realidades que no muerden","datePublished":"2025-06-22T18:54:30+00:00","dateModified":"2025-06-22T19:00:39+00:00","mainEntityOfPage":{"@id":"https:\/\/elcanillita.info\/press\/2025\/06\/22\/cuentos-derechos-y-realidades-que-no-muerden\/"},"wordCount":233,"publisher":{"@id":"https:\/\/elcanillita.info\/press\/#organization"},"image":{"@id":"https:\/\/elcanillita.info\/press\/2025\/06\/22\/cuentos-derechos-y-realidades-que-no-muerden\/#primaryimage"},"thumbnailUrl":"https:\/\/elcanillita.info\/press\/images\/2025\/06\/a871a011-57a9-439e-bf75-515c7893f54f-2-1.jpg","articleSection":["Archivo","despunte-noticias"],"inLanguage":"es-AR"},{"@type":"WebPage","@id":"https:\/\/elcanillita.info\/press\/2025\/06\/22\/cuentos-derechos-y-realidades-que-no-muerden\/","url":"https:\/\/elcanillita.info\/press\/2025\/06\/22\/cuentos-derechos-y-realidades-que-no-muerden\/","name":"Cuentos, derechos y realidades que no muerden - ElCanillita.Info","isPartOf":{"@id":"https:\/\/elcanillita.info\/press\/#website"},"primaryImageOfPage":{"@id":"https:\/\/elcanillita.info\/press\/2025\/06\/22\/cuentos-derechos-y-realidades-que-no-muerden\/#primaryimage"},"image":{"@id":"https:\/\/elcanillita.info\/press\/2025\/06\/22\/cuentos-derechos-y-realidades-que-no-muerden\/#primaryimage"},"thumbnailUrl":"https:\/\/elcanillita.info\/press\/images\/2025\/06\/a871a011-57a9-439e-bf75-515c7893f54f-2-1.jpg","datePublished":"2025-06-22T18:54:30+00:00","dateModified":"2025-06-22T19:00:39+00:00","inLanguage":"es-AR","potentialAction":[{"@type":"ReadAction","target":["https:\/\/elcanillita.info\/press\/2025\/06\/22\/cuentos-derechos-y-realidades-que-no-muerden\/"]}]},{"@type":"ImageObject","inLanguage":"es-AR","@id":"https:\/\/elcanillita.info\/press\/2025\/06\/22\/cuentos-derechos-y-realidades-que-no-muerden\/#primaryimage","url":"https:\/\/elcanillita.info\/press\/images\/2025\/06\/a871a011-57a9-439e-bf75-515c7893f54f-2-1.jpg","contentUrl":"https:\/\/elcanillita.info\/press\/images\/2025\/06\/a871a011-57a9-439e-bf75-515c7893f54f-2-1.jpg","width":1600,"height":1066},{"@type":"WebSite","@id":"https:\/\/elcanillita.info\/press\/#website","url":"https:\/\/elcanillita.info\/press\/","name":"ElCanillita.Info","description":"desde los Apeninos a los Andes","publisher":{"@id":"https:\/\/elcanillita.info\/press\/#organization"},"potentialAction":[{"@type":"SearchAction","target":{"@type":"EntryPoint","urlTemplate":"https:\/\/elcanillita.info\/press\/?s={search_term_string}"},"query-input":{"@type":"PropertyValueSpecification","valueRequired":true,"valueName":"search_term_string"}}],"inLanguage":"es-AR"},{"@type":"Organization","@id":"https:\/\/elcanillita.info\/press\/#organization","name":"Guzzo Photos & Graphic Publications","url":"https:\/\/elcanillita.info\/press\/","logo":{"@type":"ImageObject","inLanguage":"es-AR","@id":"https:\/\/elcanillita.info\/press\/#\/schema\/logo\/image\/","url":"https:\/\/elcanillita.info\/press\/images\/2020\/01\/cropped-cropped-cropped-elcanillitainfo.png","contentUrl":"https:\/\/elcanillita.info\/press\/images\/2020\/01\/cropped-cropped-cropped-elcanillitainfo.png","width":460,"height":50,"caption":"Guzzo Photos & Graphic Publications"},"image":{"@id":"https:\/\/elcanillita.info\/press\/#\/schema\/logo\/image\/"},"sameAs":["https:\/\/ar-ar.facebook.com\/ElCanillitainfo-114249515285712\/"]},{"@type":"Person","@id":"https:\/\/elcanillita.info\/press\/#\/schema\/person\/7fcb79f38045700919f7da6d97e71ba0","name":"SalaStampa.eu, world press service","image":{"@type":"ImageObject","inLanguage":"es-AR","@id":"https:\/\/secure.gravatar.com\/avatar\/c2f0e0d515a107624234994507816ca4724c7199cef73fc8bedebf6931d73888?s=96&d=mm&r=g","url":"https:\/\/secure.gravatar.com\/avatar\/c2f0e0d515a107624234994507816ca4724c7199cef73fc8bedebf6931d73888?s=96&d=mm&r=g","contentUrl":"https:\/\/secure.gravatar.com\/avatar\/c2f0e0d515a107624234994507816ca4724c7199cef73fc8bedebf6931d73888?s=96&d=mm&r=g","caption":"SalaStampa.eu, world press service"}}]}},"views":153,"_links":{"self":[{"href":"https:\/\/elcanillita.info\/press\/wp-json\/wp\/v2\/posts\/4966","targetHints":{"allow":["GET"]}}],"collection":[{"href":"https:\/\/elcanillita.info\/press\/wp-json\/wp\/v2\/posts"}],"about":[{"href":"https:\/\/elcanillita.info\/press\/wp-json\/wp\/v2\/types\/post"}],"author":[{"embeddable":true,"href":"https:\/\/elcanillita.info\/press\/wp-json\/wp\/v2\/users\/1"}],"replies":[{"embeddable":true,"href":"https:\/\/elcanillita.info\/press\/wp-json\/wp\/v2\/comments?post=4966"}],"version-history":[{"count":0,"href":"https:\/\/elcanillita.info\/press\/wp-json\/wp\/v2\/posts\/4966\/revisions"}],"wp:featuredmedia":[{"embeddable":true,"href":"https:\/\/elcanillita.info\/press\/wp-json\/wp\/v2\/media\/4968"}],"wp:attachment":[{"href":"https:\/\/elcanillita.info\/press\/wp-json\/wp\/v2\/media?parent=4966"}],"wp:term":[{"taxonomy":"category","embeddable":true,"href":"https:\/\/elcanillita.info\/press\/wp-json\/wp\/v2\/categories?post=4966"},{"taxonomy":"post_tag","embeddable":true,"href":"https:\/\/elcanillita.info\/press\/wp-json\/wp\/v2\/tags?post=4966"}],"curies":[{"name":"wp","href":"https:\/\/api.w.org\/{rel}","templated":true}]}}