{"id":496,"date":"2020-02-20T08:48:39","date_gmt":"2020-02-20T11:48:39","guid":{"rendered":"https:\/\/elcanillita.info\/press\/?p=496"},"modified":"2020-02-20T08:55:43","modified_gmt":"2020-02-20T11:55:43","slug":"juez-declara-gobierno-usa-desacato-deportados","status":"publish","type":"post","link":"https:\/\/elcanillita.info\/press\/2020\/02\/20\/juez-declara-gobierno-usa-desacato-deportados\/","title":{"rendered":"Juez declara a gobierno de EE.UU. en desacato por deportados"},"content":{"rendered":"\n<p>California, 20.02.2020 &#8211; El magistrado federal Nathanael Cousins\u00a0declar\u00f3 que el gobierno de Estados Unidos incurri\u00f3 en desacato despu\u00e9s de que las autoridades deportaron a cinco j\u00f3venes migrantes que intentaban permanecer en el pa\u00eds como parte de un programa para menores migrantes maltratados y desatendidos.<\/p>\n\n\n\n<p>Cousins emiti\u00f3 la orden civil el viernes, de la semana pasada, luego de determinar que el Departamento de Seguridad Nacional (DHS por sus siglas en ingl\u00e9s) y el Servicio de Ciudadan\u00eda e Inmigraci\u00f3n (USCIS) violaron una medida cautelar que les requer\u00eda notificar a los abogados sobre cualquier acci\u00f3n contra los j\u00f3venes inmigrantes en una demanda colectiva entablada en California.<\/p>\n\n\n\n<p>Seg\u00fan Mary Tanagho Ross, abogada de apelaciones del Proyecto de Derechos de los Inmigrantes del bufete Public Counsel, se enter\u00f3 de las deportaciones meses despu\u00e9s de que uno de los migrantes estaba de regreso en Guatemala, donde fue agredido por miembros de una pandilla.<\/p>\n\n\n\n<p>\u201cEs impactante que los acusados no hicieron su parte para garantizar que el ICE cumpliera con la orden de un tribunal federal y literalmente enviaran a ni\u00f1os de regreso a la boca del lobo\u201d, coment\u00f3.<\/p>\n\n\n\n<p>De acuerdo con AP un portavoz del Departamento de Justicia rechaz\u00f3 comentar sobre el caso.<\/p>\n\n\n\n<p>La demanda se resolvi\u00f3 el a\u00f1o pasado entre el gobierno estadounidense y los abogados que representaron a los migrantes que buscaban estar cubiertos por el programa despu\u00e9s de haber cumplido 18 a\u00f1os. La edad m\u00e1xima para presentar una solicitud para el programa es de 21 a\u00f1os.<\/p>\n\n\n\n<p>Tanagho Ross se\u00f1al\u00f3 que no se habr\u00eda enterado de las deportaciones si no fuera por otro abogado que mencion\u00f3 que uno de sus clientes hab\u00eda presentado su solicitud para el programa, que conduce a la obtenci\u00f3n de una tarjeta de residencia permanente para inmigrantes, conocida como \u201cgreen card\u201d, pero que fue deportado luego de perder su caso de asilo.<\/p>\n\n\n\n<p>La corte orden\u00f3 a las entidades gubernamentales traer a Estados Unidos a los cinco inmigrantes para el 29 de febrero, siempre y cuando quieran regresar, y pagarles 500 d\u00f3lares respectivamente por cada d\u00eda que permanezcan fuera del pa\u00eds despu\u00e9s de esa fecha.<\/p>\n\n\n\n<p>Uno de ellos ya regres\u00f3 al pa\u00eds y se encuentra bajo custodia del ICE, que planea enviarlo de regreso a Guatemala en unas dos semanas ahora que los abogados han sido notificados, inform\u00f3 el gobierno estadounidense en un documento entregado a la corte.<\/p>\n\n\n\n<p>Su solicitud para el programa para menores maltratados ha sido aprobada, pero probablemente tenga que esperar m\u00e1s de dos a\u00f1os para obtener una \u201cgreen card\u201d debido a un l\u00edmite en el n\u00famero de tarjetas otorgadas al a\u00f1o, se\u00f1al\u00f3 el gobierno.<\/p>\n\n\n\n<p>Tanagho Ross dijo que los abogados tratar\u00e1n de impedir su deportaci\u00f3n.<\/p>\n\n\n\n<p><small>-Con informaci\u00f3n de AP- <\/small><br>\n<small>2020 voanoticias \u2013 salastampa.eu, afiliada a la red Broadcasting Board of Governors \u00a9 2020 BBG<\/small><\/p>\n","protected":false},"excerpt":{"rendered":"<p>California, 20.02.2020 &#8211; El magistrado federal Nathanael Cousins declar\u00f3 que el gobierno de Estados Unidos incurri\u00f3 en desacato despu\u00e9s de que las autoridades deportaron a cinco j\u00f3venes migrantes que intentaban permanecer en el pa\u00eds como parte de un programa para menores migrantes maltratados y desatendidos.<\/p>\n","protected":false},"author":1,"featured_media":0,"comment_status":"closed","ping_status":"closed","sticky":false,"template":"","format":"standard","meta":{"footnotes":"","_links_to":"","_links_to_target":""},"categories":[70,9,22,25],"tags":[34],"class_list":["post-496","post","type-post","status-publish","format-standard","hentry","category-actualidad","category-america-del-norte","category-justicia","category-sociedad","tag-estados-unidos","entry","double"],"yoast_head":"<!-- This site is optimized with the Yoast SEO plugin v27.4 - https:\/\/yoast.com\/product\/yoast-seo-wordpress\/ -->\n<title>Juez declara a gobierno de EE.UU. en desacato por deportados - ElCanillita.Info<\/title>\n<meta name=\"robots\" content=\"index, follow, max-snippet:-1, max-image-preview:large, max-video-preview:-1\" \/>\n<link rel=\"canonical\" href=\"https:\/\/elcanillita.info\/press\/2020\/02\/20\/juez-declara-gobierno-usa-desacato-deportados\/\" \/>\n<meta property=\"og:locale\" content=\"es_ES\" \/>\n<meta property=\"og:type\" content=\"article\" \/>\n<meta property=\"og:title\" content=\"Juez declara a gobierno de EE.UU. en desacato por deportados - ElCanillita.Info\" \/>\n<meta property=\"og:description\" content=\"California, 20.02.2020 - El magistrado federal Nathanael Cousins declar\u00f3 que el gobierno de Estados Unidos incurri\u00f3 en desacato despu\u00e9s de que las autoridades deportaron a cinco j\u00f3venes migrantes que intentaban permanecer en el pa\u00eds como parte de un programa para menores migrantes maltratados y desatendidos.\" \/>\n<meta property=\"og:url\" content=\"https:\/\/elcanillita.info\/press\/2020\/02\/20\/juez-declara-gobierno-usa-desacato-deportados\/\" \/>\n<meta property=\"og:site_name\" content=\"ElCanillita.Info\" \/>\n<meta property=\"article:publisher\" content=\"https:\/\/ar-ar.facebook.com\/ElCanillitainfo-114249515285712\/\" \/>\n<meta property=\"article:published_time\" content=\"2020-02-20T11:48:39+00:00\" \/>\n<meta property=\"article:modified_time\" content=\"2020-02-20T11:55:43+00:00\" \/>\n<meta name=\"author\" content=\"SalaStampa.eu, world press service\" \/>\n<meta name=\"twitter:card\" content=\"summary_large_image\" \/>\n<meta name=\"twitter:label1\" content=\"Escrito por\" \/>\n\t<meta name=\"twitter:data1\" content=\"SalaStampa.eu, world press service\" \/>\n\t<meta name=\"twitter:label2\" content=\"Tiempo de lectura\" \/>\n\t<meta name=\"twitter:data2\" content=\"2 minutos\" \/>\n<script type=\"application\/ld+json\" class=\"yoast-schema-graph\">{\"@context\":\"https:\\\/\\\/schema.org\",\"@graph\":[{\"@type\":\"Article\",\"@id\":\"https:\\\/\\\/elcanillita.info\\\/press\\\/2020\\\/02\\\/20\\\/juez-declara-gobierno-usa-desacato-deportados\\\/#article\",\"isPartOf\":{\"@id\":\"https:\\\/\\\/elcanillita.info\\\/press\\\/2020\\\/02\\\/20\\\/juez-declara-gobierno-usa-desacato-deportados\\\/\"},\"author\":{\"name\":\"SalaStampa.eu, world press service\",\"@id\":\"https:\\\/\\\/elcanillita.info\\\/press\\\/#\\\/schema\\\/person\\\/7fcb79f38045700919f7da6d97e71ba0\"},\"headline\":\"Juez declara a gobierno de EE.UU. en desacato por deportados\",\"datePublished\":\"2020-02-20T11:48:39+00:00\",\"dateModified\":\"2020-02-20T11:55:43+00:00\",\"mainEntityOfPage\":{\"@id\":\"https:\\\/\\\/elcanillita.info\\\/press\\\/2020\\\/02\\\/20\\\/juez-declara-gobierno-usa-desacato-deportados\\\/\"},\"wordCount\":496,\"publisher\":{\"@id\":\"https:\\\/\\\/elcanillita.info\\\/press\\\/#organization\"},\"keywords\":[\"Estados Unidos\"],\"articleSection\":[\"Actualidad\",\"Am\u00e9rica del Norte\",\"Justicia\",\"Sociedad\"],\"inLanguage\":\"es-AR\"},{\"@type\":\"WebPage\",\"@id\":\"https:\\\/\\\/elcanillita.info\\\/press\\\/2020\\\/02\\\/20\\\/juez-declara-gobierno-usa-desacato-deportados\\\/\",\"url\":\"https:\\\/\\\/elcanillita.info\\\/press\\\/2020\\\/02\\\/20\\\/juez-declara-gobierno-usa-desacato-deportados\\\/\",\"name\":\"Juez declara a gobierno de EE.UU. en desacato por deportados - ElCanillita.Info\",\"isPartOf\":{\"@id\":\"https:\\\/\\\/elcanillita.info\\\/press\\\/#website\"},\"datePublished\":\"2020-02-20T11:48:39+00:00\",\"dateModified\":\"2020-02-20T11:55:43+00:00\",\"inLanguage\":\"es-AR\",\"potentialAction\":[{\"@type\":\"ReadAction\",\"target\":[\"https:\\\/\\\/elcanillita.info\\\/press\\\/2020\\\/02\\\/20\\\/juez-declara-gobierno-usa-desacato-deportados\\\/\"]}]},{\"@type\":\"WebSite\",\"@id\":\"https:\\\/\\\/elcanillita.info\\\/press\\\/#website\",\"url\":\"https:\\\/\\\/elcanillita.info\\\/press\\\/\",\"name\":\"ElCanillita.Info\",\"description\":\"desde los Apeninos a los Andes\",\"publisher\":{\"@id\":\"https:\\\/\\\/elcanillita.info\\\/press\\\/#organization\"},\"potentialAction\":[{\"@type\":\"SearchAction\",\"target\":{\"@type\":\"EntryPoint\",\"urlTemplate\":\"https:\\\/\\\/elcanillita.info\\\/press\\\/?s={search_term_string}\"},\"query-input\":{\"@type\":\"PropertyValueSpecification\",\"valueRequired\":true,\"valueName\":\"search_term_string\"}}],\"inLanguage\":\"es-AR\"},{\"@type\":\"Organization\",\"@id\":\"https:\\\/\\\/elcanillita.info\\\/press\\\/#organization\",\"name\":\"Guzzo Photos & Graphic Publications\",\"url\":\"https:\\\/\\\/elcanillita.info\\\/press\\\/\",\"logo\":{\"@type\":\"ImageObject\",\"inLanguage\":\"es-AR\",\"@id\":\"https:\\\/\\\/elcanillita.info\\\/press\\\/#\\\/schema\\\/logo\\\/image\\\/\",\"url\":\"https:\\\/\\\/elcanillita.info\\\/press\\\/images\\\/2020\\\/01\\\/cropped-cropped-cropped-elcanillitainfo.png\",\"contentUrl\":\"https:\\\/\\\/elcanillita.info\\\/press\\\/images\\\/2020\\\/01\\\/cropped-cropped-cropped-elcanillitainfo.png\",\"width\":460,\"height\":50,\"caption\":\"Guzzo Photos & Graphic Publications\"},\"image\":{\"@id\":\"https:\\\/\\\/elcanillita.info\\\/press\\\/#\\\/schema\\\/logo\\\/image\\\/\"},\"sameAs\":[\"https:\\\/\\\/ar-ar.facebook.com\\\/ElCanillitainfo-114249515285712\\\/\"]},{\"@type\":\"Person\",\"@id\":\"https:\\\/\\\/elcanillita.info\\\/press\\\/#\\\/schema\\\/person\\\/7fcb79f38045700919f7da6d97e71ba0\",\"name\":\"SalaStampa.eu, world press service\",\"image\":{\"@type\":\"ImageObject\",\"inLanguage\":\"es-AR\",\"@id\":\"https:\\\/\\\/secure.gravatar.com\\\/avatar\\\/c2f0e0d515a107624234994507816ca4724c7199cef73fc8bedebf6931d73888?s=96&d=mm&r=g\",\"url\":\"https:\\\/\\\/secure.gravatar.com\\\/avatar\\\/c2f0e0d515a107624234994507816ca4724c7199cef73fc8bedebf6931d73888?s=96&d=mm&r=g\",\"contentUrl\":\"https:\\\/\\\/secure.gravatar.com\\\/avatar\\\/c2f0e0d515a107624234994507816ca4724c7199cef73fc8bedebf6931d73888?s=96&d=mm&r=g\",\"caption\":\"SalaStampa.eu, world press service\"}}]}<\/script>\n<!-- \/ Yoast SEO plugin. -->","yoast_head_json":{"title":"Juez declara a gobierno de EE.UU. en desacato por deportados - ElCanillita.Info","robots":{"index":"index","follow":"follow","max-snippet":"max-snippet:-1","max-image-preview":"max-image-preview:large","max-video-preview":"max-video-preview:-1"},"canonical":"https:\/\/elcanillita.info\/press\/2020\/02\/20\/juez-declara-gobierno-usa-desacato-deportados\/","og_locale":"es_ES","og_type":"article","og_title":"Juez declara a gobierno de EE.UU. en desacato por deportados - ElCanillita.Info","og_description":"California, 20.02.2020 - El magistrado federal Nathanael Cousins declar\u00f3 que el gobierno de Estados Unidos incurri\u00f3 en desacato despu\u00e9s de que las autoridades deportaron a cinco j\u00f3venes migrantes que intentaban permanecer en el pa\u00eds como parte de un programa para menores migrantes maltratados y desatendidos.","og_url":"https:\/\/elcanillita.info\/press\/2020\/02\/20\/juez-declara-gobierno-usa-desacato-deportados\/","og_site_name":"ElCanillita.Info","article_publisher":"https:\/\/ar-ar.facebook.com\/ElCanillitainfo-114249515285712\/","article_published_time":"2020-02-20T11:48:39+00:00","article_modified_time":"2020-02-20T11:55:43+00:00","author":"SalaStampa.eu, world press service","twitter_card":"summary_large_image","twitter_misc":{"Escrito por":"SalaStampa.eu, world press service","Tiempo de lectura":"2 minutos"},"schema":{"@context":"https:\/\/schema.org","@graph":[{"@type":"Article","@id":"https:\/\/elcanillita.info\/press\/2020\/02\/20\/juez-declara-gobierno-usa-desacato-deportados\/#article","isPartOf":{"@id":"https:\/\/elcanillita.info\/press\/2020\/02\/20\/juez-declara-gobierno-usa-desacato-deportados\/"},"author":{"name":"SalaStampa.eu, world press service","@id":"https:\/\/elcanillita.info\/press\/#\/schema\/person\/7fcb79f38045700919f7da6d97e71ba0"},"headline":"Juez declara a gobierno de EE.UU. en desacato por deportados","datePublished":"2020-02-20T11:48:39+00:00","dateModified":"2020-02-20T11:55:43+00:00","mainEntityOfPage":{"@id":"https:\/\/elcanillita.info\/press\/2020\/02\/20\/juez-declara-gobierno-usa-desacato-deportados\/"},"wordCount":496,"publisher":{"@id":"https:\/\/elcanillita.info\/press\/#organization"},"keywords":["Estados Unidos"],"articleSection":["Actualidad","Am\u00e9rica del Norte","Justicia","Sociedad"],"inLanguage":"es-AR"},{"@type":"WebPage","@id":"https:\/\/elcanillita.info\/press\/2020\/02\/20\/juez-declara-gobierno-usa-desacato-deportados\/","url":"https:\/\/elcanillita.info\/press\/2020\/02\/20\/juez-declara-gobierno-usa-desacato-deportados\/","name":"Juez declara a gobierno de EE.UU. en desacato por deportados - ElCanillita.Info","isPartOf":{"@id":"https:\/\/elcanillita.info\/press\/#website"},"datePublished":"2020-02-20T11:48:39+00:00","dateModified":"2020-02-20T11:55:43+00:00","inLanguage":"es-AR","potentialAction":[{"@type":"ReadAction","target":["https:\/\/elcanillita.info\/press\/2020\/02\/20\/juez-declara-gobierno-usa-desacato-deportados\/"]}]},{"@type":"WebSite","@id":"https:\/\/elcanillita.info\/press\/#website","url":"https:\/\/elcanillita.info\/press\/","name":"ElCanillita.Info","description":"desde los Apeninos a los Andes","publisher":{"@id":"https:\/\/elcanillita.info\/press\/#organization"},"potentialAction":[{"@type":"SearchAction","target":{"@type":"EntryPoint","urlTemplate":"https:\/\/elcanillita.info\/press\/?s={search_term_string}"},"query-input":{"@type":"PropertyValueSpecification","valueRequired":true,"valueName":"search_term_string"}}],"inLanguage":"es-AR"},{"@type":"Organization","@id":"https:\/\/elcanillita.info\/press\/#organization","name":"Guzzo Photos & Graphic Publications","url":"https:\/\/elcanillita.info\/press\/","logo":{"@type":"ImageObject","inLanguage":"es-AR","@id":"https:\/\/elcanillita.info\/press\/#\/schema\/logo\/image\/","url":"https:\/\/elcanillita.info\/press\/images\/2020\/01\/cropped-cropped-cropped-elcanillitainfo.png","contentUrl":"https:\/\/elcanillita.info\/press\/images\/2020\/01\/cropped-cropped-cropped-elcanillitainfo.png","width":460,"height":50,"caption":"Guzzo Photos & Graphic Publications"},"image":{"@id":"https:\/\/elcanillita.info\/press\/#\/schema\/logo\/image\/"},"sameAs":["https:\/\/ar-ar.facebook.com\/ElCanillitainfo-114249515285712\/"]},{"@type":"Person","@id":"https:\/\/elcanillita.info\/press\/#\/schema\/person\/7fcb79f38045700919f7da6d97e71ba0","name":"SalaStampa.eu, world press service","image":{"@type":"ImageObject","inLanguage":"es-AR","@id":"https:\/\/secure.gravatar.com\/avatar\/c2f0e0d515a107624234994507816ca4724c7199cef73fc8bedebf6931d73888?s=96&d=mm&r=g","url":"https:\/\/secure.gravatar.com\/avatar\/c2f0e0d515a107624234994507816ca4724c7199cef73fc8bedebf6931d73888?s=96&d=mm&r=g","contentUrl":"https:\/\/secure.gravatar.com\/avatar\/c2f0e0d515a107624234994507816ca4724c7199cef73fc8bedebf6931d73888?s=96&d=mm&r=g","caption":"SalaStampa.eu, world press service"}}]}},"views":595,"_links":{"self":[{"href":"https:\/\/elcanillita.info\/press\/wp-json\/wp\/v2\/posts\/496","targetHints":{"allow":["GET"]}}],"collection":[{"href":"https:\/\/elcanillita.info\/press\/wp-json\/wp\/v2\/posts"}],"about":[{"href":"https:\/\/elcanillita.info\/press\/wp-json\/wp\/v2\/types\/post"}],"author":[{"embeddable":true,"href":"https:\/\/elcanillita.info\/press\/wp-json\/wp\/v2\/users\/1"}],"replies":[{"embeddable":true,"href":"https:\/\/elcanillita.info\/press\/wp-json\/wp\/v2\/comments?post=496"}],"version-history":[{"count":0,"href":"https:\/\/elcanillita.info\/press\/wp-json\/wp\/v2\/posts\/496\/revisions"}],"wp:attachment":[{"href":"https:\/\/elcanillita.info\/press\/wp-json\/wp\/v2\/media?parent=496"}],"wp:term":[{"taxonomy":"category","embeddable":true,"href":"https:\/\/elcanillita.info\/press\/wp-json\/wp\/v2\/categories?post=496"},{"taxonomy":"post_tag","embeddable":true,"href":"https:\/\/elcanillita.info\/press\/wp-json\/wp\/v2\/tags?post=496"}],"curies":[{"name":"wp","href":"https:\/\/api.w.org\/{rel}","templated":true}]}}