{"id":4950,"date":"2025-06-22T03:38:29","date_gmt":"2025-06-22T06:38:29","guid":{"rendered":"https:\/\/elcanillita.info\/press\/?p=4950"},"modified":"2025-06-23T07:05:13","modified_gmt":"2025-06-23T10:05:13","slug":"%f0%9f%a7%a8-paz-por-la-fuerza","status":"publish","type":"post","link":"https:\/\/elcanillita.info\/press\/2025\/06\/22\/%f0%9f%a7%a8-paz-por-la-fuerza\/","title":{"rendered":"\ud83e\udde8 Paz por la Fuerza"},"content":{"rendered":"\n<figure class=\"wp-block-image size-full\"><img loading=\"lazy\" decoding=\"async\" width=\"600\" height=\"400\" src=\"https:\/\/elcanillita.info\/press\/images\/2025\/06\/usairan_Pub.png\" alt=\"\" class=\"wp-image-4951\" srcset=\"https:\/\/elcanillita.info\/press\/images\/2025\/06\/usairan_Pub.png 600w, https:\/\/elcanillita.info\/press\/images\/2025\/06\/usairan_Pub-300x200.png 300w\" sizes=\"auto, (max-width: 600px) 100vw, 600px\" \/><\/figure>\n\n\n\n<p><strong>ElCanillita.info<\/strong><br>Ir\u00e1n, 22\/06\/2025<br><br>Estados Unidos bombardea instalaciones nucleares de Ir\u00e1n<\/p>\n\n\n\n<p><strong>La agresi\u00f3n se\u00f1ala una escalada cr\u00edtica en el conflicto con Teher\u00e1n<\/strong><\/p>\n\n\n\n<p>\ud83d\udccd <em>Washington, Tel Aviv, Teher\u00e1n \u2013 SalaStampa\/ElCanillita.info<\/em><\/p>\n\n\n\n<p>La madrugada del domingo fue todo menos pac\u00edfica. Estados Unidos confirm\u00f3 lo que hasta hace horas eran \u201crumores\u201d: el inicio de una serie de <strong>bombardeos quir\u00fargicos contra instalaciones nucleares estrat\u00e9gicas en territorio iran\u00ed<\/strong>, bajo la bandera del \u201cderecho preventivo\u201d.<\/p>\n\n\n\n<p>Pero, como dir\u00eda aquel viejo sargento de pel\u00edculas B: <em>\u201ccuando decimos \u2018quir\u00fargico\u2019, no hablamos de anestesia\u201d<\/em>.<\/p>\n\n\n\n<h3 class=\"wp-block-heading\">\u2622<strong> \u00bfOperaci\u00f3n disuasiva o provocaci\u00f3n directa?<\/strong><\/h3>\n\n\n\n<p>Fuentes del Pent\u00e1gono no ocultan que la decisi\u00f3n fue tomada tras una evaluaci\u00f3n acelerada de inteligencia que indicaba \u201criesgo inminente\u201d de una activaci\u00f3n de misiles iran\u00edes. M\u00e1s que un ataque, se presenta como una <strong>\u201cinterrupci\u00f3n t\u00e9cnica forzada del apocalipsis\u201d<\/strong>. Ir\u00e1n, por su parte, habla lisa y llanamente de <strong>\u201cagresi\u00f3n criminal\u201d<\/strong> y promete represalias \u201ca la altura\u201d.<\/p>\n\n\n\n<p><strong>El presidente Trump<\/strong>, reaparecido con su <strong>cl\u00e1sico peinado blindado y una corbata roja m\u00e1s larga que la lista de sanciones contra Ir\u00e1n<\/strong>, no dud\u00f3 en tomar el micr\u00f3fono frente al Sal\u00f3n Oval, afirmando con tono patri\u00f3tico:<br>\u201c<strong>Amamos la paz, pero primero: demostramos fuerza. Y cuando la demostramos, \u00a1ganamos!<\/strong>\u201d.<\/p>\n\n\n\n<p>Lo dijo rodeado de militares con expresiones serias y asesores que parec\u00edan salidos de una serie de televisi\u00f3n. En la Casa Blanca se respiraba p\u00f3lvora y rating. <strong>La guerra, esta vez, ven\u00eda con slogan.<\/strong><\/p>\n\n\n\n<h3 class=\"wp-block-heading\">\ud83d\udca3 <strong>El costo de la <em>Paz porla Fuerza<\/em><\/strong><\/h3>\n\n\n\n<p>Desde ya, <strong>la paz con may\u00fasculas no lleg\u00f3<\/strong>, y lo que s\u00ed aterriz\u00f3 con fuerza fueron misiles, drones y una nube espesa de consecuencias globales: suba del petr\u00f3leo, ca\u00edda de bolsas asi\u00e1ticas y una s\u00fabita explosi\u00f3n de nervios en Europa, que pide \u201ccalma y contenci\u00f3n\u201d, pero tiene listas las sirenas de sus propios refugios.<\/p>\n\n\n\n<p>El embajador argentino Rafael Grossi, director del Organismo Internacional de Energ\u00eda At\u00f3mica (OIEA), confirm\u00f3 que <strong>no hab\u00eda inspecciones programadas en los sitios atacados<\/strong>, y que el material radiactivo almacenado all\u00ed es ahora&#8230; una inc\u00f3gnita dispersa en la atm\u00f3sfera.<\/p>\n\n\n\n<h3 class=\"wp-block-heading\">\ud83c\udfad <strong>Circo nuclear: todos juegan con fuego<\/strong><\/h3>\n\n\n\n<p>En Gaza, Ucrania y Taiw\u00e1n, la noticia cay\u00f3 como un rayo: <strong>la doctrina de la \u201cintervenci\u00f3n preventiva\u201d vuelve a legitimarse en Occidente<\/strong>. Lo que en manos ajenas se llama terrorismo, en las propias se llama disuasi\u00f3n.<\/p>\n\n\n\n<p>Israel sonr\u00ede. Ir\u00e1n ruge. Rusia observa. China anota. Y Europa&#8230; firma comunicados sin verbo principal.<\/p>\n\n\n\n<p>Mientras tanto, los civiles del planeta hacen lo que pueden: unos corren al supermercado, otros a los bunkers. Los m\u00e1s rom\u00e1nticos escriben poemas sobre el fin del mundo en formato Twitter.<\/p>\n\n\n\n<hr class=\"wp-block-separator has-alpha-channel-opacity\"\/>\n\n\n\n<h3 class=\"wp-block-heading\">\ud83d\udccc <em>Ep\u00edlogo sin paz<\/em>:<\/h3>\n\n\n\n<p>Esta guerra no comenz\u00f3 hoy. Ni acabar\u00e1 ma\u00f1ana.<br>Y si la historia nos ense\u00f1a algo, es que <strong>cada vez que se bombardea por la paz, queda menos paz y m\u00e1s escombros.<\/strong><br><br><small>\u00a9\ufe0f2025 \u201cEl \u00faltimo que dobla la esquina\u201d \u2026poque siempre hay alguien que reparte noticias mientras todos duermen. All Rights Reserved Copyright \u00a9\ufe0f 2025 ElCanillita.info \/ SalaStampa.eu, world press service Guzzo Photos &amp; Graphic Publications \u2013 Registro Editori e Stampatori n. 1441 Torino, Italia<\/small><\/p>\n\n\n\n<p><\/p>\n","protected":false},"excerpt":{"rendered":"<p>Estados Unidos bombardea instalaciones nucleares de Ir\u00e1n<\/p>\n","protected":false},"author":1,"featured_media":4951,"comment_status":"closed","ping_status":"closed","sticky":false,"template":"","format":"standard","meta":{"footnotes":"","_links_to":"","_links_to_target":""},"categories":[108,121,70,119,15,23,25],"tags":[34,31,35],"class_list":["post-4950","post","type-post","status-publish","format-standard","has-post-thumbnail","hentry","category-blogdiario","category-dc24","category-actualidad","category-guerra","category-medio-oriente","category-politica","category-sociedad","tag-estados-unidos","tag-iran","tag-mundo","entry","double"],"yoast_head":"<!-- This site is optimized with the Yoast SEO plugin v27.4 - https:\/\/yoast.com\/product\/yoast-seo-wordpress\/ -->\n<title>\ud83e\udde8 Paz por la Fuerza - ElCanillita.Info<\/title>\n<meta name=\"robots\" content=\"index, follow, max-snippet:-1, max-image-preview:large, max-video-preview:-1\" \/>\n<link rel=\"canonical\" href=\"https:\/\/elcanillita.info\/press\/2025\/06\/22\/\ud83e\udde8-paz-por-la-fuerza\/\" \/>\n<meta property=\"og:locale\" content=\"es_ES\" \/>\n<meta property=\"og:type\" content=\"article\" \/>\n<meta property=\"og:title\" content=\"\ud83e\udde8 Paz por la Fuerza - ElCanillita.Info\" \/>\n<meta property=\"og:description\" content=\"Estados Unidos bombardea instalaciones nucleares de Ir\u00e1n\" \/>\n<meta property=\"og:url\" content=\"https:\/\/elcanillita.info\/press\/2025\/06\/22\/\ud83e\udde8-paz-por-la-fuerza\/\" \/>\n<meta property=\"og:site_name\" content=\"ElCanillita.Info\" \/>\n<meta property=\"article:publisher\" content=\"https:\/\/ar-ar.facebook.com\/ElCanillitainfo-114249515285712\/\" \/>\n<meta property=\"article:published_time\" content=\"2025-06-22T06:38:29+00:00\" \/>\n<meta property=\"article:modified_time\" content=\"2025-06-23T10:05:13+00:00\" \/>\n<meta property=\"og:image\" content=\"https:\/\/elcanillita.info\/press\/images\/2025\/06\/usairan_Pub.png\" \/>\n\t<meta property=\"og:image:width\" content=\"600\" \/>\n\t<meta property=\"og:image:height\" content=\"400\" \/>\n\t<meta property=\"og:image:type\" content=\"image\/png\" \/>\n<meta name=\"author\" content=\"SalaStampa.eu, world press service\" \/>\n<meta name=\"twitter:card\" content=\"summary_large_image\" \/>\n<meta name=\"twitter:label1\" content=\"Escrito por\" \/>\n\t<meta name=\"twitter:data1\" content=\"SalaStampa.eu, world press service\" \/>\n\t<meta name=\"twitter:label2\" content=\"Tiempo de lectura\" \/>\n\t<meta name=\"twitter:data2\" content=\"3 minutos\" \/>\n<script type=\"application\/ld+json\" class=\"yoast-schema-graph\">{\"@context\":\"https:\\\/\\\/schema.org\",\"@graph\":[{\"@type\":\"Article\",\"@id\":\"https:\\\/\\\/elcanillita.info\\\/press\\\/2025\\\/06\\\/22\\\/%f0%9f%a7%a8-paz-por-la-fuerza\\\/#article\",\"isPartOf\":{\"@id\":\"https:\\\/\\\/elcanillita.info\\\/press\\\/2025\\\/06\\\/22\\\/%f0%9f%a7%a8-paz-por-la-fuerza\\\/\"},\"author\":{\"name\":\"SalaStampa.eu, world press service\",\"@id\":\"https:\\\/\\\/elcanillita.info\\\/press\\\/#\\\/schema\\\/person\\\/7fcb79f38045700919f7da6d97e71ba0\"},\"headline\":\"\ud83e\udde8 Paz por la Fuerza\",\"datePublished\":\"2025-06-22T06:38:29+00:00\",\"dateModified\":\"2025-06-23T10:05:13+00:00\",\"mainEntityOfPage\":{\"@id\":\"https:\\\/\\\/elcanillita.info\\\/press\\\/2025\\\/06\\\/22\\\/%f0%9f%a7%a8-paz-por-la-fuerza\\\/\"},\"wordCount\":548,\"publisher\":{\"@id\":\"https:\\\/\\\/elcanillita.info\\\/press\\\/#organization\"},\"image\":{\"@id\":\"https:\\\/\\\/elcanillita.info\\\/press\\\/2025\\\/06\\\/22\\\/%f0%9f%a7%a8-paz-por-la-fuerza\\\/#primaryimage\"},\"thumbnailUrl\":\"https:\\\/\\\/elcanillita.info\\\/press\\\/images\\\/2025\\\/06\\\/usairan_Pub.png\",\"keywords\":[\"Estados Unidos\",\"Ir\u00e1n\",\"MUNDO\"],\"articleSection\":[\".\",\".\",\"Actualidad\",\"Guerra\",\"Medio Oriente\",\"Politica\",\"Sociedad\"],\"inLanguage\":\"es-AR\"},{\"@type\":\"WebPage\",\"@id\":\"https:\\\/\\\/elcanillita.info\\\/press\\\/2025\\\/06\\\/22\\\/%f0%9f%a7%a8-paz-por-la-fuerza\\\/\",\"url\":\"https:\\\/\\\/elcanillita.info\\\/press\\\/2025\\\/06\\\/22\\\/%f0%9f%a7%a8-paz-por-la-fuerza\\\/\",\"name\":\"\ud83e\udde8 Paz por la Fuerza - ElCanillita.Info\",\"isPartOf\":{\"@id\":\"https:\\\/\\\/elcanillita.info\\\/press\\\/#website\"},\"primaryImageOfPage\":{\"@id\":\"https:\\\/\\\/elcanillita.info\\\/press\\\/2025\\\/06\\\/22\\\/%f0%9f%a7%a8-paz-por-la-fuerza\\\/#primaryimage\"},\"image\":{\"@id\":\"https:\\\/\\\/elcanillita.info\\\/press\\\/2025\\\/06\\\/22\\\/%f0%9f%a7%a8-paz-por-la-fuerza\\\/#primaryimage\"},\"thumbnailUrl\":\"https:\\\/\\\/elcanillita.info\\\/press\\\/images\\\/2025\\\/06\\\/usairan_Pub.png\",\"datePublished\":\"2025-06-22T06:38:29+00:00\",\"dateModified\":\"2025-06-23T10:05:13+00:00\",\"inLanguage\":\"es-AR\",\"potentialAction\":[{\"@type\":\"ReadAction\",\"target\":[\"https:\\\/\\\/elcanillita.info\\\/press\\\/2025\\\/06\\\/22\\\/%f0%9f%a7%a8-paz-por-la-fuerza\\\/\"]}]},{\"@type\":\"ImageObject\",\"inLanguage\":\"es-AR\",\"@id\":\"https:\\\/\\\/elcanillita.info\\\/press\\\/2025\\\/06\\\/22\\\/%f0%9f%a7%a8-paz-por-la-fuerza\\\/#primaryimage\",\"url\":\"https:\\\/\\\/elcanillita.info\\\/press\\\/images\\\/2025\\\/06\\\/usairan_Pub.png\",\"contentUrl\":\"https:\\\/\\\/elcanillita.info\\\/press\\\/images\\\/2025\\\/06\\\/usairan_Pub.png\",\"width\":600,\"height\":400},{\"@type\":\"WebSite\",\"@id\":\"https:\\\/\\\/elcanillita.info\\\/press\\\/#website\",\"url\":\"https:\\\/\\\/elcanillita.info\\\/press\\\/\",\"name\":\"ElCanillita.Info\",\"description\":\"desde los Apeninos a los Andes\",\"publisher\":{\"@id\":\"https:\\\/\\\/elcanillita.info\\\/press\\\/#organization\"},\"potentialAction\":[{\"@type\":\"SearchAction\",\"target\":{\"@type\":\"EntryPoint\",\"urlTemplate\":\"https:\\\/\\\/elcanillita.info\\\/press\\\/?s={search_term_string}\"},\"query-input\":{\"@type\":\"PropertyValueSpecification\",\"valueRequired\":true,\"valueName\":\"search_term_string\"}}],\"inLanguage\":\"es-AR\"},{\"@type\":\"Organization\",\"@id\":\"https:\\\/\\\/elcanillita.info\\\/press\\\/#organization\",\"name\":\"Guzzo Photos & Graphic Publications\",\"url\":\"https:\\\/\\\/elcanillita.info\\\/press\\\/\",\"logo\":{\"@type\":\"ImageObject\",\"inLanguage\":\"es-AR\",\"@id\":\"https:\\\/\\\/elcanillita.info\\\/press\\\/#\\\/schema\\\/logo\\\/image\\\/\",\"url\":\"https:\\\/\\\/elcanillita.info\\\/press\\\/images\\\/2020\\\/01\\\/cropped-cropped-cropped-elcanillitainfo.png\",\"contentUrl\":\"https:\\\/\\\/elcanillita.info\\\/press\\\/images\\\/2020\\\/01\\\/cropped-cropped-cropped-elcanillitainfo.png\",\"width\":460,\"height\":50,\"caption\":\"Guzzo Photos & Graphic Publications\"},\"image\":{\"@id\":\"https:\\\/\\\/elcanillita.info\\\/press\\\/#\\\/schema\\\/logo\\\/image\\\/\"},\"sameAs\":[\"https:\\\/\\\/ar-ar.facebook.com\\\/ElCanillitainfo-114249515285712\\\/\"]},{\"@type\":\"Person\",\"@id\":\"https:\\\/\\\/elcanillita.info\\\/press\\\/#\\\/schema\\\/person\\\/7fcb79f38045700919f7da6d97e71ba0\",\"name\":\"SalaStampa.eu, world press service\",\"image\":{\"@type\":\"ImageObject\",\"inLanguage\":\"es-AR\",\"@id\":\"https:\\\/\\\/secure.gravatar.com\\\/avatar\\\/c2f0e0d515a107624234994507816ca4724c7199cef73fc8bedebf6931d73888?s=96&d=mm&r=g\",\"url\":\"https:\\\/\\\/secure.gravatar.com\\\/avatar\\\/c2f0e0d515a107624234994507816ca4724c7199cef73fc8bedebf6931d73888?s=96&d=mm&r=g\",\"contentUrl\":\"https:\\\/\\\/secure.gravatar.com\\\/avatar\\\/c2f0e0d515a107624234994507816ca4724c7199cef73fc8bedebf6931d73888?s=96&d=mm&r=g\",\"caption\":\"SalaStampa.eu, world press service\"}}]}<\/script>\n<!-- \/ Yoast SEO plugin. -->","yoast_head_json":{"title":"\ud83e\udde8 Paz por la Fuerza - ElCanillita.Info","robots":{"index":"index","follow":"follow","max-snippet":"max-snippet:-1","max-image-preview":"max-image-preview:large","max-video-preview":"max-video-preview:-1"},"canonical":"https:\/\/elcanillita.info\/press\/2025\/06\/22\/\ud83e\udde8-paz-por-la-fuerza\/","og_locale":"es_ES","og_type":"article","og_title":"\ud83e\udde8 Paz por la Fuerza - ElCanillita.Info","og_description":"Estados Unidos bombardea instalaciones nucleares de Ir\u00e1n","og_url":"https:\/\/elcanillita.info\/press\/2025\/06\/22\/\ud83e\udde8-paz-por-la-fuerza\/","og_site_name":"ElCanillita.Info","article_publisher":"https:\/\/ar-ar.facebook.com\/ElCanillitainfo-114249515285712\/","article_published_time":"2025-06-22T06:38:29+00:00","article_modified_time":"2025-06-23T10:05:13+00:00","og_image":[{"width":600,"height":400,"url":"https:\/\/elcanillita.info\/press\/images\/2025\/06\/usairan_Pub.png","type":"image\/png"}],"author":"SalaStampa.eu, world press service","twitter_card":"summary_large_image","twitter_misc":{"Escrito por":"SalaStampa.eu, world press service","Tiempo de lectura":"3 minutos"},"schema":{"@context":"https:\/\/schema.org","@graph":[{"@type":"Article","@id":"https:\/\/elcanillita.info\/press\/2025\/06\/22\/%f0%9f%a7%a8-paz-por-la-fuerza\/#article","isPartOf":{"@id":"https:\/\/elcanillita.info\/press\/2025\/06\/22\/%f0%9f%a7%a8-paz-por-la-fuerza\/"},"author":{"name":"SalaStampa.eu, world press service","@id":"https:\/\/elcanillita.info\/press\/#\/schema\/person\/7fcb79f38045700919f7da6d97e71ba0"},"headline":"\ud83e\udde8 Paz por la Fuerza","datePublished":"2025-06-22T06:38:29+00:00","dateModified":"2025-06-23T10:05:13+00:00","mainEntityOfPage":{"@id":"https:\/\/elcanillita.info\/press\/2025\/06\/22\/%f0%9f%a7%a8-paz-por-la-fuerza\/"},"wordCount":548,"publisher":{"@id":"https:\/\/elcanillita.info\/press\/#organization"},"image":{"@id":"https:\/\/elcanillita.info\/press\/2025\/06\/22\/%f0%9f%a7%a8-paz-por-la-fuerza\/#primaryimage"},"thumbnailUrl":"https:\/\/elcanillita.info\/press\/images\/2025\/06\/usairan_Pub.png","keywords":["Estados Unidos","Ir\u00e1n","MUNDO"],"articleSection":[".",".","Actualidad","Guerra","Medio Oriente","Politica","Sociedad"],"inLanguage":"es-AR"},{"@type":"WebPage","@id":"https:\/\/elcanillita.info\/press\/2025\/06\/22\/%f0%9f%a7%a8-paz-por-la-fuerza\/","url":"https:\/\/elcanillita.info\/press\/2025\/06\/22\/%f0%9f%a7%a8-paz-por-la-fuerza\/","name":"\ud83e\udde8 Paz por la Fuerza - ElCanillita.Info","isPartOf":{"@id":"https:\/\/elcanillita.info\/press\/#website"},"primaryImageOfPage":{"@id":"https:\/\/elcanillita.info\/press\/2025\/06\/22\/%f0%9f%a7%a8-paz-por-la-fuerza\/#primaryimage"},"image":{"@id":"https:\/\/elcanillita.info\/press\/2025\/06\/22\/%f0%9f%a7%a8-paz-por-la-fuerza\/#primaryimage"},"thumbnailUrl":"https:\/\/elcanillita.info\/press\/images\/2025\/06\/usairan_Pub.png","datePublished":"2025-06-22T06:38:29+00:00","dateModified":"2025-06-23T10:05:13+00:00","inLanguage":"es-AR","potentialAction":[{"@type":"ReadAction","target":["https:\/\/elcanillita.info\/press\/2025\/06\/22\/%f0%9f%a7%a8-paz-por-la-fuerza\/"]}]},{"@type":"ImageObject","inLanguage":"es-AR","@id":"https:\/\/elcanillita.info\/press\/2025\/06\/22\/%f0%9f%a7%a8-paz-por-la-fuerza\/#primaryimage","url":"https:\/\/elcanillita.info\/press\/images\/2025\/06\/usairan_Pub.png","contentUrl":"https:\/\/elcanillita.info\/press\/images\/2025\/06\/usairan_Pub.png","width":600,"height":400},{"@type":"WebSite","@id":"https:\/\/elcanillita.info\/press\/#website","url":"https:\/\/elcanillita.info\/press\/","name":"ElCanillita.Info","description":"desde los Apeninos a los Andes","publisher":{"@id":"https:\/\/elcanillita.info\/press\/#organization"},"potentialAction":[{"@type":"SearchAction","target":{"@type":"EntryPoint","urlTemplate":"https:\/\/elcanillita.info\/press\/?s={search_term_string}"},"query-input":{"@type":"PropertyValueSpecification","valueRequired":true,"valueName":"search_term_string"}}],"inLanguage":"es-AR"},{"@type":"Organization","@id":"https:\/\/elcanillita.info\/press\/#organization","name":"Guzzo Photos & Graphic Publications","url":"https:\/\/elcanillita.info\/press\/","logo":{"@type":"ImageObject","inLanguage":"es-AR","@id":"https:\/\/elcanillita.info\/press\/#\/schema\/logo\/image\/","url":"https:\/\/elcanillita.info\/press\/images\/2020\/01\/cropped-cropped-cropped-elcanillitainfo.png","contentUrl":"https:\/\/elcanillita.info\/press\/images\/2020\/01\/cropped-cropped-cropped-elcanillitainfo.png","width":460,"height":50,"caption":"Guzzo Photos & Graphic Publications"},"image":{"@id":"https:\/\/elcanillita.info\/press\/#\/schema\/logo\/image\/"},"sameAs":["https:\/\/ar-ar.facebook.com\/ElCanillitainfo-114249515285712\/"]},{"@type":"Person","@id":"https:\/\/elcanillita.info\/press\/#\/schema\/person\/7fcb79f38045700919f7da6d97e71ba0","name":"SalaStampa.eu, world press service","image":{"@type":"ImageObject","inLanguage":"es-AR","@id":"https:\/\/secure.gravatar.com\/avatar\/c2f0e0d515a107624234994507816ca4724c7199cef73fc8bedebf6931d73888?s=96&d=mm&r=g","url":"https:\/\/secure.gravatar.com\/avatar\/c2f0e0d515a107624234994507816ca4724c7199cef73fc8bedebf6931d73888?s=96&d=mm&r=g","contentUrl":"https:\/\/secure.gravatar.com\/avatar\/c2f0e0d515a107624234994507816ca4724c7199cef73fc8bedebf6931d73888?s=96&d=mm&r=g","caption":"SalaStampa.eu, world press service"}}]}},"views":709,"_links":{"self":[{"href":"https:\/\/elcanillita.info\/press\/wp-json\/wp\/v2\/posts\/4950","targetHints":{"allow":["GET"]}}],"collection":[{"href":"https:\/\/elcanillita.info\/press\/wp-json\/wp\/v2\/posts"}],"about":[{"href":"https:\/\/elcanillita.info\/press\/wp-json\/wp\/v2\/types\/post"}],"author":[{"embeddable":true,"href":"https:\/\/elcanillita.info\/press\/wp-json\/wp\/v2\/users\/1"}],"replies":[{"embeddable":true,"href":"https:\/\/elcanillita.info\/press\/wp-json\/wp\/v2\/comments?post=4950"}],"version-history":[{"count":0,"href":"https:\/\/elcanillita.info\/press\/wp-json\/wp\/v2\/posts\/4950\/revisions"}],"wp:featuredmedia":[{"embeddable":true,"href":"https:\/\/elcanillita.info\/press\/wp-json\/wp\/v2\/media\/4951"}],"wp:attachment":[{"href":"https:\/\/elcanillita.info\/press\/wp-json\/wp\/v2\/media?parent=4950"}],"wp:term":[{"taxonomy":"category","embeddable":true,"href":"https:\/\/elcanillita.info\/press\/wp-json\/wp\/v2\/categories?post=4950"},{"taxonomy":"post_tag","embeddable":true,"href":"https:\/\/elcanillita.info\/press\/wp-json\/wp\/v2\/tags?post=4950"}],"curies":[{"name":"wp","href":"https:\/\/api.w.org\/{rel}","templated":true}]}}