{"id":4945,"date":"2025-06-21T08:38:39","date_gmt":"2025-06-21T11:38:39","guid":{"rendered":"https:\/\/elcanillita.info\/press\/?p=4945"},"modified":"2025-06-21T11:19:09","modified_gmt":"2025-06-21T14:19:09","slug":"lagrimas-del-destierro","status":"publish","type":"post","link":"https:\/\/elcanillita.info\/press\/2025\/06\/21\/lagrimas-del-destierro\/","title":{"rendered":"L\u00e1grimas del Destierro"},"content":{"rendered":"<div class=\"wp-block-image\">\n<figure class=\"alignleft size-full is-resized\"><img loading=\"lazy\" decoding=\"async\" width=\"400\" height=\"600\" src=\"https:\/\/elcanillita.info\/press\/images\/2025\/06\/destierro_Page.png\" alt=\"\" class=\"wp-image-4946\" style=\"width:339px;height:auto\" srcset=\"https:\/\/elcanillita.info\/press\/images\/2025\/06\/destierro_Page.png 400w, https:\/\/elcanillita.info\/press\/images\/2025\/06\/destierro_Page-200x300.png 200w\" sizes=\"auto, (max-width: 400px) 100vw, 400px\" \/><\/figure>\n<\/div>\n\n\n<p><strong>ElCanillita.info<\/strong><br \/>Argentina, 21\/06\/2025<br \/><br \/><strong>Reporte de Nonna Pecas desde la Aldea (Buenos Aires)<\/strong><br \/><br \/>Ayer, pasadas las 18 horas, cuando los fieles ya estaban enfilando rumbo a Parque Lezama \u2014porque la revoluci\u00f3n K ahora se organiza por WhatsApp y geolocalizaci\u00f3n\u2014, Cristina les mand\u00f3 otro audio. No, no era una arenga \u00e9pica ni una proclama valiente. Era un pedido. Un ruego. Una s\u00faplica grabada con voz entrecortada:<br \/><strong>\u201cNo vengan a la puerta de casa.\u201d<\/strong><\/p>\n\n\n\n<p>Pobres militantes. Pobres chicos. Acababan de descorchar la sidra del aguante, listos para bancar a la Jefa una vez m\u00e1s. Y ella, en lugar de levantar el dedo, baj\u00f3 la cabeza.<br \/>\u00bfEl motivo? Las vallas puestas por Patricia Bullrich. S\u00ed, seg\u00fan el relato K, la Dama de Hierro habr\u00eda enrejado la ciudad, las plazas, los canteros y hasta la vereda de Montserrat como si fuera una fiesta privada con lista negra.<\/p>\n\n\n\n<p>Pero lo que m\u00e1s doli\u00f3 no fue la log\u00edstica ni la paranoia, sino la voz. Esa voz que anta\u00f1o resonaba con furia tribunera, ahora temblaba. No era enojo. Era miedo.<br \/>Miedo de que la gente igual fuera.<br \/>Miedo de que la Justicia no se detenga.<br \/>Miedo de que la pr\u00f3xima direcci\u00f3n postal sea un penal.<br \/>O un lugar m\u00e1s lejano, al sur del sur, donde la nieve tapa los micr\u00f3fonos y el eco no rebota.<\/p>\n\n\n\n<p>Pas\u00f3 de la negaci\u00f3n al enojo, y del enojo al p\u00e1nico esc\u00e9nico.<br \/>Como si por fin hubiera entendido que jugar con fuego, cuando ya no queda p\u00fablico, solo sirve para quemarse sola.<\/p>\n\n\n\n<p>Y ah\u00ed qued\u00f3 la escena:<br \/>La vereda de Montserrat con bancos vac\u00edos.<br \/>La casa vallada sin gritos.<br \/>Y la militancia, perpleja, pregunt\u00e1ndose si no ser\u00eda hora de cambiar de GPS pol\u00edtico.<\/p>\n\n\n\n<p>Nosotras, desde la Aldea, escuchamos ese audio con verg\u00fcenza ajena. Porque una cosa es perder el poder, y otra, suplicar por no perder la escena.<br \/>Y ah\u00ed est\u00e1n, las l\u00e1grimas del destierro.<br \/>No por la patria, no por el pueblo.<br \/>Sino por el silencio que cae cuando ya nadie te contesta.<\/p>\n\n\n\n<p><em>\u2014 Nonna Pecas desde Buenos Aires, para El Canillita. Porque hay que contar lo que se oye, aunque nos d\u00e9 un poco de pudor.<\/em><\/p>\n\n\n\n<p><small>\u00a9\ufe0f2025 \u201cEl \u00faltimo que dobla la esquina\u201d \u2026poque siempre hay alguien que reparte noticias mientras todos duermen. All Rights Reserved Copyright \u00a9\ufe0f 2025 ElCanillita.info \/ SalaStampa.eu, world press service Guzzo Photos &amp; Graphic Publications \u2013 Registro Editori e Stampatori n. 1441 Torino, Italia<\/small><\/p>\n\n\n\n<p><\/p>\n","protected":false},"excerpt":{"rendered":"<p>Reporte de Nonna Pecas desde la Aldea (Buenos Aires)<\/p>\n","protected":false},"author":1,"featured_media":4947,"comment_status":"closed","ping_status":"closed","sticky":false,"template":"","format":"standard","meta":{"footnotes":"","_links_to":"","_links_to_target":""},"categories":[121,108,70,123,118,126,22,23,25],"tags":[],"class_list":["post-4945","post","type-post","status-publish","format-standard","has-post-thumbnail","hentry","category-dc24","category-blogdiario","category-actualidad","category-argentina","category-corrupcion","category-dolores-de-la-press","category-justicia","category-politica","category-sociedad","entry","double"],"yoast_head":"<!-- This site is optimized with the Yoast SEO plugin v27.4 - https:\/\/yoast.com\/product\/yoast-seo-wordpress\/ -->\n<title>L\u00e1grimas del Destierro - ElCanillita.Info<\/title>\n<meta name=\"robots\" content=\"index, follow, max-snippet:-1, max-image-preview:large, max-video-preview:-1\" \/>\n<link rel=\"canonical\" href=\"https:\/\/elcanillita.info\/press\/2025\/06\/21\/lagrimas-del-destierro\/\" \/>\n<meta property=\"og:locale\" content=\"es_ES\" \/>\n<meta property=\"og:type\" content=\"article\" \/>\n<meta property=\"og:title\" content=\"L\u00e1grimas del Destierro - ElCanillita.Info\" \/>\n<meta property=\"og:description\" content=\"Reporte de Nonna Pecas desde la Aldea (Buenos Aires)\" \/>\n<meta property=\"og:url\" content=\"https:\/\/elcanillita.info\/press\/2025\/06\/21\/lagrimas-del-destierro\/\" \/>\n<meta property=\"og:site_name\" content=\"ElCanillita.Info\" \/>\n<meta property=\"article:publisher\" content=\"https:\/\/ar-ar.facebook.com\/ElCanillitainfo-114249515285712\/\" \/>\n<meta property=\"article:published_time\" content=\"2025-06-21T11:38:39+00:00\" \/>\n<meta property=\"article:modified_time\" content=\"2025-06-21T14:19:09+00:00\" \/>\n<meta property=\"og:image\" content=\"https:\/\/elcanillita.info\/press\/images\/2025\/06\/destierro_Page.HHH_.png\" \/>\n\t<meta property=\"og:image:width\" content=\"600\" \/>\n\t<meta property=\"og:image:height\" content=\"400\" \/>\n\t<meta property=\"og:image:type\" content=\"image\/png\" \/>\n<meta name=\"author\" content=\"SalaStampa.eu, world press service\" \/>\n<meta name=\"twitter:card\" content=\"summary_large_image\" \/>\n<meta name=\"twitter:label1\" content=\"Escrito por\" \/>\n\t<meta name=\"twitter:data1\" content=\"SalaStampa.eu, world press service\" \/>\n\t<meta name=\"twitter:label2\" content=\"Tiempo de lectura\" \/>\n\t<meta name=\"twitter:data2\" content=\"3 minutos\" \/>\n<script type=\"application\/ld+json\" class=\"yoast-schema-graph\">{\"@context\":\"https:\\\/\\\/schema.org\",\"@graph\":[{\"@type\":\"Article\",\"@id\":\"https:\\\/\\\/elcanillita.info\\\/press\\\/2025\\\/06\\\/21\\\/lagrimas-del-destierro\\\/#article\",\"isPartOf\":{\"@id\":\"https:\\\/\\\/elcanillita.info\\\/press\\\/2025\\\/06\\\/21\\\/lagrimas-del-destierro\\\/\"},\"author\":{\"name\":\"SalaStampa.eu, world press service\",\"@id\":\"https:\\\/\\\/elcanillita.info\\\/press\\\/#\\\/schema\\\/person\\\/7fcb79f38045700919f7da6d97e71ba0\"},\"headline\":\"L\u00e1grimas del Destierro\",\"datePublished\":\"2025-06-21T11:38:39+00:00\",\"dateModified\":\"2025-06-21T14:19:09+00:00\",\"mainEntityOfPage\":{\"@id\":\"https:\\\/\\\/elcanillita.info\\\/press\\\/2025\\\/06\\\/21\\\/lagrimas-del-destierro\\\/\"},\"wordCount\":420,\"publisher\":{\"@id\":\"https:\\\/\\\/elcanillita.info\\\/press\\\/#organization\"},\"image\":{\"@id\":\"https:\\\/\\\/elcanillita.info\\\/press\\\/2025\\\/06\\\/21\\\/lagrimas-del-destierro\\\/#primaryimage\"},\"thumbnailUrl\":\"https:\\\/\\\/elcanillita.info\\\/press\\\/images\\\/2025\\\/06\\\/destierro_Page.HHH_.png\",\"articleSection\":[\".\",\".\",\"Actualidad\",\"Argentina\",\"Corrupci\u00f3n\",\"Dolores de La Press\",\"Justicia\",\"Politica\",\"Sociedad\"],\"inLanguage\":\"es-AR\"},{\"@type\":\"WebPage\",\"@id\":\"https:\\\/\\\/elcanillita.info\\\/press\\\/2025\\\/06\\\/21\\\/lagrimas-del-destierro\\\/\",\"url\":\"https:\\\/\\\/elcanillita.info\\\/press\\\/2025\\\/06\\\/21\\\/lagrimas-del-destierro\\\/\",\"name\":\"L\u00e1grimas del Destierro - ElCanillita.Info\",\"isPartOf\":{\"@id\":\"https:\\\/\\\/elcanillita.info\\\/press\\\/#website\"},\"primaryImageOfPage\":{\"@id\":\"https:\\\/\\\/elcanillita.info\\\/press\\\/2025\\\/06\\\/21\\\/lagrimas-del-destierro\\\/#primaryimage\"},\"image\":{\"@id\":\"https:\\\/\\\/elcanillita.info\\\/press\\\/2025\\\/06\\\/21\\\/lagrimas-del-destierro\\\/#primaryimage\"},\"thumbnailUrl\":\"https:\\\/\\\/elcanillita.info\\\/press\\\/images\\\/2025\\\/06\\\/destierro_Page.HHH_.png\",\"datePublished\":\"2025-06-21T11:38:39+00:00\",\"dateModified\":\"2025-06-21T14:19:09+00:00\",\"inLanguage\":\"es-AR\",\"potentialAction\":[{\"@type\":\"ReadAction\",\"target\":[\"https:\\\/\\\/elcanillita.info\\\/press\\\/2025\\\/06\\\/21\\\/lagrimas-del-destierro\\\/\"]}]},{\"@type\":\"ImageObject\",\"inLanguage\":\"es-AR\",\"@id\":\"https:\\\/\\\/elcanillita.info\\\/press\\\/2025\\\/06\\\/21\\\/lagrimas-del-destierro\\\/#primaryimage\",\"url\":\"https:\\\/\\\/elcanillita.info\\\/press\\\/images\\\/2025\\\/06\\\/destierro_Page.HHH_.png\",\"contentUrl\":\"https:\\\/\\\/elcanillita.info\\\/press\\\/images\\\/2025\\\/06\\\/destierro_Page.HHH_.png\",\"width\":600,\"height\":400},{\"@type\":\"WebSite\",\"@id\":\"https:\\\/\\\/elcanillita.info\\\/press\\\/#website\",\"url\":\"https:\\\/\\\/elcanillita.info\\\/press\\\/\",\"name\":\"ElCanillita.Info\",\"description\":\"desde los Apeninos a los Andes\",\"publisher\":{\"@id\":\"https:\\\/\\\/elcanillita.info\\\/press\\\/#organization\"},\"potentialAction\":[{\"@type\":\"SearchAction\",\"target\":{\"@type\":\"EntryPoint\",\"urlTemplate\":\"https:\\\/\\\/elcanillita.info\\\/press\\\/?s={search_term_string}\"},\"query-input\":{\"@type\":\"PropertyValueSpecification\",\"valueRequired\":true,\"valueName\":\"search_term_string\"}}],\"inLanguage\":\"es-AR\"},{\"@type\":\"Organization\",\"@id\":\"https:\\\/\\\/elcanillita.info\\\/press\\\/#organization\",\"name\":\"Guzzo Photos & Graphic Publications\",\"url\":\"https:\\\/\\\/elcanillita.info\\\/press\\\/\",\"logo\":{\"@type\":\"ImageObject\",\"inLanguage\":\"es-AR\",\"@id\":\"https:\\\/\\\/elcanillita.info\\\/press\\\/#\\\/schema\\\/logo\\\/image\\\/\",\"url\":\"https:\\\/\\\/elcanillita.info\\\/press\\\/images\\\/2020\\\/01\\\/cropped-cropped-cropped-elcanillitainfo.png\",\"contentUrl\":\"https:\\\/\\\/elcanillita.info\\\/press\\\/images\\\/2020\\\/01\\\/cropped-cropped-cropped-elcanillitainfo.png\",\"width\":460,\"height\":50,\"caption\":\"Guzzo Photos & Graphic Publications\"},\"image\":{\"@id\":\"https:\\\/\\\/elcanillita.info\\\/press\\\/#\\\/schema\\\/logo\\\/image\\\/\"},\"sameAs\":[\"https:\\\/\\\/ar-ar.facebook.com\\\/ElCanillitainfo-114249515285712\\\/\"]},{\"@type\":\"Person\",\"@id\":\"https:\\\/\\\/elcanillita.info\\\/press\\\/#\\\/schema\\\/person\\\/7fcb79f38045700919f7da6d97e71ba0\",\"name\":\"SalaStampa.eu, world press service\",\"image\":{\"@type\":\"ImageObject\",\"inLanguage\":\"es-AR\",\"@id\":\"https:\\\/\\\/secure.gravatar.com\\\/avatar\\\/c2f0e0d515a107624234994507816ca4724c7199cef73fc8bedebf6931d73888?s=96&d=mm&r=g\",\"url\":\"https:\\\/\\\/secure.gravatar.com\\\/avatar\\\/c2f0e0d515a107624234994507816ca4724c7199cef73fc8bedebf6931d73888?s=96&d=mm&r=g\",\"contentUrl\":\"https:\\\/\\\/secure.gravatar.com\\\/avatar\\\/c2f0e0d515a107624234994507816ca4724c7199cef73fc8bedebf6931d73888?s=96&d=mm&r=g\",\"caption\":\"SalaStampa.eu, world press service\"}}]}<\/script>\n<!-- \/ Yoast SEO plugin. -->","yoast_head_json":{"title":"L\u00e1grimas del Destierro - ElCanillita.Info","robots":{"index":"index","follow":"follow","max-snippet":"max-snippet:-1","max-image-preview":"max-image-preview:large","max-video-preview":"max-video-preview:-1"},"canonical":"https:\/\/elcanillita.info\/press\/2025\/06\/21\/lagrimas-del-destierro\/","og_locale":"es_ES","og_type":"article","og_title":"L\u00e1grimas del Destierro - ElCanillita.Info","og_description":"Reporte de Nonna Pecas desde la Aldea (Buenos Aires)","og_url":"https:\/\/elcanillita.info\/press\/2025\/06\/21\/lagrimas-del-destierro\/","og_site_name":"ElCanillita.Info","article_publisher":"https:\/\/ar-ar.facebook.com\/ElCanillitainfo-114249515285712\/","article_published_time":"2025-06-21T11:38:39+00:00","article_modified_time":"2025-06-21T14:19:09+00:00","og_image":[{"width":600,"height":400,"url":"https:\/\/elcanillita.info\/press\/images\/2025\/06\/destierro_Page.HHH_.png","type":"image\/png"}],"author":"SalaStampa.eu, world press service","twitter_card":"summary_large_image","twitter_misc":{"Escrito por":"SalaStampa.eu, world press service","Tiempo de lectura":"3 minutos"},"schema":{"@context":"https:\/\/schema.org","@graph":[{"@type":"Article","@id":"https:\/\/elcanillita.info\/press\/2025\/06\/21\/lagrimas-del-destierro\/#article","isPartOf":{"@id":"https:\/\/elcanillita.info\/press\/2025\/06\/21\/lagrimas-del-destierro\/"},"author":{"name":"SalaStampa.eu, world press service","@id":"https:\/\/elcanillita.info\/press\/#\/schema\/person\/7fcb79f38045700919f7da6d97e71ba0"},"headline":"L\u00e1grimas del Destierro","datePublished":"2025-06-21T11:38:39+00:00","dateModified":"2025-06-21T14:19:09+00:00","mainEntityOfPage":{"@id":"https:\/\/elcanillita.info\/press\/2025\/06\/21\/lagrimas-del-destierro\/"},"wordCount":420,"publisher":{"@id":"https:\/\/elcanillita.info\/press\/#organization"},"image":{"@id":"https:\/\/elcanillita.info\/press\/2025\/06\/21\/lagrimas-del-destierro\/#primaryimage"},"thumbnailUrl":"https:\/\/elcanillita.info\/press\/images\/2025\/06\/destierro_Page.HHH_.png","articleSection":[".",".","Actualidad","Argentina","Corrupci\u00f3n","Dolores de La Press","Justicia","Politica","Sociedad"],"inLanguage":"es-AR"},{"@type":"WebPage","@id":"https:\/\/elcanillita.info\/press\/2025\/06\/21\/lagrimas-del-destierro\/","url":"https:\/\/elcanillita.info\/press\/2025\/06\/21\/lagrimas-del-destierro\/","name":"L\u00e1grimas del Destierro - ElCanillita.Info","isPartOf":{"@id":"https:\/\/elcanillita.info\/press\/#website"},"primaryImageOfPage":{"@id":"https:\/\/elcanillita.info\/press\/2025\/06\/21\/lagrimas-del-destierro\/#primaryimage"},"image":{"@id":"https:\/\/elcanillita.info\/press\/2025\/06\/21\/lagrimas-del-destierro\/#primaryimage"},"thumbnailUrl":"https:\/\/elcanillita.info\/press\/images\/2025\/06\/destierro_Page.HHH_.png","datePublished":"2025-06-21T11:38:39+00:00","dateModified":"2025-06-21T14:19:09+00:00","inLanguage":"es-AR","potentialAction":[{"@type":"ReadAction","target":["https:\/\/elcanillita.info\/press\/2025\/06\/21\/lagrimas-del-destierro\/"]}]},{"@type":"ImageObject","inLanguage":"es-AR","@id":"https:\/\/elcanillita.info\/press\/2025\/06\/21\/lagrimas-del-destierro\/#primaryimage","url":"https:\/\/elcanillita.info\/press\/images\/2025\/06\/destierro_Page.HHH_.png","contentUrl":"https:\/\/elcanillita.info\/press\/images\/2025\/06\/destierro_Page.HHH_.png","width":600,"height":400},{"@type":"WebSite","@id":"https:\/\/elcanillita.info\/press\/#website","url":"https:\/\/elcanillita.info\/press\/","name":"ElCanillita.Info","description":"desde los Apeninos a los Andes","publisher":{"@id":"https:\/\/elcanillita.info\/press\/#organization"},"potentialAction":[{"@type":"SearchAction","target":{"@type":"EntryPoint","urlTemplate":"https:\/\/elcanillita.info\/press\/?s={search_term_string}"},"query-input":{"@type":"PropertyValueSpecification","valueRequired":true,"valueName":"search_term_string"}}],"inLanguage":"es-AR"},{"@type":"Organization","@id":"https:\/\/elcanillita.info\/press\/#organization","name":"Guzzo Photos & Graphic Publications","url":"https:\/\/elcanillita.info\/press\/","logo":{"@type":"ImageObject","inLanguage":"es-AR","@id":"https:\/\/elcanillita.info\/press\/#\/schema\/logo\/image\/","url":"https:\/\/elcanillita.info\/press\/images\/2020\/01\/cropped-cropped-cropped-elcanillitainfo.png","contentUrl":"https:\/\/elcanillita.info\/press\/images\/2020\/01\/cropped-cropped-cropped-elcanillitainfo.png","width":460,"height":50,"caption":"Guzzo Photos & Graphic Publications"},"image":{"@id":"https:\/\/elcanillita.info\/press\/#\/schema\/logo\/image\/"},"sameAs":["https:\/\/ar-ar.facebook.com\/ElCanillitainfo-114249515285712\/"]},{"@type":"Person","@id":"https:\/\/elcanillita.info\/press\/#\/schema\/person\/7fcb79f38045700919f7da6d97e71ba0","name":"SalaStampa.eu, world press service","image":{"@type":"ImageObject","inLanguage":"es-AR","@id":"https:\/\/secure.gravatar.com\/avatar\/c2f0e0d515a107624234994507816ca4724c7199cef73fc8bedebf6931d73888?s=96&d=mm&r=g","url":"https:\/\/secure.gravatar.com\/avatar\/c2f0e0d515a107624234994507816ca4724c7199cef73fc8bedebf6931d73888?s=96&d=mm&r=g","contentUrl":"https:\/\/secure.gravatar.com\/avatar\/c2f0e0d515a107624234994507816ca4724c7199cef73fc8bedebf6931d73888?s=96&d=mm&r=g","caption":"SalaStampa.eu, world press service"}}]}},"views":157,"_links":{"self":[{"href":"https:\/\/elcanillita.info\/press\/wp-json\/wp\/v2\/posts\/4945","targetHints":{"allow":["GET"]}}],"collection":[{"href":"https:\/\/elcanillita.info\/press\/wp-json\/wp\/v2\/posts"}],"about":[{"href":"https:\/\/elcanillita.info\/press\/wp-json\/wp\/v2\/types\/post"}],"author":[{"embeddable":true,"href":"https:\/\/elcanillita.info\/press\/wp-json\/wp\/v2\/users\/1"}],"replies":[{"embeddable":true,"href":"https:\/\/elcanillita.info\/press\/wp-json\/wp\/v2\/comments?post=4945"}],"version-history":[{"count":0,"href":"https:\/\/elcanillita.info\/press\/wp-json\/wp\/v2\/posts\/4945\/revisions"}],"wp:featuredmedia":[{"embeddable":true,"href":"https:\/\/elcanillita.info\/press\/wp-json\/wp\/v2\/media\/4947"}],"wp:attachment":[{"href":"https:\/\/elcanillita.info\/press\/wp-json\/wp\/v2\/media?parent=4945"}],"wp:term":[{"taxonomy":"category","embeddable":true,"href":"https:\/\/elcanillita.info\/press\/wp-json\/wp\/v2\/categories?post=4945"},{"taxonomy":"post_tag","embeddable":true,"href":"https:\/\/elcanillita.info\/press\/wp-json\/wp\/v2\/tags?post=4945"}],"curies":[{"name":"wp","href":"https:\/\/api.w.org\/{rel}","templated":true}]}}