{"id":4940,"date":"2025-06-21T00:35:14","date_gmt":"2025-06-21T03:35:14","guid":{"rendered":"https:\/\/elcanillita.info\/press\/?p=4940"},"modified":"2025-06-21T00:35:16","modified_gmt":"2025-06-21T03:35:16","slug":"respirar-pero-con-testigo","status":"publish","type":"post","link":"https:\/\/elcanillita.info\/press\/2025\/06\/21\/respirar-pero-con-testigo\/","title":{"rendered":"Respirar, pero con testigo"},"content":{"rendered":"<div class=\"wp-block-image\">\n<figure class=\"alignleft size-full is-resized\"><img loading=\"lazy\" decoding=\"async\" width=\"400\" height=\"600\" src=\"https:\/\/elcanillita.info\/press\/images\/2025\/06\/respiro_40_600.Page_.png\" alt=\"\" class=\"wp-image-4942\" style=\"width:320px;height:auto\" srcset=\"https:\/\/elcanillita.info\/press\/images\/2025\/06\/respiro_40_600.Page_.png 400w, https:\/\/elcanillita.info\/press\/images\/2025\/06\/respiro_40_600.Page_-200x300.png 200w\" sizes=\"auto, (max-width: 400px) 100vw, 400px\" \/><\/figure>\n<\/div>\n\n\n<p><strong>ElCanillita.info<\/strong><br>Argentina, 21\/06\/2025<br><br>Respuesta editorial a \u201c\u00a1No respiren!\u201d de Enrique Guillermo Avogadro<\/p>\n\n\n\n<p><em>Redacci\u00f3n de ElCanillita.info<\/em><\/p>\n\n\n\n<blockquote class=\"wp-block-quote is-layout-flow wp-block-quote-is-layout-flow\">\n<p>\u201cLa pol\u00edtica tiene un solo objetivo: dar respuesta a los terrores humanos\u201d<br>\u2014 Giuliano da Empoli<\/p>\n\n\n\n<p><em>Y la Argentina tiene otro: buscar culpables, distraer y seguir respirando con lo justo\u2026 pero sin testigos.<\/em><\/p>\n<\/blockquote>\n\n\n\n<hr class=\"wp-block-separator has-alpha-channel-opacity\"\/>\n\n\n\n<p>La advertencia de Enrique Avogadro \u2014<em>\u00a1No respiren!<\/em>\u2014 no es solo met\u00e1fora, es diagn\u00f3stico. Diagn\u00f3stico urgente de una humanidad con el ox\u00edgeno moral en ca\u00edda y las manos atadas al reloj nuclear.<\/p>\n\n\n\n<p>El conflicto entre Israel e Ir\u00e1n, con sus derivadas planetarias, encuentra a la Argentina mirando de costado, como quien esp\u00eda por la ventana mientras en el pasillo se agarran a tiros. Pero no nos enga\u00f1emos: lo que sucede all\u00e1, tambi\u00e9n respira ac\u00e1.<\/p>\n\n\n\n<p>Y sin embargo, lo m\u00e1s asfixiante \u2014como bien marca Avogadro\u2014 no es la amenaza nuclear, sino el hedor de la impunidad local. Porque mientras el mundo tiembla por bombas at\u00f3micas, nosotros seguimos tropezando con el mismo cascote: <strong>la bomba de humo judicial<\/strong>.<\/p>\n\n\n\n<h3 class=\"wp-block-heading\">Cristina: el privilegio domiciliario m\u00e1s largo del mundo<\/h3>\n\n\n\n<p>Desde su balc\u00f3n de Constituci\u00f3n, Cristina Fern\u00e1ndez no mira a Teher\u00e1n. Mira su propio ombligo jur\u00eddico. El mismo que fue bendecido por el Tribunal Oral Federal N\u00b0 2, ese curioso artefacto institucional que act\u00faa con mayor sensibilidad que una aplicaci\u00f3n de delivery: entrega sentencias seg\u00fan la direcci\u00f3n fiscal del cliente.<\/p>\n\n\n\n<p>\u00bfDomicilio en R\u00edo Gallegos para cobrar desarraigo? Perfecto.<br>\u00bfDomicilio en Capital para cumplir arresto? Tambi\u00e9n.<br>\u00bfVisitas sin l\u00edmite, con arengas desde el balc\u00f3n? Bienvenidas.<br>\u00bfVecinos rodeados de energ\u00famenos con meg\u00e1fono y parrilla? Da\u00f1os colaterales.<\/p>\n\n\n\n<p>Lo cierto es que <strong>Argentina no est\u00e1 tan lejos de la guerra<\/strong>. Est\u00e1 librando una silenciosa: la guerra del sentido com\u00fan contra el aparato del privilegio.<\/p>\n\n\n\n<h3 class=\"wp-block-heading\">Una rep\u00fablica de dos pulmones<\/h3>\n\n\n\n<p>Mientras Israel se defiende como puede, y Estados Unidos sopesa si entrar o no en un infierno geopol\u00edtico, Argentina ya tiene su infierno armado: una justicia selectiva, una pol\u00edtica clientelar que se autoprotege, y una sociedad que, cansada de oler el mismo gas, ya no reacciona ni con l\u00e1grimas.<\/p>\n\n\n\n<blockquote class=\"wp-block-quote is-layout-flow wp-block-quote-is-layout-flow\">\n<p>Avogadro habla del invierno que comienza. Nosotros advertimos: en la Argentina, <strong>el invierno no termina nunca<\/strong>. Se recalienta solo para las hogueras medi\u00e1ticas o los fuegos de artificio electorales.<\/p>\n<\/blockquote>\n\n\n\n<h3 class=\"wp-block-heading\">De la Triple Frontera al balc\u00f3n presidencial<\/h3>\n\n\n\n<p>Hezbollah en la Triple Frontera, una base china en el sur, la Plaza de Mayo como escenario de m\u00edstica decadente, y la C\u00fapula de Hierro convertida en domo de utiler\u00eda&#8230; todo suena como una distop\u00eda regional con escenograf\u00eda prestada.<\/p>\n\n\n\n<p>Pero la distop\u00eda es local. La pregunta no es si la guerra llegar\u00e1.<br>La pregunta es: <strong>\u00bfcu\u00e1nto nos queda por perder antes de dejar de llamarnos Rep\u00fablica?<\/strong><\/p>\n\n\n\n<p>Y a\u00fan m\u00e1s urgente:<\/p>\n\n\n\n<blockquote class=\"wp-block-quote is-layout-flow wp-block-quote-is-layout-flow\">\n<p><strong>\u00bfCu\u00e1nto nos queda por callar hasta que respirar sea delito?<\/strong><\/p>\n<\/blockquote>\n\n\n\n<hr class=\"wp-block-separator has-alpha-channel-opacity\"\/>\n\n\n\n<p><strong>Nota final<\/strong><br>Gracias, Enrique, por alzar la voz en medio del sopor nacional.<br>Desde <em>El Canillita<\/em>, devolvemos el aire con esta nota.<br>Y prometemos seguir respirando&#8230; aunque sea con testigo.<\/p>\n\n\n\n<hr class=\"wp-block-separator has-alpha-channel-opacity\"\/>\n\n\n\n<p><small>\u00a9\ufe0f2025 \u201cEl \u00faltimo que dobla la esquina\u201d \u2026poque siempre hay alguien que reparte noticias mientras todos duermen. All Rights Reserved Copyright \u00a9\ufe0f 2025 ElCanillita.info \/ SalaStampa.eu, world press service Guzzo Photos &amp; Graphic Publications \u2013 Registro Editori e Stampatori n. 1441 Torino, Italia<\/small><\/p>\n\n\n\n<p><a href=\"https:\/\/egavogadro.blogspot.com\/2025\/06\/no-respiren.html\">Leer la nota original en el blog de Enrique G. Avogadro<\/a><\/p>\n","protected":false},"excerpt":{"rendered":"<p>La advertencia de Enrique Avogadro \u2014\u00a1No respiren!\u2014 no es solo met\u00e1fora, es diagn\u00f3stico.<\/p>\n","protected":false},"author":1,"featured_media":4943,"comment_status":"closed","ping_status":"closed","sticky":false,"template":"","format":"standard","meta":{"footnotes":"","_links_to":"","_links_to_target":""},"categories":[121,108,70,123,119,22,23,25],"tags":[],"class_list":["post-4940","post","type-post","status-publish","format-standard","has-post-thumbnail","hentry","category-dc24","category-blogdiario","category-actualidad","category-argentina","category-guerra","category-justicia","category-politica","category-sociedad","entry","double"],"yoast_head":"<!-- This site is optimized with the Yoast SEO plugin v27.4 - https:\/\/yoast.com\/product\/yoast-seo-wordpress\/ -->\n<title>Respirar, pero con testigo - ElCanillita.Info<\/title>\n<meta name=\"robots\" content=\"index, follow, max-snippet:-1, max-image-preview:large, max-video-preview:-1\" \/>\n<link rel=\"canonical\" href=\"https:\/\/elcanillita.info\/press\/2025\/06\/21\/respirar-pero-con-testigo\/\" \/>\n<meta property=\"og:locale\" content=\"es_ES\" \/>\n<meta property=\"og:type\" content=\"article\" \/>\n<meta property=\"og:title\" content=\"Respirar, pero con testigo - ElCanillita.Info\" \/>\n<meta property=\"og:description\" content=\"La advertencia de Enrique Avogadro \u2014\u00a1No respiren!\u2014 no es solo met\u00e1fora, es diagn\u00f3stico.\" \/>\n<meta property=\"og:url\" content=\"https:\/\/elcanillita.info\/press\/2025\/06\/21\/respirar-pero-con-testigo\/\" \/>\n<meta property=\"og:site_name\" content=\"ElCanillita.Info\" \/>\n<meta property=\"article:publisher\" content=\"https:\/\/ar-ar.facebook.com\/ElCanillitainfo-114249515285712\/\" \/>\n<meta property=\"article:published_time\" content=\"2025-06-21T03:35:14+00:00\" \/>\n<meta property=\"article:modified_time\" content=\"2025-06-21T03:35:16+00:00\" \/>\n<meta property=\"og:image\" content=\"https:\/\/elcanillita.info\/press\/images\/2025\/06\/respiro_40_600.Page_.HHH_.png\" \/>\n\t<meta property=\"og:image:width\" content=\"600\" \/>\n\t<meta property=\"og:image:height\" content=\"400\" \/>\n\t<meta property=\"og:image:type\" content=\"image\/png\" \/>\n<meta name=\"author\" content=\"SalaStampa.eu, world press service\" \/>\n<meta name=\"twitter:card\" content=\"summary_large_image\" \/>\n<meta name=\"twitter:label1\" content=\"Escrito por\" \/>\n\t<meta name=\"twitter:data1\" content=\"SalaStampa.eu, world press service\" \/>\n\t<meta name=\"twitter:label2\" content=\"Tiempo de lectura\" \/>\n\t<meta name=\"twitter:data2\" content=\"3 minutos\" \/>\n<script type=\"application\/ld+json\" class=\"yoast-schema-graph\">{\"@context\":\"https:\\\/\\\/schema.org\",\"@graph\":[{\"@type\":\"Article\",\"@id\":\"https:\\\/\\\/elcanillita.info\\\/press\\\/2025\\\/06\\\/21\\\/respirar-pero-con-testigo\\\/#article\",\"isPartOf\":{\"@id\":\"https:\\\/\\\/elcanillita.info\\\/press\\\/2025\\\/06\\\/21\\\/respirar-pero-con-testigo\\\/\"},\"author\":{\"name\":\"SalaStampa.eu, world press service\",\"@id\":\"https:\\\/\\\/elcanillita.info\\\/press\\\/#\\\/schema\\\/person\\\/7fcb79f38045700919f7da6d97e71ba0\"},\"headline\":\"Respirar, pero con testigo\",\"datePublished\":\"2025-06-21T03:35:14+00:00\",\"dateModified\":\"2025-06-21T03:35:16+00:00\",\"mainEntityOfPage\":{\"@id\":\"https:\\\/\\\/elcanillita.info\\\/press\\\/2025\\\/06\\\/21\\\/respirar-pero-con-testigo\\\/\"},\"wordCount\":582,\"publisher\":{\"@id\":\"https:\\\/\\\/elcanillita.info\\\/press\\\/#organization\"},\"image\":{\"@id\":\"https:\\\/\\\/elcanillita.info\\\/press\\\/2025\\\/06\\\/21\\\/respirar-pero-con-testigo\\\/#primaryimage\"},\"thumbnailUrl\":\"https:\\\/\\\/elcanillita.info\\\/press\\\/images\\\/2025\\\/06\\\/respiro_40_600.Page_.HHH_.png\",\"articleSection\":[\".\",\".\",\"Actualidad\",\"Argentina\",\"Guerra\",\"Justicia\",\"Politica\",\"Sociedad\"],\"inLanguage\":\"es-AR\"},{\"@type\":\"WebPage\",\"@id\":\"https:\\\/\\\/elcanillita.info\\\/press\\\/2025\\\/06\\\/21\\\/respirar-pero-con-testigo\\\/\",\"url\":\"https:\\\/\\\/elcanillita.info\\\/press\\\/2025\\\/06\\\/21\\\/respirar-pero-con-testigo\\\/\",\"name\":\"Respirar, pero con testigo - ElCanillita.Info\",\"isPartOf\":{\"@id\":\"https:\\\/\\\/elcanillita.info\\\/press\\\/#website\"},\"primaryImageOfPage\":{\"@id\":\"https:\\\/\\\/elcanillita.info\\\/press\\\/2025\\\/06\\\/21\\\/respirar-pero-con-testigo\\\/#primaryimage\"},\"image\":{\"@id\":\"https:\\\/\\\/elcanillita.info\\\/press\\\/2025\\\/06\\\/21\\\/respirar-pero-con-testigo\\\/#primaryimage\"},\"thumbnailUrl\":\"https:\\\/\\\/elcanillita.info\\\/press\\\/images\\\/2025\\\/06\\\/respiro_40_600.Page_.HHH_.png\",\"datePublished\":\"2025-06-21T03:35:14+00:00\",\"dateModified\":\"2025-06-21T03:35:16+00:00\",\"inLanguage\":\"es-AR\",\"potentialAction\":[{\"@type\":\"ReadAction\",\"target\":[\"https:\\\/\\\/elcanillita.info\\\/press\\\/2025\\\/06\\\/21\\\/respirar-pero-con-testigo\\\/\"]}]},{\"@type\":\"ImageObject\",\"inLanguage\":\"es-AR\",\"@id\":\"https:\\\/\\\/elcanillita.info\\\/press\\\/2025\\\/06\\\/21\\\/respirar-pero-con-testigo\\\/#primaryimage\",\"url\":\"https:\\\/\\\/elcanillita.info\\\/press\\\/images\\\/2025\\\/06\\\/respiro_40_600.Page_.HHH_.png\",\"contentUrl\":\"https:\\\/\\\/elcanillita.info\\\/press\\\/images\\\/2025\\\/06\\\/respiro_40_600.Page_.HHH_.png\",\"width\":600,\"height\":400},{\"@type\":\"WebSite\",\"@id\":\"https:\\\/\\\/elcanillita.info\\\/press\\\/#website\",\"url\":\"https:\\\/\\\/elcanillita.info\\\/press\\\/\",\"name\":\"ElCanillita.Info\",\"description\":\"desde los Apeninos a los Andes\",\"publisher\":{\"@id\":\"https:\\\/\\\/elcanillita.info\\\/press\\\/#organization\"},\"potentialAction\":[{\"@type\":\"SearchAction\",\"target\":{\"@type\":\"EntryPoint\",\"urlTemplate\":\"https:\\\/\\\/elcanillita.info\\\/press\\\/?s={search_term_string}\"},\"query-input\":{\"@type\":\"PropertyValueSpecification\",\"valueRequired\":true,\"valueName\":\"search_term_string\"}}],\"inLanguage\":\"es-AR\"},{\"@type\":\"Organization\",\"@id\":\"https:\\\/\\\/elcanillita.info\\\/press\\\/#organization\",\"name\":\"Guzzo Photos & Graphic Publications\",\"url\":\"https:\\\/\\\/elcanillita.info\\\/press\\\/\",\"logo\":{\"@type\":\"ImageObject\",\"inLanguage\":\"es-AR\",\"@id\":\"https:\\\/\\\/elcanillita.info\\\/press\\\/#\\\/schema\\\/logo\\\/image\\\/\",\"url\":\"https:\\\/\\\/elcanillita.info\\\/press\\\/images\\\/2020\\\/01\\\/cropped-cropped-cropped-elcanillitainfo.png\",\"contentUrl\":\"https:\\\/\\\/elcanillita.info\\\/press\\\/images\\\/2020\\\/01\\\/cropped-cropped-cropped-elcanillitainfo.png\",\"width\":460,\"height\":50,\"caption\":\"Guzzo Photos & Graphic Publications\"},\"image\":{\"@id\":\"https:\\\/\\\/elcanillita.info\\\/press\\\/#\\\/schema\\\/logo\\\/image\\\/\"},\"sameAs\":[\"https:\\\/\\\/ar-ar.facebook.com\\\/ElCanillitainfo-114249515285712\\\/\"]},{\"@type\":\"Person\",\"@id\":\"https:\\\/\\\/elcanillita.info\\\/press\\\/#\\\/schema\\\/person\\\/7fcb79f38045700919f7da6d97e71ba0\",\"name\":\"SalaStampa.eu, world press service\",\"image\":{\"@type\":\"ImageObject\",\"inLanguage\":\"es-AR\",\"@id\":\"https:\\\/\\\/secure.gravatar.com\\\/avatar\\\/c2f0e0d515a107624234994507816ca4724c7199cef73fc8bedebf6931d73888?s=96&d=mm&r=g\",\"url\":\"https:\\\/\\\/secure.gravatar.com\\\/avatar\\\/c2f0e0d515a107624234994507816ca4724c7199cef73fc8bedebf6931d73888?s=96&d=mm&r=g\",\"contentUrl\":\"https:\\\/\\\/secure.gravatar.com\\\/avatar\\\/c2f0e0d515a107624234994507816ca4724c7199cef73fc8bedebf6931d73888?s=96&d=mm&r=g\",\"caption\":\"SalaStampa.eu, world press service\"}}]}<\/script>\n<!-- \/ Yoast SEO plugin. -->","yoast_head_json":{"title":"Respirar, pero con testigo - ElCanillita.Info","robots":{"index":"index","follow":"follow","max-snippet":"max-snippet:-1","max-image-preview":"max-image-preview:large","max-video-preview":"max-video-preview:-1"},"canonical":"https:\/\/elcanillita.info\/press\/2025\/06\/21\/respirar-pero-con-testigo\/","og_locale":"es_ES","og_type":"article","og_title":"Respirar, pero con testigo - ElCanillita.Info","og_description":"La advertencia de Enrique Avogadro \u2014\u00a1No respiren!\u2014 no es solo met\u00e1fora, es diagn\u00f3stico.","og_url":"https:\/\/elcanillita.info\/press\/2025\/06\/21\/respirar-pero-con-testigo\/","og_site_name":"ElCanillita.Info","article_publisher":"https:\/\/ar-ar.facebook.com\/ElCanillitainfo-114249515285712\/","article_published_time":"2025-06-21T03:35:14+00:00","article_modified_time":"2025-06-21T03:35:16+00:00","og_image":[{"width":600,"height":400,"url":"https:\/\/elcanillita.info\/press\/images\/2025\/06\/respiro_40_600.Page_.HHH_.png","type":"image\/png"}],"author":"SalaStampa.eu, world press service","twitter_card":"summary_large_image","twitter_misc":{"Escrito por":"SalaStampa.eu, world press service","Tiempo de lectura":"3 minutos"},"schema":{"@context":"https:\/\/schema.org","@graph":[{"@type":"Article","@id":"https:\/\/elcanillita.info\/press\/2025\/06\/21\/respirar-pero-con-testigo\/#article","isPartOf":{"@id":"https:\/\/elcanillita.info\/press\/2025\/06\/21\/respirar-pero-con-testigo\/"},"author":{"name":"SalaStampa.eu, world press service","@id":"https:\/\/elcanillita.info\/press\/#\/schema\/person\/7fcb79f38045700919f7da6d97e71ba0"},"headline":"Respirar, pero con testigo","datePublished":"2025-06-21T03:35:14+00:00","dateModified":"2025-06-21T03:35:16+00:00","mainEntityOfPage":{"@id":"https:\/\/elcanillita.info\/press\/2025\/06\/21\/respirar-pero-con-testigo\/"},"wordCount":582,"publisher":{"@id":"https:\/\/elcanillita.info\/press\/#organization"},"image":{"@id":"https:\/\/elcanillita.info\/press\/2025\/06\/21\/respirar-pero-con-testigo\/#primaryimage"},"thumbnailUrl":"https:\/\/elcanillita.info\/press\/images\/2025\/06\/respiro_40_600.Page_.HHH_.png","articleSection":[".",".","Actualidad","Argentina","Guerra","Justicia","Politica","Sociedad"],"inLanguage":"es-AR"},{"@type":"WebPage","@id":"https:\/\/elcanillita.info\/press\/2025\/06\/21\/respirar-pero-con-testigo\/","url":"https:\/\/elcanillita.info\/press\/2025\/06\/21\/respirar-pero-con-testigo\/","name":"Respirar, pero con testigo - ElCanillita.Info","isPartOf":{"@id":"https:\/\/elcanillita.info\/press\/#website"},"primaryImageOfPage":{"@id":"https:\/\/elcanillita.info\/press\/2025\/06\/21\/respirar-pero-con-testigo\/#primaryimage"},"image":{"@id":"https:\/\/elcanillita.info\/press\/2025\/06\/21\/respirar-pero-con-testigo\/#primaryimage"},"thumbnailUrl":"https:\/\/elcanillita.info\/press\/images\/2025\/06\/respiro_40_600.Page_.HHH_.png","datePublished":"2025-06-21T03:35:14+00:00","dateModified":"2025-06-21T03:35:16+00:00","inLanguage":"es-AR","potentialAction":[{"@type":"ReadAction","target":["https:\/\/elcanillita.info\/press\/2025\/06\/21\/respirar-pero-con-testigo\/"]}]},{"@type":"ImageObject","inLanguage":"es-AR","@id":"https:\/\/elcanillita.info\/press\/2025\/06\/21\/respirar-pero-con-testigo\/#primaryimage","url":"https:\/\/elcanillita.info\/press\/images\/2025\/06\/respiro_40_600.Page_.HHH_.png","contentUrl":"https:\/\/elcanillita.info\/press\/images\/2025\/06\/respiro_40_600.Page_.HHH_.png","width":600,"height":400},{"@type":"WebSite","@id":"https:\/\/elcanillita.info\/press\/#website","url":"https:\/\/elcanillita.info\/press\/","name":"ElCanillita.Info","description":"desde los Apeninos a los Andes","publisher":{"@id":"https:\/\/elcanillita.info\/press\/#organization"},"potentialAction":[{"@type":"SearchAction","target":{"@type":"EntryPoint","urlTemplate":"https:\/\/elcanillita.info\/press\/?s={search_term_string}"},"query-input":{"@type":"PropertyValueSpecification","valueRequired":true,"valueName":"search_term_string"}}],"inLanguage":"es-AR"},{"@type":"Organization","@id":"https:\/\/elcanillita.info\/press\/#organization","name":"Guzzo Photos & Graphic Publications","url":"https:\/\/elcanillita.info\/press\/","logo":{"@type":"ImageObject","inLanguage":"es-AR","@id":"https:\/\/elcanillita.info\/press\/#\/schema\/logo\/image\/","url":"https:\/\/elcanillita.info\/press\/images\/2020\/01\/cropped-cropped-cropped-elcanillitainfo.png","contentUrl":"https:\/\/elcanillita.info\/press\/images\/2020\/01\/cropped-cropped-cropped-elcanillitainfo.png","width":460,"height":50,"caption":"Guzzo Photos & Graphic Publications"},"image":{"@id":"https:\/\/elcanillita.info\/press\/#\/schema\/logo\/image\/"},"sameAs":["https:\/\/ar-ar.facebook.com\/ElCanillitainfo-114249515285712\/"]},{"@type":"Person","@id":"https:\/\/elcanillita.info\/press\/#\/schema\/person\/7fcb79f38045700919f7da6d97e71ba0","name":"SalaStampa.eu, world press service","image":{"@type":"ImageObject","inLanguage":"es-AR","@id":"https:\/\/secure.gravatar.com\/avatar\/c2f0e0d515a107624234994507816ca4724c7199cef73fc8bedebf6931d73888?s=96&d=mm&r=g","url":"https:\/\/secure.gravatar.com\/avatar\/c2f0e0d515a107624234994507816ca4724c7199cef73fc8bedebf6931d73888?s=96&d=mm&r=g","contentUrl":"https:\/\/secure.gravatar.com\/avatar\/c2f0e0d515a107624234994507816ca4724c7199cef73fc8bedebf6931d73888?s=96&d=mm&r=g","caption":"SalaStampa.eu, world press service"}}]}},"views":200,"_links":{"self":[{"href":"https:\/\/elcanillita.info\/press\/wp-json\/wp\/v2\/posts\/4940","targetHints":{"allow":["GET"]}}],"collection":[{"href":"https:\/\/elcanillita.info\/press\/wp-json\/wp\/v2\/posts"}],"about":[{"href":"https:\/\/elcanillita.info\/press\/wp-json\/wp\/v2\/types\/post"}],"author":[{"embeddable":true,"href":"https:\/\/elcanillita.info\/press\/wp-json\/wp\/v2\/users\/1"}],"replies":[{"embeddable":true,"href":"https:\/\/elcanillita.info\/press\/wp-json\/wp\/v2\/comments?post=4940"}],"version-history":[{"count":0,"href":"https:\/\/elcanillita.info\/press\/wp-json\/wp\/v2\/posts\/4940\/revisions"}],"wp:featuredmedia":[{"embeddable":true,"href":"https:\/\/elcanillita.info\/press\/wp-json\/wp\/v2\/media\/4943"}],"wp:attachment":[{"href":"https:\/\/elcanillita.info\/press\/wp-json\/wp\/v2\/media?parent=4940"}],"wp:term":[{"taxonomy":"category","embeddable":true,"href":"https:\/\/elcanillita.info\/press\/wp-json\/wp\/v2\/categories?post=4940"},{"taxonomy":"post_tag","embeddable":true,"href":"https:\/\/elcanillita.info\/press\/wp-json\/wp\/v2\/tags?post=4940"}],"curies":[{"name":"wp","href":"https:\/\/api.w.org\/{rel}","templated":true}]}}