{"id":494,"date":"2020-02-20T08:42:59","date_gmt":"2020-02-20T11:42:59","guid":{"rendered":"https:\/\/elcanillita.info\/press\/?p=494"},"modified":"2020-02-20T08:43:06","modified_gmt":"2020-02-20T11:43:06","slug":"trump-nombra-richard-grenell-director-interino-inteligencia-nacional","status":"publish","type":"post","link":"https:\/\/elcanillita.info\/press\/2020\/02\/20\/trump-nombra-richard-grenell-director-interino-inteligencia-nacional\/","title":{"rendered":"Trump nombra a Richard Grenell director interino de Inteligencia Nacional"},"content":{"rendered":"\n<p>Washington, 20.02.2020 &#8211; El presidente de Estados Unidos, Donald Trump, anunci\u00f3 este mi\u00e9rcoles el nombramiento de Richard Grenell, actual embajador en Alemania, como director interino de Inteligencia Nacional.<\/p>\n\n\n\n<p>Trump hizo el anuncio en su cuenta de Twitter: &#8220;Me complace anunciar que nuestro respetado Embajador en Alemania, Richard Grenell, se convertir\u00e1 en el Director Interino de Inteligencia Nacional. Rick ha representado a nuestro pa\u00eds extremadamente bien y espero trabajar con \u00e9l&#8221;.<br>\nGrenell, que ejercer\u00e1 de manera interina a la espera de ser confirmado por el Senado, sustituye en el cargo a Joe Maguire, a quien el presidente agradeci\u00f3 por el desempe\u00f1o de su labor.&nbsp;<\/p>\n\n\n\n<p>Grenell fungi\u00f3 por varios a\u00f1os como vocero estadounidense ante Naciones Unidas y en 2012 trabaj\u00f3 en la campa\u00f1a presidencial del candidato republicano, Mitt Romney.<\/p>\n\n\n\n<p>La cadena Fox News coment\u00f3 que Grenell ser\u00eda el primer alto funcionario abiertamente gay en la administraci\u00f3n republicana.<\/p>\n\n\n\n<p>&#8220;La prueba del gran m\u00e9rito de Richard Grenell est\u00e1 en el poder de enfrentarse obstinadamente a los alemanes cuando se trata de Ir\u00e1n, 5G\/Huawei\/China&#8221;, dijo el influyente comunicador Benjamin Weingarten, citado por Fox.<br><br>\n<small>2020 voanoticias \u2013 salastampa.eu, afiliada a la red Broadcasting Board of Governors \u00a9 2020 BBG<\/small><\/p>\n\n\n\n<p><\/p>\n","protected":false},"excerpt":{"rendered":"<p>Washington, 20.02.2020 &#8211; El presidente de Estados Unidos, Donald Trump, anunci\u00f3 este mi\u00e9rcoles el nombramiento de Richard Grenell, actual embajador en Alemania, como director interino de Inteligencia Nacional.<\/p>\n","protected":false},"author":1,"featured_media":0,"comment_status":"closed","ping_status":"closed","sticky":false,"template":"","format":"standard","meta":{"footnotes":"","_links_to":"","_links_to_target":""},"categories":[70,9,23],"tags":[34],"class_list":["post-494","post","type-post","status-publish","format-standard","hentry","category-actualidad","category-america-del-norte","category-politica","tag-estados-unidos","entry","double"],"yoast_head":"<!-- This site is optimized with the Yoast SEO plugin v27.5 - https:\/\/yoast.com\/product\/yoast-seo-wordpress\/ -->\n<title>Trump nombra a Richard Grenell director interino de Inteligencia Nacional - ElCanillita.Info<\/title>\n<meta name=\"robots\" content=\"index, follow, max-snippet:-1, max-image-preview:large, max-video-preview:-1\" \/>\n<link rel=\"canonical\" href=\"https:\/\/elcanillita.info\/press\/2020\/02\/20\/trump-nombra-richard-grenell-director-interino-inteligencia-nacional\/\" \/>\n<meta property=\"og:locale\" content=\"es_ES\" \/>\n<meta property=\"og:type\" content=\"article\" \/>\n<meta property=\"og:title\" content=\"Trump nombra a Richard Grenell director interino de Inteligencia Nacional - ElCanillita.Info\" \/>\n<meta property=\"og:description\" content=\"Washington, 20.02.2020 - El presidente de Estados Unidos, Donald Trump, anunci\u00f3 este mi\u00e9rcoles el nombramiento de Richard Grenell, actual embajador en Alemania, como director interino de Inteligencia Nacional.\" \/>\n<meta property=\"og:url\" content=\"https:\/\/elcanillita.info\/press\/2020\/02\/20\/trump-nombra-richard-grenell-director-interino-inteligencia-nacional\/\" \/>\n<meta property=\"og:site_name\" content=\"ElCanillita.Info\" \/>\n<meta property=\"article:publisher\" content=\"https:\/\/ar-ar.facebook.com\/ElCanillitainfo-114249515285712\/\" \/>\n<meta property=\"article:published_time\" content=\"2020-02-20T11:42:59+00:00\" \/>\n<meta property=\"article:modified_time\" content=\"2020-02-20T11:43:06+00:00\" \/>\n<meta name=\"author\" content=\"SalaStampa.eu, world press service\" \/>\n<meta name=\"twitter:card\" content=\"summary_large_image\" \/>\n<meta name=\"twitter:label1\" content=\"Escrito por\" \/>\n\t<meta name=\"twitter:data1\" content=\"SalaStampa.eu, world press service\" \/>\n\t<meta name=\"twitter:label2\" content=\"Tiempo de lectura\" \/>\n\t<meta name=\"twitter:data2\" content=\"1 minuto\" \/>\n<script type=\"application\/ld+json\" class=\"yoast-schema-graph\">{\"@context\":\"https:\\\/\\\/schema.org\",\"@graph\":[{\"@type\":\"Article\",\"@id\":\"https:\\\/\\\/elcanillita.info\\\/press\\\/2020\\\/02\\\/20\\\/trump-nombra-richard-grenell-director-interino-inteligencia-nacional\\\/#article\",\"isPartOf\":{\"@id\":\"https:\\\/\\\/elcanillita.info\\\/press\\\/2020\\\/02\\\/20\\\/trump-nombra-richard-grenell-director-interino-inteligencia-nacional\\\/\"},\"author\":{\"name\":\"SalaStampa.eu, world press service\",\"@id\":\"https:\\\/\\\/elcanillita.info\\\/press\\\/#\\\/schema\\\/person\\\/7fcb79f38045700919f7da6d97e71ba0\"},\"headline\":\"Trump nombra a Richard Grenell director interino de Inteligencia Nacional\",\"datePublished\":\"2020-02-20T11:42:59+00:00\",\"dateModified\":\"2020-02-20T11:43:06+00:00\",\"mainEntityOfPage\":{\"@id\":\"https:\\\/\\\/elcanillita.info\\\/press\\\/2020\\\/02\\\/20\\\/trump-nombra-richard-grenell-director-interino-inteligencia-nacional\\\/\"},\"wordCount\":210,\"publisher\":{\"@id\":\"https:\\\/\\\/elcanillita.info\\\/press\\\/#organization\"},\"keywords\":[\"Estados Unidos\"],\"articleSection\":[\"Actualidad\",\"Am\u00e9rica del Norte\",\"Politica\"],\"inLanguage\":\"es-AR\"},{\"@type\":\"WebPage\",\"@id\":\"https:\\\/\\\/elcanillita.info\\\/press\\\/2020\\\/02\\\/20\\\/trump-nombra-richard-grenell-director-interino-inteligencia-nacional\\\/\",\"url\":\"https:\\\/\\\/elcanillita.info\\\/press\\\/2020\\\/02\\\/20\\\/trump-nombra-richard-grenell-director-interino-inteligencia-nacional\\\/\",\"name\":\"Trump nombra a Richard Grenell director interino de Inteligencia Nacional - ElCanillita.Info\",\"isPartOf\":{\"@id\":\"https:\\\/\\\/elcanillita.info\\\/press\\\/#website\"},\"datePublished\":\"2020-02-20T11:42:59+00:00\",\"dateModified\":\"2020-02-20T11:43:06+00:00\",\"inLanguage\":\"es-AR\",\"potentialAction\":[{\"@type\":\"ReadAction\",\"target\":[\"https:\\\/\\\/elcanillita.info\\\/press\\\/2020\\\/02\\\/20\\\/trump-nombra-richard-grenell-director-interino-inteligencia-nacional\\\/\"]}]},{\"@type\":\"WebSite\",\"@id\":\"https:\\\/\\\/elcanillita.info\\\/press\\\/#website\",\"url\":\"https:\\\/\\\/elcanillita.info\\\/press\\\/\",\"name\":\"ElCanillita.Info\",\"description\":\"desde los Apeninos a los Andes\",\"publisher\":{\"@id\":\"https:\\\/\\\/elcanillita.info\\\/press\\\/#organization\"},\"potentialAction\":[{\"@type\":\"SearchAction\",\"target\":{\"@type\":\"EntryPoint\",\"urlTemplate\":\"https:\\\/\\\/elcanillita.info\\\/press\\\/?s={search_term_string}\"},\"query-input\":{\"@type\":\"PropertyValueSpecification\",\"valueRequired\":true,\"valueName\":\"search_term_string\"}}],\"inLanguage\":\"es-AR\"},{\"@type\":\"Organization\",\"@id\":\"https:\\\/\\\/elcanillita.info\\\/press\\\/#organization\",\"name\":\"Guzzo Photos & Graphic Publications\",\"url\":\"https:\\\/\\\/elcanillita.info\\\/press\\\/\",\"logo\":{\"@type\":\"ImageObject\",\"inLanguage\":\"es-AR\",\"@id\":\"https:\\\/\\\/elcanillita.info\\\/press\\\/#\\\/schema\\\/logo\\\/image\\\/\",\"url\":\"https:\\\/\\\/elcanillita.info\\\/press\\\/images\\\/2020\\\/01\\\/cropped-cropped-cropped-elcanillitainfo.png\",\"contentUrl\":\"https:\\\/\\\/elcanillita.info\\\/press\\\/images\\\/2020\\\/01\\\/cropped-cropped-cropped-elcanillitainfo.png\",\"width\":460,\"height\":50,\"caption\":\"Guzzo Photos & Graphic Publications\"},\"image\":{\"@id\":\"https:\\\/\\\/elcanillita.info\\\/press\\\/#\\\/schema\\\/logo\\\/image\\\/\"},\"sameAs\":[\"https:\\\/\\\/ar-ar.facebook.com\\\/ElCanillitainfo-114249515285712\\\/\"]},{\"@type\":\"Person\",\"@id\":\"https:\\\/\\\/elcanillita.info\\\/press\\\/#\\\/schema\\\/person\\\/7fcb79f38045700919f7da6d97e71ba0\",\"name\":\"SalaStampa.eu, world press service\",\"image\":{\"@type\":\"ImageObject\",\"inLanguage\":\"es-AR\",\"@id\":\"https:\\\/\\\/secure.gravatar.com\\\/avatar\\\/c2f0e0d515a107624234994507816ca4724c7199cef73fc8bedebf6931d73888?s=96&d=mm&r=g\",\"url\":\"https:\\\/\\\/secure.gravatar.com\\\/avatar\\\/c2f0e0d515a107624234994507816ca4724c7199cef73fc8bedebf6931d73888?s=96&d=mm&r=g\",\"contentUrl\":\"https:\\\/\\\/secure.gravatar.com\\\/avatar\\\/c2f0e0d515a107624234994507816ca4724c7199cef73fc8bedebf6931d73888?s=96&d=mm&r=g\",\"caption\":\"SalaStampa.eu, world press service\"}}]}<\/script>\n<!-- \/ Yoast SEO plugin. -->","yoast_head_json":{"title":"Trump nombra a Richard Grenell director interino de Inteligencia Nacional - ElCanillita.Info","robots":{"index":"index","follow":"follow","max-snippet":"max-snippet:-1","max-image-preview":"max-image-preview:large","max-video-preview":"max-video-preview:-1"},"canonical":"https:\/\/elcanillita.info\/press\/2020\/02\/20\/trump-nombra-richard-grenell-director-interino-inteligencia-nacional\/","og_locale":"es_ES","og_type":"article","og_title":"Trump nombra a Richard Grenell director interino de Inteligencia Nacional - ElCanillita.Info","og_description":"Washington, 20.02.2020 - El presidente de Estados Unidos, Donald Trump, anunci\u00f3 este mi\u00e9rcoles el nombramiento de Richard Grenell, actual embajador en Alemania, como director interino de Inteligencia Nacional.","og_url":"https:\/\/elcanillita.info\/press\/2020\/02\/20\/trump-nombra-richard-grenell-director-interino-inteligencia-nacional\/","og_site_name":"ElCanillita.Info","article_publisher":"https:\/\/ar-ar.facebook.com\/ElCanillitainfo-114249515285712\/","article_published_time":"2020-02-20T11:42:59+00:00","article_modified_time":"2020-02-20T11:43:06+00:00","author":"SalaStampa.eu, world press service","twitter_card":"summary_large_image","twitter_misc":{"Escrito por":"SalaStampa.eu, world press service","Tiempo de lectura":"1 minuto"},"schema":{"@context":"https:\/\/schema.org","@graph":[{"@type":"Article","@id":"https:\/\/elcanillita.info\/press\/2020\/02\/20\/trump-nombra-richard-grenell-director-interino-inteligencia-nacional\/#article","isPartOf":{"@id":"https:\/\/elcanillita.info\/press\/2020\/02\/20\/trump-nombra-richard-grenell-director-interino-inteligencia-nacional\/"},"author":{"name":"SalaStampa.eu, world press service","@id":"https:\/\/elcanillita.info\/press\/#\/schema\/person\/7fcb79f38045700919f7da6d97e71ba0"},"headline":"Trump nombra a Richard Grenell director interino de Inteligencia Nacional","datePublished":"2020-02-20T11:42:59+00:00","dateModified":"2020-02-20T11:43:06+00:00","mainEntityOfPage":{"@id":"https:\/\/elcanillita.info\/press\/2020\/02\/20\/trump-nombra-richard-grenell-director-interino-inteligencia-nacional\/"},"wordCount":210,"publisher":{"@id":"https:\/\/elcanillita.info\/press\/#organization"},"keywords":["Estados Unidos"],"articleSection":["Actualidad","Am\u00e9rica del Norte","Politica"],"inLanguage":"es-AR"},{"@type":"WebPage","@id":"https:\/\/elcanillita.info\/press\/2020\/02\/20\/trump-nombra-richard-grenell-director-interino-inteligencia-nacional\/","url":"https:\/\/elcanillita.info\/press\/2020\/02\/20\/trump-nombra-richard-grenell-director-interino-inteligencia-nacional\/","name":"Trump nombra a Richard Grenell director interino de Inteligencia Nacional - ElCanillita.Info","isPartOf":{"@id":"https:\/\/elcanillita.info\/press\/#website"},"datePublished":"2020-02-20T11:42:59+00:00","dateModified":"2020-02-20T11:43:06+00:00","inLanguage":"es-AR","potentialAction":[{"@type":"ReadAction","target":["https:\/\/elcanillita.info\/press\/2020\/02\/20\/trump-nombra-richard-grenell-director-interino-inteligencia-nacional\/"]}]},{"@type":"WebSite","@id":"https:\/\/elcanillita.info\/press\/#website","url":"https:\/\/elcanillita.info\/press\/","name":"ElCanillita.Info","description":"desde los Apeninos a los Andes","publisher":{"@id":"https:\/\/elcanillita.info\/press\/#organization"},"potentialAction":[{"@type":"SearchAction","target":{"@type":"EntryPoint","urlTemplate":"https:\/\/elcanillita.info\/press\/?s={search_term_string}"},"query-input":{"@type":"PropertyValueSpecification","valueRequired":true,"valueName":"search_term_string"}}],"inLanguage":"es-AR"},{"@type":"Organization","@id":"https:\/\/elcanillita.info\/press\/#organization","name":"Guzzo Photos & Graphic Publications","url":"https:\/\/elcanillita.info\/press\/","logo":{"@type":"ImageObject","inLanguage":"es-AR","@id":"https:\/\/elcanillita.info\/press\/#\/schema\/logo\/image\/","url":"https:\/\/elcanillita.info\/press\/images\/2020\/01\/cropped-cropped-cropped-elcanillitainfo.png","contentUrl":"https:\/\/elcanillita.info\/press\/images\/2020\/01\/cropped-cropped-cropped-elcanillitainfo.png","width":460,"height":50,"caption":"Guzzo Photos & Graphic Publications"},"image":{"@id":"https:\/\/elcanillita.info\/press\/#\/schema\/logo\/image\/"},"sameAs":["https:\/\/ar-ar.facebook.com\/ElCanillitainfo-114249515285712\/"]},{"@type":"Person","@id":"https:\/\/elcanillita.info\/press\/#\/schema\/person\/7fcb79f38045700919f7da6d97e71ba0","name":"SalaStampa.eu, world press service","image":{"@type":"ImageObject","inLanguage":"es-AR","@id":"https:\/\/secure.gravatar.com\/avatar\/c2f0e0d515a107624234994507816ca4724c7199cef73fc8bedebf6931d73888?s=96&d=mm&r=g","url":"https:\/\/secure.gravatar.com\/avatar\/c2f0e0d515a107624234994507816ca4724c7199cef73fc8bedebf6931d73888?s=96&d=mm&r=g","contentUrl":"https:\/\/secure.gravatar.com\/avatar\/c2f0e0d515a107624234994507816ca4724c7199cef73fc8bedebf6931d73888?s=96&d=mm&r=g","caption":"SalaStampa.eu, world press service"}}]}},"views":595,"_links":{"self":[{"href":"https:\/\/elcanillita.info\/press\/wp-json\/wp\/v2\/posts\/494","targetHints":{"allow":["GET"]}}],"collection":[{"href":"https:\/\/elcanillita.info\/press\/wp-json\/wp\/v2\/posts"}],"about":[{"href":"https:\/\/elcanillita.info\/press\/wp-json\/wp\/v2\/types\/post"}],"author":[{"embeddable":true,"href":"https:\/\/elcanillita.info\/press\/wp-json\/wp\/v2\/users\/1"}],"replies":[{"embeddable":true,"href":"https:\/\/elcanillita.info\/press\/wp-json\/wp\/v2\/comments?post=494"}],"version-history":[{"count":0,"href":"https:\/\/elcanillita.info\/press\/wp-json\/wp\/v2\/posts\/494\/revisions"}],"wp:attachment":[{"href":"https:\/\/elcanillita.info\/press\/wp-json\/wp\/v2\/media?parent=494"}],"wp:term":[{"taxonomy":"category","embeddable":true,"href":"https:\/\/elcanillita.info\/press\/wp-json\/wp\/v2\/categories?post=494"},{"taxonomy":"post_tag","embeddable":true,"href":"https:\/\/elcanillita.info\/press\/wp-json\/wp\/v2\/tags?post=494"}],"curies":[{"name":"wp","href":"https:\/\/api.w.org\/{rel}","templated":true}]}}