{"id":4935,"date":"2025-06-20T21:27:17","date_gmt":"2025-06-21T00:27:17","guid":{"rendered":"https:\/\/elcanillita.info\/press\/?p=4935"},"modified":"2025-06-20T23:13:15","modified_gmt":"2025-06-21T02:13:15","slug":"excarcelacion-solo-para-chorros-nunca-para-los-olvidados","status":"publish","type":"post","link":"https:\/\/elcanillita.info\/press\/2025\/06\/20\/excarcelacion-solo-para-chorros-nunca-para-los-olvidados\/","title":{"rendered":"Excarcelaci\u00f3n: solo para chorros, nunca para los olvidados"},"content":{"rendered":"\n<figure class=\"wp-block-image size-large\"><img loading=\"lazy\" decoding=\"async\" width=\"1024\" height=\"683\" src=\"https:\/\/elcanillita.info\/press\/images\/2025\/06\/3485D716-0246-43F2-9F7E-6EE0EB8E5704-1024x683.jpeg\" alt=\"\" class=\"wp-image-4936\" srcset=\"https:\/\/elcanillita.info\/press\/images\/2025\/06\/3485D716-0246-43F2-9F7E-6EE0EB8E5704-1024x683.jpeg 1024w, https:\/\/elcanillita.info\/press\/images\/2025\/06\/3485D716-0246-43F2-9F7E-6EE0EB8E5704-300x200.jpeg 300w, https:\/\/elcanillita.info\/press\/images\/2025\/06\/3485D716-0246-43F2-9F7E-6EE0EB8E5704-768x512.jpeg 768w, https:\/\/elcanillita.info\/press\/images\/2025\/06\/3485D716-0246-43F2-9F7E-6EE0EB8E5704-1536x1024.jpeg 1536w, https:\/\/elcanillita.info\/press\/images\/2025\/06\/3485D716-0246-43F2-9F7E-6EE0EB8E5704.jpeg 2048w\" sizes=\"auto, (max-width: 1024px) 100vw, 1024px\" \/><\/figure>\n\n\n\n<p><strong>ElCanillita.info<\/strong><br>Argentina, 20\/06\/2025<\/p>\n\n\n\n<p class=\"p1\">\ud83d\udcec<em> Carta abierta de la abuela Pecas \u2014 Redacci\u00f3n ElCanillita.info<\/em><\/p>\n\n\n\n<p class=\"p1\">Los \u00fanicos que son excarcelados hoy en d\u00eda son los chorros amparados por la doctrina Zaffaroni. Lamentable, pero real.<\/p>\n\n\n\n<p class=\"p1 has-regular-font-size\">Salen, festejan y, al poco tiempo\u2026 vuelven a delinquir.<\/p>\n\n\n\n<p class=\"p1\">\u00bfQui\u00e9n responde por los muertos que dejan al volver?<\/p>\n\n\n\n<p class=\"p1\">No quiero dramatizar \u2014que bastante tenemos\u2014 pero lo peor es que, mientras tanto, los militares viejos, enfermos y olvidados mueren en prisi\u00f3n preventiva, como si fueran peligrosos comandos a\u00fan en actividad.<\/p>\n\n\n\n<p class=\"p1\">Y lo que no se dice (o no conviene decir) es que las c\u00e1rceles no alcanzan. Y muchas, lamentablemente, se han convertido en escuelas de delito. De ah\u00ed salen con m\u00e1s contactos, m\u00e1s c\u00f3digos, y menos verg\u00fcenza.<\/p>\n\n\n\n<p class=\"p1\">Por suerte \u2014y esto quiero decirlo claro\u2014 algunas instituciones funcionan bien. Hay lugares donde se ense\u00f1a un oficio, se juega al rugby con sentido de grupo y trabajo en equipo, o se cursan talleres de yoga y reflexi\u00f3n.<\/p>\n\n\n\n<p class=\"p1\">Y dicen que dan resultado, aunque me pregunto:<\/p>\n\n\n\n<p class=\"p1\">\u00bfpara qu\u00e9 categor\u00eda de delincuentes est\u00e1n pensadas esas oportunidades?<\/p>\n\n\n\n<p class=\"p1\">Porque lo que se ve desde la calle es que el sistema sigue girando al rev\u00e9s.<\/p>\n\n\n\n<p class=\"p1\">El que roba con rev\u00f3lver tiene excusa, el que ordena desde la celda tiene seguidores,<\/p>\n\n\n\n<p class=\"p1\">y el que combati\u00f3 hace 50 a\u00f1os\u2026 tiene cadena perpetua sin juicio completo.<\/p>\n\n\n\n<p class=\"p1\">No me pidan perd\u00f3n, ni justicia po\u00e9tica.<\/p>\n\n\n\n<p class=\"p1\">Con una pizca de sensatez y otra de respeto por la ley, ya estar\u00edamos mejor.<\/p>\n\n\n\n<p><small>\u00a9 2025 ElCanillita.info \/ BlogDiario.info \/SalaStampa.eu, world press service \u2013 Guzzo Photos &amp; Graphic Publications \u2013 Registro Editori e Stampatori n. 1441 Turin, Italy&gt;<\/small> <\/p>\n\n\n\n<p><\/p>\n","protected":false},"excerpt":{"rendered":"<p>La doctrina Zaffaroni abri\u00f3 la puerta, y los delincuentes la usan como molinete.<\/p>\n","protected":false},"author":1,"featured_media":4936,"comment_status":"closed","ping_status":"closed","sticky":false,"template":"","format":"standard","meta":{"footnotes":"","_links_to":"","_links_to_target":""},"categories":[70,123,118,22,23,25],"tags":[],"class_list":["post-4935","post","type-post","status-publish","format-standard","has-post-thumbnail","hentry","category-actualidad","category-argentina","category-corrupcion","category-justicia","category-politica","category-sociedad","entry","double"],"yoast_head":"<!-- This site is optimized with the Yoast SEO plugin v27.4 - https:\/\/yoast.com\/product\/yoast-seo-wordpress\/ -->\n<title>Excarcelaci\u00f3n: solo para chorros, nunca para los olvidados - ElCanillita.Info<\/title>\n<meta name=\"robots\" content=\"index, follow, max-snippet:-1, max-image-preview:large, max-video-preview:-1\" \/>\n<link rel=\"canonical\" href=\"https:\/\/elcanillita.info\/press\/2025\/06\/20\/excarcelacion-solo-para-chorros-nunca-para-los-olvidados\/\" \/>\n<meta property=\"og:locale\" content=\"es_ES\" \/>\n<meta property=\"og:type\" content=\"article\" \/>\n<meta property=\"og:title\" content=\"Excarcelaci\u00f3n: solo para chorros, nunca para los olvidados - ElCanillita.Info\" \/>\n<meta property=\"og:description\" content=\"La doctrina Zaffaroni abri\u00f3 la puerta, y los delincuentes la usan como molinete.\" \/>\n<meta property=\"og:url\" content=\"https:\/\/elcanillita.info\/press\/2025\/06\/20\/excarcelacion-solo-para-chorros-nunca-para-los-olvidados\/\" \/>\n<meta property=\"og:site_name\" content=\"ElCanillita.Info\" \/>\n<meta property=\"article:publisher\" content=\"https:\/\/ar-ar.facebook.com\/ElCanillitainfo-114249515285712\/\" \/>\n<meta property=\"article:published_time\" content=\"2025-06-21T00:27:17+00:00\" \/>\n<meta property=\"article:modified_time\" content=\"2025-06-21T02:13:15+00:00\" \/>\n<meta property=\"og:image\" content=\"https:\/\/elcanillita.info\/press\/images\/2025\/06\/3485D716-0246-43F2-9F7E-6EE0EB8E5704.jpeg\" \/>\n\t<meta property=\"og:image:width\" content=\"2048\" \/>\n\t<meta property=\"og:image:height\" content=\"1365\" \/>\n\t<meta property=\"og:image:type\" content=\"image\/jpeg\" \/>\n<meta name=\"author\" content=\"SalaStampa.eu, world press service\" \/>\n<meta name=\"twitter:card\" content=\"summary_large_image\" \/>\n<meta name=\"twitter:label1\" content=\"Escrito por\" \/>\n\t<meta name=\"twitter:data1\" content=\"SalaStampa.eu, world press service\" \/>\n\t<meta name=\"twitter:label2\" content=\"Tiempo de lectura\" \/>\n\t<meta name=\"twitter:data2\" content=\"2 minutos\" \/>\n<script type=\"application\/ld+json\" class=\"yoast-schema-graph\">{\"@context\":\"https:\\\/\\\/schema.org\",\"@graph\":[{\"@type\":\"Article\",\"@id\":\"https:\\\/\\\/elcanillita.info\\\/press\\\/2025\\\/06\\\/20\\\/excarcelacion-solo-para-chorros-nunca-para-los-olvidados\\\/#article\",\"isPartOf\":{\"@id\":\"https:\\\/\\\/elcanillita.info\\\/press\\\/2025\\\/06\\\/20\\\/excarcelacion-solo-para-chorros-nunca-para-los-olvidados\\\/\"},\"author\":{\"name\":\"SalaStampa.eu, world press service\",\"@id\":\"https:\\\/\\\/elcanillita.info\\\/press\\\/#\\\/schema\\\/person\\\/7fcb79f38045700919f7da6d97e71ba0\"},\"headline\":\"Excarcelaci\u00f3n: solo para chorros, nunca para los olvidados\",\"datePublished\":\"2025-06-21T00:27:17+00:00\",\"dateModified\":\"2025-06-21T02:13:15+00:00\",\"mainEntityOfPage\":{\"@id\":\"https:\\\/\\\/elcanillita.info\\\/press\\\/2025\\\/06\\\/20\\\/excarcelacion-solo-para-chorros-nunca-para-los-olvidados\\\/\"},\"wordCount\":288,\"publisher\":{\"@id\":\"https:\\\/\\\/elcanillita.info\\\/press\\\/#organization\"},\"image\":{\"@id\":\"https:\\\/\\\/elcanillita.info\\\/press\\\/2025\\\/06\\\/20\\\/excarcelacion-solo-para-chorros-nunca-para-los-olvidados\\\/#primaryimage\"},\"thumbnailUrl\":\"https:\\\/\\\/elcanillita.info\\\/press\\\/images\\\/2025\\\/06\\\/3485D716-0246-43F2-9F7E-6EE0EB8E5704.jpeg\",\"articleSection\":[\"Actualidad\",\"Argentina\",\"Corrupci\u00f3n\",\"Justicia\",\"Politica\",\"Sociedad\"],\"inLanguage\":\"es-AR\"},{\"@type\":\"WebPage\",\"@id\":\"https:\\\/\\\/elcanillita.info\\\/press\\\/2025\\\/06\\\/20\\\/excarcelacion-solo-para-chorros-nunca-para-los-olvidados\\\/\",\"url\":\"https:\\\/\\\/elcanillita.info\\\/press\\\/2025\\\/06\\\/20\\\/excarcelacion-solo-para-chorros-nunca-para-los-olvidados\\\/\",\"name\":\"Excarcelaci\u00f3n: solo para chorros, nunca para los olvidados - ElCanillita.Info\",\"isPartOf\":{\"@id\":\"https:\\\/\\\/elcanillita.info\\\/press\\\/#website\"},\"primaryImageOfPage\":{\"@id\":\"https:\\\/\\\/elcanillita.info\\\/press\\\/2025\\\/06\\\/20\\\/excarcelacion-solo-para-chorros-nunca-para-los-olvidados\\\/#primaryimage\"},\"image\":{\"@id\":\"https:\\\/\\\/elcanillita.info\\\/press\\\/2025\\\/06\\\/20\\\/excarcelacion-solo-para-chorros-nunca-para-los-olvidados\\\/#primaryimage\"},\"thumbnailUrl\":\"https:\\\/\\\/elcanillita.info\\\/press\\\/images\\\/2025\\\/06\\\/3485D716-0246-43F2-9F7E-6EE0EB8E5704.jpeg\",\"datePublished\":\"2025-06-21T00:27:17+00:00\",\"dateModified\":\"2025-06-21T02:13:15+00:00\",\"inLanguage\":\"es-AR\",\"potentialAction\":[{\"@type\":\"ReadAction\",\"target\":[\"https:\\\/\\\/elcanillita.info\\\/press\\\/2025\\\/06\\\/20\\\/excarcelacion-solo-para-chorros-nunca-para-los-olvidados\\\/\"]}]},{\"@type\":\"ImageObject\",\"inLanguage\":\"es-AR\",\"@id\":\"https:\\\/\\\/elcanillita.info\\\/press\\\/2025\\\/06\\\/20\\\/excarcelacion-solo-para-chorros-nunca-para-los-olvidados\\\/#primaryimage\",\"url\":\"https:\\\/\\\/elcanillita.info\\\/press\\\/images\\\/2025\\\/06\\\/3485D716-0246-43F2-9F7E-6EE0EB8E5704.jpeg\",\"contentUrl\":\"https:\\\/\\\/elcanillita.info\\\/press\\\/images\\\/2025\\\/06\\\/3485D716-0246-43F2-9F7E-6EE0EB8E5704.jpeg\",\"width\":2048,\"height\":1365},{\"@type\":\"WebSite\",\"@id\":\"https:\\\/\\\/elcanillita.info\\\/press\\\/#website\",\"url\":\"https:\\\/\\\/elcanillita.info\\\/press\\\/\",\"name\":\"ElCanillita.Info\",\"description\":\"desde los Apeninos a los Andes\",\"publisher\":{\"@id\":\"https:\\\/\\\/elcanillita.info\\\/press\\\/#organization\"},\"potentialAction\":[{\"@type\":\"SearchAction\",\"target\":{\"@type\":\"EntryPoint\",\"urlTemplate\":\"https:\\\/\\\/elcanillita.info\\\/press\\\/?s={search_term_string}\"},\"query-input\":{\"@type\":\"PropertyValueSpecification\",\"valueRequired\":true,\"valueName\":\"search_term_string\"}}],\"inLanguage\":\"es-AR\"},{\"@type\":\"Organization\",\"@id\":\"https:\\\/\\\/elcanillita.info\\\/press\\\/#organization\",\"name\":\"Guzzo Photos & Graphic Publications\",\"url\":\"https:\\\/\\\/elcanillita.info\\\/press\\\/\",\"logo\":{\"@type\":\"ImageObject\",\"inLanguage\":\"es-AR\",\"@id\":\"https:\\\/\\\/elcanillita.info\\\/press\\\/#\\\/schema\\\/logo\\\/image\\\/\",\"url\":\"https:\\\/\\\/elcanillita.info\\\/press\\\/images\\\/2020\\\/01\\\/cropped-cropped-cropped-elcanillitainfo.png\",\"contentUrl\":\"https:\\\/\\\/elcanillita.info\\\/press\\\/images\\\/2020\\\/01\\\/cropped-cropped-cropped-elcanillitainfo.png\",\"width\":460,\"height\":50,\"caption\":\"Guzzo Photos & Graphic Publications\"},\"image\":{\"@id\":\"https:\\\/\\\/elcanillita.info\\\/press\\\/#\\\/schema\\\/logo\\\/image\\\/\"},\"sameAs\":[\"https:\\\/\\\/ar-ar.facebook.com\\\/ElCanillitainfo-114249515285712\\\/\"]},{\"@type\":\"Person\",\"@id\":\"https:\\\/\\\/elcanillita.info\\\/press\\\/#\\\/schema\\\/person\\\/7fcb79f38045700919f7da6d97e71ba0\",\"name\":\"SalaStampa.eu, world press service\",\"image\":{\"@type\":\"ImageObject\",\"inLanguage\":\"es-AR\",\"@id\":\"https:\\\/\\\/secure.gravatar.com\\\/avatar\\\/c2f0e0d515a107624234994507816ca4724c7199cef73fc8bedebf6931d73888?s=96&d=mm&r=g\",\"url\":\"https:\\\/\\\/secure.gravatar.com\\\/avatar\\\/c2f0e0d515a107624234994507816ca4724c7199cef73fc8bedebf6931d73888?s=96&d=mm&r=g\",\"contentUrl\":\"https:\\\/\\\/secure.gravatar.com\\\/avatar\\\/c2f0e0d515a107624234994507816ca4724c7199cef73fc8bedebf6931d73888?s=96&d=mm&r=g\",\"caption\":\"SalaStampa.eu, world press service\"}}]}<\/script>\n<!-- \/ Yoast SEO plugin. -->","yoast_head_json":{"title":"Excarcelaci\u00f3n: solo para chorros, nunca para los olvidados - ElCanillita.Info","robots":{"index":"index","follow":"follow","max-snippet":"max-snippet:-1","max-image-preview":"max-image-preview:large","max-video-preview":"max-video-preview:-1"},"canonical":"https:\/\/elcanillita.info\/press\/2025\/06\/20\/excarcelacion-solo-para-chorros-nunca-para-los-olvidados\/","og_locale":"es_ES","og_type":"article","og_title":"Excarcelaci\u00f3n: solo para chorros, nunca para los olvidados - ElCanillita.Info","og_description":"La doctrina Zaffaroni abri\u00f3 la puerta, y los delincuentes la usan como molinete.","og_url":"https:\/\/elcanillita.info\/press\/2025\/06\/20\/excarcelacion-solo-para-chorros-nunca-para-los-olvidados\/","og_site_name":"ElCanillita.Info","article_publisher":"https:\/\/ar-ar.facebook.com\/ElCanillitainfo-114249515285712\/","article_published_time":"2025-06-21T00:27:17+00:00","article_modified_time":"2025-06-21T02:13:15+00:00","og_image":[{"width":2048,"height":1365,"url":"https:\/\/elcanillita.info\/press\/images\/2025\/06\/3485D716-0246-43F2-9F7E-6EE0EB8E5704.jpeg","type":"image\/jpeg"}],"author":"SalaStampa.eu, world press service","twitter_card":"summary_large_image","twitter_misc":{"Escrito por":"SalaStampa.eu, world press service","Tiempo de lectura":"2 minutos"},"schema":{"@context":"https:\/\/schema.org","@graph":[{"@type":"Article","@id":"https:\/\/elcanillita.info\/press\/2025\/06\/20\/excarcelacion-solo-para-chorros-nunca-para-los-olvidados\/#article","isPartOf":{"@id":"https:\/\/elcanillita.info\/press\/2025\/06\/20\/excarcelacion-solo-para-chorros-nunca-para-los-olvidados\/"},"author":{"name":"SalaStampa.eu, world press service","@id":"https:\/\/elcanillita.info\/press\/#\/schema\/person\/7fcb79f38045700919f7da6d97e71ba0"},"headline":"Excarcelaci\u00f3n: solo para chorros, nunca para los olvidados","datePublished":"2025-06-21T00:27:17+00:00","dateModified":"2025-06-21T02:13:15+00:00","mainEntityOfPage":{"@id":"https:\/\/elcanillita.info\/press\/2025\/06\/20\/excarcelacion-solo-para-chorros-nunca-para-los-olvidados\/"},"wordCount":288,"publisher":{"@id":"https:\/\/elcanillita.info\/press\/#organization"},"image":{"@id":"https:\/\/elcanillita.info\/press\/2025\/06\/20\/excarcelacion-solo-para-chorros-nunca-para-los-olvidados\/#primaryimage"},"thumbnailUrl":"https:\/\/elcanillita.info\/press\/images\/2025\/06\/3485D716-0246-43F2-9F7E-6EE0EB8E5704.jpeg","articleSection":["Actualidad","Argentina","Corrupci\u00f3n","Justicia","Politica","Sociedad"],"inLanguage":"es-AR"},{"@type":"WebPage","@id":"https:\/\/elcanillita.info\/press\/2025\/06\/20\/excarcelacion-solo-para-chorros-nunca-para-los-olvidados\/","url":"https:\/\/elcanillita.info\/press\/2025\/06\/20\/excarcelacion-solo-para-chorros-nunca-para-los-olvidados\/","name":"Excarcelaci\u00f3n: solo para chorros, nunca para los olvidados - ElCanillita.Info","isPartOf":{"@id":"https:\/\/elcanillita.info\/press\/#website"},"primaryImageOfPage":{"@id":"https:\/\/elcanillita.info\/press\/2025\/06\/20\/excarcelacion-solo-para-chorros-nunca-para-los-olvidados\/#primaryimage"},"image":{"@id":"https:\/\/elcanillita.info\/press\/2025\/06\/20\/excarcelacion-solo-para-chorros-nunca-para-los-olvidados\/#primaryimage"},"thumbnailUrl":"https:\/\/elcanillita.info\/press\/images\/2025\/06\/3485D716-0246-43F2-9F7E-6EE0EB8E5704.jpeg","datePublished":"2025-06-21T00:27:17+00:00","dateModified":"2025-06-21T02:13:15+00:00","inLanguage":"es-AR","potentialAction":[{"@type":"ReadAction","target":["https:\/\/elcanillita.info\/press\/2025\/06\/20\/excarcelacion-solo-para-chorros-nunca-para-los-olvidados\/"]}]},{"@type":"ImageObject","inLanguage":"es-AR","@id":"https:\/\/elcanillita.info\/press\/2025\/06\/20\/excarcelacion-solo-para-chorros-nunca-para-los-olvidados\/#primaryimage","url":"https:\/\/elcanillita.info\/press\/images\/2025\/06\/3485D716-0246-43F2-9F7E-6EE0EB8E5704.jpeg","contentUrl":"https:\/\/elcanillita.info\/press\/images\/2025\/06\/3485D716-0246-43F2-9F7E-6EE0EB8E5704.jpeg","width":2048,"height":1365},{"@type":"WebSite","@id":"https:\/\/elcanillita.info\/press\/#website","url":"https:\/\/elcanillita.info\/press\/","name":"ElCanillita.Info","description":"desde los Apeninos a los Andes","publisher":{"@id":"https:\/\/elcanillita.info\/press\/#organization"},"potentialAction":[{"@type":"SearchAction","target":{"@type":"EntryPoint","urlTemplate":"https:\/\/elcanillita.info\/press\/?s={search_term_string}"},"query-input":{"@type":"PropertyValueSpecification","valueRequired":true,"valueName":"search_term_string"}}],"inLanguage":"es-AR"},{"@type":"Organization","@id":"https:\/\/elcanillita.info\/press\/#organization","name":"Guzzo Photos & Graphic Publications","url":"https:\/\/elcanillita.info\/press\/","logo":{"@type":"ImageObject","inLanguage":"es-AR","@id":"https:\/\/elcanillita.info\/press\/#\/schema\/logo\/image\/","url":"https:\/\/elcanillita.info\/press\/images\/2020\/01\/cropped-cropped-cropped-elcanillitainfo.png","contentUrl":"https:\/\/elcanillita.info\/press\/images\/2020\/01\/cropped-cropped-cropped-elcanillitainfo.png","width":460,"height":50,"caption":"Guzzo Photos & Graphic Publications"},"image":{"@id":"https:\/\/elcanillita.info\/press\/#\/schema\/logo\/image\/"},"sameAs":["https:\/\/ar-ar.facebook.com\/ElCanillitainfo-114249515285712\/"]},{"@type":"Person","@id":"https:\/\/elcanillita.info\/press\/#\/schema\/person\/7fcb79f38045700919f7da6d97e71ba0","name":"SalaStampa.eu, world press service","image":{"@type":"ImageObject","inLanguage":"es-AR","@id":"https:\/\/secure.gravatar.com\/avatar\/c2f0e0d515a107624234994507816ca4724c7199cef73fc8bedebf6931d73888?s=96&d=mm&r=g","url":"https:\/\/secure.gravatar.com\/avatar\/c2f0e0d515a107624234994507816ca4724c7199cef73fc8bedebf6931d73888?s=96&d=mm&r=g","contentUrl":"https:\/\/secure.gravatar.com\/avatar\/c2f0e0d515a107624234994507816ca4724c7199cef73fc8bedebf6931d73888?s=96&d=mm&r=g","caption":"SalaStampa.eu, world press service"}}]}},"views":141,"_links":{"self":[{"href":"https:\/\/elcanillita.info\/press\/wp-json\/wp\/v2\/posts\/4935","targetHints":{"allow":["GET"]}}],"collection":[{"href":"https:\/\/elcanillita.info\/press\/wp-json\/wp\/v2\/posts"}],"about":[{"href":"https:\/\/elcanillita.info\/press\/wp-json\/wp\/v2\/types\/post"}],"author":[{"embeddable":true,"href":"https:\/\/elcanillita.info\/press\/wp-json\/wp\/v2\/users\/1"}],"replies":[{"embeddable":true,"href":"https:\/\/elcanillita.info\/press\/wp-json\/wp\/v2\/comments?post=4935"}],"version-history":[{"count":0,"href":"https:\/\/elcanillita.info\/press\/wp-json\/wp\/v2\/posts\/4935\/revisions"}],"wp:featuredmedia":[{"embeddable":true,"href":"https:\/\/elcanillita.info\/press\/wp-json\/wp\/v2\/media\/4936"}],"wp:attachment":[{"href":"https:\/\/elcanillita.info\/press\/wp-json\/wp\/v2\/media?parent=4935"}],"wp:term":[{"taxonomy":"category","embeddable":true,"href":"https:\/\/elcanillita.info\/press\/wp-json\/wp\/v2\/categories?post=4935"},{"taxonomy":"post_tag","embeddable":true,"href":"https:\/\/elcanillita.info\/press\/wp-json\/wp\/v2\/tags?post=4935"}],"curies":[{"name":"wp","href":"https:\/\/api.w.org\/{rel}","templated":true}]}}