{"id":4929,"date":"2025-06-20T14:52:39","date_gmt":"2025-06-20T17:52:39","guid":{"rendered":"https:\/\/elcanillita.info\/press\/?p=4929"},"modified":"2025-06-20T18:30:54","modified_gmt":"2025-06-20T21:30:54","slug":"departamento-de-cristina-regimen-carcelario-de-lujo-en-un-pais-sin-plata","status":"publish","type":"post","link":"https:\/\/elcanillita.info\/press\/2025\/06\/20\/departamento-de-cristina-regimen-carcelario-de-lujo-en-un-pais-sin-plata\/","title":{"rendered":"Departamento de Cristina: R\u00e9gimen Carcelario de Lujo en un pa\u00eds sin plata"},"content":{"rendered":"<div class=\"wp-block-image\">\n<figure class=\"alignleft size-full is-resized\"><img loading=\"lazy\" decoding=\"async\" width=\"400\" height=\"600\" src=\"https:\/\/elcanillita.info\/press\/images\/2025\/06\/happy_page.png\" alt=\"\" class=\"wp-image-4930\" style=\"width:290px;height:auto\" srcset=\"https:\/\/elcanillita.info\/press\/images\/2025\/06\/happy_page.png 400w, https:\/\/elcanillita.info\/press\/images\/2025\/06\/happy_page-200x300.png 200w\" sizes=\"auto, (max-width: 400px) 100vw, 400px\" \/><\/figure>\n<\/div>\n\n\n<p><strong>ElCanillita.info<\/strong><br>Argentina, 20\/06\/2025<br><br><em>Por Don Papel\u00f3n, Especial para ElCanillita.info<br><\/em><br><strong>Igualdad ante la ley, s\u00ed\u2026 pero no en el metraje.<\/strong><br>En un pa\u00eds donde no hay plata, no hay insumos en hospitales, no hay gasoil para patrulleros ni tizas en las escuelas rurales, hay algo que s\u00ed hay: arresto domiciliario de categor\u00eda presidencial.<\/p>\n\n\n\n<p>Cristina Fern\u00e1ndez de Kirchner, condenada a seis a\u00f1os por corrupci\u00f3n, no pisa una celda com\u00fan sino que inaugura una nueva forma de encierro VIP en su departamento de 200 m\u00b2 en Constituci\u00f3n, con tobillera electr\u00f3nica y un r\u00e9gimen que parece m\u00e1s un plan de bienestar que una medida judicial.<br><strong><br>\u00bfPrisi\u00f3n domiciliaria o suite ejecutiva?<\/strong><br>Desde la calle, el edificio parece uno m\u00e1s. Pero puertas adentro, el escenario es otro: custodios, abogados sin l\u00edmite, visitas \u201cde confianza\u201d sin necesidad de autorizaci\u00f3n judicial previa, y todo el confort de una propiedad valuada en USD 300.000. Es decir, unas cinco veces el sueldo de un juez federal\u2026 si no estuviera ajustado por inflaci\u00f3n.<\/p>\n\n\n\n<ul class=\"wp-block-list\">\n<li>Mientras tanto, un preso com\u00fan que pide una frazada extra es sospechado de sedici\u00f3n.<br><br><strong>\u00bfQui\u00e9n paga la cuenta?<\/strong><br>Esto no es solo simb\u00f3lico: la vigilancia la paga el Estado, el control electr\u00f3nico lo paga el Estado, la asistencia m\u00e9dica tambi\u00e9n.<br>Todo esto mientras el resto del pa\u00eds ve c\u00f3mo le cortan subsidios, le ajustan tarifas y le recortan el calendario escolar. Pero claro, la patria judicial no se construye con baldes ni con planes: se construye con excepciones.<br><strong><br>\u00bfNo hay plata? Depende para qui\u00e9n<\/strong><br>La paradoja es brutal: el mismo gobierno que repite \u201cno hay plata\u201d hasta el cansancio financia sin chistar el encarcelamiento confortable de su propia expresidenta. No hay plata para jubilados, pero hay recursos para la calefacci\u00f3n central en el arresto.<br>\u00bfY si probamos con enviar a los jubilados a cumplir arresto domiciliario en departamentos de lujo?<br><br><strong>Justicia a la carta<\/strong><br>No se trata de venganza sino de equidad. El mensaje institucional es delicado: \u00bfqu\u00e9 ve un ciudadano cuando compara su calabozo social (la deuda, la inflaci\u00f3n, el colectivo que no pasa) con el de Cristina?<br>Ve una Rep\u00fablica en donde la ley es pareja\u2026 pero el living no.<br><br><strong>Conclusi\u00f3n<\/strong><\/li>\n\n\n\n<li>El departamento de Cristina no es solo una prisi\u00f3n dorada: es un espejo roto de la Argentina actual. Y frente a ese reflejo, millones de argentinos se preguntan, con raz\u00f3n:<\/li>\n\n\n\n<li><strong>\u00bfC\u00f3mo se sostiene un r\u00e9gimen carcelario de lujo\u2026 en un pa\u00eds fundido?<\/strong><\/li>\n<\/ul>\n\n\n\n<p><small>\u00a92025 Don Papel\u00f3n \u2013 All Rights Reserved &#8211; Copyright \u00a9 2025 ElCanillita.info \/ BlogDiario.info \/SalaStampa.eu, world press service &#8211; Guzzo Photos &amp; Graphic Publications \u2013 Registro Editori e Stampatori n. 1441 Turin, Italy<\/small><\/p>\n\n\n\n<p><\/p>\n","protected":false},"excerpt":{"rendered":"<p>Igualdad ante la ley, s\u00ed\u2026 pero no en el metraje.<\/p>\n","protected":false},"author":1,"featured_media":4931,"comment_status":"closed","ping_status":"closed","sticky":false,"template":"","format":"standard","meta":{"footnotes":"","_links_to":"","_links_to_target":""},"categories":[108,121,70,123,126,22,23,25],"tags":[],"class_list":["post-4929","post","type-post","status-publish","format-standard","has-post-thumbnail","hentry","category-blogdiario","category-dc24","category-actualidad","category-argentina","category-dolores-de-la-press","category-justicia","category-politica","category-sociedad","entry","double"],"yoast_head":"<!-- This site is optimized with the Yoast SEO plugin v27.4 - https:\/\/yoast.com\/product\/yoast-seo-wordpress\/ -->\n<title>Departamento de Cristina: R\u00e9gimen Carcelario de Lujo en un pa\u00eds sin plata - ElCanillita.Info<\/title>\n<meta name=\"robots\" content=\"index, follow, max-snippet:-1, max-image-preview:large, max-video-preview:-1\" \/>\n<link rel=\"canonical\" href=\"https:\/\/elcanillita.info\/press\/2025\/06\/20\/departamento-de-cristina-regimen-carcelario-de-lujo-en-un-pais-sin-plata\/\" \/>\n<meta property=\"og:locale\" content=\"es_ES\" \/>\n<meta property=\"og:type\" content=\"article\" \/>\n<meta property=\"og:title\" content=\"Departamento de Cristina: R\u00e9gimen Carcelario de Lujo en un pa\u00eds sin plata - ElCanillita.Info\" \/>\n<meta property=\"og:description\" content=\"Igualdad ante la ley, s\u00ed\u2026 pero no en el metraje.\" \/>\n<meta property=\"og:url\" content=\"https:\/\/elcanillita.info\/press\/2025\/06\/20\/departamento-de-cristina-regimen-carcelario-de-lujo-en-un-pais-sin-plata\/\" \/>\n<meta property=\"og:site_name\" content=\"ElCanillita.Info\" \/>\n<meta property=\"article:publisher\" content=\"https:\/\/ar-ar.facebook.com\/ElCanillitainfo-114249515285712\/\" \/>\n<meta property=\"article:published_time\" content=\"2025-06-20T17:52:39+00:00\" \/>\n<meta property=\"article:modified_time\" content=\"2025-06-20T21:30:54+00:00\" \/>\n<meta property=\"og:image\" content=\"https:\/\/elcanillita.info\/press\/images\/2025\/06\/happy_coverhh.png\" \/>\n\t<meta property=\"og:image:width\" content=\"600\" \/>\n\t<meta property=\"og:image:height\" content=\"400\" \/>\n\t<meta property=\"og:image:type\" content=\"image\/png\" \/>\n<meta name=\"author\" content=\"SalaStampa.eu, world press service\" \/>\n<meta name=\"twitter:card\" content=\"summary_large_image\" \/>\n<meta name=\"twitter:label1\" content=\"Escrito por\" \/>\n\t<meta name=\"twitter:data1\" content=\"SalaStampa.eu, world press service\" \/>\n\t<meta name=\"twitter:label2\" content=\"Tiempo de lectura\" \/>\n\t<meta name=\"twitter:data2\" content=\"3 minutos\" \/>\n<script type=\"application\/ld+json\" class=\"yoast-schema-graph\">{\"@context\":\"https:\\\/\\\/schema.org\",\"@graph\":[{\"@type\":\"Article\",\"@id\":\"https:\\\/\\\/elcanillita.info\\\/press\\\/2025\\\/06\\\/20\\\/departamento-de-cristina-regimen-carcelario-de-lujo-en-un-pais-sin-plata\\\/#article\",\"isPartOf\":{\"@id\":\"https:\\\/\\\/elcanillita.info\\\/press\\\/2025\\\/06\\\/20\\\/departamento-de-cristina-regimen-carcelario-de-lujo-en-un-pais-sin-plata\\\/\"},\"author\":{\"name\":\"SalaStampa.eu, world press service\",\"@id\":\"https:\\\/\\\/elcanillita.info\\\/press\\\/#\\\/schema\\\/person\\\/7fcb79f38045700919f7da6d97e71ba0\"},\"headline\":\"Departamento de Cristina: R\u00e9gimen Carcelario de Lujo en un pa\u00eds sin plata\",\"datePublished\":\"2025-06-20T17:52:39+00:00\",\"dateModified\":\"2025-06-20T21:30:54+00:00\",\"mainEntityOfPage\":{\"@id\":\"https:\\\/\\\/elcanillita.info\\\/press\\\/2025\\\/06\\\/20\\\/departamento-de-cristina-regimen-carcelario-de-lujo-en-un-pais-sin-plata\\\/\"},\"wordCount\":475,\"publisher\":{\"@id\":\"https:\\\/\\\/elcanillita.info\\\/press\\\/#organization\"},\"image\":{\"@id\":\"https:\\\/\\\/elcanillita.info\\\/press\\\/2025\\\/06\\\/20\\\/departamento-de-cristina-regimen-carcelario-de-lujo-en-un-pais-sin-plata\\\/#primaryimage\"},\"thumbnailUrl\":\"https:\\\/\\\/elcanillita.info\\\/press\\\/images\\\/2025\\\/06\\\/happy_coverhh.png\",\"articleSection\":[\".\",\".\",\"Actualidad\",\"Argentina\",\"Dolores de La Press\",\"Justicia\",\"Politica\",\"Sociedad\"],\"inLanguage\":\"es-AR\"},{\"@type\":\"WebPage\",\"@id\":\"https:\\\/\\\/elcanillita.info\\\/press\\\/2025\\\/06\\\/20\\\/departamento-de-cristina-regimen-carcelario-de-lujo-en-un-pais-sin-plata\\\/\",\"url\":\"https:\\\/\\\/elcanillita.info\\\/press\\\/2025\\\/06\\\/20\\\/departamento-de-cristina-regimen-carcelario-de-lujo-en-un-pais-sin-plata\\\/\",\"name\":\"Departamento de Cristina: R\u00e9gimen Carcelario de Lujo en un pa\u00eds sin plata - ElCanillita.Info\",\"isPartOf\":{\"@id\":\"https:\\\/\\\/elcanillita.info\\\/press\\\/#website\"},\"primaryImageOfPage\":{\"@id\":\"https:\\\/\\\/elcanillita.info\\\/press\\\/2025\\\/06\\\/20\\\/departamento-de-cristina-regimen-carcelario-de-lujo-en-un-pais-sin-plata\\\/#primaryimage\"},\"image\":{\"@id\":\"https:\\\/\\\/elcanillita.info\\\/press\\\/2025\\\/06\\\/20\\\/departamento-de-cristina-regimen-carcelario-de-lujo-en-un-pais-sin-plata\\\/#primaryimage\"},\"thumbnailUrl\":\"https:\\\/\\\/elcanillita.info\\\/press\\\/images\\\/2025\\\/06\\\/happy_coverhh.png\",\"datePublished\":\"2025-06-20T17:52:39+00:00\",\"dateModified\":\"2025-06-20T21:30:54+00:00\",\"inLanguage\":\"es-AR\",\"potentialAction\":[{\"@type\":\"ReadAction\",\"target\":[\"https:\\\/\\\/elcanillita.info\\\/press\\\/2025\\\/06\\\/20\\\/departamento-de-cristina-regimen-carcelario-de-lujo-en-un-pais-sin-plata\\\/\"]}]},{\"@type\":\"ImageObject\",\"inLanguage\":\"es-AR\",\"@id\":\"https:\\\/\\\/elcanillita.info\\\/press\\\/2025\\\/06\\\/20\\\/departamento-de-cristina-regimen-carcelario-de-lujo-en-un-pais-sin-plata\\\/#primaryimage\",\"url\":\"https:\\\/\\\/elcanillita.info\\\/press\\\/images\\\/2025\\\/06\\\/happy_coverhh.png\",\"contentUrl\":\"https:\\\/\\\/elcanillita.info\\\/press\\\/images\\\/2025\\\/06\\\/happy_coverhh.png\",\"width\":600,\"height\":400},{\"@type\":\"WebSite\",\"@id\":\"https:\\\/\\\/elcanillita.info\\\/press\\\/#website\",\"url\":\"https:\\\/\\\/elcanillita.info\\\/press\\\/\",\"name\":\"ElCanillita.Info\",\"description\":\"desde los Apeninos a los Andes\",\"publisher\":{\"@id\":\"https:\\\/\\\/elcanillita.info\\\/press\\\/#organization\"},\"potentialAction\":[{\"@type\":\"SearchAction\",\"target\":{\"@type\":\"EntryPoint\",\"urlTemplate\":\"https:\\\/\\\/elcanillita.info\\\/press\\\/?s={search_term_string}\"},\"query-input\":{\"@type\":\"PropertyValueSpecification\",\"valueRequired\":true,\"valueName\":\"search_term_string\"}}],\"inLanguage\":\"es-AR\"},{\"@type\":\"Organization\",\"@id\":\"https:\\\/\\\/elcanillita.info\\\/press\\\/#organization\",\"name\":\"Guzzo Photos & Graphic Publications\",\"url\":\"https:\\\/\\\/elcanillita.info\\\/press\\\/\",\"logo\":{\"@type\":\"ImageObject\",\"inLanguage\":\"es-AR\",\"@id\":\"https:\\\/\\\/elcanillita.info\\\/press\\\/#\\\/schema\\\/logo\\\/image\\\/\",\"url\":\"https:\\\/\\\/elcanillita.info\\\/press\\\/images\\\/2020\\\/01\\\/cropped-cropped-cropped-elcanillitainfo.png\",\"contentUrl\":\"https:\\\/\\\/elcanillita.info\\\/press\\\/images\\\/2020\\\/01\\\/cropped-cropped-cropped-elcanillitainfo.png\",\"width\":460,\"height\":50,\"caption\":\"Guzzo Photos & Graphic Publications\"},\"image\":{\"@id\":\"https:\\\/\\\/elcanillita.info\\\/press\\\/#\\\/schema\\\/logo\\\/image\\\/\"},\"sameAs\":[\"https:\\\/\\\/ar-ar.facebook.com\\\/ElCanillitainfo-114249515285712\\\/\"]},{\"@type\":\"Person\",\"@id\":\"https:\\\/\\\/elcanillita.info\\\/press\\\/#\\\/schema\\\/person\\\/7fcb79f38045700919f7da6d97e71ba0\",\"name\":\"SalaStampa.eu, world press service\",\"image\":{\"@type\":\"ImageObject\",\"inLanguage\":\"es-AR\",\"@id\":\"https:\\\/\\\/secure.gravatar.com\\\/avatar\\\/c2f0e0d515a107624234994507816ca4724c7199cef73fc8bedebf6931d73888?s=96&d=mm&r=g\",\"url\":\"https:\\\/\\\/secure.gravatar.com\\\/avatar\\\/c2f0e0d515a107624234994507816ca4724c7199cef73fc8bedebf6931d73888?s=96&d=mm&r=g\",\"contentUrl\":\"https:\\\/\\\/secure.gravatar.com\\\/avatar\\\/c2f0e0d515a107624234994507816ca4724c7199cef73fc8bedebf6931d73888?s=96&d=mm&r=g\",\"caption\":\"SalaStampa.eu, world press service\"}}]}<\/script>\n<!-- \/ Yoast SEO plugin. -->","yoast_head_json":{"title":"Departamento de Cristina: R\u00e9gimen Carcelario de Lujo en un pa\u00eds sin plata - ElCanillita.Info","robots":{"index":"index","follow":"follow","max-snippet":"max-snippet:-1","max-image-preview":"max-image-preview:large","max-video-preview":"max-video-preview:-1"},"canonical":"https:\/\/elcanillita.info\/press\/2025\/06\/20\/departamento-de-cristina-regimen-carcelario-de-lujo-en-un-pais-sin-plata\/","og_locale":"es_ES","og_type":"article","og_title":"Departamento de Cristina: R\u00e9gimen Carcelario de Lujo en un pa\u00eds sin plata - ElCanillita.Info","og_description":"Igualdad ante la ley, s\u00ed\u2026 pero no en el metraje.","og_url":"https:\/\/elcanillita.info\/press\/2025\/06\/20\/departamento-de-cristina-regimen-carcelario-de-lujo-en-un-pais-sin-plata\/","og_site_name":"ElCanillita.Info","article_publisher":"https:\/\/ar-ar.facebook.com\/ElCanillitainfo-114249515285712\/","article_published_time":"2025-06-20T17:52:39+00:00","article_modified_time":"2025-06-20T21:30:54+00:00","og_image":[{"width":600,"height":400,"url":"https:\/\/elcanillita.info\/press\/images\/2025\/06\/happy_coverhh.png","type":"image\/png"}],"author":"SalaStampa.eu, world press service","twitter_card":"summary_large_image","twitter_misc":{"Escrito por":"SalaStampa.eu, world press service","Tiempo de lectura":"3 minutos"},"schema":{"@context":"https:\/\/schema.org","@graph":[{"@type":"Article","@id":"https:\/\/elcanillita.info\/press\/2025\/06\/20\/departamento-de-cristina-regimen-carcelario-de-lujo-en-un-pais-sin-plata\/#article","isPartOf":{"@id":"https:\/\/elcanillita.info\/press\/2025\/06\/20\/departamento-de-cristina-regimen-carcelario-de-lujo-en-un-pais-sin-plata\/"},"author":{"name":"SalaStampa.eu, world press service","@id":"https:\/\/elcanillita.info\/press\/#\/schema\/person\/7fcb79f38045700919f7da6d97e71ba0"},"headline":"Departamento de Cristina: R\u00e9gimen Carcelario de Lujo en un pa\u00eds sin plata","datePublished":"2025-06-20T17:52:39+00:00","dateModified":"2025-06-20T21:30:54+00:00","mainEntityOfPage":{"@id":"https:\/\/elcanillita.info\/press\/2025\/06\/20\/departamento-de-cristina-regimen-carcelario-de-lujo-en-un-pais-sin-plata\/"},"wordCount":475,"publisher":{"@id":"https:\/\/elcanillita.info\/press\/#organization"},"image":{"@id":"https:\/\/elcanillita.info\/press\/2025\/06\/20\/departamento-de-cristina-regimen-carcelario-de-lujo-en-un-pais-sin-plata\/#primaryimage"},"thumbnailUrl":"https:\/\/elcanillita.info\/press\/images\/2025\/06\/happy_coverhh.png","articleSection":[".",".","Actualidad","Argentina","Dolores de La Press","Justicia","Politica","Sociedad"],"inLanguage":"es-AR"},{"@type":"WebPage","@id":"https:\/\/elcanillita.info\/press\/2025\/06\/20\/departamento-de-cristina-regimen-carcelario-de-lujo-en-un-pais-sin-plata\/","url":"https:\/\/elcanillita.info\/press\/2025\/06\/20\/departamento-de-cristina-regimen-carcelario-de-lujo-en-un-pais-sin-plata\/","name":"Departamento de Cristina: R\u00e9gimen Carcelario de Lujo en un pa\u00eds sin plata - ElCanillita.Info","isPartOf":{"@id":"https:\/\/elcanillita.info\/press\/#website"},"primaryImageOfPage":{"@id":"https:\/\/elcanillita.info\/press\/2025\/06\/20\/departamento-de-cristina-regimen-carcelario-de-lujo-en-un-pais-sin-plata\/#primaryimage"},"image":{"@id":"https:\/\/elcanillita.info\/press\/2025\/06\/20\/departamento-de-cristina-regimen-carcelario-de-lujo-en-un-pais-sin-plata\/#primaryimage"},"thumbnailUrl":"https:\/\/elcanillita.info\/press\/images\/2025\/06\/happy_coverhh.png","datePublished":"2025-06-20T17:52:39+00:00","dateModified":"2025-06-20T21:30:54+00:00","inLanguage":"es-AR","potentialAction":[{"@type":"ReadAction","target":["https:\/\/elcanillita.info\/press\/2025\/06\/20\/departamento-de-cristina-regimen-carcelario-de-lujo-en-un-pais-sin-plata\/"]}]},{"@type":"ImageObject","inLanguage":"es-AR","@id":"https:\/\/elcanillita.info\/press\/2025\/06\/20\/departamento-de-cristina-regimen-carcelario-de-lujo-en-un-pais-sin-plata\/#primaryimage","url":"https:\/\/elcanillita.info\/press\/images\/2025\/06\/happy_coverhh.png","contentUrl":"https:\/\/elcanillita.info\/press\/images\/2025\/06\/happy_coverhh.png","width":600,"height":400},{"@type":"WebSite","@id":"https:\/\/elcanillita.info\/press\/#website","url":"https:\/\/elcanillita.info\/press\/","name":"ElCanillita.Info","description":"desde los Apeninos a los Andes","publisher":{"@id":"https:\/\/elcanillita.info\/press\/#organization"},"potentialAction":[{"@type":"SearchAction","target":{"@type":"EntryPoint","urlTemplate":"https:\/\/elcanillita.info\/press\/?s={search_term_string}"},"query-input":{"@type":"PropertyValueSpecification","valueRequired":true,"valueName":"search_term_string"}}],"inLanguage":"es-AR"},{"@type":"Organization","@id":"https:\/\/elcanillita.info\/press\/#organization","name":"Guzzo Photos & Graphic Publications","url":"https:\/\/elcanillita.info\/press\/","logo":{"@type":"ImageObject","inLanguage":"es-AR","@id":"https:\/\/elcanillita.info\/press\/#\/schema\/logo\/image\/","url":"https:\/\/elcanillita.info\/press\/images\/2020\/01\/cropped-cropped-cropped-elcanillitainfo.png","contentUrl":"https:\/\/elcanillita.info\/press\/images\/2020\/01\/cropped-cropped-cropped-elcanillitainfo.png","width":460,"height":50,"caption":"Guzzo Photos & Graphic Publications"},"image":{"@id":"https:\/\/elcanillita.info\/press\/#\/schema\/logo\/image\/"},"sameAs":["https:\/\/ar-ar.facebook.com\/ElCanillitainfo-114249515285712\/"]},{"@type":"Person","@id":"https:\/\/elcanillita.info\/press\/#\/schema\/person\/7fcb79f38045700919f7da6d97e71ba0","name":"SalaStampa.eu, world press service","image":{"@type":"ImageObject","inLanguage":"es-AR","@id":"https:\/\/secure.gravatar.com\/avatar\/c2f0e0d515a107624234994507816ca4724c7199cef73fc8bedebf6931d73888?s=96&d=mm&r=g","url":"https:\/\/secure.gravatar.com\/avatar\/c2f0e0d515a107624234994507816ca4724c7199cef73fc8bedebf6931d73888?s=96&d=mm&r=g","contentUrl":"https:\/\/secure.gravatar.com\/avatar\/c2f0e0d515a107624234994507816ca4724c7199cef73fc8bedebf6931d73888?s=96&d=mm&r=g","caption":"SalaStampa.eu, world press service"}}]}},"views":287,"_links":{"self":[{"href":"https:\/\/elcanillita.info\/press\/wp-json\/wp\/v2\/posts\/4929","targetHints":{"allow":["GET"]}}],"collection":[{"href":"https:\/\/elcanillita.info\/press\/wp-json\/wp\/v2\/posts"}],"about":[{"href":"https:\/\/elcanillita.info\/press\/wp-json\/wp\/v2\/types\/post"}],"author":[{"embeddable":true,"href":"https:\/\/elcanillita.info\/press\/wp-json\/wp\/v2\/users\/1"}],"replies":[{"embeddable":true,"href":"https:\/\/elcanillita.info\/press\/wp-json\/wp\/v2\/comments?post=4929"}],"version-history":[{"count":0,"href":"https:\/\/elcanillita.info\/press\/wp-json\/wp\/v2\/posts\/4929\/revisions"}],"wp:featuredmedia":[{"embeddable":true,"href":"https:\/\/elcanillita.info\/press\/wp-json\/wp\/v2\/media\/4931"}],"wp:attachment":[{"href":"https:\/\/elcanillita.info\/press\/wp-json\/wp\/v2\/media?parent=4929"}],"wp:term":[{"taxonomy":"category","embeddable":true,"href":"https:\/\/elcanillita.info\/press\/wp-json\/wp\/v2\/categories?post=4929"},{"taxonomy":"post_tag","embeddable":true,"href":"https:\/\/elcanillita.info\/press\/wp-json\/wp\/v2\/tags?post=4929"}],"curies":[{"name":"wp","href":"https:\/\/api.w.org\/{rel}","templated":true}]}}