{"id":492,"date":"2020-02-20T08:36:32","date_gmt":"2020-02-20T11:36:32","guid":{"rendered":"https:\/\/elcanillita.info\/press\/?p=492"},"modified":"2020-02-20T08:36:34","modified_gmt":"2020-02-20T11:36:34","slug":"johnny-depp-retrata-fotografo-eugene-smith","status":"publish","type":"post","link":"https:\/\/elcanillita.info\/press\/2020\/02\/20\/johnny-depp-retrata-fotografo-eugene-smith\/","title":{"rendered":"Johnny Depp retrata al fot\u00f3grafo W. Eugene Smith"},"content":{"rendered":"\n<p>20.02.2020 &#8211; Alejandro Escalona informa desde Washington\u2026<\/p>\n\n\n\n<p>BERLINALE<br>Este jueves comienza la edici\u00f3n n\u00famero 70 de la Berlinale marcando el regreso a las ra\u00edces de un festival que comenz\u00f3 en una ciudad dividida durante la Guerra Fr\u00eda.<\/p>\n\n\n\n<p>Su nueva directora Mariette Rissenbeek dice que una exploraci\u00f3n de lo que significa la libertad en una dictadura&nbsp;y la historia de tres personas que intentan arrebatar el control de sus vidas a los gigantes de las redes sociales se encuentran entre las 18 pel\u00edculas que compiten en el Festival de Cine de Berl\u00edn de este a\u00f1o.<\/p>\n\n\n\n<p>Esta podr\u00eda ser una Berlinale con menos asistentes que en a\u00f1os anteriores debido a la epidemia de coronavirus. Seg\u00fan Matthijs Wouter Knol, jefe del mercado paralelo del cine europeo, ha habido unas 100 cancelaciones, un n\u00famero modesto en comparaci\u00f3n con los 21.000 visitantes de la industria que se esperan en total.<\/p>\n\n\n\n<p>El actor brit\u00e1nico Jeremy Irons presidir\u00e1 el jurado.<\/p>\n\n\n\n<p>Otros estrenos&nbsp; de la Berlinale incluyen &#8216;Minamata&#8217;, de Andrew Levitas, protagonizada por Johnny Depp como el fot\u00f3grafo de guerra de Estados Unidos W. Eugene Smith, y &#8216;Stateless&#8217;, una serie de televisi\u00f3n de Cate Blanchett que explora la vida de los refugiados&nbsp;en Australia.<\/p>\n\n\n\n<p>HARRY Y MEGHAN<\/p>\n\n\n\n<p>El pr\u00edncipe Harry y su esposa Meghan llevar\u00e1n a cabo sus compromisos p\u00fablicos finales como miembros formales de la familia real de Gran Breta\u00f1a a fines de febrero y marzo antes de que su estatus cambie el 31 de marzo, inform\u00f3 el mi\u00e9rcoles el editor real de ITV, Chris Ship.<\/p>\n\n\n\n<p>Harry y Meghan, quienes el mes pasado anunciaron su intenci\u00f3n&nbsp;de renunciar a sus deberes como miembros de la realeza, ya no tendr\u00e1n despacho en el Palacio Buckingham a partir del 1 de abril.<\/p>\n\n\n\n<p>MY GENERATION<\/p>\n\n\n\n<p>Entre los documentales que ofrece el servicio de transmisi\u00f3n por Internet Prime Video, de Amazon, est\u00e1 uno presentado por el actor brit\u00e1nico Michael Caine llamado \u2018My Generation\u2019.<\/p>\n\n\n\n<p>Michael Caine es un actor, autor, y productor&nbsp;de cine que comenz\u00f3 su carrera&nbsp;en la d\u00e9cada de los a\u00f1os 50. Este documental refleja su visi\u00f3n personal de la d\u00e9cada siguiente, los a\u00f1os sesenta.<\/p>\n\n\n\n<p>Mary Quant, Marianne Faithfull, Mick Jagger, Paul McCartney, Vidal Sassoon, Twiggy, y el propio Michael Caine narran sus experiencias con el pop art, la moda, la pol\u00edtica, las drogas, la m\u00fasica, el cine y la televisi\u00f3n.<br><br>\n<small>2020 voanoticias \u2013 salastampa.eu, afiliada a la red Broadcasting Board of Governors \u00a9 2020 BBG<\/small><\/p>\n\n\n\n<p><\/p>\n","protected":false},"excerpt":{"rendered":"<p>BERLINALE<br \/>\nEste jueves comienza la edici\u00f3n n\u00famero 70 de la Berlinale marcando el regreso a las ra\u00edces de un festival que comenz\u00f3 en una ciudad dividida durante la Guerra Fr\u00eda.<\/p>\n","protected":false},"author":1,"featured_media":0,"comment_status":"closed","ping_status":"closed","sticky":false,"template":"","format":"standard","meta":{"footnotes":"","_links_to":"","_links_to_target":""},"categories":[70,19,5,25],"tags":[69],"class_list":["post-492","post","type-post","status-publish","format-standard","hentry","category-actualidad","category-cultura","category-europa","category-sociedad","tag-alemania","entry","double"],"yoast_head":"<!-- This site is optimized with the Yoast SEO plugin v27.5 - https:\/\/yoast.com\/product\/yoast-seo-wordpress\/ -->\n<title>Johnny Depp retrata al fot\u00f3grafo W. Eugene Smith - ElCanillita.Info<\/title>\n<meta name=\"robots\" content=\"index, follow, max-snippet:-1, max-image-preview:large, max-video-preview:-1\" \/>\n<link rel=\"canonical\" href=\"https:\/\/elcanillita.info\/press\/2020\/02\/20\/johnny-depp-retrata-fotografo-eugene-smith\/\" \/>\n<meta property=\"og:locale\" content=\"es_ES\" \/>\n<meta property=\"og:type\" content=\"article\" \/>\n<meta property=\"og:title\" content=\"Johnny Depp retrata al fot\u00f3grafo W. Eugene Smith - ElCanillita.Info\" \/>\n<meta property=\"og:description\" content=\"BERLINALE Este jueves comienza la edici\u00f3n n\u00famero 70 de la Berlinale marcando el regreso a las ra\u00edces de un festival que comenz\u00f3 en una ciudad dividida durante la Guerra Fr\u00eda.\" \/>\n<meta property=\"og:url\" content=\"https:\/\/elcanillita.info\/press\/2020\/02\/20\/johnny-depp-retrata-fotografo-eugene-smith\/\" \/>\n<meta property=\"og:site_name\" content=\"ElCanillita.Info\" \/>\n<meta property=\"article:publisher\" content=\"https:\/\/ar-ar.facebook.com\/ElCanillitainfo-114249515285712\/\" \/>\n<meta property=\"article:published_time\" content=\"2020-02-20T11:36:32+00:00\" \/>\n<meta property=\"article:modified_time\" content=\"2020-02-20T11:36:34+00:00\" \/>\n<meta name=\"author\" content=\"SalaStampa.eu, world press service\" \/>\n<meta name=\"twitter:card\" content=\"summary_large_image\" \/>\n<meta name=\"twitter:label1\" content=\"Escrito por\" \/>\n\t<meta name=\"twitter:data1\" content=\"SalaStampa.eu, world press service\" \/>\n\t<meta name=\"twitter:label2\" content=\"Tiempo de lectura\" \/>\n\t<meta name=\"twitter:data2\" content=\"2 minutos\" \/>\n<script type=\"application\/ld+json\" class=\"yoast-schema-graph\">{\"@context\":\"https:\\\/\\\/schema.org\",\"@graph\":[{\"@type\":\"Article\",\"@id\":\"https:\\\/\\\/elcanillita.info\\\/press\\\/2020\\\/02\\\/20\\\/johnny-depp-retrata-fotografo-eugene-smith\\\/#article\",\"isPartOf\":{\"@id\":\"https:\\\/\\\/elcanillita.info\\\/press\\\/2020\\\/02\\\/20\\\/johnny-depp-retrata-fotografo-eugene-smith\\\/\"},\"author\":{\"name\":\"SalaStampa.eu, world press service\",\"@id\":\"https:\\\/\\\/elcanillita.info\\\/press\\\/#\\\/schema\\\/person\\\/7fcb79f38045700919f7da6d97e71ba0\"},\"headline\":\"Johnny Depp retrata al fot\u00f3grafo W. Eugene Smith\",\"datePublished\":\"2020-02-20T11:36:32+00:00\",\"dateModified\":\"2020-02-20T11:36:34+00:00\",\"mainEntityOfPage\":{\"@id\":\"https:\\\/\\\/elcanillita.info\\\/press\\\/2020\\\/02\\\/20\\\/johnny-depp-retrata-fotografo-eugene-smith\\\/\"},\"wordCount\":433,\"publisher\":{\"@id\":\"https:\\\/\\\/elcanillita.info\\\/press\\\/#organization\"},\"keywords\":[\"Alemania\"],\"articleSection\":[\"Actualidad\",\"Cultura\",\"Europa\",\"Sociedad\"],\"inLanguage\":\"es-AR\"},{\"@type\":\"WebPage\",\"@id\":\"https:\\\/\\\/elcanillita.info\\\/press\\\/2020\\\/02\\\/20\\\/johnny-depp-retrata-fotografo-eugene-smith\\\/\",\"url\":\"https:\\\/\\\/elcanillita.info\\\/press\\\/2020\\\/02\\\/20\\\/johnny-depp-retrata-fotografo-eugene-smith\\\/\",\"name\":\"Johnny Depp retrata al fot\u00f3grafo W. Eugene Smith - ElCanillita.Info\",\"isPartOf\":{\"@id\":\"https:\\\/\\\/elcanillita.info\\\/press\\\/#website\"},\"datePublished\":\"2020-02-20T11:36:32+00:00\",\"dateModified\":\"2020-02-20T11:36:34+00:00\",\"inLanguage\":\"es-AR\",\"potentialAction\":[{\"@type\":\"ReadAction\",\"target\":[\"https:\\\/\\\/elcanillita.info\\\/press\\\/2020\\\/02\\\/20\\\/johnny-depp-retrata-fotografo-eugene-smith\\\/\"]}]},{\"@type\":\"WebSite\",\"@id\":\"https:\\\/\\\/elcanillita.info\\\/press\\\/#website\",\"url\":\"https:\\\/\\\/elcanillita.info\\\/press\\\/\",\"name\":\"ElCanillita.Info\",\"description\":\"desde los Apeninos a los Andes\",\"publisher\":{\"@id\":\"https:\\\/\\\/elcanillita.info\\\/press\\\/#organization\"},\"potentialAction\":[{\"@type\":\"SearchAction\",\"target\":{\"@type\":\"EntryPoint\",\"urlTemplate\":\"https:\\\/\\\/elcanillita.info\\\/press\\\/?s={search_term_string}\"},\"query-input\":{\"@type\":\"PropertyValueSpecification\",\"valueRequired\":true,\"valueName\":\"search_term_string\"}}],\"inLanguage\":\"es-AR\"},{\"@type\":\"Organization\",\"@id\":\"https:\\\/\\\/elcanillita.info\\\/press\\\/#organization\",\"name\":\"Guzzo Photos & Graphic Publications\",\"url\":\"https:\\\/\\\/elcanillita.info\\\/press\\\/\",\"logo\":{\"@type\":\"ImageObject\",\"inLanguage\":\"es-AR\",\"@id\":\"https:\\\/\\\/elcanillita.info\\\/press\\\/#\\\/schema\\\/logo\\\/image\\\/\",\"url\":\"https:\\\/\\\/elcanillita.info\\\/press\\\/images\\\/2020\\\/01\\\/cropped-cropped-cropped-elcanillitainfo.png\",\"contentUrl\":\"https:\\\/\\\/elcanillita.info\\\/press\\\/images\\\/2020\\\/01\\\/cropped-cropped-cropped-elcanillitainfo.png\",\"width\":460,\"height\":50,\"caption\":\"Guzzo Photos & Graphic Publications\"},\"image\":{\"@id\":\"https:\\\/\\\/elcanillita.info\\\/press\\\/#\\\/schema\\\/logo\\\/image\\\/\"},\"sameAs\":[\"https:\\\/\\\/ar-ar.facebook.com\\\/ElCanillitainfo-114249515285712\\\/\"]},{\"@type\":\"Person\",\"@id\":\"https:\\\/\\\/elcanillita.info\\\/press\\\/#\\\/schema\\\/person\\\/7fcb79f38045700919f7da6d97e71ba0\",\"name\":\"SalaStampa.eu, world press service\",\"image\":{\"@type\":\"ImageObject\",\"inLanguage\":\"es-AR\",\"@id\":\"https:\\\/\\\/secure.gravatar.com\\\/avatar\\\/c2f0e0d515a107624234994507816ca4724c7199cef73fc8bedebf6931d73888?s=96&d=mm&r=g\",\"url\":\"https:\\\/\\\/secure.gravatar.com\\\/avatar\\\/c2f0e0d515a107624234994507816ca4724c7199cef73fc8bedebf6931d73888?s=96&d=mm&r=g\",\"contentUrl\":\"https:\\\/\\\/secure.gravatar.com\\\/avatar\\\/c2f0e0d515a107624234994507816ca4724c7199cef73fc8bedebf6931d73888?s=96&d=mm&r=g\",\"caption\":\"SalaStampa.eu, world press service\"}}]}<\/script>\n<!-- \/ Yoast SEO plugin. -->","yoast_head_json":{"title":"Johnny Depp retrata al fot\u00f3grafo W. Eugene Smith - ElCanillita.Info","robots":{"index":"index","follow":"follow","max-snippet":"max-snippet:-1","max-image-preview":"max-image-preview:large","max-video-preview":"max-video-preview:-1"},"canonical":"https:\/\/elcanillita.info\/press\/2020\/02\/20\/johnny-depp-retrata-fotografo-eugene-smith\/","og_locale":"es_ES","og_type":"article","og_title":"Johnny Depp retrata al fot\u00f3grafo W. Eugene Smith - ElCanillita.Info","og_description":"BERLINALE Este jueves comienza la edici\u00f3n n\u00famero 70 de la Berlinale marcando el regreso a las ra\u00edces de un festival que comenz\u00f3 en una ciudad dividida durante la Guerra Fr\u00eda.","og_url":"https:\/\/elcanillita.info\/press\/2020\/02\/20\/johnny-depp-retrata-fotografo-eugene-smith\/","og_site_name":"ElCanillita.Info","article_publisher":"https:\/\/ar-ar.facebook.com\/ElCanillitainfo-114249515285712\/","article_published_time":"2020-02-20T11:36:32+00:00","article_modified_time":"2020-02-20T11:36:34+00:00","author":"SalaStampa.eu, world press service","twitter_card":"summary_large_image","twitter_misc":{"Escrito por":"SalaStampa.eu, world press service","Tiempo de lectura":"2 minutos"},"schema":{"@context":"https:\/\/schema.org","@graph":[{"@type":"Article","@id":"https:\/\/elcanillita.info\/press\/2020\/02\/20\/johnny-depp-retrata-fotografo-eugene-smith\/#article","isPartOf":{"@id":"https:\/\/elcanillita.info\/press\/2020\/02\/20\/johnny-depp-retrata-fotografo-eugene-smith\/"},"author":{"name":"SalaStampa.eu, world press service","@id":"https:\/\/elcanillita.info\/press\/#\/schema\/person\/7fcb79f38045700919f7da6d97e71ba0"},"headline":"Johnny Depp retrata al fot\u00f3grafo W. Eugene Smith","datePublished":"2020-02-20T11:36:32+00:00","dateModified":"2020-02-20T11:36:34+00:00","mainEntityOfPage":{"@id":"https:\/\/elcanillita.info\/press\/2020\/02\/20\/johnny-depp-retrata-fotografo-eugene-smith\/"},"wordCount":433,"publisher":{"@id":"https:\/\/elcanillita.info\/press\/#organization"},"keywords":["Alemania"],"articleSection":["Actualidad","Cultura","Europa","Sociedad"],"inLanguage":"es-AR"},{"@type":"WebPage","@id":"https:\/\/elcanillita.info\/press\/2020\/02\/20\/johnny-depp-retrata-fotografo-eugene-smith\/","url":"https:\/\/elcanillita.info\/press\/2020\/02\/20\/johnny-depp-retrata-fotografo-eugene-smith\/","name":"Johnny Depp retrata al fot\u00f3grafo W. Eugene Smith - ElCanillita.Info","isPartOf":{"@id":"https:\/\/elcanillita.info\/press\/#website"},"datePublished":"2020-02-20T11:36:32+00:00","dateModified":"2020-02-20T11:36:34+00:00","inLanguage":"es-AR","potentialAction":[{"@type":"ReadAction","target":["https:\/\/elcanillita.info\/press\/2020\/02\/20\/johnny-depp-retrata-fotografo-eugene-smith\/"]}]},{"@type":"WebSite","@id":"https:\/\/elcanillita.info\/press\/#website","url":"https:\/\/elcanillita.info\/press\/","name":"ElCanillita.Info","description":"desde los Apeninos a los Andes","publisher":{"@id":"https:\/\/elcanillita.info\/press\/#organization"},"potentialAction":[{"@type":"SearchAction","target":{"@type":"EntryPoint","urlTemplate":"https:\/\/elcanillita.info\/press\/?s={search_term_string}"},"query-input":{"@type":"PropertyValueSpecification","valueRequired":true,"valueName":"search_term_string"}}],"inLanguage":"es-AR"},{"@type":"Organization","@id":"https:\/\/elcanillita.info\/press\/#organization","name":"Guzzo Photos & Graphic Publications","url":"https:\/\/elcanillita.info\/press\/","logo":{"@type":"ImageObject","inLanguage":"es-AR","@id":"https:\/\/elcanillita.info\/press\/#\/schema\/logo\/image\/","url":"https:\/\/elcanillita.info\/press\/images\/2020\/01\/cropped-cropped-cropped-elcanillitainfo.png","contentUrl":"https:\/\/elcanillita.info\/press\/images\/2020\/01\/cropped-cropped-cropped-elcanillitainfo.png","width":460,"height":50,"caption":"Guzzo Photos & Graphic Publications"},"image":{"@id":"https:\/\/elcanillita.info\/press\/#\/schema\/logo\/image\/"},"sameAs":["https:\/\/ar-ar.facebook.com\/ElCanillitainfo-114249515285712\/"]},{"@type":"Person","@id":"https:\/\/elcanillita.info\/press\/#\/schema\/person\/7fcb79f38045700919f7da6d97e71ba0","name":"SalaStampa.eu, world press service","image":{"@type":"ImageObject","inLanguage":"es-AR","@id":"https:\/\/secure.gravatar.com\/avatar\/c2f0e0d515a107624234994507816ca4724c7199cef73fc8bedebf6931d73888?s=96&d=mm&r=g","url":"https:\/\/secure.gravatar.com\/avatar\/c2f0e0d515a107624234994507816ca4724c7199cef73fc8bedebf6931d73888?s=96&d=mm&r=g","contentUrl":"https:\/\/secure.gravatar.com\/avatar\/c2f0e0d515a107624234994507816ca4724c7199cef73fc8bedebf6931d73888?s=96&d=mm&r=g","caption":"SalaStampa.eu, world press service"}}]}},"views":808,"_links":{"self":[{"href":"https:\/\/elcanillita.info\/press\/wp-json\/wp\/v2\/posts\/492","targetHints":{"allow":["GET"]}}],"collection":[{"href":"https:\/\/elcanillita.info\/press\/wp-json\/wp\/v2\/posts"}],"about":[{"href":"https:\/\/elcanillita.info\/press\/wp-json\/wp\/v2\/types\/post"}],"author":[{"embeddable":true,"href":"https:\/\/elcanillita.info\/press\/wp-json\/wp\/v2\/users\/1"}],"replies":[{"embeddable":true,"href":"https:\/\/elcanillita.info\/press\/wp-json\/wp\/v2\/comments?post=492"}],"version-history":[{"count":0,"href":"https:\/\/elcanillita.info\/press\/wp-json\/wp\/v2\/posts\/492\/revisions"}],"wp:attachment":[{"href":"https:\/\/elcanillita.info\/press\/wp-json\/wp\/v2\/media?parent=492"}],"wp:term":[{"taxonomy":"category","embeddable":true,"href":"https:\/\/elcanillita.info\/press\/wp-json\/wp\/v2\/categories?post=492"},{"taxonomy":"post_tag","embeddable":true,"href":"https:\/\/elcanillita.info\/press\/wp-json\/wp\/v2\/tags?post=492"}],"curies":[{"name":"wp","href":"https:\/\/api.w.org\/{rel}","templated":true}]}}