{"id":4916,"date":"2025-06-18T17:22:35","date_gmt":"2025-06-18T20:22:35","guid":{"rendered":"https:\/\/elcanillita.info\/press\/?p=4916"},"modified":"2025-06-18T17:22:36","modified_gmt":"2025-06-18T20:22:36","slug":"%f0%9f%a7%b7fue-la-reina-argentina-ahora-es-la-reina-nacional-del-chorizo-seco","status":"publish","type":"post","link":"https:\/\/elcanillita.info\/press\/2025\/06\/18\/%f0%9f%a7%b7fue-la-reina-argentina-ahora-es-la-reina-nacional-del-chorizo-seco\/","title":{"rendered":"\ud83e\uddf7\u00abFue la Reina argentina, ahora es la Reina Nacional del Chorizo Seco\u00bb"},"content":{"rendered":"<div class=\"wp-block-image\">\n<figure class=\"alignleft size-full is-resized\"><img loading=\"lazy\" decoding=\"async\" width=\"400\" height=\"600\" src=\"https:\/\/elcanillita.info\/press\/images\/2025\/06\/Reinachori.Ediit_.png\" alt=\"\" class=\"wp-image-4917\" style=\"width:344px;height:auto\" srcset=\"https:\/\/elcanillita.info\/press\/images\/2025\/06\/Reinachori.Ediit_.png 400w, https:\/\/elcanillita.info\/press\/images\/2025\/06\/Reinachori.Ediit_-200x300.png 200w\" sizes=\"auto, (max-width: 400px) 100vw, 400px\" \/><\/figure>\n<\/div>\n\n\n<p><strong>ElCanillita.info<\/strong><br>Argentina, 19\/06\/2025<br><br>\u270d\ufe0f <em>Por El Carnicero de Bragado<br><\/em><br>No todo lo que huele mal en la pol\u00edtica argentina es corrupci\u00f3n. A veces es chorizo seco.<br>Esta semana, mientras algunos lloraban la democracia y otros ensayaban pasos de murga, el Partido Justicialista volvi\u00f3 a darnos una postal \u00fanica: en lugar de marchar hacia Comodoro Py (Tribunales Federales) para exigir la \u201cliberaci\u00f3n\u201d de Cristina Fern\u00e1ndez de Kirchner, retrogradaron a Comodoro Py (localidad de Bragado), cuna del chorizo seco, orgullo nacional y s\u00edmbolo criollo del tiempo que todo lo cura\u2026 o lo pudre.<\/p>\n\n\n\n<p>S\u00ed, querido lector: la ex presidenta, ahora homenajeada entre guirnaldas de tripa natural, ha sido ungida por el inconsciente colectivo como la \u201cReina Nacional del Chorizo Seco\u201d. No hubo plebiscito, ni boleta corta: solo la l\u00f3gica de un peronismo que, cuando pierde el GPS judicial, sigue el olfato.<\/p>\n\n\n\n<p>\ud83d\udccd <strong>Dos Comodoros y una sola patria<\/strong><br>Argentina es as\u00ed: dos Comodoros, dos destinos, una sola met\u00e1fora.<br>En uno, las causas se acumulan m\u00e1s que los expedientes de papel amarillento, enmohecidos como salamines sin rotar.<br>En el otro, la gente vive tranquila, embute a conciencia y cura al sol del oeste bonaerense sus verdaderos tesoros.<\/p>\n\n\n\n<p><strong>Desde Bragado afirman con orgullo:<\/strong><br>\u201cAc\u00e1 el chorizo no se esconde ni tiene fueros. Se seca, se exhibe y se come. Que aprendan en Capital.\u201d<\/p>\n\n\n\n<p>\ud83c\udfdb\ufe0f <strong>Justicia curada y sin apuro<\/strong><br>Hay quienes dicen que las sentencias contra Cristina llegaron \u201ctarde y tibias\u201d.<br>Pero es que la justicia argentina es como el chacinado artesanal: si la apur\u00e1s, sale cruda; si la dej\u00e1s sola, se pone rancia; y si la escond\u00e9s, termina en un juicio con olor a nada.<br><br>Eso s\u00ed: ahora que el PJ propone su propio Sal\u00f3n del Embutido Nacional, tal vez la Corte Suprema deba abrir una sala especial para causas con denominaci\u00f3n de origen.<\/p>\n\n\n\n<p>\ud83c\udfad <strong>Desfile de t\u00edtulos alternativos<\/strong><\/p>\n\n\n\n<ul class=\"wp-block-list\">\n<li>Excelent\u00edsima Se\u00f1ora del Embutido Heroico<\/li>\n\n\n\n<li>Doctora Honoris Chorizus<\/li>\n\n\n\n<li>Santa del Picado Fino<\/li>\n\n\n\n<li>Protectora de la Picada Popular<\/li>\n\n\n\n<li>Primera Dama de la Tapa de Salam\u00edn<\/li>\n<\/ul>\n\n\n\n<p>Hay rumores de que el Senado prepara un proyecto para instaurar el D\u00eda Nacional del Recalculador Serial, en homenaje a quienes cambian de destino sin tocar el volante.<\/p>\n\n\n\n<p>\ud83c\udf77<strong> Final de fiesta con picada y procesi\u00f3n<\/strong><br>La escena final es digna de Fellini: gobernadores con boina, senadores con pa\u00f1uelo, y el propio Axel Kicillof llevando una bandeja de longaniza a modo de ofrenda institucional.<br>La marcha termin\u00f3 con una misa laica entre olor a vino tinto, encuestas truchas y un coro de militantes cantando:<br>\u201cSi este no es el pueblo, el chorizo d\u00f3nde est\u00e1\u201d.<\/p>\n\n\n\n<p>\ud83c\udf99\ufe0f <strong>Y ahora\u2026 \u00bfQui\u00e9n podr\u00e1 hablarnos?<\/strong><br>Desde esta redacci\u00f3n, nos preguntamos:<br>\u00bfSi Comodoro Py (Bragado) es m\u00e1s sincero que Comodoro Py (Justicia), qu\u00e9 otra cosa nos queda por decir?<\/p>\n\n\n\n<p>Por eso se viene el momento de escuchar a otros.<br>En breve, desde SoapBoxOrators.org(Caja de los oradores), daremos la palabra a los olvidados: a los familiares de militares en prisi\u00f3n preventiva eterna, a los jubilados sin voz y a los que a\u00fan no figuran ni en los padrones de la historia.<br><br><small>\u00a92025 &#8220;El Carnicero de Bragado&#8221; \u2013 All Rights Reserved &#8211; Copyright \u00a9 2025 ElCanillita.info \/ BlogDiario.info \/SalaStampa.eu, world press service &#8211; Guzzo Photos &amp; Graphic Publications \u2013 Registro Editori e Stampatori n. 1441 Turin, Italy<\/small><\/p>\n","protected":false},"excerpt":{"rendered":"<p>De la Casa Rosada a la picada del s\u00e1bado, pasando por Comodoro Py: un viaje de sabores, causas judiciales y cortes fr\u00edos. La historia tragic\u00f3mica de c\u00f3mo una dirigente puede terminar entre embutidos y adulaciones.<\/p>\n","protected":false},"author":1,"featured_media":4918,"comment_status":"closed","ping_status":"closed","sticky":false,"template":"","format":"standard","meta":{"footnotes":"","_links_to":"","_links_to_target":""},"categories":[121,108,70,123,118,126,22,23,25],"tags":[],"class_list":["post-4916","post","type-post","status-publish","format-standard","has-post-thumbnail","hentry","category-dc24","category-blogdiario","category-actualidad","category-argentina","category-corrupcion","category-dolores-de-la-press","category-justicia","category-politica","category-sociedad","entry","double"],"yoast_head":"<!-- This site is optimized with the Yoast SEO plugin v27.4 - https:\/\/yoast.com\/product\/yoast-seo-wordpress\/ -->\n<title>\ud83e\uddf7\u00abFue la Reina argentina, ahora es la Reina Nacional del Chorizo Seco\u00bb - ElCanillita.Info<\/title>\n<meta name=\"robots\" content=\"index, follow, max-snippet:-1, max-image-preview:large, max-video-preview:-1\" \/>\n<link rel=\"canonical\" href=\"https:\/\/elcanillita.info\/press\/2025\/06\/18\/\ud83e\uddf7fue-la-reina-argentina-ahora-es-la-reina-nacional-del-chorizo-seco\/\" \/>\n<meta property=\"og:locale\" content=\"es_ES\" \/>\n<meta property=\"og:type\" content=\"article\" \/>\n<meta property=\"og:title\" content=\"\ud83e\uddf7\u00abFue la Reina argentina, ahora es la Reina Nacional del Chorizo Seco\u00bb - ElCanillita.Info\" \/>\n<meta property=\"og:description\" content=\"De la Casa Rosada a la picada del s\u00e1bado, pasando por Comodoro Py: un viaje de sabores, causas judiciales y cortes fr\u00edos. La historia tragic\u00f3mica de c\u00f3mo una dirigente puede terminar entre embutidos y adulaciones.\" \/>\n<meta property=\"og:url\" content=\"https:\/\/elcanillita.info\/press\/2025\/06\/18\/\ud83e\uddf7fue-la-reina-argentina-ahora-es-la-reina-nacional-del-chorizo-seco\/\" \/>\n<meta property=\"og:site_name\" content=\"ElCanillita.Info\" \/>\n<meta property=\"article:publisher\" content=\"https:\/\/ar-ar.facebook.com\/ElCanillitainfo-114249515285712\/\" \/>\n<meta property=\"article:published_time\" content=\"2025-06-18T20:22:35+00:00\" \/>\n<meta property=\"article:modified_time\" content=\"2025-06-18T20:22:36+00:00\" \/>\n<meta property=\"og:image\" content=\"https:\/\/elcanillita.info\/press\/images\/2025\/06\/Reinachori.Ediit_.HHH_.png\" \/>\n\t<meta property=\"og:image:width\" content=\"400\" \/>\n\t<meta property=\"og:image:height\" content=\"267\" \/>\n\t<meta property=\"og:image:type\" content=\"image\/png\" \/>\n<meta name=\"author\" content=\"SalaStampa.eu, world press service\" \/>\n<meta name=\"twitter:card\" content=\"summary_large_image\" \/>\n<meta name=\"twitter:label1\" content=\"Escrito por\" \/>\n\t<meta name=\"twitter:data1\" content=\"SalaStampa.eu, world press service\" \/>\n\t<meta name=\"twitter:label2\" content=\"Tiempo de lectura\" \/>\n\t<meta name=\"twitter:data2\" content=\"3 minutos\" \/>\n<script type=\"application\/ld+json\" class=\"yoast-schema-graph\">{\"@context\":\"https:\\\/\\\/schema.org\",\"@graph\":[{\"@type\":\"Article\",\"@id\":\"https:\\\/\\\/elcanillita.info\\\/press\\\/2025\\\/06\\\/18\\\/%f0%9f%a7%b7fue-la-reina-argentina-ahora-es-la-reina-nacional-del-chorizo-seco\\\/#article\",\"isPartOf\":{\"@id\":\"https:\\\/\\\/elcanillita.info\\\/press\\\/2025\\\/06\\\/18\\\/%f0%9f%a7%b7fue-la-reina-argentina-ahora-es-la-reina-nacional-del-chorizo-seco\\\/\"},\"author\":{\"name\":\"SalaStampa.eu, world press service\",\"@id\":\"https:\\\/\\\/elcanillita.info\\\/press\\\/#\\\/schema\\\/person\\\/7fcb79f38045700919f7da6d97e71ba0\"},\"headline\":\"\ud83e\uddf7\u00abFue la Reina argentina, ahora es la Reina Nacional del Chorizo Seco\u00bb\",\"datePublished\":\"2025-06-18T20:22:35+00:00\",\"dateModified\":\"2025-06-18T20:22:36+00:00\",\"mainEntityOfPage\":{\"@id\":\"https:\\\/\\\/elcanillita.info\\\/press\\\/2025\\\/06\\\/18\\\/%f0%9f%a7%b7fue-la-reina-argentina-ahora-es-la-reina-nacional-del-chorizo-seco\\\/\"},\"wordCount\":569,\"publisher\":{\"@id\":\"https:\\\/\\\/elcanillita.info\\\/press\\\/#organization\"},\"image\":{\"@id\":\"https:\\\/\\\/elcanillita.info\\\/press\\\/2025\\\/06\\\/18\\\/%f0%9f%a7%b7fue-la-reina-argentina-ahora-es-la-reina-nacional-del-chorizo-seco\\\/#primaryimage\"},\"thumbnailUrl\":\"https:\\\/\\\/elcanillita.info\\\/press\\\/images\\\/2025\\\/06\\\/Reinachori.Ediit_.HHH_.png\",\"articleSection\":[\".\",\".\",\"Actualidad\",\"Argentina\",\"Corrupci\u00f3n\",\"Dolores de La Press\",\"Justicia\",\"Politica\",\"Sociedad\"],\"inLanguage\":\"es-AR\"},{\"@type\":\"WebPage\",\"@id\":\"https:\\\/\\\/elcanillita.info\\\/press\\\/2025\\\/06\\\/18\\\/%f0%9f%a7%b7fue-la-reina-argentina-ahora-es-la-reina-nacional-del-chorizo-seco\\\/\",\"url\":\"https:\\\/\\\/elcanillita.info\\\/press\\\/2025\\\/06\\\/18\\\/%f0%9f%a7%b7fue-la-reina-argentina-ahora-es-la-reina-nacional-del-chorizo-seco\\\/\",\"name\":\"\ud83e\uddf7\u00abFue la Reina argentina, ahora es la Reina Nacional del Chorizo Seco\u00bb - ElCanillita.Info\",\"isPartOf\":{\"@id\":\"https:\\\/\\\/elcanillita.info\\\/press\\\/#website\"},\"primaryImageOfPage\":{\"@id\":\"https:\\\/\\\/elcanillita.info\\\/press\\\/2025\\\/06\\\/18\\\/%f0%9f%a7%b7fue-la-reina-argentina-ahora-es-la-reina-nacional-del-chorizo-seco\\\/#primaryimage\"},\"image\":{\"@id\":\"https:\\\/\\\/elcanillita.info\\\/press\\\/2025\\\/06\\\/18\\\/%f0%9f%a7%b7fue-la-reina-argentina-ahora-es-la-reina-nacional-del-chorizo-seco\\\/#primaryimage\"},\"thumbnailUrl\":\"https:\\\/\\\/elcanillita.info\\\/press\\\/images\\\/2025\\\/06\\\/Reinachori.Ediit_.HHH_.png\",\"datePublished\":\"2025-06-18T20:22:35+00:00\",\"dateModified\":\"2025-06-18T20:22:36+00:00\",\"inLanguage\":\"es-AR\",\"potentialAction\":[{\"@type\":\"ReadAction\",\"target\":[\"https:\\\/\\\/elcanillita.info\\\/press\\\/2025\\\/06\\\/18\\\/%f0%9f%a7%b7fue-la-reina-argentina-ahora-es-la-reina-nacional-del-chorizo-seco\\\/\"]}]},{\"@type\":\"ImageObject\",\"inLanguage\":\"es-AR\",\"@id\":\"https:\\\/\\\/elcanillita.info\\\/press\\\/2025\\\/06\\\/18\\\/%f0%9f%a7%b7fue-la-reina-argentina-ahora-es-la-reina-nacional-del-chorizo-seco\\\/#primaryimage\",\"url\":\"https:\\\/\\\/elcanillita.info\\\/press\\\/images\\\/2025\\\/06\\\/Reinachori.Ediit_.HHH_.png\",\"contentUrl\":\"https:\\\/\\\/elcanillita.info\\\/press\\\/images\\\/2025\\\/06\\\/Reinachori.Ediit_.HHH_.png\",\"width\":400,\"height\":267},{\"@type\":\"WebSite\",\"@id\":\"https:\\\/\\\/elcanillita.info\\\/press\\\/#website\",\"url\":\"https:\\\/\\\/elcanillita.info\\\/press\\\/\",\"name\":\"ElCanillita.Info\",\"description\":\"desde los Apeninos a los Andes\",\"publisher\":{\"@id\":\"https:\\\/\\\/elcanillita.info\\\/press\\\/#organization\"},\"potentialAction\":[{\"@type\":\"SearchAction\",\"target\":{\"@type\":\"EntryPoint\",\"urlTemplate\":\"https:\\\/\\\/elcanillita.info\\\/press\\\/?s={search_term_string}\"},\"query-input\":{\"@type\":\"PropertyValueSpecification\",\"valueRequired\":true,\"valueName\":\"search_term_string\"}}],\"inLanguage\":\"es-AR\"},{\"@type\":\"Organization\",\"@id\":\"https:\\\/\\\/elcanillita.info\\\/press\\\/#organization\",\"name\":\"Guzzo Photos & Graphic Publications\",\"url\":\"https:\\\/\\\/elcanillita.info\\\/press\\\/\",\"logo\":{\"@type\":\"ImageObject\",\"inLanguage\":\"es-AR\",\"@id\":\"https:\\\/\\\/elcanillita.info\\\/press\\\/#\\\/schema\\\/logo\\\/image\\\/\",\"url\":\"https:\\\/\\\/elcanillita.info\\\/press\\\/images\\\/2020\\\/01\\\/cropped-cropped-cropped-elcanillitainfo.png\",\"contentUrl\":\"https:\\\/\\\/elcanillita.info\\\/press\\\/images\\\/2020\\\/01\\\/cropped-cropped-cropped-elcanillitainfo.png\",\"width\":460,\"height\":50,\"caption\":\"Guzzo Photos & Graphic Publications\"},\"image\":{\"@id\":\"https:\\\/\\\/elcanillita.info\\\/press\\\/#\\\/schema\\\/logo\\\/image\\\/\"},\"sameAs\":[\"https:\\\/\\\/ar-ar.facebook.com\\\/ElCanillitainfo-114249515285712\\\/\"]},{\"@type\":\"Person\",\"@id\":\"https:\\\/\\\/elcanillita.info\\\/press\\\/#\\\/schema\\\/person\\\/7fcb79f38045700919f7da6d97e71ba0\",\"name\":\"SalaStampa.eu, world press service\",\"image\":{\"@type\":\"ImageObject\",\"inLanguage\":\"es-AR\",\"@id\":\"https:\\\/\\\/secure.gravatar.com\\\/avatar\\\/c2f0e0d515a107624234994507816ca4724c7199cef73fc8bedebf6931d73888?s=96&d=mm&r=g\",\"url\":\"https:\\\/\\\/secure.gravatar.com\\\/avatar\\\/c2f0e0d515a107624234994507816ca4724c7199cef73fc8bedebf6931d73888?s=96&d=mm&r=g\",\"contentUrl\":\"https:\\\/\\\/secure.gravatar.com\\\/avatar\\\/c2f0e0d515a107624234994507816ca4724c7199cef73fc8bedebf6931d73888?s=96&d=mm&r=g\",\"caption\":\"SalaStampa.eu, world press service\"}}]}<\/script>\n<!-- \/ Yoast SEO plugin. -->","yoast_head_json":{"title":"\ud83e\uddf7\u00abFue la Reina argentina, ahora es la Reina Nacional del Chorizo Seco\u00bb - ElCanillita.Info","robots":{"index":"index","follow":"follow","max-snippet":"max-snippet:-1","max-image-preview":"max-image-preview:large","max-video-preview":"max-video-preview:-1"},"canonical":"https:\/\/elcanillita.info\/press\/2025\/06\/18\/\ud83e\uddf7fue-la-reina-argentina-ahora-es-la-reina-nacional-del-chorizo-seco\/","og_locale":"es_ES","og_type":"article","og_title":"\ud83e\uddf7\u00abFue la Reina argentina, ahora es la Reina Nacional del Chorizo Seco\u00bb - ElCanillita.Info","og_description":"De la Casa Rosada a la picada del s\u00e1bado, pasando por Comodoro Py: un viaje de sabores, causas judiciales y cortes fr\u00edos. La historia tragic\u00f3mica de c\u00f3mo una dirigente puede terminar entre embutidos y adulaciones.","og_url":"https:\/\/elcanillita.info\/press\/2025\/06\/18\/\ud83e\uddf7fue-la-reina-argentina-ahora-es-la-reina-nacional-del-chorizo-seco\/","og_site_name":"ElCanillita.Info","article_publisher":"https:\/\/ar-ar.facebook.com\/ElCanillitainfo-114249515285712\/","article_published_time":"2025-06-18T20:22:35+00:00","article_modified_time":"2025-06-18T20:22:36+00:00","og_image":[{"width":400,"height":267,"url":"https:\/\/elcanillita.info\/press\/images\/2025\/06\/Reinachori.Ediit_.HHH_.png","type":"image\/png"}],"author":"SalaStampa.eu, world press service","twitter_card":"summary_large_image","twitter_misc":{"Escrito por":"SalaStampa.eu, world press service","Tiempo de lectura":"3 minutos"},"schema":{"@context":"https:\/\/schema.org","@graph":[{"@type":"Article","@id":"https:\/\/elcanillita.info\/press\/2025\/06\/18\/%f0%9f%a7%b7fue-la-reina-argentina-ahora-es-la-reina-nacional-del-chorizo-seco\/#article","isPartOf":{"@id":"https:\/\/elcanillita.info\/press\/2025\/06\/18\/%f0%9f%a7%b7fue-la-reina-argentina-ahora-es-la-reina-nacional-del-chorizo-seco\/"},"author":{"name":"SalaStampa.eu, world press service","@id":"https:\/\/elcanillita.info\/press\/#\/schema\/person\/7fcb79f38045700919f7da6d97e71ba0"},"headline":"\ud83e\uddf7\u00abFue la Reina argentina, ahora es la Reina Nacional del Chorizo Seco\u00bb","datePublished":"2025-06-18T20:22:35+00:00","dateModified":"2025-06-18T20:22:36+00:00","mainEntityOfPage":{"@id":"https:\/\/elcanillita.info\/press\/2025\/06\/18\/%f0%9f%a7%b7fue-la-reina-argentina-ahora-es-la-reina-nacional-del-chorizo-seco\/"},"wordCount":569,"publisher":{"@id":"https:\/\/elcanillita.info\/press\/#organization"},"image":{"@id":"https:\/\/elcanillita.info\/press\/2025\/06\/18\/%f0%9f%a7%b7fue-la-reina-argentina-ahora-es-la-reina-nacional-del-chorizo-seco\/#primaryimage"},"thumbnailUrl":"https:\/\/elcanillita.info\/press\/images\/2025\/06\/Reinachori.Ediit_.HHH_.png","articleSection":[".",".","Actualidad","Argentina","Corrupci\u00f3n","Dolores de La Press","Justicia","Politica","Sociedad"],"inLanguage":"es-AR"},{"@type":"WebPage","@id":"https:\/\/elcanillita.info\/press\/2025\/06\/18\/%f0%9f%a7%b7fue-la-reina-argentina-ahora-es-la-reina-nacional-del-chorizo-seco\/","url":"https:\/\/elcanillita.info\/press\/2025\/06\/18\/%f0%9f%a7%b7fue-la-reina-argentina-ahora-es-la-reina-nacional-del-chorizo-seco\/","name":"\ud83e\uddf7\u00abFue la Reina argentina, ahora es la Reina Nacional del Chorizo Seco\u00bb - ElCanillita.Info","isPartOf":{"@id":"https:\/\/elcanillita.info\/press\/#website"},"primaryImageOfPage":{"@id":"https:\/\/elcanillita.info\/press\/2025\/06\/18\/%f0%9f%a7%b7fue-la-reina-argentina-ahora-es-la-reina-nacional-del-chorizo-seco\/#primaryimage"},"image":{"@id":"https:\/\/elcanillita.info\/press\/2025\/06\/18\/%f0%9f%a7%b7fue-la-reina-argentina-ahora-es-la-reina-nacional-del-chorizo-seco\/#primaryimage"},"thumbnailUrl":"https:\/\/elcanillita.info\/press\/images\/2025\/06\/Reinachori.Ediit_.HHH_.png","datePublished":"2025-06-18T20:22:35+00:00","dateModified":"2025-06-18T20:22:36+00:00","inLanguage":"es-AR","potentialAction":[{"@type":"ReadAction","target":["https:\/\/elcanillita.info\/press\/2025\/06\/18\/%f0%9f%a7%b7fue-la-reina-argentina-ahora-es-la-reina-nacional-del-chorizo-seco\/"]}]},{"@type":"ImageObject","inLanguage":"es-AR","@id":"https:\/\/elcanillita.info\/press\/2025\/06\/18\/%f0%9f%a7%b7fue-la-reina-argentina-ahora-es-la-reina-nacional-del-chorizo-seco\/#primaryimage","url":"https:\/\/elcanillita.info\/press\/images\/2025\/06\/Reinachori.Ediit_.HHH_.png","contentUrl":"https:\/\/elcanillita.info\/press\/images\/2025\/06\/Reinachori.Ediit_.HHH_.png","width":400,"height":267},{"@type":"WebSite","@id":"https:\/\/elcanillita.info\/press\/#website","url":"https:\/\/elcanillita.info\/press\/","name":"ElCanillita.Info","description":"desde los Apeninos a los Andes","publisher":{"@id":"https:\/\/elcanillita.info\/press\/#organization"},"potentialAction":[{"@type":"SearchAction","target":{"@type":"EntryPoint","urlTemplate":"https:\/\/elcanillita.info\/press\/?s={search_term_string}"},"query-input":{"@type":"PropertyValueSpecification","valueRequired":true,"valueName":"search_term_string"}}],"inLanguage":"es-AR"},{"@type":"Organization","@id":"https:\/\/elcanillita.info\/press\/#organization","name":"Guzzo Photos & Graphic Publications","url":"https:\/\/elcanillita.info\/press\/","logo":{"@type":"ImageObject","inLanguage":"es-AR","@id":"https:\/\/elcanillita.info\/press\/#\/schema\/logo\/image\/","url":"https:\/\/elcanillita.info\/press\/images\/2020\/01\/cropped-cropped-cropped-elcanillitainfo.png","contentUrl":"https:\/\/elcanillita.info\/press\/images\/2020\/01\/cropped-cropped-cropped-elcanillitainfo.png","width":460,"height":50,"caption":"Guzzo Photos & Graphic Publications"},"image":{"@id":"https:\/\/elcanillita.info\/press\/#\/schema\/logo\/image\/"},"sameAs":["https:\/\/ar-ar.facebook.com\/ElCanillitainfo-114249515285712\/"]},{"@type":"Person","@id":"https:\/\/elcanillita.info\/press\/#\/schema\/person\/7fcb79f38045700919f7da6d97e71ba0","name":"SalaStampa.eu, world press service","image":{"@type":"ImageObject","inLanguage":"es-AR","@id":"https:\/\/secure.gravatar.com\/avatar\/c2f0e0d515a107624234994507816ca4724c7199cef73fc8bedebf6931d73888?s=96&d=mm&r=g","url":"https:\/\/secure.gravatar.com\/avatar\/c2f0e0d515a107624234994507816ca4724c7199cef73fc8bedebf6931d73888?s=96&d=mm&r=g","contentUrl":"https:\/\/secure.gravatar.com\/avatar\/c2f0e0d515a107624234994507816ca4724c7199cef73fc8bedebf6931d73888?s=96&d=mm&r=g","caption":"SalaStampa.eu, world press service"}}]}},"views":578,"_links":{"self":[{"href":"https:\/\/elcanillita.info\/press\/wp-json\/wp\/v2\/posts\/4916","targetHints":{"allow":["GET"]}}],"collection":[{"href":"https:\/\/elcanillita.info\/press\/wp-json\/wp\/v2\/posts"}],"about":[{"href":"https:\/\/elcanillita.info\/press\/wp-json\/wp\/v2\/types\/post"}],"author":[{"embeddable":true,"href":"https:\/\/elcanillita.info\/press\/wp-json\/wp\/v2\/users\/1"}],"replies":[{"embeddable":true,"href":"https:\/\/elcanillita.info\/press\/wp-json\/wp\/v2\/comments?post=4916"}],"version-history":[{"count":0,"href":"https:\/\/elcanillita.info\/press\/wp-json\/wp\/v2\/posts\/4916\/revisions"}],"wp:featuredmedia":[{"embeddable":true,"href":"https:\/\/elcanillita.info\/press\/wp-json\/wp\/v2\/media\/4918"}],"wp:attachment":[{"href":"https:\/\/elcanillita.info\/press\/wp-json\/wp\/v2\/media?parent=4916"}],"wp:term":[{"taxonomy":"category","embeddable":true,"href":"https:\/\/elcanillita.info\/press\/wp-json\/wp\/v2\/categories?post=4916"},{"taxonomy":"post_tag","embeddable":true,"href":"https:\/\/elcanillita.info\/press\/wp-json\/wp\/v2\/tags?post=4916"}],"curies":[{"name":"wp","href":"https:\/\/api.w.org\/{rel}","templated":true}]}}