{"id":4908,"date":"2025-06-17T19:39:49","date_gmt":"2025-06-17T22:39:49","guid":{"rendered":"https:\/\/elcanillita.info\/press\/?p=4908"},"modified":"2025-06-17T19:39:50","modified_gmt":"2025-06-17T22:39:50","slug":"%f0%9f%93%b0-iran-trump-y-javier-a-la-guerra","status":"publish","type":"post","link":"https:\/\/elcanillita.info\/press\/2025\/06\/17\/%f0%9f%93%b0-iran-trump-y-javier-a-la-guerra\/","title":{"rendered":"\ud83d\udcf0 \u00bfIR\u00c1N, Trump y Javier a la Guerra?"},"content":{"rendered":"<div class=\"wp-block-image\">\n<figure class=\"alignleft size-full is-resized\"><img loading=\"lazy\" decoding=\"async\" width=\"400\" height=\"600\" src=\"https:\/\/elcanillita.info\/press\/images\/2025\/06\/trumpist_400-600.Pub_.png\" alt=\"\" class=\"wp-image-4909\" style=\"width:314px;height:auto\" srcset=\"https:\/\/elcanillita.info\/press\/images\/2025\/06\/trumpist_400-600.Pub_.png 400w, https:\/\/elcanillita.info\/press\/images\/2025\/06\/trumpist_400-600.Pub_-200x300.png 200w\" sizes=\"auto, (max-width: 400px) 100vw, 400px\" \/><\/figure>\n<\/div>\n\n\n<p><strong>ElCanillita.info<\/strong><br>Washington \/ Tel Aviv \u2013 18\/06\/2025<br><br><em>Por Felix Inkstone<\/em><br> El reloj diplom\u00e1tico vuelve a sonar en voz baja, mientras los motores del B-2 Spirit calientan en la penumbra. Seg\u00fan informa el New York Times, el presidente Donald Trump, en funciones tras el relanzamiento republicano, considera una de las decisiones m\u00e1s delicadas desde la reapertura del conflicto entre Israel e Ir\u00e1n: autorizar un ataque directo contra la planta de enriquecimiento nuclear de Fordo, emplazada a tal profundidad que solo los llamados \u201cb\u00fanker revientab\u00fankeres\u201d norteamericanos podr\u00edan alcanzarla.<br><br>La instalaci\u00f3n, s\u00edmbolo del programa nuclear iran\u00ed y emblema de su persistencia, est\u00e1 dise\u00f1ada para resistir. Pero tambi\u00e9n lo est\u00e1n los c\u00e1lculos geopol\u00edticos, que exigen equilibrio quir\u00fargico m\u00e1s que fuegos de artificio.<\/p>\n\n\n\n<p>En paralelo a esta disyuntiva estrat\u00e9gica, Trump ha encomendado al vicepresidente J.D. Vance y al enviado especial para Oriente Medio, Steve Witkoff, ofrecer un canal de di\u00e1logo con Teher\u00e1n esta misma semana. Funcionarios cercanos creen que la propuesta podr\u00eda ser aceptada. En caso afirmativo, la delegaci\u00f3n iran\u00ed estar\u00eda encabezada por el ministro de Asuntos Exteriores, Abbas Araghchi, uno de los rostros m\u00e1s curtidos del ajedrez nuclear.<\/p>\n\n\n\n<p>Desde Buenos Aires, el presidente argentino Javier Milei \u2014a quien algunos analistas califican como \u201cel int\u00e9rprete sudamericano de la Realpolitik Trumpiana\u201d\u2014 ha evitado por ahora pronunciamientos directos. Sin embargo, en la \u00faltima reuni\u00f3n del Consejo de Seguridad, su representaci\u00f3n vot\u00f3 en bloque con Estados Unidos e Israel, subrayando que \u201cla defensa de Occidente no tiene d\u00edas libres\u201d.<br><br>\ud83d\udccc Dato en foco:<br>La planta de Fordo fue reactivada por Ir\u00e1n tras la salida de EE.UU. del acuerdo nuclear en 2018. Su destrucci\u00f3n, seg\u00fan expertos, marcar\u00eda un punto de no retorno.<\/p>\n\n\n\n<p>Una guerra no siempre empieza cuando caen las bombas; a veces lo hace cuando se cae la diplomacia de la mesa. Aunque en este caso, hay quienes insisten en que todav\u00eda quedan sillas por colocar.<br><br><small>\u00a92025 Felix Inkstone \u2013 All Rights Reserved &#8211; Copyright \u00a9 2025 ElCanillita.info \/ BlogDiario.info \/SalaStampa.eu, world press service &#8211; Guzzo Photos &amp; Graphic Publications \u2013 Registro Editori e Stampatori n. 1441 Turin, Italy<\/small><\/p>\n\n\n\n<p><\/p>\n","protected":false},"excerpt":{"rendered":"<p>\ud83d\udccc Dato en foco:<\/p>\n<p>La planta de Fordo fue reactivada por Ir\u00e1n tras la salida de EE.UU. del acuerdo nuclear en 2018. Su destrucci\u00f3n, seg\u00fan expertos, marcar\u00eda un punto de no retorno.<\/p>\n","protected":false},"author":1,"featured_media":4910,"comment_status":"closed","ping_status":"closed","sticky":false,"template":"","format":"standard","meta":{"footnotes":"","_links_to":"","_links_to_target":""},"categories":[121,108,70,9,123,126,119,15,23],"tags":[34,111,67],"class_list":["post-4908","post","type-post","status-publish","format-standard","has-post-thumbnail","hentry","category-dc24","category-blogdiario","category-actualidad","category-america-del-norte","category-argentina","category-dolores-de-la-press","category-guerra","category-medio-oriente","category-politica","tag-estados-unidos","tag-iran-2","tag-israel","entry","double"],"yoast_head":"<!-- This site is optimized with the Yoast SEO plugin v27.4 - https:\/\/yoast.com\/product\/yoast-seo-wordpress\/ -->\n<title>\ud83d\udcf0 \u00bfIR\u00c1N, Trump y Javier a la Guerra? - ElCanillita.Info<\/title>\n<meta name=\"robots\" content=\"index, follow, max-snippet:-1, max-image-preview:large, max-video-preview:-1\" \/>\n<link rel=\"canonical\" href=\"https:\/\/elcanillita.info\/press\/2025\/06\/17\/\ud83d\udcf0-iran-trump-y-javier-a-la-guerra\/\" \/>\n<meta property=\"og:locale\" content=\"es_ES\" \/>\n<meta property=\"og:type\" content=\"article\" \/>\n<meta property=\"og:title\" content=\"\ud83d\udcf0 \u00bfIR\u00c1N, Trump y Javier a la Guerra? - ElCanillita.Info\" \/>\n<meta property=\"og:description\" content=\"\ud83d\udccc Dato en foco: La planta de Fordo fue reactivada por Ir\u00e1n tras la salida de EE.UU. del acuerdo nuclear en 2018. Su destrucci\u00f3n, seg\u00fan expertos, marcar\u00eda un punto de no retorno.\" \/>\n<meta property=\"og:url\" content=\"https:\/\/elcanillita.info\/press\/2025\/06\/17\/\ud83d\udcf0-iran-trump-y-javier-a-la-guerra\/\" \/>\n<meta property=\"og:site_name\" content=\"ElCanillita.Info\" \/>\n<meta property=\"article:publisher\" content=\"https:\/\/ar-ar.facebook.com\/ElCanillitainfo-114249515285712\/\" \/>\n<meta property=\"article:published_time\" content=\"2025-06-17T22:39:49+00:00\" \/>\n<meta property=\"article:modified_time\" content=\"2025-06-17T22:39:50+00:00\" \/>\n<meta property=\"og:image\" content=\"https:\/\/elcanillita.info\/press\/images\/2025\/06\/cov_600_400.tp_.png\" \/>\n\t<meta property=\"og:image:width\" content=\"600\" \/>\n\t<meta property=\"og:image:height\" content=\"400\" \/>\n\t<meta property=\"og:image:type\" content=\"image\/png\" \/>\n<meta name=\"author\" content=\"SalaStampa.eu, world press service\" \/>\n<meta name=\"twitter:card\" content=\"summary_large_image\" \/>\n<meta name=\"twitter:label1\" content=\"Escrito por\" \/>\n\t<meta name=\"twitter:data1\" content=\"SalaStampa.eu, world press service\" \/>\n\t<meta name=\"twitter:label2\" content=\"Tiempo de lectura\" \/>\n\t<meta name=\"twitter:data2\" content=\"2 minutos\" \/>\n<script type=\"application\/ld+json\" class=\"yoast-schema-graph\">{\"@context\":\"https:\\\/\\\/schema.org\",\"@graph\":[{\"@type\":\"Article\",\"@id\":\"https:\\\/\\\/elcanillita.info\\\/press\\\/2025\\\/06\\\/17\\\/%f0%9f%93%b0-iran-trump-y-javier-a-la-guerra\\\/#article\",\"isPartOf\":{\"@id\":\"https:\\\/\\\/elcanillita.info\\\/press\\\/2025\\\/06\\\/17\\\/%f0%9f%93%b0-iran-trump-y-javier-a-la-guerra\\\/\"},\"author\":{\"name\":\"SalaStampa.eu, world press service\",\"@id\":\"https:\\\/\\\/elcanillita.info\\\/press\\\/#\\\/schema\\\/person\\\/7fcb79f38045700919f7da6d97e71ba0\"},\"headline\":\"\ud83d\udcf0 \u00bfIR\u00c1N, Trump y Javier a la Guerra?\",\"datePublished\":\"2025-06-17T22:39:49+00:00\",\"dateModified\":\"2025-06-17T22:39:50+00:00\",\"mainEntityOfPage\":{\"@id\":\"https:\\\/\\\/elcanillita.info\\\/press\\\/2025\\\/06\\\/17\\\/%f0%9f%93%b0-iran-trump-y-javier-a-la-guerra\\\/\"},\"wordCount\":375,\"publisher\":{\"@id\":\"https:\\\/\\\/elcanillita.info\\\/press\\\/#organization\"},\"image\":{\"@id\":\"https:\\\/\\\/elcanillita.info\\\/press\\\/2025\\\/06\\\/17\\\/%f0%9f%93%b0-iran-trump-y-javier-a-la-guerra\\\/#primaryimage\"},\"thumbnailUrl\":\"https:\\\/\\\/elcanillita.info\\\/press\\\/images\\\/2025\\\/06\\\/cov_600_400.tp_.png\",\"keywords\":[\"Estados Unidos\",\"Iran\",\"Israel\"],\"articleSection\":[\".\",\".\",\"Actualidad\",\"Am\u00e9rica del Norte\",\"Argentina\",\"Dolores de La Press\",\"Guerra\",\"Medio Oriente\",\"Politica\"],\"inLanguage\":\"es-AR\"},{\"@type\":\"WebPage\",\"@id\":\"https:\\\/\\\/elcanillita.info\\\/press\\\/2025\\\/06\\\/17\\\/%f0%9f%93%b0-iran-trump-y-javier-a-la-guerra\\\/\",\"url\":\"https:\\\/\\\/elcanillita.info\\\/press\\\/2025\\\/06\\\/17\\\/%f0%9f%93%b0-iran-trump-y-javier-a-la-guerra\\\/\",\"name\":\"\ud83d\udcf0 \u00bfIR\u00c1N, Trump y Javier a la Guerra? - ElCanillita.Info\",\"isPartOf\":{\"@id\":\"https:\\\/\\\/elcanillita.info\\\/press\\\/#website\"},\"primaryImageOfPage\":{\"@id\":\"https:\\\/\\\/elcanillita.info\\\/press\\\/2025\\\/06\\\/17\\\/%f0%9f%93%b0-iran-trump-y-javier-a-la-guerra\\\/#primaryimage\"},\"image\":{\"@id\":\"https:\\\/\\\/elcanillita.info\\\/press\\\/2025\\\/06\\\/17\\\/%f0%9f%93%b0-iran-trump-y-javier-a-la-guerra\\\/#primaryimage\"},\"thumbnailUrl\":\"https:\\\/\\\/elcanillita.info\\\/press\\\/images\\\/2025\\\/06\\\/cov_600_400.tp_.png\",\"datePublished\":\"2025-06-17T22:39:49+00:00\",\"dateModified\":\"2025-06-17T22:39:50+00:00\",\"inLanguage\":\"es-AR\",\"potentialAction\":[{\"@type\":\"ReadAction\",\"target\":[\"https:\\\/\\\/elcanillita.info\\\/press\\\/2025\\\/06\\\/17\\\/%f0%9f%93%b0-iran-trump-y-javier-a-la-guerra\\\/\"]}]},{\"@type\":\"ImageObject\",\"inLanguage\":\"es-AR\",\"@id\":\"https:\\\/\\\/elcanillita.info\\\/press\\\/2025\\\/06\\\/17\\\/%f0%9f%93%b0-iran-trump-y-javier-a-la-guerra\\\/#primaryimage\",\"url\":\"https:\\\/\\\/elcanillita.info\\\/press\\\/images\\\/2025\\\/06\\\/cov_600_400.tp_.png\",\"contentUrl\":\"https:\\\/\\\/elcanillita.info\\\/press\\\/images\\\/2025\\\/06\\\/cov_600_400.tp_.png\",\"width\":600,\"height\":400},{\"@type\":\"WebSite\",\"@id\":\"https:\\\/\\\/elcanillita.info\\\/press\\\/#website\",\"url\":\"https:\\\/\\\/elcanillita.info\\\/press\\\/\",\"name\":\"ElCanillita.Info\",\"description\":\"desde los Apeninos a los Andes\",\"publisher\":{\"@id\":\"https:\\\/\\\/elcanillita.info\\\/press\\\/#organization\"},\"potentialAction\":[{\"@type\":\"SearchAction\",\"target\":{\"@type\":\"EntryPoint\",\"urlTemplate\":\"https:\\\/\\\/elcanillita.info\\\/press\\\/?s={search_term_string}\"},\"query-input\":{\"@type\":\"PropertyValueSpecification\",\"valueRequired\":true,\"valueName\":\"search_term_string\"}}],\"inLanguage\":\"es-AR\"},{\"@type\":\"Organization\",\"@id\":\"https:\\\/\\\/elcanillita.info\\\/press\\\/#organization\",\"name\":\"Guzzo Photos & Graphic Publications\",\"url\":\"https:\\\/\\\/elcanillita.info\\\/press\\\/\",\"logo\":{\"@type\":\"ImageObject\",\"inLanguage\":\"es-AR\",\"@id\":\"https:\\\/\\\/elcanillita.info\\\/press\\\/#\\\/schema\\\/logo\\\/image\\\/\",\"url\":\"https:\\\/\\\/elcanillita.info\\\/press\\\/images\\\/2020\\\/01\\\/cropped-cropped-cropped-elcanillitainfo.png\",\"contentUrl\":\"https:\\\/\\\/elcanillita.info\\\/press\\\/images\\\/2020\\\/01\\\/cropped-cropped-cropped-elcanillitainfo.png\",\"width\":460,\"height\":50,\"caption\":\"Guzzo Photos & Graphic Publications\"},\"image\":{\"@id\":\"https:\\\/\\\/elcanillita.info\\\/press\\\/#\\\/schema\\\/logo\\\/image\\\/\"},\"sameAs\":[\"https:\\\/\\\/ar-ar.facebook.com\\\/ElCanillitainfo-114249515285712\\\/\"]},{\"@type\":\"Person\",\"@id\":\"https:\\\/\\\/elcanillita.info\\\/press\\\/#\\\/schema\\\/person\\\/7fcb79f38045700919f7da6d97e71ba0\",\"name\":\"SalaStampa.eu, world press service\",\"image\":{\"@type\":\"ImageObject\",\"inLanguage\":\"es-AR\",\"@id\":\"https:\\\/\\\/secure.gravatar.com\\\/avatar\\\/c2f0e0d515a107624234994507816ca4724c7199cef73fc8bedebf6931d73888?s=96&d=mm&r=g\",\"url\":\"https:\\\/\\\/secure.gravatar.com\\\/avatar\\\/c2f0e0d515a107624234994507816ca4724c7199cef73fc8bedebf6931d73888?s=96&d=mm&r=g\",\"contentUrl\":\"https:\\\/\\\/secure.gravatar.com\\\/avatar\\\/c2f0e0d515a107624234994507816ca4724c7199cef73fc8bedebf6931d73888?s=96&d=mm&r=g\",\"caption\":\"SalaStampa.eu, world press service\"}}]}<\/script>\n<!-- \/ Yoast SEO plugin. -->","yoast_head_json":{"title":"\ud83d\udcf0 \u00bfIR\u00c1N, Trump y Javier a la Guerra? - ElCanillita.Info","robots":{"index":"index","follow":"follow","max-snippet":"max-snippet:-1","max-image-preview":"max-image-preview:large","max-video-preview":"max-video-preview:-1"},"canonical":"https:\/\/elcanillita.info\/press\/2025\/06\/17\/\ud83d\udcf0-iran-trump-y-javier-a-la-guerra\/","og_locale":"es_ES","og_type":"article","og_title":"\ud83d\udcf0 \u00bfIR\u00c1N, Trump y Javier a la Guerra? - ElCanillita.Info","og_description":"\ud83d\udccc Dato en foco: La planta de Fordo fue reactivada por Ir\u00e1n tras la salida de EE.UU. del acuerdo nuclear en 2018. Su destrucci\u00f3n, seg\u00fan expertos, marcar\u00eda un punto de no retorno.","og_url":"https:\/\/elcanillita.info\/press\/2025\/06\/17\/\ud83d\udcf0-iran-trump-y-javier-a-la-guerra\/","og_site_name":"ElCanillita.Info","article_publisher":"https:\/\/ar-ar.facebook.com\/ElCanillitainfo-114249515285712\/","article_published_time":"2025-06-17T22:39:49+00:00","article_modified_time":"2025-06-17T22:39:50+00:00","og_image":[{"width":600,"height":400,"url":"https:\/\/elcanillita.info\/press\/images\/2025\/06\/cov_600_400.tp_.png","type":"image\/png"}],"author":"SalaStampa.eu, world press service","twitter_card":"summary_large_image","twitter_misc":{"Escrito por":"SalaStampa.eu, world press service","Tiempo de lectura":"2 minutos"},"schema":{"@context":"https:\/\/schema.org","@graph":[{"@type":"Article","@id":"https:\/\/elcanillita.info\/press\/2025\/06\/17\/%f0%9f%93%b0-iran-trump-y-javier-a-la-guerra\/#article","isPartOf":{"@id":"https:\/\/elcanillita.info\/press\/2025\/06\/17\/%f0%9f%93%b0-iran-trump-y-javier-a-la-guerra\/"},"author":{"name":"SalaStampa.eu, world press service","@id":"https:\/\/elcanillita.info\/press\/#\/schema\/person\/7fcb79f38045700919f7da6d97e71ba0"},"headline":"\ud83d\udcf0 \u00bfIR\u00c1N, Trump y Javier a la Guerra?","datePublished":"2025-06-17T22:39:49+00:00","dateModified":"2025-06-17T22:39:50+00:00","mainEntityOfPage":{"@id":"https:\/\/elcanillita.info\/press\/2025\/06\/17\/%f0%9f%93%b0-iran-trump-y-javier-a-la-guerra\/"},"wordCount":375,"publisher":{"@id":"https:\/\/elcanillita.info\/press\/#organization"},"image":{"@id":"https:\/\/elcanillita.info\/press\/2025\/06\/17\/%f0%9f%93%b0-iran-trump-y-javier-a-la-guerra\/#primaryimage"},"thumbnailUrl":"https:\/\/elcanillita.info\/press\/images\/2025\/06\/cov_600_400.tp_.png","keywords":["Estados Unidos","Iran","Israel"],"articleSection":[".",".","Actualidad","Am\u00e9rica del Norte","Argentina","Dolores de La Press","Guerra","Medio Oriente","Politica"],"inLanguage":"es-AR"},{"@type":"WebPage","@id":"https:\/\/elcanillita.info\/press\/2025\/06\/17\/%f0%9f%93%b0-iran-trump-y-javier-a-la-guerra\/","url":"https:\/\/elcanillita.info\/press\/2025\/06\/17\/%f0%9f%93%b0-iran-trump-y-javier-a-la-guerra\/","name":"\ud83d\udcf0 \u00bfIR\u00c1N, Trump y Javier a la Guerra? - ElCanillita.Info","isPartOf":{"@id":"https:\/\/elcanillita.info\/press\/#website"},"primaryImageOfPage":{"@id":"https:\/\/elcanillita.info\/press\/2025\/06\/17\/%f0%9f%93%b0-iran-trump-y-javier-a-la-guerra\/#primaryimage"},"image":{"@id":"https:\/\/elcanillita.info\/press\/2025\/06\/17\/%f0%9f%93%b0-iran-trump-y-javier-a-la-guerra\/#primaryimage"},"thumbnailUrl":"https:\/\/elcanillita.info\/press\/images\/2025\/06\/cov_600_400.tp_.png","datePublished":"2025-06-17T22:39:49+00:00","dateModified":"2025-06-17T22:39:50+00:00","inLanguage":"es-AR","potentialAction":[{"@type":"ReadAction","target":["https:\/\/elcanillita.info\/press\/2025\/06\/17\/%f0%9f%93%b0-iran-trump-y-javier-a-la-guerra\/"]}]},{"@type":"ImageObject","inLanguage":"es-AR","@id":"https:\/\/elcanillita.info\/press\/2025\/06\/17\/%f0%9f%93%b0-iran-trump-y-javier-a-la-guerra\/#primaryimage","url":"https:\/\/elcanillita.info\/press\/images\/2025\/06\/cov_600_400.tp_.png","contentUrl":"https:\/\/elcanillita.info\/press\/images\/2025\/06\/cov_600_400.tp_.png","width":600,"height":400},{"@type":"WebSite","@id":"https:\/\/elcanillita.info\/press\/#website","url":"https:\/\/elcanillita.info\/press\/","name":"ElCanillita.Info","description":"desde los Apeninos a los Andes","publisher":{"@id":"https:\/\/elcanillita.info\/press\/#organization"},"potentialAction":[{"@type":"SearchAction","target":{"@type":"EntryPoint","urlTemplate":"https:\/\/elcanillita.info\/press\/?s={search_term_string}"},"query-input":{"@type":"PropertyValueSpecification","valueRequired":true,"valueName":"search_term_string"}}],"inLanguage":"es-AR"},{"@type":"Organization","@id":"https:\/\/elcanillita.info\/press\/#organization","name":"Guzzo Photos & Graphic Publications","url":"https:\/\/elcanillita.info\/press\/","logo":{"@type":"ImageObject","inLanguage":"es-AR","@id":"https:\/\/elcanillita.info\/press\/#\/schema\/logo\/image\/","url":"https:\/\/elcanillita.info\/press\/images\/2020\/01\/cropped-cropped-cropped-elcanillitainfo.png","contentUrl":"https:\/\/elcanillita.info\/press\/images\/2020\/01\/cropped-cropped-cropped-elcanillitainfo.png","width":460,"height":50,"caption":"Guzzo Photos & Graphic Publications"},"image":{"@id":"https:\/\/elcanillita.info\/press\/#\/schema\/logo\/image\/"},"sameAs":["https:\/\/ar-ar.facebook.com\/ElCanillitainfo-114249515285712\/"]},{"@type":"Person","@id":"https:\/\/elcanillita.info\/press\/#\/schema\/person\/7fcb79f38045700919f7da6d97e71ba0","name":"SalaStampa.eu, world press service","image":{"@type":"ImageObject","inLanguage":"es-AR","@id":"https:\/\/secure.gravatar.com\/avatar\/c2f0e0d515a107624234994507816ca4724c7199cef73fc8bedebf6931d73888?s=96&d=mm&r=g","url":"https:\/\/secure.gravatar.com\/avatar\/c2f0e0d515a107624234994507816ca4724c7199cef73fc8bedebf6931d73888?s=96&d=mm&r=g","contentUrl":"https:\/\/secure.gravatar.com\/avatar\/c2f0e0d515a107624234994507816ca4724c7199cef73fc8bedebf6931d73888?s=96&d=mm&r=g","caption":"SalaStampa.eu, world press service"}}]}},"views":781,"_links":{"self":[{"href":"https:\/\/elcanillita.info\/press\/wp-json\/wp\/v2\/posts\/4908","targetHints":{"allow":["GET"]}}],"collection":[{"href":"https:\/\/elcanillita.info\/press\/wp-json\/wp\/v2\/posts"}],"about":[{"href":"https:\/\/elcanillita.info\/press\/wp-json\/wp\/v2\/types\/post"}],"author":[{"embeddable":true,"href":"https:\/\/elcanillita.info\/press\/wp-json\/wp\/v2\/users\/1"}],"replies":[{"embeddable":true,"href":"https:\/\/elcanillita.info\/press\/wp-json\/wp\/v2\/comments?post=4908"}],"version-history":[{"count":0,"href":"https:\/\/elcanillita.info\/press\/wp-json\/wp\/v2\/posts\/4908\/revisions"}],"wp:featuredmedia":[{"embeddable":true,"href":"https:\/\/elcanillita.info\/press\/wp-json\/wp\/v2\/media\/4910"}],"wp:attachment":[{"href":"https:\/\/elcanillita.info\/press\/wp-json\/wp\/v2\/media?parent=4908"}],"wp:term":[{"taxonomy":"category","embeddable":true,"href":"https:\/\/elcanillita.info\/press\/wp-json\/wp\/v2\/categories?post=4908"},{"taxonomy":"post_tag","embeddable":true,"href":"https:\/\/elcanillita.info\/press\/wp-json\/wp\/v2\/tags?post=4908"}],"curies":[{"name":"wp","href":"https:\/\/api.w.org\/{rel}","templated":true}]}}