{"id":4905,"date":"2025-06-17T12:48:16","date_gmt":"2025-06-17T15:48:16","guid":{"rendered":"https:\/\/elcanillita.info\/press\/?p=4905"},"modified":"2025-06-17T17:53:07","modified_gmt":"2025-06-17T20:53:07","slug":"muertes-que-interrogan-cuando-la-casualidad-se-repite-la-justicia-calla","status":"publish","type":"post","link":"https:\/\/elcanillita.info\/press\/2025\/06\/17\/muertes-que-interrogan-cuando-la-casualidad-se-repite-la-justicia-calla\/","title":{"rendered":"Muertes que interrogan: cuando la casualidad se repite, la Justicia calla"},"content":{"rendered":"\n<figure class=\"wp-block-image size-full\"><img loading=\"lazy\" decoding=\"async\" width=\"600\" height=\"400\" src=\"https:\/\/elcanillita.info\/press\/images\/2025\/06\/dead_20250617.page_.png\" alt=\"\" class=\"wp-image-4906\" srcset=\"https:\/\/elcanillita.info\/press\/images\/2025\/06\/dead_20250617.page_.png 600w, https:\/\/elcanillita.info\/press\/images\/2025\/06\/dead_20250617.page_-300x200.png 300w\" sizes=\"auto, (max-width: 600px) 100vw, 600px\" \/><\/figure>\n\n\n\n<p><strong>ElCanillita.info<\/strong><br>Argentina, 17\/06\/2025<br><br>La historia argentina reciente arrastra una secuencia de muertes que a\u00fan hoy despiertan preguntas. Algunas de ellas vinculadas a denuncias de corrupci\u00f3n, lavado de dinero, inteligencia paralela o tramas de poder. Las investigaciones, en muchos casos, se diluyeron o se archivaron sin lograr establecer verdades judiciales firmes.<br><br>Nombres como el del fiscal Alberto Nisman, el financista Aldo Ducler, o la modelo y periodista Jazm\u00edn de Grazia, aparecen en la memoria colectiva como s\u00edmbolos de causas inconclusas. En todos los casos, se trataba de personas con informaci\u00f3n potencialmente sensible. Y en todos, la muerte lleg\u00f3 antes que la respuesta.<\/p>\n\n\n\n<p><strong>A\u00f1o &#8211; Nombre &#8211; Contexto &#8211; Estado de la causa<\/strong><\/p>\n\n\n\n<ul class=\"wp-block-list\">\n<li>2012 Jazm\u00edn de Grazia Denuncias medi\u00e1ticas y hallazgo sospechoso. <strong>Cerrada<\/strong> como sobredosis, pero con peritajes pol\u00e9micos<\/li>\n<\/ul>\n\n\n\n<ul class=\"wp-block-list\">\n<li>2015 Alberto Nisman Fiscal AMIA, denuncia contra CFK. <strong>Causa Abierta<\/strong>, calificada como homicidio<\/li>\n<\/ul>\n\n\n\n<ul class=\"wp-block-list\">\n<li>2017 Aldo Ducler Financista vinculado al lavado y fondos de Santa Cruz Muri\u00f3 camino a la Casa Rosada,<strong> Causa sin esclarecer<\/strong><\/li>\n<\/ul>\n\n\n\n<ul class=\"wp-block-list\">\n<li>2018 Claudio Guti\u00e9rrez Colaborador con v\u00ednculos con el kirchnerismo.<strong> Causa archivada<\/strong><\/li>\n<\/ul>\n\n\n\n<ul class=\"wp-block-list\">\n<li>2020 Fabi\u00e1n Guti\u00e9rrez Ex secretario de CFK, testigo protegido Hallado muerto, causa judicial abierta con giros<\/li>\n<\/ul>\n\n\n\n<p><small>\u00a92025 Mr. Boots on the Ground &#8211; All Rights Reserved \u2013 Copyright \u00a9 2025 ElCanillita.info \/ BlogDiario.info \/SalaStampa.eu, world press service \u2013 Guzzo Photos &amp; Graphic Publications \u2013 Registro Editori e Stampatori n. 1441 Turin, Italy<\/small><\/p>\n","protected":false},"excerpt":{"rendered":"<p>Un fiscal que acusa al poder. Un disparo en la cabeza. Una denuncia que nunca lleg\u00f3. \u00bfCasualidad? En la Argentina, las casualidades suelen tener p\u00f3lvora, micr\u00f3fonos pinchados y expedientes que se traspapelan.&#8221;<\/p>\n","protected":false},"author":1,"featured_media":4906,"comment_status":"closed","ping_status":"closed","sticky":false,"template":"","format":"standard","meta":{"footnotes":"","_links_to":"","_links_to_target":""},"categories":[108,121,70,123,118,126,22,23,25],"tags":[29],"class_list":["post-4905","post","type-post","status-publish","format-standard","has-post-thumbnail","hentry","category-blogdiario","category-dc24","category-actualidad","category-argentina","category-corrupcion","category-dolores-de-la-press","category-justicia","category-politica","category-sociedad","tag-argentina","entry","double"],"yoast_head":"<!-- This site is optimized with the Yoast SEO plugin v27.4 - https:\/\/yoast.com\/product\/yoast-seo-wordpress\/ -->\n<title>Muertes que interrogan: cuando la casualidad se repite, la Justicia calla - ElCanillita.Info<\/title>\n<meta name=\"robots\" content=\"index, follow, max-snippet:-1, max-image-preview:large, max-video-preview:-1\" \/>\n<link rel=\"canonical\" href=\"https:\/\/elcanillita.info\/press\/2025\/06\/17\/muertes-que-interrogan-cuando-la-casualidad-se-repite-la-justicia-calla\/\" \/>\n<meta property=\"og:locale\" content=\"es_ES\" \/>\n<meta property=\"og:type\" content=\"article\" \/>\n<meta property=\"og:title\" content=\"Muertes que interrogan: cuando la casualidad se repite, la Justicia calla - ElCanillita.Info\" \/>\n<meta property=\"og:description\" content=\"Un fiscal que acusa al poder. Un disparo en la cabeza. Una denuncia que nunca lleg\u00f3. \u00bfCasualidad? En la Argentina, las casualidades suelen tener p\u00f3lvora, micr\u00f3fonos pinchados y expedientes que se traspapelan.&quot;\" \/>\n<meta property=\"og:url\" content=\"https:\/\/elcanillita.info\/press\/2025\/06\/17\/muertes-que-interrogan-cuando-la-casualidad-se-repite-la-justicia-calla\/\" \/>\n<meta property=\"og:site_name\" content=\"ElCanillita.Info\" \/>\n<meta property=\"article:publisher\" content=\"https:\/\/ar-ar.facebook.com\/ElCanillitainfo-114249515285712\/\" \/>\n<meta property=\"article:published_time\" content=\"2025-06-17T15:48:16+00:00\" \/>\n<meta property=\"article:modified_time\" content=\"2025-06-17T20:53:07+00:00\" \/>\n<meta property=\"og:image\" content=\"https:\/\/elcanillita.info\/press\/images\/2025\/06\/dead_20250617.page_.png\" \/>\n\t<meta property=\"og:image:width\" content=\"600\" \/>\n\t<meta property=\"og:image:height\" content=\"400\" \/>\n\t<meta property=\"og:image:type\" content=\"image\/png\" \/>\n<meta name=\"author\" content=\"SalaStampa.eu, world press service\" \/>\n<meta name=\"twitter:card\" content=\"summary_large_image\" \/>\n<meta name=\"twitter:label1\" content=\"Escrito por\" \/>\n\t<meta name=\"twitter:data1\" content=\"SalaStampa.eu, world press service\" \/>\n\t<meta name=\"twitter:label2\" content=\"Tiempo de lectura\" \/>\n\t<meta name=\"twitter:data2\" content=\"2 minutos\" \/>\n<script type=\"application\/ld+json\" class=\"yoast-schema-graph\">{\"@context\":\"https:\\\/\\\/schema.org\",\"@graph\":[{\"@type\":\"Article\",\"@id\":\"https:\\\/\\\/elcanillita.info\\\/press\\\/2025\\\/06\\\/17\\\/muertes-que-interrogan-cuando-la-casualidad-se-repite-la-justicia-calla\\\/#article\",\"isPartOf\":{\"@id\":\"https:\\\/\\\/elcanillita.info\\\/press\\\/2025\\\/06\\\/17\\\/muertes-que-interrogan-cuando-la-casualidad-se-repite-la-justicia-calla\\\/\"},\"author\":{\"name\":\"SalaStampa.eu, world press service\",\"@id\":\"https:\\\/\\\/elcanillita.info\\\/press\\\/#\\\/schema\\\/person\\\/7fcb79f38045700919f7da6d97e71ba0\"},\"headline\":\"Muertes que interrogan: cuando la casualidad se repite, la Justicia calla\",\"datePublished\":\"2025-06-17T15:48:16+00:00\",\"dateModified\":\"2025-06-17T20:53:07+00:00\",\"mainEntityOfPage\":{\"@id\":\"https:\\\/\\\/elcanillita.info\\\/press\\\/2025\\\/06\\\/17\\\/muertes-que-interrogan-cuando-la-casualidad-se-repite-la-justicia-calla\\\/\"},\"wordCount\":238,\"publisher\":{\"@id\":\"https:\\\/\\\/elcanillita.info\\\/press\\\/#organization\"},\"image\":{\"@id\":\"https:\\\/\\\/elcanillita.info\\\/press\\\/2025\\\/06\\\/17\\\/muertes-que-interrogan-cuando-la-casualidad-se-repite-la-justicia-calla\\\/#primaryimage\"},\"thumbnailUrl\":\"https:\\\/\\\/elcanillita.info\\\/press\\\/images\\\/2025\\\/06\\\/dead_20250617.page_.png\",\"keywords\":[\"Argentina\"],\"articleSection\":[\".\",\".\",\"Actualidad\",\"Argentina\",\"Corrupci\u00f3n\",\"Dolores de La Press\",\"Justicia\",\"Politica\",\"Sociedad\"],\"inLanguage\":\"es-AR\"},{\"@type\":\"WebPage\",\"@id\":\"https:\\\/\\\/elcanillita.info\\\/press\\\/2025\\\/06\\\/17\\\/muertes-que-interrogan-cuando-la-casualidad-se-repite-la-justicia-calla\\\/\",\"url\":\"https:\\\/\\\/elcanillita.info\\\/press\\\/2025\\\/06\\\/17\\\/muertes-que-interrogan-cuando-la-casualidad-se-repite-la-justicia-calla\\\/\",\"name\":\"Muertes que interrogan: cuando la casualidad se repite, la Justicia calla - ElCanillita.Info\",\"isPartOf\":{\"@id\":\"https:\\\/\\\/elcanillita.info\\\/press\\\/#website\"},\"primaryImageOfPage\":{\"@id\":\"https:\\\/\\\/elcanillita.info\\\/press\\\/2025\\\/06\\\/17\\\/muertes-que-interrogan-cuando-la-casualidad-se-repite-la-justicia-calla\\\/#primaryimage\"},\"image\":{\"@id\":\"https:\\\/\\\/elcanillita.info\\\/press\\\/2025\\\/06\\\/17\\\/muertes-que-interrogan-cuando-la-casualidad-se-repite-la-justicia-calla\\\/#primaryimage\"},\"thumbnailUrl\":\"https:\\\/\\\/elcanillita.info\\\/press\\\/images\\\/2025\\\/06\\\/dead_20250617.page_.png\",\"datePublished\":\"2025-06-17T15:48:16+00:00\",\"dateModified\":\"2025-06-17T20:53:07+00:00\",\"inLanguage\":\"es-AR\",\"potentialAction\":[{\"@type\":\"ReadAction\",\"target\":[\"https:\\\/\\\/elcanillita.info\\\/press\\\/2025\\\/06\\\/17\\\/muertes-que-interrogan-cuando-la-casualidad-se-repite-la-justicia-calla\\\/\"]}]},{\"@type\":\"ImageObject\",\"inLanguage\":\"es-AR\",\"@id\":\"https:\\\/\\\/elcanillita.info\\\/press\\\/2025\\\/06\\\/17\\\/muertes-que-interrogan-cuando-la-casualidad-se-repite-la-justicia-calla\\\/#primaryimage\",\"url\":\"https:\\\/\\\/elcanillita.info\\\/press\\\/images\\\/2025\\\/06\\\/dead_20250617.page_.png\",\"contentUrl\":\"https:\\\/\\\/elcanillita.info\\\/press\\\/images\\\/2025\\\/06\\\/dead_20250617.page_.png\",\"width\":600,\"height\":400},{\"@type\":\"WebSite\",\"@id\":\"https:\\\/\\\/elcanillita.info\\\/press\\\/#website\",\"url\":\"https:\\\/\\\/elcanillita.info\\\/press\\\/\",\"name\":\"ElCanillita.Info\",\"description\":\"desde los Apeninos a los Andes\",\"publisher\":{\"@id\":\"https:\\\/\\\/elcanillita.info\\\/press\\\/#organization\"},\"potentialAction\":[{\"@type\":\"SearchAction\",\"target\":{\"@type\":\"EntryPoint\",\"urlTemplate\":\"https:\\\/\\\/elcanillita.info\\\/press\\\/?s={search_term_string}\"},\"query-input\":{\"@type\":\"PropertyValueSpecification\",\"valueRequired\":true,\"valueName\":\"search_term_string\"}}],\"inLanguage\":\"es-AR\"},{\"@type\":\"Organization\",\"@id\":\"https:\\\/\\\/elcanillita.info\\\/press\\\/#organization\",\"name\":\"Guzzo Photos & Graphic Publications\",\"url\":\"https:\\\/\\\/elcanillita.info\\\/press\\\/\",\"logo\":{\"@type\":\"ImageObject\",\"inLanguage\":\"es-AR\",\"@id\":\"https:\\\/\\\/elcanillita.info\\\/press\\\/#\\\/schema\\\/logo\\\/image\\\/\",\"url\":\"https:\\\/\\\/elcanillita.info\\\/press\\\/images\\\/2020\\\/01\\\/cropped-cropped-cropped-elcanillitainfo.png\",\"contentUrl\":\"https:\\\/\\\/elcanillita.info\\\/press\\\/images\\\/2020\\\/01\\\/cropped-cropped-cropped-elcanillitainfo.png\",\"width\":460,\"height\":50,\"caption\":\"Guzzo Photos & Graphic Publications\"},\"image\":{\"@id\":\"https:\\\/\\\/elcanillita.info\\\/press\\\/#\\\/schema\\\/logo\\\/image\\\/\"},\"sameAs\":[\"https:\\\/\\\/ar-ar.facebook.com\\\/ElCanillitainfo-114249515285712\\\/\"]},{\"@type\":\"Person\",\"@id\":\"https:\\\/\\\/elcanillita.info\\\/press\\\/#\\\/schema\\\/person\\\/7fcb79f38045700919f7da6d97e71ba0\",\"name\":\"SalaStampa.eu, world press service\",\"image\":{\"@type\":\"ImageObject\",\"inLanguage\":\"es-AR\",\"@id\":\"https:\\\/\\\/secure.gravatar.com\\\/avatar\\\/c2f0e0d515a107624234994507816ca4724c7199cef73fc8bedebf6931d73888?s=96&d=mm&r=g\",\"url\":\"https:\\\/\\\/secure.gravatar.com\\\/avatar\\\/c2f0e0d515a107624234994507816ca4724c7199cef73fc8bedebf6931d73888?s=96&d=mm&r=g\",\"contentUrl\":\"https:\\\/\\\/secure.gravatar.com\\\/avatar\\\/c2f0e0d515a107624234994507816ca4724c7199cef73fc8bedebf6931d73888?s=96&d=mm&r=g\",\"caption\":\"SalaStampa.eu, world press service\"}}]}<\/script>\n<!-- \/ Yoast SEO plugin. -->","yoast_head_json":{"title":"Muertes que interrogan: cuando la casualidad se repite, la Justicia calla - ElCanillita.Info","robots":{"index":"index","follow":"follow","max-snippet":"max-snippet:-1","max-image-preview":"max-image-preview:large","max-video-preview":"max-video-preview:-1"},"canonical":"https:\/\/elcanillita.info\/press\/2025\/06\/17\/muertes-que-interrogan-cuando-la-casualidad-se-repite-la-justicia-calla\/","og_locale":"es_ES","og_type":"article","og_title":"Muertes que interrogan: cuando la casualidad se repite, la Justicia calla - ElCanillita.Info","og_description":"Un fiscal que acusa al poder. Un disparo en la cabeza. Una denuncia que nunca lleg\u00f3. \u00bfCasualidad? En la Argentina, las casualidades suelen tener p\u00f3lvora, micr\u00f3fonos pinchados y expedientes que se traspapelan.\"","og_url":"https:\/\/elcanillita.info\/press\/2025\/06\/17\/muertes-que-interrogan-cuando-la-casualidad-se-repite-la-justicia-calla\/","og_site_name":"ElCanillita.Info","article_publisher":"https:\/\/ar-ar.facebook.com\/ElCanillitainfo-114249515285712\/","article_published_time":"2025-06-17T15:48:16+00:00","article_modified_time":"2025-06-17T20:53:07+00:00","og_image":[{"width":600,"height":400,"url":"https:\/\/elcanillita.info\/press\/images\/2025\/06\/dead_20250617.page_.png","type":"image\/png"}],"author":"SalaStampa.eu, world press service","twitter_card":"summary_large_image","twitter_misc":{"Escrito por":"SalaStampa.eu, world press service","Tiempo de lectura":"2 minutos"},"schema":{"@context":"https:\/\/schema.org","@graph":[{"@type":"Article","@id":"https:\/\/elcanillita.info\/press\/2025\/06\/17\/muertes-que-interrogan-cuando-la-casualidad-se-repite-la-justicia-calla\/#article","isPartOf":{"@id":"https:\/\/elcanillita.info\/press\/2025\/06\/17\/muertes-que-interrogan-cuando-la-casualidad-se-repite-la-justicia-calla\/"},"author":{"name":"SalaStampa.eu, world press service","@id":"https:\/\/elcanillita.info\/press\/#\/schema\/person\/7fcb79f38045700919f7da6d97e71ba0"},"headline":"Muertes que interrogan: cuando la casualidad se repite, la Justicia calla","datePublished":"2025-06-17T15:48:16+00:00","dateModified":"2025-06-17T20:53:07+00:00","mainEntityOfPage":{"@id":"https:\/\/elcanillita.info\/press\/2025\/06\/17\/muertes-que-interrogan-cuando-la-casualidad-se-repite-la-justicia-calla\/"},"wordCount":238,"publisher":{"@id":"https:\/\/elcanillita.info\/press\/#organization"},"image":{"@id":"https:\/\/elcanillita.info\/press\/2025\/06\/17\/muertes-que-interrogan-cuando-la-casualidad-se-repite-la-justicia-calla\/#primaryimage"},"thumbnailUrl":"https:\/\/elcanillita.info\/press\/images\/2025\/06\/dead_20250617.page_.png","keywords":["Argentina"],"articleSection":[".",".","Actualidad","Argentina","Corrupci\u00f3n","Dolores de La Press","Justicia","Politica","Sociedad"],"inLanguage":"es-AR"},{"@type":"WebPage","@id":"https:\/\/elcanillita.info\/press\/2025\/06\/17\/muertes-que-interrogan-cuando-la-casualidad-se-repite-la-justicia-calla\/","url":"https:\/\/elcanillita.info\/press\/2025\/06\/17\/muertes-que-interrogan-cuando-la-casualidad-se-repite-la-justicia-calla\/","name":"Muertes que interrogan: cuando la casualidad se repite, la Justicia calla - ElCanillita.Info","isPartOf":{"@id":"https:\/\/elcanillita.info\/press\/#website"},"primaryImageOfPage":{"@id":"https:\/\/elcanillita.info\/press\/2025\/06\/17\/muertes-que-interrogan-cuando-la-casualidad-se-repite-la-justicia-calla\/#primaryimage"},"image":{"@id":"https:\/\/elcanillita.info\/press\/2025\/06\/17\/muertes-que-interrogan-cuando-la-casualidad-se-repite-la-justicia-calla\/#primaryimage"},"thumbnailUrl":"https:\/\/elcanillita.info\/press\/images\/2025\/06\/dead_20250617.page_.png","datePublished":"2025-06-17T15:48:16+00:00","dateModified":"2025-06-17T20:53:07+00:00","inLanguage":"es-AR","potentialAction":[{"@type":"ReadAction","target":["https:\/\/elcanillita.info\/press\/2025\/06\/17\/muertes-que-interrogan-cuando-la-casualidad-se-repite-la-justicia-calla\/"]}]},{"@type":"ImageObject","inLanguage":"es-AR","@id":"https:\/\/elcanillita.info\/press\/2025\/06\/17\/muertes-que-interrogan-cuando-la-casualidad-se-repite-la-justicia-calla\/#primaryimage","url":"https:\/\/elcanillita.info\/press\/images\/2025\/06\/dead_20250617.page_.png","contentUrl":"https:\/\/elcanillita.info\/press\/images\/2025\/06\/dead_20250617.page_.png","width":600,"height":400},{"@type":"WebSite","@id":"https:\/\/elcanillita.info\/press\/#website","url":"https:\/\/elcanillita.info\/press\/","name":"ElCanillita.Info","description":"desde los Apeninos a los Andes","publisher":{"@id":"https:\/\/elcanillita.info\/press\/#organization"},"potentialAction":[{"@type":"SearchAction","target":{"@type":"EntryPoint","urlTemplate":"https:\/\/elcanillita.info\/press\/?s={search_term_string}"},"query-input":{"@type":"PropertyValueSpecification","valueRequired":true,"valueName":"search_term_string"}}],"inLanguage":"es-AR"},{"@type":"Organization","@id":"https:\/\/elcanillita.info\/press\/#organization","name":"Guzzo Photos & Graphic Publications","url":"https:\/\/elcanillita.info\/press\/","logo":{"@type":"ImageObject","inLanguage":"es-AR","@id":"https:\/\/elcanillita.info\/press\/#\/schema\/logo\/image\/","url":"https:\/\/elcanillita.info\/press\/images\/2020\/01\/cropped-cropped-cropped-elcanillitainfo.png","contentUrl":"https:\/\/elcanillita.info\/press\/images\/2020\/01\/cropped-cropped-cropped-elcanillitainfo.png","width":460,"height":50,"caption":"Guzzo Photos & Graphic Publications"},"image":{"@id":"https:\/\/elcanillita.info\/press\/#\/schema\/logo\/image\/"},"sameAs":["https:\/\/ar-ar.facebook.com\/ElCanillitainfo-114249515285712\/"]},{"@type":"Person","@id":"https:\/\/elcanillita.info\/press\/#\/schema\/person\/7fcb79f38045700919f7da6d97e71ba0","name":"SalaStampa.eu, world press service","image":{"@type":"ImageObject","inLanguage":"es-AR","@id":"https:\/\/secure.gravatar.com\/avatar\/c2f0e0d515a107624234994507816ca4724c7199cef73fc8bedebf6931d73888?s=96&d=mm&r=g","url":"https:\/\/secure.gravatar.com\/avatar\/c2f0e0d515a107624234994507816ca4724c7199cef73fc8bedebf6931d73888?s=96&d=mm&r=g","contentUrl":"https:\/\/secure.gravatar.com\/avatar\/c2f0e0d515a107624234994507816ca4724c7199cef73fc8bedebf6931d73888?s=96&d=mm&r=g","caption":"SalaStampa.eu, world press service"}}]}},"views":196,"_links":{"self":[{"href":"https:\/\/elcanillita.info\/press\/wp-json\/wp\/v2\/posts\/4905","targetHints":{"allow":["GET"]}}],"collection":[{"href":"https:\/\/elcanillita.info\/press\/wp-json\/wp\/v2\/posts"}],"about":[{"href":"https:\/\/elcanillita.info\/press\/wp-json\/wp\/v2\/types\/post"}],"author":[{"embeddable":true,"href":"https:\/\/elcanillita.info\/press\/wp-json\/wp\/v2\/users\/1"}],"replies":[{"embeddable":true,"href":"https:\/\/elcanillita.info\/press\/wp-json\/wp\/v2\/comments?post=4905"}],"version-history":[{"count":0,"href":"https:\/\/elcanillita.info\/press\/wp-json\/wp\/v2\/posts\/4905\/revisions"}],"wp:featuredmedia":[{"embeddable":true,"href":"https:\/\/elcanillita.info\/press\/wp-json\/wp\/v2\/media\/4906"}],"wp:attachment":[{"href":"https:\/\/elcanillita.info\/press\/wp-json\/wp\/v2\/media?parent=4905"}],"wp:term":[{"taxonomy":"category","embeddable":true,"href":"https:\/\/elcanillita.info\/press\/wp-json\/wp\/v2\/categories?post=4905"},{"taxonomy":"post_tag","embeddable":true,"href":"https:\/\/elcanillita.info\/press\/wp-json\/wp\/v2\/tags?post=4905"}],"curies":[{"name":"wp","href":"https:\/\/api.w.org\/{rel}","templated":true}]}}