{"id":4896,"date":"2025-06-16T10:14:30","date_gmt":"2025-06-16T13:14:30","guid":{"rendered":"https:\/\/elcanillita.info\/press\/?p=4896"},"modified":"2025-06-20T07:41:45","modified_gmt":"2025-06-20T10:41:45","slug":"%f0%9f%8e%ad-cap-62-cristina-y-los-juicios-de-la-verguenza-ajena","status":"publish","type":"post","link":"https:\/\/elcanillita.info\/press\/2025\/06\/16\/%f0%9f%8e%ad-cap-62-cristina-y-los-juicios-de-la-verguenza-ajena\/","title":{"rendered":"\ud83c\udfad CAP-62 \u2013 Cristina y los Juicios de la Verg\u00fcenza Ajena"},"content":{"rendered":"<div class=\"wp-block-image\">\n<figure class=\"aligncenter size-full\"><img loading=\"lazy\" decoding=\"async\" width=\"500\" height=\"500\" src=\"https:\/\/elcanillita.info\/press\/images\/2025\/06\/rumi_500.PUB_.png\" alt=\"\" class=\"wp-image-4898\" srcset=\"https:\/\/elcanillita.info\/press\/images\/2025\/06\/rumi_500.PUB_.png 500w, https:\/\/elcanillita.info\/press\/images\/2025\/06\/rumi_500.PUB_-300x300.png 300w, https:\/\/elcanillita.info\/press\/images\/2025\/06\/rumi_500.PUB_-150x150.png 150w\" sizes=\"auto, (max-width: 500px) 100vw, 500px\" \/><\/figure>\n<\/div>\n\n\n<p>\u270d\ufe0f Por Geraldin Chiment\u00f3n<\/p>\n\n\n\n<blockquote class=\"wp-block-quote is-layout-flow wp-block-quote-is-layout-flow\">\n<p>\u201cLos genocidas tuvieron juicio, y ella no.\u201d<br>\u2014 Dijo un abogado sin ponerse colorado\u2026 ni consultar Wikipedia.<\/p>\n<\/blockquote>\n\n\n\n<p>\ud83d\udccc <strong>Contexto:<\/strong><br>En un nuevo intento de resucitar la narrativa de v\u00edctima heroica, el abogado de la expresidenta Cristina Fern\u00e1ndez de Kirchner compar\u00f3 la situaci\u00f3n judicial de su clienta con la de los represores de la dictadura. As\u00ed, sin anestesia.<\/p>\n\n\n\n<p>S\u00ed, ley\u00f3 bien: seg\u00fan este gladiador del disparate jur\u00eddico, los represores \u201ctuvieron juicio\u201d, mientras Cristina, pobrecita, estar\u00eda sufriendo una especie de Guant\u00e1namo deluxe en su penthouse de Recoleta.<br><br>\u2696\ufe0f <strong>Aclaraci\u00f3n para distra\u00eddos, desmemoriados o caraduras:<\/strong><\/p>\n\n\n\n<blockquote class=\"wp-block-quote is-layout-flow wp-block-quote-is-layout-flow\">\n<p>Los genocidas tuvieron juicio, s\u00ed\u2026<br>Pero tras 30 a\u00f1os de impunidad, con leyes de Obediencia Debida, Punto Final, indultos, amparos, marchas, amenazas y pactos de silencio.<br>No fue Netflix. Fue un infierno judicial, impulsado por a\u00f1os de lucha de los organismos de derechos humanos y abogados que s\u00ed sab\u00edan lo que hac\u00edan.<\/p>\n<\/blockquote>\n\n\n\n<p><strong>Cristina Fern\u00e1ndez, en cambio:<\/strong> <\/p>\n\n\n\n<ul class=\"wp-block-list\">\n<li>Tuvo acceso a la mejor defensa del pa\u00eds (y al pa\u00eds como defensa).<\/li>\n<\/ul>\n\n\n\n<ul class=\"wp-block-list\">\n<li>Fren\u00f3 causas, removi\u00f3 fiscales, cambi\u00f3 jueces, revole\u00f3 doctrinas y oper\u00f3 medi\u00e1ticamente a niveles de KGB con influencer.<\/li>\n<\/ul>\n\n\n\n<ul class=\"wp-block-list\">\n<li>Y cuando finalmente una causa avanz\u00f3 (Vialidad), fue condenada en primera instancia a 6 a\u00f1os de prisi\u00f3n e inhabilitaci\u00f3n perpetua.<\/li>\n<\/ul>\n\n\n\n<p>Pero claro\u2026 eso para algunos no es juicio. Para que sea juicio, debe absolverla. Si la condena, es persecuci\u00f3n. L\u00f3gica K.<br>\ud83e\udde0 \u00a1Pero qu\u00e9 cara, mamita!<\/p>\n\n\n\n<p>La frase entera merece un lugar en el museo del cinismo pol\u00edtico argentino, junto a:<\/p>\n\n\n\n<p>En mi gobierno se robaron todo, pero no fue corrupci\u00f3n, fue distribuci\u00f3n<\/p>\n\n\n\n<ul class=\"wp-block-list\">\n<li>Los bolsos de L\u00f3pez no eran m\u00edos, eran de la Iglesia<\/li>\n<\/ul>\n\n\n\n<ul class=\"wp-block-list\">\n<li>Fue lawfare, pero sin ley y con mucho fare<\/li>\n<\/ul>\n\n\n\n<p>\ud83e\uddc2<strong>Conclusi\u00f3n salada:<\/strong><br>Hay que tener cara de titanio macizo, como dec\u00eds vos, Socio.<br>Y adem\u00e1s una fe ciega en la amnesia colectiva.<br>El problema no es que Cristina no haya tenido juicio.<br>El problema es que los juicios que tuvo\u2026<br>los pas\u00f3 como si fuera reina, no acusada.<br><br>\ud83d\udcec Comentarios, memes y sentencias populares a:<\/p>\n\n\n\n<p>\ud83d\udd17 cristina-no-es-juana@elcanillita.info<br><br><small>\u00a92025 Geraldin Chiment\u00f3n, corresponsal binacional sin domicilio fijo, pero con olfato agudo &#8211; Todos los derechos reservados &#8211; Copyright \u00a9 2025 ElCanillita.info \/ BlogDiario.info \/ SalaStampa.eu, servicio mundial de prensa &#8211; Guzzo Photos &amp; Graphic Publications \u2013 Registro Editori e Stampatori n. 1441 Torino, Italia<\/small><\/p>\n\n\n\n<p><\/p>\n","protected":false},"excerpt":{"rendered":"<p>\u201cLos genocidas tuvieron juicio, y ella no.\u201d<br \/>\n    \u2014 Dijo un abogado sin ponerse colorado\u2026 ni consultar Wikipedia.<\/p>\n","protected":false},"author":1,"featured_media":4897,"comment_status":"closed","ping_status":"closed","sticky":false,"template":"","format":"standard","meta":{"footnotes":"","_links_to":"","_links_to_target":""},"categories":[121,108,70,123,118,126,22,23,25],"tags":[],"class_list":["post-4896","post","type-post","status-publish","format-standard","has-post-thumbnail","hentry","category-dc24","category-blogdiario","category-actualidad","category-argentina","category-corrupcion","category-dolores-de-la-press","category-justicia","category-politica","category-sociedad","entry","double"],"yoast_head":"<!-- This site is optimized with the Yoast SEO plugin v27.4 - https:\/\/yoast.com\/product\/yoast-seo-wordpress\/ -->\n<title>\ud83c\udfad CAP-62 \u2013 Cristina y los Juicios de la Verg\u00fcenza Ajena - ElCanillita.Info<\/title>\n<meta name=\"robots\" content=\"index, follow, max-snippet:-1, max-image-preview:large, max-video-preview:-1\" \/>\n<link rel=\"canonical\" href=\"https:\/\/elcanillita.info\/press\/2025\/06\/16\/\ud83c\udfad-cap-62-cristina-y-los-juicios-de-la-verguenza-ajena\/\" \/>\n<meta property=\"og:locale\" content=\"es_ES\" \/>\n<meta property=\"og:type\" content=\"article\" \/>\n<meta property=\"og:title\" content=\"\ud83c\udfad CAP-62 \u2013 Cristina y los Juicios de la Verg\u00fcenza Ajena - ElCanillita.Info\" \/>\n<meta property=\"og:description\" content=\"\u201cLos genocidas tuvieron juicio, y ella no.\u201d   \u2014 Dijo un abogado sin ponerse colorado\u2026 ni consultar Wikipedia.\" \/>\n<meta property=\"og:url\" content=\"https:\/\/elcanillita.info\/press\/2025\/06\/16\/\ud83c\udfad-cap-62-cristina-y-los-juicios-de-la-verguenza-ajena\/\" \/>\n<meta property=\"og:site_name\" content=\"ElCanillita.Info\" \/>\n<meta property=\"article:publisher\" content=\"https:\/\/ar-ar.facebook.com\/ElCanillitainfo-114249515285712\/\" \/>\n<meta property=\"article:published_time\" content=\"2025-06-16T13:14:30+00:00\" \/>\n<meta property=\"article:modified_time\" content=\"2025-06-20T10:41:45+00:00\" \/>\n<meta property=\"og:image\" content=\"https:\/\/elcanillita.info\/press\/images\/2025\/06\/sinjuicio_400.PUB_.png\" \/>\n\t<meta property=\"og:image:width\" content=\"400\" \/>\n\t<meta property=\"og:image:height\" content=\"400\" \/>\n\t<meta property=\"og:image:type\" content=\"image\/png\" \/>\n<meta name=\"author\" content=\"SalaStampa.eu, world press service\" \/>\n<meta name=\"twitter:card\" content=\"summary_large_image\" \/>\n<meta name=\"twitter:label1\" content=\"Escrito por\" \/>\n\t<meta name=\"twitter:data1\" content=\"SalaStampa.eu, world press service\" \/>\n\t<meta name=\"twitter:label2\" content=\"Tiempo de lectura\" \/>\n\t<meta name=\"twitter:data2\" content=\"2 minutos\" \/>\n<script type=\"application\/ld+json\" class=\"yoast-schema-graph\">{\"@context\":\"https:\\\/\\\/schema.org\",\"@graph\":[{\"@type\":\"Article\",\"@id\":\"https:\\\/\\\/elcanillita.info\\\/press\\\/2025\\\/06\\\/16\\\/%f0%9f%8e%ad-cap-62-cristina-y-los-juicios-de-la-verguenza-ajena\\\/#article\",\"isPartOf\":{\"@id\":\"https:\\\/\\\/elcanillita.info\\\/press\\\/2025\\\/06\\\/16\\\/%f0%9f%8e%ad-cap-62-cristina-y-los-juicios-de-la-verguenza-ajena\\\/\"},\"author\":{\"name\":\"SalaStampa.eu, world press service\",\"@id\":\"https:\\\/\\\/elcanillita.info\\\/press\\\/#\\\/schema\\\/person\\\/7fcb79f38045700919f7da6d97e71ba0\"},\"headline\":\"\ud83c\udfad CAP-62 \u2013 Cristina y los Juicios de la Verg\u00fcenza Ajena\",\"datePublished\":\"2025-06-16T13:14:30+00:00\",\"dateModified\":\"2025-06-20T10:41:45+00:00\",\"mainEntityOfPage\":{\"@id\":\"https:\\\/\\\/elcanillita.info\\\/press\\\/2025\\\/06\\\/16\\\/%f0%9f%8e%ad-cap-62-cristina-y-los-juicios-de-la-verguenza-ajena\\\/\"},\"wordCount\":408,\"publisher\":{\"@id\":\"https:\\\/\\\/elcanillita.info\\\/press\\\/#organization\"},\"image\":{\"@id\":\"https:\\\/\\\/elcanillita.info\\\/press\\\/2025\\\/06\\\/16\\\/%f0%9f%8e%ad-cap-62-cristina-y-los-juicios-de-la-verguenza-ajena\\\/#primaryimage\"},\"thumbnailUrl\":\"https:\\\/\\\/elcanillita.info\\\/press\\\/images\\\/2025\\\/06\\\/sinjuicio_400.PUB_.png\",\"articleSection\":[\".\",\".\",\"Actualidad\",\"Argentina\",\"Corrupci\u00f3n\",\"Dolores de La Press\",\"Justicia\",\"Politica\",\"Sociedad\"],\"inLanguage\":\"es-AR\"},{\"@type\":\"WebPage\",\"@id\":\"https:\\\/\\\/elcanillita.info\\\/press\\\/2025\\\/06\\\/16\\\/%f0%9f%8e%ad-cap-62-cristina-y-los-juicios-de-la-verguenza-ajena\\\/\",\"url\":\"https:\\\/\\\/elcanillita.info\\\/press\\\/2025\\\/06\\\/16\\\/%f0%9f%8e%ad-cap-62-cristina-y-los-juicios-de-la-verguenza-ajena\\\/\",\"name\":\"\ud83c\udfad CAP-62 \u2013 Cristina y los Juicios de la Verg\u00fcenza Ajena - ElCanillita.Info\",\"isPartOf\":{\"@id\":\"https:\\\/\\\/elcanillita.info\\\/press\\\/#website\"},\"primaryImageOfPage\":{\"@id\":\"https:\\\/\\\/elcanillita.info\\\/press\\\/2025\\\/06\\\/16\\\/%f0%9f%8e%ad-cap-62-cristina-y-los-juicios-de-la-verguenza-ajena\\\/#primaryimage\"},\"image\":{\"@id\":\"https:\\\/\\\/elcanillita.info\\\/press\\\/2025\\\/06\\\/16\\\/%f0%9f%8e%ad-cap-62-cristina-y-los-juicios-de-la-verguenza-ajena\\\/#primaryimage\"},\"thumbnailUrl\":\"https:\\\/\\\/elcanillita.info\\\/press\\\/images\\\/2025\\\/06\\\/sinjuicio_400.PUB_.png\",\"datePublished\":\"2025-06-16T13:14:30+00:00\",\"dateModified\":\"2025-06-20T10:41:45+00:00\",\"inLanguage\":\"es-AR\",\"potentialAction\":[{\"@type\":\"ReadAction\",\"target\":[\"https:\\\/\\\/elcanillita.info\\\/press\\\/2025\\\/06\\\/16\\\/%f0%9f%8e%ad-cap-62-cristina-y-los-juicios-de-la-verguenza-ajena\\\/\"]}]},{\"@type\":\"ImageObject\",\"inLanguage\":\"es-AR\",\"@id\":\"https:\\\/\\\/elcanillita.info\\\/press\\\/2025\\\/06\\\/16\\\/%f0%9f%8e%ad-cap-62-cristina-y-los-juicios-de-la-verguenza-ajena\\\/#primaryimage\",\"url\":\"https:\\\/\\\/elcanillita.info\\\/press\\\/images\\\/2025\\\/06\\\/sinjuicio_400.PUB_.png\",\"contentUrl\":\"https:\\\/\\\/elcanillita.info\\\/press\\\/images\\\/2025\\\/06\\\/sinjuicio_400.PUB_.png\",\"width\":400,\"height\":400},{\"@type\":\"WebSite\",\"@id\":\"https:\\\/\\\/elcanillita.info\\\/press\\\/#website\",\"url\":\"https:\\\/\\\/elcanillita.info\\\/press\\\/\",\"name\":\"ElCanillita.Info\",\"description\":\"desde los Apeninos a los Andes\",\"publisher\":{\"@id\":\"https:\\\/\\\/elcanillita.info\\\/press\\\/#organization\"},\"potentialAction\":[{\"@type\":\"SearchAction\",\"target\":{\"@type\":\"EntryPoint\",\"urlTemplate\":\"https:\\\/\\\/elcanillita.info\\\/press\\\/?s={search_term_string}\"},\"query-input\":{\"@type\":\"PropertyValueSpecification\",\"valueRequired\":true,\"valueName\":\"search_term_string\"}}],\"inLanguage\":\"es-AR\"},{\"@type\":\"Organization\",\"@id\":\"https:\\\/\\\/elcanillita.info\\\/press\\\/#organization\",\"name\":\"Guzzo Photos & Graphic Publications\",\"url\":\"https:\\\/\\\/elcanillita.info\\\/press\\\/\",\"logo\":{\"@type\":\"ImageObject\",\"inLanguage\":\"es-AR\",\"@id\":\"https:\\\/\\\/elcanillita.info\\\/press\\\/#\\\/schema\\\/logo\\\/image\\\/\",\"url\":\"https:\\\/\\\/elcanillita.info\\\/press\\\/images\\\/2020\\\/01\\\/cropped-cropped-cropped-elcanillitainfo.png\",\"contentUrl\":\"https:\\\/\\\/elcanillita.info\\\/press\\\/images\\\/2020\\\/01\\\/cropped-cropped-cropped-elcanillitainfo.png\",\"width\":460,\"height\":50,\"caption\":\"Guzzo Photos & Graphic Publications\"},\"image\":{\"@id\":\"https:\\\/\\\/elcanillita.info\\\/press\\\/#\\\/schema\\\/logo\\\/image\\\/\"},\"sameAs\":[\"https:\\\/\\\/ar-ar.facebook.com\\\/ElCanillitainfo-114249515285712\\\/\"]},{\"@type\":\"Person\",\"@id\":\"https:\\\/\\\/elcanillita.info\\\/press\\\/#\\\/schema\\\/person\\\/7fcb79f38045700919f7da6d97e71ba0\",\"name\":\"SalaStampa.eu, world press service\",\"image\":{\"@type\":\"ImageObject\",\"inLanguage\":\"es-AR\",\"@id\":\"https:\\\/\\\/secure.gravatar.com\\\/avatar\\\/c2f0e0d515a107624234994507816ca4724c7199cef73fc8bedebf6931d73888?s=96&d=mm&r=g\",\"url\":\"https:\\\/\\\/secure.gravatar.com\\\/avatar\\\/c2f0e0d515a107624234994507816ca4724c7199cef73fc8bedebf6931d73888?s=96&d=mm&r=g\",\"contentUrl\":\"https:\\\/\\\/secure.gravatar.com\\\/avatar\\\/c2f0e0d515a107624234994507816ca4724c7199cef73fc8bedebf6931d73888?s=96&d=mm&r=g\",\"caption\":\"SalaStampa.eu, world press service\"}}]}<\/script>\n<!-- \/ Yoast SEO plugin. -->","yoast_head_json":{"title":"\ud83c\udfad CAP-62 \u2013 Cristina y los Juicios de la Verg\u00fcenza Ajena - ElCanillita.Info","robots":{"index":"index","follow":"follow","max-snippet":"max-snippet:-1","max-image-preview":"max-image-preview:large","max-video-preview":"max-video-preview:-1"},"canonical":"https:\/\/elcanillita.info\/press\/2025\/06\/16\/\ud83c\udfad-cap-62-cristina-y-los-juicios-de-la-verguenza-ajena\/","og_locale":"es_ES","og_type":"article","og_title":"\ud83c\udfad CAP-62 \u2013 Cristina y los Juicios de la Verg\u00fcenza Ajena - ElCanillita.Info","og_description":"\u201cLos genocidas tuvieron juicio, y ella no.\u201d   \u2014 Dijo un abogado sin ponerse colorado\u2026 ni consultar Wikipedia.","og_url":"https:\/\/elcanillita.info\/press\/2025\/06\/16\/\ud83c\udfad-cap-62-cristina-y-los-juicios-de-la-verguenza-ajena\/","og_site_name":"ElCanillita.Info","article_publisher":"https:\/\/ar-ar.facebook.com\/ElCanillitainfo-114249515285712\/","article_published_time":"2025-06-16T13:14:30+00:00","article_modified_time":"2025-06-20T10:41:45+00:00","og_image":[{"width":400,"height":400,"url":"https:\/\/elcanillita.info\/press\/images\/2025\/06\/sinjuicio_400.PUB_.png","type":"image\/png"}],"author":"SalaStampa.eu, world press service","twitter_card":"summary_large_image","twitter_misc":{"Escrito por":"SalaStampa.eu, world press service","Tiempo de lectura":"2 minutos"},"schema":{"@context":"https:\/\/schema.org","@graph":[{"@type":"Article","@id":"https:\/\/elcanillita.info\/press\/2025\/06\/16\/%f0%9f%8e%ad-cap-62-cristina-y-los-juicios-de-la-verguenza-ajena\/#article","isPartOf":{"@id":"https:\/\/elcanillita.info\/press\/2025\/06\/16\/%f0%9f%8e%ad-cap-62-cristina-y-los-juicios-de-la-verguenza-ajena\/"},"author":{"name":"SalaStampa.eu, world press service","@id":"https:\/\/elcanillita.info\/press\/#\/schema\/person\/7fcb79f38045700919f7da6d97e71ba0"},"headline":"\ud83c\udfad CAP-62 \u2013 Cristina y los Juicios de la Verg\u00fcenza Ajena","datePublished":"2025-06-16T13:14:30+00:00","dateModified":"2025-06-20T10:41:45+00:00","mainEntityOfPage":{"@id":"https:\/\/elcanillita.info\/press\/2025\/06\/16\/%f0%9f%8e%ad-cap-62-cristina-y-los-juicios-de-la-verguenza-ajena\/"},"wordCount":408,"publisher":{"@id":"https:\/\/elcanillita.info\/press\/#organization"},"image":{"@id":"https:\/\/elcanillita.info\/press\/2025\/06\/16\/%f0%9f%8e%ad-cap-62-cristina-y-los-juicios-de-la-verguenza-ajena\/#primaryimage"},"thumbnailUrl":"https:\/\/elcanillita.info\/press\/images\/2025\/06\/sinjuicio_400.PUB_.png","articleSection":[".",".","Actualidad","Argentina","Corrupci\u00f3n","Dolores de La Press","Justicia","Politica","Sociedad"],"inLanguage":"es-AR"},{"@type":"WebPage","@id":"https:\/\/elcanillita.info\/press\/2025\/06\/16\/%f0%9f%8e%ad-cap-62-cristina-y-los-juicios-de-la-verguenza-ajena\/","url":"https:\/\/elcanillita.info\/press\/2025\/06\/16\/%f0%9f%8e%ad-cap-62-cristina-y-los-juicios-de-la-verguenza-ajena\/","name":"\ud83c\udfad CAP-62 \u2013 Cristina y los Juicios de la Verg\u00fcenza Ajena - ElCanillita.Info","isPartOf":{"@id":"https:\/\/elcanillita.info\/press\/#website"},"primaryImageOfPage":{"@id":"https:\/\/elcanillita.info\/press\/2025\/06\/16\/%f0%9f%8e%ad-cap-62-cristina-y-los-juicios-de-la-verguenza-ajena\/#primaryimage"},"image":{"@id":"https:\/\/elcanillita.info\/press\/2025\/06\/16\/%f0%9f%8e%ad-cap-62-cristina-y-los-juicios-de-la-verguenza-ajena\/#primaryimage"},"thumbnailUrl":"https:\/\/elcanillita.info\/press\/images\/2025\/06\/sinjuicio_400.PUB_.png","datePublished":"2025-06-16T13:14:30+00:00","dateModified":"2025-06-20T10:41:45+00:00","inLanguage":"es-AR","potentialAction":[{"@type":"ReadAction","target":["https:\/\/elcanillita.info\/press\/2025\/06\/16\/%f0%9f%8e%ad-cap-62-cristina-y-los-juicios-de-la-verguenza-ajena\/"]}]},{"@type":"ImageObject","inLanguage":"es-AR","@id":"https:\/\/elcanillita.info\/press\/2025\/06\/16\/%f0%9f%8e%ad-cap-62-cristina-y-los-juicios-de-la-verguenza-ajena\/#primaryimage","url":"https:\/\/elcanillita.info\/press\/images\/2025\/06\/sinjuicio_400.PUB_.png","contentUrl":"https:\/\/elcanillita.info\/press\/images\/2025\/06\/sinjuicio_400.PUB_.png","width":400,"height":400},{"@type":"WebSite","@id":"https:\/\/elcanillita.info\/press\/#website","url":"https:\/\/elcanillita.info\/press\/","name":"ElCanillita.Info","description":"desde los Apeninos a los Andes","publisher":{"@id":"https:\/\/elcanillita.info\/press\/#organization"},"potentialAction":[{"@type":"SearchAction","target":{"@type":"EntryPoint","urlTemplate":"https:\/\/elcanillita.info\/press\/?s={search_term_string}"},"query-input":{"@type":"PropertyValueSpecification","valueRequired":true,"valueName":"search_term_string"}}],"inLanguage":"es-AR"},{"@type":"Organization","@id":"https:\/\/elcanillita.info\/press\/#organization","name":"Guzzo Photos & Graphic Publications","url":"https:\/\/elcanillita.info\/press\/","logo":{"@type":"ImageObject","inLanguage":"es-AR","@id":"https:\/\/elcanillita.info\/press\/#\/schema\/logo\/image\/","url":"https:\/\/elcanillita.info\/press\/images\/2020\/01\/cropped-cropped-cropped-elcanillitainfo.png","contentUrl":"https:\/\/elcanillita.info\/press\/images\/2020\/01\/cropped-cropped-cropped-elcanillitainfo.png","width":460,"height":50,"caption":"Guzzo Photos & Graphic Publications"},"image":{"@id":"https:\/\/elcanillita.info\/press\/#\/schema\/logo\/image\/"},"sameAs":["https:\/\/ar-ar.facebook.com\/ElCanillitainfo-114249515285712\/"]},{"@type":"Person","@id":"https:\/\/elcanillita.info\/press\/#\/schema\/person\/7fcb79f38045700919f7da6d97e71ba0","name":"SalaStampa.eu, world press service","image":{"@type":"ImageObject","inLanguage":"es-AR","@id":"https:\/\/secure.gravatar.com\/avatar\/c2f0e0d515a107624234994507816ca4724c7199cef73fc8bedebf6931d73888?s=96&d=mm&r=g","url":"https:\/\/secure.gravatar.com\/avatar\/c2f0e0d515a107624234994507816ca4724c7199cef73fc8bedebf6931d73888?s=96&d=mm&r=g","contentUrl":"https:\/\/secure.gravatar.com\/avatar\/c2f0e0d515a107624234994507816ca4724c7199cef73fc8bedebf6931d73888?s=96&d=mm&r=g","caption":"SalaStampa.eu, world press service"}}]}},"views":721,"_links":{"self":[{"href":"https:\/\/elcanillita.info\/press\/wp-json\/wp\/v2\/posts\/4896","targetHints":{"allow":["GET"]}}],"collection":[{"href":"https:\/\/elcanillita.info\/press\/wp-json\/wp\/v2\/posts"}],"about":[{"href":"https:\/\/elcanillita.info\/press\/wp-json\/wp\/v2\/types\/post"}],"author":[{"embeddable":true,"href":"https:\/\/elcanillita.info\/press\/wp-json\/wp\/v2\/users\/1"}],"replies":[{"embeddable":true,"href":"https:\/\/elcanillita.info\/press\/wp-json\/wp\/v2\/comments?post=4896"}],"version-history":[{"count":0,"href":"https:\/\/elcanillita.info\/press\/wp-json\/wp\/v2\/posts\/4896\/revisions"}],"wp:featuredmedia":[{"embeddable":true,"href":"https:\/\/elcanillita.info\/press\/wp-json\/wp\/v2\/media\/4897"}],"wp:attachment":[{"href":"https:\/\/elcanillita.info\/press\/wp-json\/wp\/v2\/media?parent=4896"}],"wp:term":[{"taxonomy":"category","embeddable":true,"href":"https:\/\/elcanillita.info\/press\/wp-json\/wp\/v2\/categories?post=4896"},{"taxonomy":"post_tag","embeddable":true,"href":"https:\/\/elcanillita.info\/press\/wp-json\/wp\/v2\/tags?post=4896"}],"curies":[{"name":"wp","href":"https:\/\/api.w.org\/{rel}","templated":true}]}}