{"id":4891,"date":"2025-06-16T07:02:29","date_gmt":"2025-06-16T10:02:29","guid":{"rendered":"https:\/\/elcanillita.info\/press\/?p=4891"},"modified":"2025-06-16T07:02:50","modified_gmt":"2025-06-16T10:02:50","slug":"mi-cid-campeador","status":"publish","type":"post","link":"https:\/\/elcanillita.info\/press\/2025\/06\/16\/mi-cid-campeador\/","title":{"rendered":"MI CID CAMPEADOR"},"content":{"rendered":"<div class=\"wp-block-image\">\n<figure class=\"aligncenter size-full\"><img loading=\"lazy\" decoding=\"async\" width=\"500\" height=\"500\" src=\"https:\/\/elcanillita.info\/press\/images\/2025\/06\/cid_page500_20250616.png\" alt=\"\" class=\"wp-image-4893\" srcset=\"https:\/\/elcanillita.info\/press\/images\/2025\/06\/cid_page500_20250616.png 500w, https:\/\/elcanillita.info\/press\/images\/2025\/06\/cid_page500_20250616-300x300.png 300w, https:\/\/elcanillita.info\/press\/images\/2025\/06\/cid_page500_20250616-150x150.png 150w\" sizes=\"auto, (max-width: 500px) 100vw, 500px\" \/><\/figure>\n<\/div>\n\n\n<p class=\"has-regular-font-size\"><strong>ElCanillita.info<\/strong><br>Argentina, 16\/06\/2025<br><br>\u270d\ufe0f Por El Juglar de la Cuesta del Mor\u00f3n<br><br>\u201cDios, qu\u00e9 buen vasallo ser\u00eda, si tuviese buen se\u00f1or\u201d<br>\u2014 El Cantar de mio Cid<\/p>\n\n\n\n<p>Hay una imagen que no se nos despega de la mente, por m\u00e1s que le demos a la tecla: Milei, desterrado por los reyes de la pol\u00edtica tradicional, cabalga hacia Oriente con gesto \u00e9pico y verbo libertario. Jerusal\u00e9n lo recibi\u00f3 como a un profeta digital en misi\u00f3n divina. Y \u00e9l, enfundado en sus convicciones como si fueran una armadura de Amazon Prime, declar\u00f3 guerra eterna al terrorismo y a los enemigos de Occidente.<\/p>\n\n\n\n<p>Pero cuando el cielo se llen\u00f3 de misiles \u2014reales, no ret\u00f3ricos\u2014 nuestro Cid del siglo XXI hizo lo que cualquier palad\u00edn de Twitter har\u00eda: pidi\u00f3 pista y sali\u00f3 eyectado hacia la madre patria. No para reconquistarla, claro est\u00e1, sino para refugiarse bajo el ala institucional de alg\u00fan almuerzo con jam\u00f3n ib\u00e9rico.<\/p>\n\n\n\n<p>Ah\u00ed est\u00e1 el dilema: el Milei de Jerusal\u00e9n, firme como estatua de sal con peinado de trueno; y el Milei de Madrid, m\u00e1s parecido a un galleguito asustado que a un cruzado del mundo libre. Doble pechuga en las palabras, pero escape low-cost cuando silban los cohetes. \u00bfSer\u00e1 que la libertad avanza\u2026 pero s\u00f3lo en zonas seguras?<\/p>\n\n\n\n<p>Mientras tanto, su gobierno emiti\u00f3 un comunicado de esos que suenan heroicos y bien escritos \u2014por alguien que probablemente no vot\u00f3 a Milei\u2014 en el que se repudia la designaci\u00f3n del general iran\u00ed Ahmad Vahidi como comandante de la Guardia Revolucionaria Isl\u00e1mica. Vahidi, recordemos, tiene pedido de captura internacional por su presunta participaci\u00f3n en el atentado a la AMIA. En esto, ni una coma sobra: la designaci\u00f3n es una provocaci\u00f3n grave, y denunciarla es justo y necesario.<\/p>\n\n\n\n<p>Pero la escena completa se enturbia cuando el protagonista abandona el teatro justo cuando empieza el drama. Milei huy\u00f3 de los bombardeos, y aunque algunos lo presenten como gesto prudente, el relato \u00e9pico cruje. Porque el Cid, el de verdad, no s\u00f3lo no huy\u00f3: gan\u00f3 batallas aun despu\u00e9s de muerto, atado a su caballo.<\/p>\n\n\n\n<p class=\"has-regular-font-size\">\u00bfVeremos a Milei regresar al galope o lo esperaremos en alg\u00fan set de televisi\u00f3n hablando de libertad con fondo de palmeras y vino riojano?<br><br><small>\u00a92025 El Juglar de la Cuesta del Mor\u00f3n \u2013 All Rights Reserved &#8211; Copyright \u00a9 2025 ElCanillita.info \/ BlogDiario.info \/SalaStampa.eu, world press service &#8211; Guzzo Photos &amp; Graphic Publications \u2013 Registro Editori e Stampatori n. 1441 Turin, Italy<\/small><br><br><br><br><\/p>\n\n\n\n<p><\/p>\n","protected":false},"excerpt":{"rendered":"<p>\ud83c\udfa9 \u201cDios, qu\u00e9 buen vasallo ser\u00eda, si tuviese buen se\u00f1or\u201d \u2014 El Cantar de mio Cid<\/p>\n","protected":false},"author":1,"featured_media":4892,"comment_status":"closed","ping_status":"closed","sticky":false,"template":"","format":"standard","meta":{"footnotes":"","_links_to":"","_links_to_target":""},"categories":[70,123,126,119,15,23,25],"tags":[29,67,35],"class_list":["post-4891","post","type-post","status-publish","format-standard","has-post-thumbnail","hentry","category-actualidad","category-argentina","category-dolores-de-la-press","category-guerra","category-medio-oriente","category-politica","category-sociedad","tag-argentina","tag-israel","tag-mundo","entry","double"],"yoast_head":"<!-- This site is optimized with the Yoast SEO plugin v27.4 - https:\/\/yoast.com\/product\/yoast-seo-wordpress\/ -->\n<title>MI CID CAMPEADOR - ElCanillita.Info<\/title>\n<meta name=\"robots\" content=\"index, follow, max-snippet:-1, max-image-preview:large, max-video-preview:-1\" \/>\n<link rel=\"canonical\" href=\"https:\/\/elcanillita.info\/press\/2025\/06\/16\/mi-cid-campeador\/\" \/>\n<meta property=\"og:locale\" content=\"es_ES\" \/>\n<meta property=\"og:type\" content=\"article\" \/>\n<meta property=\"og:title\" content=\"MI CID CAMPEADOR - ElCanillita.Info\" \/>\n<meta property=\"og:description\" content=\"\ud83c\udfa9 \u201cDios, qu\u00e9 buen vasallo ser\u00eda, si tuviese buen se\u00f1or\u201d \u2014 El Cantar de mio Cid\" \/>\n<meta property=\"og:url\" content=\"https:\/\/elcanillita.info\/press\/2025\/06\/16\/mi-cid-campeador\/\" \/>\n<meta property=\"og:site_name\" content=\"ElCanillita.Info\" \/>\n<meta property=\"article:publisher\" content=\"https:\/\/ar-ar.facebook.com\/ElCanillitainfo-114249515285712\/\" \/>\n<meta property=\"article:published_time\" content=\"2025-06-16T10:02:29+00:00\" \/>\n<meta property=\"article:modified_time\" content=\"2025-06-16T10:02:50+00:00\" \/>\n<meta property=\"og:image\" content=\"https:\/\/elcanillita.info\/press\/images\/2025\/06\/cid_400_20250616.png\" \/>\n\t<meta property=\"og:image:width\" content=\"400\" \/>\n\t<meta property=\"og:image:height\" content=\"400\" \/>\n\t<meta property=\"og:image:type\" content=\"image\/png\" \/>\n<meta name=\"author\" content=\"SalaStampa.eu, world press service\" \/>\n<meta name=\"twitter:card\" content=\"summary_large_image\" \/>\n<meta name=\"twitter:label1\" content=\"Escrito por\" \/>\n\t<meta name=\"twitter:data1\" content=\"SalaStampa.eu, world press service\" \/>\n\t<meta name=\"twitter:label2\" content=\"Tiempo de lectura\" \/>\n\t<meta name=\"twitter:data2\" content=\"3 minutos\" \/>\n<script type=\"application\/ld+json\" class=\"yoast-schema-graph\">{\"@context\":\"https:\\\/\\\/schema.org\",\"@graph\":[{\"@type\":\"Article\",\"@id\":\"https:\\\/\\\/elcanillita.info\\\/press\\\/2025\\\/06\\\/16\\\/mi-cid-campeador\\\/#article\",\"isPartOf\":{\"@id\":\"https:\\\/\\\/elcanillita.info\\\/press\\\/2025\\\/06\\\/16\\\/mi-cid-campeador\\\/\"},\"author\":{\"name\":\"SalaStampa.eu, world press service\",\"@id\":\"https:\\\/\\\/elcanillita.info\\\/press\\\/#\\\/schema\\\/person\\\/7fcb79f38045700919f7da6d97e71ba0\"},\"headline\":\"MI CID CAMPEADOR\",\"datePublished\":\"2025-06-16T10:02:29+00:00\",\"dateModified\":\"2025-06-16T10:02:50+00:00\",\"mainEntityOfPage\":{\"@id\":\"https:\\\/\\\/elcanillita.info\\\/press\\\/2025\\\/06\\\/16\\\/mi-cid-campeador\\\/\"},\"wordCount\":424,\"publisher\":{\"@id\":\"https:\\\/\\\/elcanillita.info\\\/press\\\/#organization\"},\"image\":{\"@id\":\"https:\\\/\\\/elcanillita.info\\\/press\\\/2025\\\/06\\\/16\\\/mi-cid-campeador\\\/#primaryimage\"},\"thumbnailUrl\":\"https:\\\/\\\/elcanillita.info\\\/press\\\/images\\\/2025\\\/06\\\/cid_400_20250616.png\",\"keywords\":[\"Argentina\",\"Israel\",\"MUNDO\"],\"articleSection\":[\"Actualidad\",\"Argentina\",\"Dolores de La Press\",\"Guerra\",\"Medio Oriente\",\"Politica\",\"Sociedad\"],\"inLanguage\":\"es-AR\"},{\"@type\":\"WebPage\",\"@id\":\"https:\\\/\\\/elcanillita.info\\\/press\\\/2025\\\/06\\\/16\\\/mi-cid-campeador\\\/\",\"url\":\"https:\\\/\\\/elcanillita.info\\\/press\\\/2025\\\/06\\\/16\\\/mi-cid-campeador\\\/\",\"name\":\"MI CID CAMPEADOR - ElCanillita.Info\",\"isPartOf\":{\"@id\":\"https:\\\/\\\/elcanillita.info\\\/press\\\/#website\"},\"primaryImageOfPage\":{\"@id\":\"https:\\\/\\\/elcanillita.info\\\/press\\\/2025\\\/06\\\/16\\\/mi-cid-campeador\\\/#primaryimage\"},\"image\":{\"@id\":\"https:\\\/\\\/elcanillita.info\\\/press\\\/2025\\\/06\\\/16\\\/mi-cid-campeador\\\/#primaryimage\"},\"thumbnailUrl\":\"https:\\\/\\\/elcanillita.info\\\/press\\\/images\\\/2025\\\/06\\\/cid_400_20250616.png\",\"datePublished\":\"2025-06-16T10:02:29+00:00\",\"dateModified\":\"2025-06-16T10:02:50+00:00\",\"inLanguage\":\"es-AR\",\"potentialAction\":[{\"@type\":\"ReadAction\",\"target\":[\"https:\\\/\\\/elcanillita.info\\\/press\\\/2025\\\/06\\\/16\\\/mi-cid-campeador\\\/\"]}]},{\"@type\":\"ImageObject\",\"inLanguage\":\"es-AR\",\"@id\":\"https:\\\/\\\/elcanillita.info\\\/press\\\/2025\\\/06\\\/16\\\/mi-cid-campeador\\\/#primaryimage\",\"url\":\"https:\\\/\\\/elcanillita.info\\\/press\\\/images\\\/2025\\\/06\\\/cid_400_20250616.png\",\"contentUrl\":\"https:\\\/\\\/elcanillita.info\\\/press\\\/images\\\/2025\\\/06\\\/cid_400_20250616.png\",\"width\":400,\"height\":400},{\"@type\":\"WebSite\",\"@id\":\"https:\\\/\\\/elcanillita.info\\\/press\\\/#website\",\"url\":\"https:\\\/\\\/elcanillita.info\\\/press\\\/\",\"name\":\"ElCanillita.Info\",\"description\":\"desde los Apeninos a los Andes\",\"publisher\":{\"@id\":\"https:\\\/\\\/elcanillita.info\\\/press\\\/#organization\"},\"potentialAction\":[{\"@type\":\"SearchAction\",\"target\":{\"@type\":\"EntryPoint\",\"urlTemplate\":\"https:\\\/\\\/elcanillita.info\\\/press\\\/?s={search_term_string}\"},\"query-input\":{\"@type\":\"PropertyValueSpecification\",\"valueRequired\":true,\"valueName\":\"search_term_string\"}}],\"inLanguage\":\"es-AR\"},{\"@type\":\"Organization\",\"@id\":\"https:\\\/\\\/elcanillita.info\\\/press\\\/#organization\",\"name\":\"Guzzo Photos & Graphic Publications\",\"url\":\"https:\\\/\\\/elcanillita.info\\\/press\\\/\",\"logo\":{\"@type\":\"ImageObject\",\"inLanguage\":\"es-AR\",\"@id\":\"https:\\\/\\\/elcanillita.info\\\/press\\\/#\\\/schema\\\/logo\\\/image\\\/\",\"url\":\"https:\\\/\\\/elcanillita.info\\\/press\\\/images\\\/2020\\\/01\\\/cropped-cropped-cropped-elcanillitainfo.png\",\"contentUrl\":\"https:\\\/\\\/elcanillita.info\\\/press\\\/images\\\/2020\\\/01\\\/cropped-cropped-cropped-elcanillitainfo.png\",\"width\":460,\"height\":50,\"caption\":\"Guzzo Photos & Graphic Publications\"},\"image\":{\"@id\":\"https:\\\/\\\/elcanillita.info\\\/press\\\/#\\\/schema\\\/logo\\\/image\\\/\"},\"sameAs\":[\"https:\\\/\\\/ar-ar.facebook.com\\\/ElCanillitainfo-114249515285712\\\/\"]},{\"@type\":\"Person\",\"@id\":\"https:\\\/\\\/elcanillita.info\\\/press\\\/#\\\/schema\\\/person\\\/7fcb79f38045700919f7da6d97e71ba0\",\"name\":\"SalaStampa.eu, world press service\",\"image\":{\"@type\":\"ImageObject\",\"inLanguage\":\"es-AR\",\"@id\":\"https:\\\/\\\/secure.gravatar.com\\\/avatar\\\/c2f0e0d515a107624234994507816ca4724c7199cef73fc8bedebf6931d73888?s=96&d=mm&r=g\",\"url\":\"https:\\\/\\\/secure.gravatar.com\\\/avatar\\\/c2f0e0d515a107624234994507816ca4724c7199cef73fc8bedebf6931d73888?s=96&d=mm&r=g\",\"contentUrl\":\"https:\\\/\\\/secure.gravatar.com\\\/avatar\\\/c2f0e0d515a107624234994507816ca4724c7199cef73fc8bedebf6931d73888?s=96&d=mm&r=g\",\"caption\":\"SalaStampa.eu, world press service\"}}]}<\/script>\n<!-- \/ Yoast SEO plugin. -->","yoast_head_json":{"title":"MI CID CAMPEADOR - ElCanillita.Info","robots":{"index":"index","follow":"follow","max-snippet":"max-snippet:-1","max-image-preview":"max-image-preview:large","max-video-preview":"max-video-preview:-1"},"canonical":"https:\/\/elcanillita.info\/press\/2025\/06\/16\/mi-cid-campeador\/","og_locale":"es_ES","og_type":"article","og_title":"MI CID CAMPEADOR - ElCanillita.Info","og_description":"\ud83c\udfa9 \u201cDios, qu\u00e9 buen vasallo ser\u00eda, si tuviese buen se\u00f1or\u201d \u2014 El Cantar de mio Cid","og_url":"https:\/\/elcanillita.info\/press\/2025\/06\/16\/mi-cid-campeador\/","og_site_name":"ElCanillita.Info","article_publisher":"https:\/\/ar-ar.facebook.com\/ElCanillitainfo-114249515285712\/","article_published_time":"2025-06-16T10:02:29+00:00","article_modified_time":"2025-06-16T10:02:50+00:00","og_image":[{"width":400,"height":400,"url":"https:\/\/elcanillita.info\/press\/images\/2025\/06\/cid_400_20250616.png","type":"image\/png"}],"author":"SalaStampa.eu, world press service","twitter_card":"summary_large_image","twitter_misc":{"Escrito por":"SalaStampa.eu, world press service","Tiempo de lectura":"3 minutos"},"schema":{"@context":"https:\/\/schema.org","@graph":[{"@type":"Article","@id":"https:\/\/elcanillita.info\/press\/2025\/06\/16\/mi-cid-campeador\/#article","isPartOf":{"@id":"https:\/\/elcanillita.info\/press\/2025\/06\/16\/mi-cid-campeador\/"},"author":{"name":"SalaStampa.eu, world press service","@id":"https:\/\/elcanillita.info\/press\/#\/schema\/person\/7fcb79f38045700919f7da6d97e71ba0"},"headline":"MI CID CAMPEADOR","datePublished":"2025-06-16T10:02:29+00:00","dateModified":"2025-06-16T10:02:50+00:00","mainEntityOfPage":{"@id":"https:\/\/elcanillita.info\/press\/2025\/06\/16\/mi-cid-campeador\/"},"wordCount":424,"publisher":{"@id":"https:\/\/elcanillita.info\/press\/#organization"},"image":{"@id":"https:\/\/elcanillita.info\/press\/2025\/06\/16\/mi-cid-campeador\/#primaryimage"},"thumbnailUrl":"https:\/\/elcanillita.info\/press\/images\/2025\/06\/cid_400_20250616.png","keywords":["Argentina","Israel","MUNDO"],"articleSection":["Actualidad","Argentina","Dolores de La Press","Guerra","Medio Oriente","Politica","Sociedad"],"inLanguage":"es-AR"},{"@type":"WebPage","@id":"https:\/\/elcanillita.info\/press\/2025\/06\/16\/mi-cid-campeador\/","url":"https:\/\/elcanillita.info\/press\/2025\/06\/16\/mi-cid-campeador\/","name":"MI CID CAMPEADOR - ElCanillita.Info","isPartOf":{"@id":"https:\/\/elcanillita.info\/press\/#website"},"primaryImageOfPage":{"@id":"https:\/\/elcanillita.info\/press\/2025\/06\/16\/mi-cid-campeador\/#primaryimage"},"image":{"@id":"https:\/\/elcanillita.info\/press\/2025\/06\/16\/mi-cid-campeador\/#primaryimage"},"thumbnailUrl":"https:\/\/elcanillita.info\/press\/images\/2025\/06\/cid_400_20250616.png","datePublished":"2025-06-16T10:02:29+00:00","dateModified":"2025-06-16T10:02:50+00:00","inLanguage":"es-AR","potentialAction":[{"@type":"ReadAction","target":["https:\/\/elcanillita.info\/press\/2025\/06\/16\/mi-cid-campeador\/"]}]},{"@type":"ImageObject","inLanguage":"es-AR","@id":"https:\/\/elcanillita.info\/press\/2025\/06\/16\/mi-cid-campeador\/#primaryimage","url":"https:\/\/elcanillita.info\/press\/images\/2025\/06\/cid_400_20250616.png","contentUrl":"https:\/\/elcanillita.info\/press\/images\/2025\/06\/cid_400_20250616.png","width":400,"height":400},{"@type":"WebSite","@id":"https:\/\/elcanillita.info\/press\/#website","url":"https:\/\/elcanillita.info\/press\/","name":"ElCanillita.Info","description":"desde los Apeninos a los Andes","publisher":{"@id":"https:\/\/elcanillita.info\/press\/#organization"},"potentialAction":[{"@type":"SearchAction","target":{"@type":"EntryPoint","urlTemplate":"https:\/\/elcanillita.info\/press\/?s={search_term_string}"},"query-input":{"@type":"PropertyValueSpecification","valueRequired":true,"valueName":"search_term_string"}}],"inLanguage":"es-AR"},{"@type":"Organization","@id":"https:\/\/elcanillita.info\/press\/#organization","name":"Guzzo Photos & Graphic Publications","url":"https:\/\/elcanillita.info\/press\/","logo":{"@type":"ImageObject","inLanguage":"es-AR","@id":"https:\/\/elcanillita.info\/press\/#\/schema\/logo\/image\/","url":"https:\/\/elcanillita.info\/press\/images\/2020\/01\/cropped-cropped-cropped-elcanillitainfo.png","contentUrl":"https:\/\/elcanillita.info\/press\/images\/2020\/01\/cropped-cropped-cropped-elcanillitainfo.png","width":460,"height":50,"caption":"Guzzo Photos & Graphic Publications"},"image":{"@id":"https:\/\/elcanillita.info\/press\/#\/schema\/logo\/image\/"},"sameAs":["https:\/\/ar-ar.facebook.com\/ElCanillitainfo-114249515285712\/"]},{"@type":"Person","@id":"https:\/\/elcanillita.info\/press\/#\/schema\/person\/7fcb79f38045700919f7da6d97e71ba0","name":"SalaStampa.eu, world press service","image":{"@type":"ImageObject","inLanguage":"es-AR","@id":"https:\/\/secure.gravatar.com\/avatar\/c2f0e0d515a107624234994507816ca4724c7199cef73fc8bedebf6931d73888?s=96&d=mm&r=g","url":"https:\/\/secure.gravatar.com\/avatar\/c2f0e0d515a107624234994507816ca4724c7199cef73fc8bedebf6931d73888?s=96&d=mm&r=g","contentUrl":"https:\/\/secure.gravatar.com\/avatar\/c2f0e0d515a107624234994507816ca4724c7199cef73fc8bedebf6931d73888?s=96&d=mm&r=g","caption":"SalaStampa.eu, world press service"}}]}},"views":186,"_links":{"self":[{"href":"https:\/\/elcanillita.info\/press\/wp-json\/wp\/v2\/posts\/4891","targetHints":{"allow":["GET"]}}],"collection":[{"href":"https:\/\/elcanillita.info\/press\/wp-json\/wp\/v2\/posts"}],"about":[{"href":"https:\/\/elcanillita.info\/press\/wp-json\/wp\/v2\/types\/post"}],"author":[{"embeddable":true,"href":"https:\/\/elcanillita.info\/press\/wp-json\/wp\/v2\/users\/1"}],"replies":[{"embeddable":true,"href":"https:\/\/elcanillita.info\/press\/wp-json\/wp\/v2\/comments?post=4891"}],"version-history":[{"count":0,"href":"https:\/\/elcanillita.info\/press\/wp-json\/wp\/v2\/posts\/4891\/revisions"}],"wp:featuredmedia":[{"embeddable":true,"href":"https:\/\/elcanillita.info\/press\/wp-json\/wp\/v2\/media\/4892"}],"wp:attachment":[{"href":"https:\/\/elcanillita.info\/press\/wp-json\/wp\/v2\/media?parent=4891"}],"wp:term":[{"taxonomy":"category","embeddable":true,"href":"https:\/\/elcanillita.info\/press\/wp-json\/wp\/v2\/categories?post=4891"},{"taxonomy":"post_tag","embeddable":true,"href":"https:\/\/elcanillita.info\/press\/wp-json\/wp\/v2\/tags?post=4891"}],"curies":[{"name":"wp","href":"https:\/\/api.w.org\/{rel}","templated":true}]}}