{"id":4853,"date":"2025-06-13T05:16:30","date_gmt":"2025-06-13T08:16:30","guid":{"rendered":"https:\/\/elcanillita.info\/press\/?p=4853"},"modified":"2025-06-13T05:21:08","modified_gmt":"2025-06-13T08:21:08","slug":"%f0%9f%a9%ba-el-pais-se-cura-en-dolares-pero-enferma-en-la-esquina","status":"publish","type":"post","link":"https:\/\/elcanillita.info\/press\/2025\/06\/13\/%f0%9f%a9%ba-el-pais-se-cura-en-dolares-pero-enferma-en-la-esquina\/","title":{"rendered":"\ud83e\ude7a El pa\u00eds se cura en d\u00f3lares, pero enferma en la esquina"},"content":{"rendered":"<div class=\"wp-block-image\">\n<figure class=\"alignleft size-full is-resized\"><img loading=\"lazy\" decoding=\"async\" width=\"400\" height=\"600\" src=\"https:\/\/elcanillita.info\/press\/images\/2025\/06\/pibe.png\" alt=\"\" class=\"wp-image-4854\" style=\"width:313px;height:auto\" srcset=\"https:\/\/elcanillita.info\/press\/images\/2025\/06\/pibe.png 400w, https:\/\/elcanillita.info\/press\/images\/2025\/06\/pibe-200x300.png 200w\" sizes=\"auto, (max-width: 400px) 100vw, 400px\" \/><\/figure>\n<\/div>\n\n\n<p><strong>ElCanillita.info<\/strong><br>Argentina, 13\/06\/2025<br><br>Por Felix Inkstone \u2014 Especial para ElCanillita.info<\/p>\n\n\n\n<p>La portada del diario Los Andes de Mendoza parece un parte m\u00e9dico de hospital p\u00fablico sin insumos.<br>Pero es m\u00e1s grave: no se trata de pacientes aislados, sino de toda una generaci\u00f3n en estado de abandono.<\/p>\n\n\n\n<p>Titular 1: Trabajo infantil en Mendoza: m\u00e1s chicos en venta ambulante, como limpiavidrios o en elaboraci\u00f3n de alimentos.<br>Titular 2: Advierten que la alimentaci\u00f3n es cada vez peor en los barrios vulnerables.<br>Titular 3: Llegan cuadros m\u00e1s graves y resurgen enfermedades de la pobreza.<\/p>\n\n\n\n<p>No es un informe de la OMS. No es un bolet\u00edn de C\u00e1ritas. Es un diario centenario que dice: ac\u00e1 se est\u00e1 cayendo el sistema.<\/p>\n\n\n\n<p>Y mientras tanto, la pol\u00edtica gira.<br>Gira en d\u00f3lares, gira en tours, gira en redes.<br>Gira tanto que pierde el equilibrio.<br>Porque para algunos, el \u00fanico pa\u00eds real es el que aparece en la pantalla del celular.<\/p>\n\n\n\n<p>El resto \u2014el que huele a grasa rancia, a zanja estancada, a mercader\u00eda vencida en comedores barriales\u2014 ese pa\u00eds no cotiza. No emociona. No conviene.<\/p>\n\n\n\n<p>Y sin embargo, ah\u00ed est\u00e1n:<\/p>\n\n\n\n<blockquote class=\"wp-block-quote is-layout-flow wp-block-quote-is-layout-flow\">\n<p>Los ni\u00f1os con la infancia agujereada como suelas viejas.<\/p>\n<\/blockquote>\n\n\n\n<blockquote class=\"wp-block-quote is-layout-flow wp-block-quote-is-layout-flow\">\n<p>Las madres que estiran arroz con leche aguado como si fuera receta gourmet.<\/p>\n<\/blockquote>\n\n\n\n<blockquote class=\"wp-block-quote is-layout-flow wp-block-quote-is-layout-flow\">\n<p>Los m\u00e9dicos que miran con bronca c\u00f3mo vuelve el sarampi\u00f3n, la tuberculosis y el hambre con nombre nuevo.<\/p>\n<\/blockquote>\n\n\n\n<p>\u00bfLa novedad?<br>Que el diagn\u00f3stico lo da la prensa seria, no la militancia.<br>Y que las recetas est\u00e1n, pero no llegan.<br>Porque el pa\u00eds oficial habla en ingl\u00e9s.<br>Y el pa\u00eds real tose en espa\u00f1ol.<\/p>\n\n\n\n<p><small>\u00a92025 Felix Inkstone &#8211; All Rights Reserved<br>Copyright \u00a9 2025 ElCanillita.info \/ BlogDiario.info \/SalaStampa.eu, world press service<br>Guzzo Photos &amp; Graphic Publications \u2013 Registro Editori e Stampatori n. 1441 Turin, Italy<\/small><\/p>\n\n\n\n<p><\/p>\n","protected":false},"excerpt":{"rendered":"<p>La portada del diario Los Andes de Mendoza parece un parte m\u00e9dico de hospital p\u00fablico sin insumos.<\/p>\n","protected":false},"author":1,"featured_media":4855,"comment_status":"closed","ping_status":"closed","sticky":false,"template":"","format":"standard","meta":{"footnotes":"","_links_to":"","_links_to_target":""},"categories":[108,121,70,11,123,126,20,23,130,25],"tags":[],"class_list":["post-4853","post","type-post","status-publish","format-standard","has-post-thumbnail","hentry","category-blogdiario","category-dc24","category-actualidad","category-america-del-sur","category-argentina","category-dolores-de-la-press","category-economia","category-politica","category-reportero-de-dinero","category-sociedad","entry","double"],"yoast_head":"<!-- This site is optimized with the Yoast SEO plugin v27.4 - https:\/\/yoast.com\/product\/yoast-seo-wordpress\/ -->\n<title>\ud83e\ude7a El pa\u00eds se cura en d\u00f3lares, pero enferma en la esquina - ElCanillita.Info<\/title>\n<meta name=\"robots\" content=\"index, follow, max-snippet:-1, max-image-preview:large, max-video-preview:-1\" \/>\n<link rel=\"canonical\" href=\"https:\/\/elcanillita.info\/press\/2025\/06\/13\/\ud83e\ude7a-el-pais-se-cura-en-dolares-pero-enferma-en-la-esquina\/\" \/>\n<meta property=\"og:locale\" content=\"es_ES\" \/>\n<meta property=\"og:type\" content=\"article\" \/>\n<meta property=\"og:title\" content=\"\ud83e\ude7a El pa\u00eds se cura en d\u00f3lares, pero enferma en la esquina - ElCanillita.Info\" \/>\n<meta property=\"og:description\" content=\"La portada del diario Los Andes de Mendoza parece un parte m\u00e9dico de hospital p\u00fablico sin insumos.\" \/>\n<meta property=\"og:url\" content=\"https:\/\/elcanillita.info\/press\/2025\/06\/13\/\ud83e\ude7a-el-pais-se-cura-en-dolares-pero-enferma-en-la-esquina\/\" \/>\n<meta property=\"og:site_name\" content=\"ElCanillita.Info\" \/>\n<meta property=\"article:publisher\" content=\"https:\/\/ar-ar.facebook.com\/ElCanillitainfo-114249515285712\/\" \/>\n<meta property=\"article:published_time\" content=\"2025-06-13T08:16:30+00:00\" \/>\n<meta property=\"article:modified_time\" content=\"2025-06-13T08:21:08+00:00\" \/>\n<meta property=\"og:image\" content=\"https:\/\/elcanillita.info\/press\/images\/2025\/06\/pibe_hhh.png\" \/>\n\t<meta property=\"og:image:width\" content=\"500\" \/>\n\t<meta property=\"og:image:height\" content=\"334\" \/>\n\t<meta property=\"og:image:type\" content=\"image\/png\" \/>\n<meta name=\"author\" content=\"SalaStampa.eu, world press service\" \/>\n<meta name=\"twitter:card\" content=\"summary_large_image\" \/>\n<meta name=\"twitter:label1\" content=\"Escrito por\" \/>\n\t<meta name=\"twitter:data1\" content=\"SalaStampa.eu, world press service\" \/>\n\t<meta name=\"twitter:label2\" content=\"Tiempo de lectura\" \/>\n\t<meta name=\"twitter:data2\" content=\"2 minutos\" \/>\n<script type=\"application\/ld+json\" class=\"yoast-schema-graph\">{\"@context\":\"https:\\\/\\\/schema.org\",\"@graph\":[{\"@type\":\"Article\",\"@id\":\"https:\\\/\\\/elcanillita.info\\\/press\\\/2025\\\/06\\\/13\\\/%f0%9f%a9%ba-el-pais-se-cura-en-dolares-pero-enferma-en-la-esquina\\\/#article\",\"isPartOf\":{\"@id\":\"https:\\\/\\\/elcanillita.info\\\/press\\\/2025\\\/06\\\/13\\\/%f0%9f%a9%ba-el-pais-se-cura-en-dolares-pero-enferma-en-la-esquina\\\/\"},\"author\":{\"name\":\"SalaStampa.eu, world press service\",\"@id\":\"https:\\\/\\\/elcanillita.info\\\/press\\\/#\\\/schema\\\/person\\\/7fcb79f38045700919f7da6d97e71ba0\"},\"headline\":\"\ud83e\ude7a El pa\u00eds se cura en d\u00f3lares, pero enferma en la esquina\",\"datePublished\":\"2025-06-13T08:16:30+00:00\",\"dateModified\":\"2025-06-13T08:21:08+00:00\",\"mainEntityOfPage\":{\"@id\":\"https:\\\/\\\/elcanillita.info\\\/press\\\/2025\\\/06\\\/13\\\/%f0%9f%a9%ba-el-pais-se-cura-en-dolares-pero-enferma-en-la-esquina\\\/\"},\"wordCount\":319,\"publisher\":{\"@id\":\"https:\\\/\\\/elcanillita.info\\\/press\\\/#organization\"},\"image\":{\"@id\":\"https:\\\/\\\/elcanillita.info\\\/press\\\/2025\\\/06\\\/13\\\/%f0%9f%a9%ba-el-pais-se-cura-en-dolares-pero-enferma-en-la-esquina\\\/#primaryimage\"},\"thumbnailUrl\":\"https:\\\/\\\/elcanillita.info\\\/press\\\/images\\\/2025\\\/06\\\/pibe_hhh.png\",\"articleSection\":[\".\",\".\",\"Actualidad\",\"Am\u00e9rica del Sur\",\"Argentina\",\"Dolores de La Press\",\"Economia\",\"Politica\",\"Reportero de dinero\",\"Sociedad\"],\"inLanguage\":\"es-AR\"},{\"@type\":\"WebPage\",\"@id\":\"https:\\\/\\\/elcanillita.info\\\/press\\\/2025\\\/06\\\/13\\\/%f0%9f%a9%ba-el-pais-se-cura-en-dolares-pero-enferma-en-la-esquina\\\/\",\"url\":\"https:\\\/\\\/elcanillita.info\\\/press\\\/2025\\\/06\\\/13\\\/%f0%9f%a9%ba-el-pais-se-cura-en-dolares-pero-enferma-en-la-esquina\\\/\",\"name\":\"\ud83e\ude7a El pa\u00eds se cura en d\u00f3lares, pero enferma en la esquina - ElCanillita.Info\",\"isPartOf\":{\"@id\":\"https:\\\/\\\/elcanillita.info\\\/press\\\/#website\"},\"primaryImageOfPage\":{\"@id\":\"https:\\\/\\\/elcanillita.info\\\/press\\\/2025\\\/06\\\/13\\\/%f0%9f%a9%ba-el-pais-se-cura-en-dolares-pero-enferma-en-la-esquina\\\/#primaryimage\"},\"image\":{\"@id\":\"https:\\\/\\\/elcanillita.info\\\/press\\\/2025\\\/06\\\/13\\\/%f0%9f%a9%ba-el-pais-se-cura-en-dolares-pero-enferma-en-la-esquina\\\/#primaryimage\"},\"thumbnailUrl\":\"https:\\\/\\\/elcanillita.info\\\/press\\\/images\\\/2025\\\/06\\\/pibe_hhh.png\",\"datePublished\":\"2025-06-13T08:16:30+00:00\",\"dateModified\":\"2025-06-13T08:21:08+00:00\",\"inLanguage\":\"es-AR\",\"potentialAction\":[{\"@type\":\"ReadAction\",\"target\":[\"https:\\\/\\\/elcanillita.info\\\/press\\\/2025\\\/06\\\/13\\\/%f0%9f%a9%ba-el-pais-se-cura-en-dolares-pero-enferma-en-la-esquina\\\/\"]}]},{\"@type\":\"ImageObject\",\"inLanguage\":\"es-AR\",\"@id\":\"https:\\\/\\\/elcanillita.info\\\/press\\\/2025\\\/06\\\/13\\\/%f0%9f%a9%ba-el-pais-se-cura-en-dolares-pero-enferma-en-la-esquina\\\/#primaryimage\",\"url\":\"https:\\\/\\\/elcanillita.info\\\/press\\\/images\\\/2025\\\/06\\\/pibe_hhh.png\",\"contentUrl\":\"https:\\\/\\\/elcanillita.info\\\/press\\\/images\\\/2025\\\/06\\\/pibe_hhh.png\",\"width\":500,\"height\":334},{\"@type\":\"WebSite\",\"@id\":\"https:\\\/\\\/elcanillita.info\\\/press\\\/#website\",\"url\":\"https:\\\/\\\/elcanillita.info\\\/press\\\/\",\"name\":\"ElCanillita.Info\",\"description\":\"desde los Apeninos a los Andes\",\"publisher\":{\"@id\":\"https:\\\/\\\/elcanillita.info\\\/press\\\/#organization\"},\"potentialAction\":[{\"@type\":\"SearchAction\",\"target\":{\"@type\":\"EntryPoint\",\"urlTemplate\":\"https:\\\/\\\/elcanillita.info\\\/press\\\/?s={search_term_string}\"},\"query-input\":{\"@type\":\"PropertyValueSpecification\",\"valueRequired\":true,\"valueName\":\"search_term_string\"}}],\"inLanguage\":\"es-AR\"},{\"@type\":\"Organization\",\"@id\":\"https:\\\/\\\/elcanillita.info\\\/press\\\/#organization\",\"name\":\"Guzzo Photos & Graphic Publications\",\"url\":\"https:\\\/\\\/elcanillita.info\\\/press\\\/\",\"logo\":{\"@type\":\"ImageObject\",\"inLanguage\":\"es-AR\",\"@id\":\"https:\\\/\\\/elcanillita.info\\\/press\\\/#\\\/schema\\\/logo\\\/image\\\/\",\"url\":\"https:\\\/\\\/elcanillita.info\\\/press\\\/images\\\/2020\\\/01\\\/cropped-cropped-cropped-elcanillitainfo.png\",\"contentUrl\":\"https:\\\/\\\/elcanillita.info\\\/press\\\/images\\\/2020\\\/01\\\/cropped-cropped-cropped-elcanillitainfo.png\",\"width\":460,\"height\":50,\"caption\":\"Guzzo Photos & Graphic Publications\"},\"image\":{\"@id\":\"https:\\\/\\\/elcanillita.info\\\/press\\\/#\\\/schema\\\/logo\\\/image\\\/\"},\"sameAs\":[\"https:\\\/\\\/ar-ar.facebook.com\\\/ElCanillitainfo-114249515285712\\\/\"]},{\"@type\":\"Person\",\"@id\":\"https:\\\/\\\/elcanillita.info\\\/press\\\/#\\\/schema\\\/person\\\/7fcb79f38045700919f7da6d97e71ba0\",\"name\":\"SalaStampa.eu, world press service\",\"image\":{\"@type\":\"ImageObject\",\"inLanguage\":\"es-AR\",\"@id\":\"https:\\\/\\\/secure.gravatar.com\\\/avatar\\\/c2f0e0d515a107624234994507816ca4724c7199cef73fc8bedebf6931d73888?s=96&d=mm&r=g\",\"url\":\"https:\\\/\\\/secure.gravatar.com\\\/avatar\\\/c2f0e0d515a107624234994507816ca4724c7199cef73fc8bedebf6931d73888?s=96&d=mm&r=g\",\"contentUrl\":\"https:\\\/\\\/secure.gravatar.com\\\/avatar\\\/c2f0e0d515a107624234994507816ca4724c7199cef73fc8bedebf6931d73888?s=96&d=mm&r=g\",\"caption\":\"SalaStampa.eu, world press service\"}}]}<\/script>\n<!-- \/ Yoast SEO plugin. -->","yoast_head_json":{"title":"\ud83e\ude7a El pa\u00eds se cura en d\u00f3lares, pero enferma en la esquina - ElCanillita.Info","robots":{"index":"index","follow":"follow","max-snippet":"max-snippet:-1","max-image-preview":"max-image-preview:large","max-video-preview":"max-video-preview:-1"},"canonical":"https:\/\/elcanillita.info\/press\/2025\/06\/13\/\ud83e\ude7a-el-pais-se-cura-en-dolares-pero-enferma-en-la-esquina\/","og_locale":"es_ES","og_type":"article","og_title":"\ud83e\ude7a El pa\u00eds se cura en d\u00f3lares, pero enferma en la esquina - ElCanillita.Info","og_description":"La portada del diario Los Andes de Mendoza parece un parte m\u00e9dico de hospital p\u00fablico sin insumos.","og_url":"https:\/\/elcanillita.info\/press\/2025\/06\/13\/\ud83e\ude7a-el-pais-se-cura-en-dolares-pero-enferma-en-la-esquina\/","og_site_name":"ElCanillita.Info","article_publisher":"https:\/\/ar-ar.facebook.com\/ElCanillitainfo-114249515285712\/","article_published_time":"2025-06-13T08:16:30+00:00","article_modified_time":"2025-06-13T08:21:08+00:00","og_image":[{"width":500,"height":334,"url":"https:\/\/elcanillita.info\/press\/images\/2025\/06\/pibe_hhh.png","type":"image\/png"}],"author":"SalaStampa.eu, world press service","twitter_card":"summary_large_image","twitter_misc":{"Escrito por":"SalaStampa.eu, world press service","Tiempo de lectura":"2 minutos"},"schema":{"@context":"https:\/\/schema.org","@graph":[{"@type":"Article","@id":"https:\/\/elcanillita.info\/press\/2025\/06\/13\/%f0%9f%a9%ba-el-pais-se-cura-en-dolares-pero-enferma-en-la-esquina\/#article","isPartOf":{"@id":"https:\/\/elcanillita.info\/press\/2025\/06\/13\/%f0%9f%a9%ba-el-pais-se-cura-en-dolares-pero-enferma-en-la-esquina\/"},"author":{"name":"SalaStampa.eu, world press service","@id":"https:\/\/elcanillita.info\/press\/#\/schema\/person\/7fcb79f38045700919f7da6d97e71ba0"},"headline":"\ud83e\ude7a El pa\u00eds se cura en d\u00f3lares, pero enferma en la esquina","datePublished":"2025-06-13T08:16:30+00:00","dateModified":"2025-06-13T08:21:08+00:00","mainEntityOfPage":{"@id":"https:\/\/elcanillita.info\/press\/2025\/06\/13\/%f0%9f%a9%ba-el-pais-se-cura-en-dolares-pero-enferma-en-la-esquina\/"},"wordCount":319,"publisher":{"@id":"https:\/\/elcanillita.info\/press\/#organization"},"image":{"@id":"https:\/\/elcanillita.info\/press\/2025\/06\/13\/%f0%9f%a9%ba-el-pais-se-cura-en-dolares-pero-enferma-en-la-esquina\/#primaryimage"},"thumbnailUrl":"https:\/\/elcanillita.info\/press\/images\/2025\/06\/pibe_hhh.png","articleSection":[".",".","Actualidad","Am\u00e9rica del Sur","Argentina","Dolores de La Press","Economia","Politica","Reportero de dinero","Sociedad"],"inLanguage":"es-AR"},{"@type":"WebPage","@id":"https:\/\/elcanillita.info\/press\/2025\/06\/13\/%f0%9f%a9%ba-el-pais-se-cura-en-dolares-pero-enferma-en-la-esquina\/","url":"https:\/\/elcanillita.info\/press\/2025\/06\/13\/%f0%9f%a9%ba-el-pais-se-cura-en-dolares-pero-enferma-en-la-esquina\/","name":"\ud83e\ude7a El pa\u00eds se cura en d\u00f3lares, pero enferma en la esquina - ElCanillita.Info","isPartOf":{"@id":"https:\/\/elcanillita.info\/press\/#website"},"primaryImageOfPage":{"@id":"https:\/\/elcanillita.info\/press\/2025\/06\/13\/%f0%9f%a9%ba-el-pais-se-cura-en-dolares-pero-enferma-en-la-esquina\/#primaryimage"},"image":{"@id":"https:\/\/elcanillita.info\/press\/2025\/06\/13\/%f0%9f%a9%ba-el-pais-se-cura-en-dolares-pero-enferma-en-la-esquina\/#primaryimage"},"thumbnailUrl":"https:\/\/elcanillita.info\/press\/images\/2025\/06\/pibe_hhh.png","datePublished":"2025-06-13T08:16:30+00:00","dateModified":"2025-06-13T08:21:08+00:00","inLanguage":"es-AR","potentialAction":[{"@type":"ReadAction","target":["https:\/\/elcanillita.info\/press\/2025\/06\/13\/%f0%9f%a9%ba-el-pais-se-cura-en-dolares-pero-enferma-en-la-esquina\/"]}]},{"@type":"ImageObject","inLanguage":"es-AR","@id":"https:\/\/elcanillita.info\/press\/2025\/06\/13\/%f0%9f%a9%ba-el-pais-se-cura-en-dolares-pero-enferma-en-la-esquina\/#primaryimage","url":"https:\/\/elcanillita.info\/press\/images\/2025\/06\/pibe_hhh.png","contentUrl":"https:\/\/elcanillita.info\/press\/images\/2025\/06\/pibe_hhh.png","width":500,"height":334},{"@type":"WebSite","@id":"https:\/\/elcanillita.info\/press\/#website","url":"https:\/\/elcanillita.info\/press\/","name":"ElCanillita.Info","description":"desde los Apeninos a los Andes","publisher":{"@id":"https:\/\/elcanillita.info\/press\/#organization"},"potentialAction":[{"@type":"SearchAction","target":{"@type":"EntryPoint","urlTemplate":"https:\/\/elcanillita.info\/press\/?s={search_term_string}"},"query-input":{"@type":"PropertyValueSpecification","valueRequired":true,"valueName":"search_term_string"}}],"inLanguage":"es-AR"},{"@type":"Organization","@id":"https:\/\/elcanillita.info\/press\/#organization","name":"Guzzo Photos & Graphic Publications","url":"https:\/\/elcanillita.info\/press\/","logo":{"@type":"ImageObject","inLanguage":"es-AR","@id":"https:\/\/elcanillita.info\/press\/#\/schema\/logo\/image\/","url":"https:\/\/elcanillita.info\/press\/images\/2020\/01\/cropped-cropped-cropped-elcanillitainfo.png","contentUrl":"https:\/\/elcanillita.info\/press\/images\/2020\/01\/cropped-cropped-cropped-elcanillitainfo.png","width":460,"height":50,"caption":"Guzzo Photos & Graphic Publications"},"image":{"@id":"https:\/\/elcanillita.info\/press\/#\/schema\/logo\/image\/"},"sameAs":["https:\/\/ar-ar.facebook.com\/ElCanillitainfo-114249515285712\/"]},{"@type":"Person","@id":"https:\/\/elcanillita.info\/press\/#\/schema\/person\/7fcb79f38045700919f7da6d97e71ba0","name":"SalaStampa.eu, world press service","image":{"@type":"ImageObject","inLanguage":"es-AR","@id":"https:\/\/secure.gravatar.com\/avatar\/c2f0e0d515a107624234994507816ca4724c7199cef73fc8bedebf6931d73888?s=96&d=mm&r=g","url":"https:\/\/secure.gravatar.com\/avatar\/c2f0e0d515a107624234994507816ca4724c7199cef73fc8bedebf6931d73888?s=96&d=mm&r=g","contentUrl":"https:\/\/secure.gravatar.com\/avatar\/c2f0e0d515a107624234994507816ca4724c7199cef73fc8bedebf6931d73888?s=96&d=mm&r=g","caption":"SalaStampa.eu, world press service"}}]}},"views":648,"_links":{"self":[{"href":"https:\/\/elcanillita.info\/press\/wp-json\/wp\/v2\/posts\/4853","targetHints":{"allow":["GET"]}}],"collection":[{"href":"https:\/\/elcanillita.info\/press\/wp-json\/wp\/v2\/posts"}],"about":[{"href":"https:\/\/elcanillita.info\/press\/wp-json\/wp\/v2\/types\/post"}],"author":[{"embeddable":true,"href":"https:\/\/elcanillita.info\/press\/wp-json\/wp\/v2\/users\/1"}],"replies":[{"embeddable":true,"href":"https:\/\/elcanillita.info\/press\/wp-json\/wp\/v2\/comments?post=4853"}],"version-history":[{"count":0,"href":"https:\/\/elcanillita.info\/press\/wp-json\/wp\/v2\/posts\/4853\/revisions"}],"wp:featuredmedia":[{"embeddable":true,"href":"https:\/\/elcanillita.info\/press\/wp-json\/wp\/v2\/media\/4855"}],"wp:attachment":[{"href":"https:\/\/elcanillita.info\/press\/wp-json\/wp\/v2\/media?parent=4853"}],"wp:term":[{"taxonomy":"category","embeddable":true,"href":"https:\/\/elcanillita.info\/press\/wp-json\/wp\/v2\/categories?post=4853"},{"taxonomy":"post_tag","embeddable":true,"href":"https:\/\/elcanillita.info\/press\/wp-json\/wp\/v2\/tags?post=4853"}],"curies":[{"name":"wp","href":"https:\/\/api.w.org\/{rel}","templated":true}]}}