{"id":4840,"date":"2025-06-12T16:33:28","date_gmt":"2025-06-12T19:33:28","guid":{"rendered":"https:\/\/elcanillita.info\/press\/?p=4840"},"modified":"2025-06-13T05:17:31","modified_gmt":"2025-06-13T08:17:31","slug":"%f0%9f%90%aa-circo-javier","status":"publish","type":"post","link":"https:\/\/elcanillita.info\/press\/2025\/06\/12\/%f0%9f%90%aa-circo-javier\/","title":{"rendered":"\ud83d\udc2a Circo Javier"},"content":{"rendered":"<div class=\"wp-block-image\">\n<figure class=\"alignleft size-full is-resized\"><img loading=\"lazy\" decoding=\"async\" width=\"400\" height=\"600\" src=\"https:\/\/elcanillita.info\/press\/images\/2025\/06\/EditPub_600.png\" alt=\"\" class=\"wp-image-4842\" style=\"width:295px;height:auto\" srcset=\"https:\/\/elcanillita.info\/press\/images\/2025\/06\/EditPub_600.png 400w, https:\/\/elcanillita.info\/press\/images\/2025\/06\/EditPub_600-200x300.png 200w\" sizes=\"auto, (max-width: 400px) 100vw, 400px\" \/><\/figure>\n<\/div>\n\n\n<p><strong>ElCanillita.info<\/strong><br>Israel, 12\/06\/2025<br><br>\u270d\ufe0f <em>Por Lord Patter de Oxbridge \u2014 Especial para ElCanillita.info<\/em><\/p>\n\n\n\n<p>Poco despu\u00e9s de que la Corte Suprema de Justicia argentina dejara firme una condena contra su enemiga eterna \u2014la vice sin despacho Cristina Kirchner\u2014, el presidente Javier Milei arm\u00f3 las valijas para un nuevo acto de su gira global: esta vez, rumbo a Israel.<br>No fue para traer vacunas, ni inversiones, ni acuerdos bilaterales: fue para reafirmar que Dios (el de \u00e9l) est\u00e1 de su lado.<\/p>\n\n\n\n<p>Y como buen n\u00famero de circo, no falt\u00f3 el momento lacrim\u00f3geno: encuentro con familiares de v\u00edctimas de Hamas, con fuerte lazo argentino, y c\u00e1maras listas para captar cada gesto. Estuvieron presentes, entre otros, los familiares de Shiri Silberman Bibas, asesinada junto a sus hijos durante su secuestro. La historia conmueve \u2014porque debe conmover\u2014, pero el contexto desconcierta: \u00bfqui\u00e9n estaba visitando a qui\u00e9n? \u00bfEra un acto de consuelo presidencial o un episodio m\u00e1s de la serie \u201cJavier, el Ungido\u201d?<\/p>\n\n\n\n<p>Mientras Milei abrazaba a los deudos, la inflaci\u00f3n en Argentina segu\u00eda haciendo su trabajo de siempre: comerse suelditos. Pero eso no cab\u00eda en la agenda israel\u00ed del libertario. All\u00e1, entre rezos y discursos, el presidente argentino reafirm\u00f3 su alineamiento con el gobierno de Netanyahu, en un pa\u00eds donde el extremismo tambi\u00e9n tiene cara de oficialismo.<\/p>\n\n\n\n<p>\u00bfQu\u00e9 qued\u00f3 claro?<br>Que en la pol\u00edtica del espect\u00e1culo, el dolor ajeno tambi\u00e9n se puede transformar en libreto. Y que Milei, como buen equilibrista del descontento, no duda en convertir cada viaje en un cap\u00edtulo m\u00e1s de su m\u00edstica prof\u00e9tica: \u00e9l cura, \u00e9l gu\u00eda, \u00e9l juzga. Desde un palco. Con luces. Y una bandera del le\u00f3n de Jud\u00e1 detr\u00e1s.<\/p>\n\n\n\n<p><small>\u00a92025 Lord Patter de Oxbridge &#8211; All Rights Reserved<br>Copyright \u00a9 2025 ElCanillita.info \/ BlogDiario.info \/ SalaStampa.eu, world press service<br>Guzzo Photos &amp; Graphic Publications \u2013 Registro Editori e Stampatori n. 1441 Turin, Italy<\/small><\/p>\n","protected":false},"excerpt":{"rendered":"<p>El viaje a Israel, las v\u00edctimas de Hamas y el show internacional de Milei<\/p>\n","protected":false},"author":1,"featured_media":4841,"comment_status":"closed","ping_status":"closed","sticky":false,"template":"","format":"standard","meta":{"footnotes":"","_links_to":"","_links_to_target":""},"categories":[108,70,11,123,126,20,23,25],"tags":[],"class_list":["post-4840","post","type-post","status-publish","format-standard","has-post-thumbnail","hentry","category-blogdiario","category-actualidad","category-america-del-sur","category-argentina","category-dolores-de-la-press","category-economia","category-politica","category-sociedad","entry","double"],"yoast_head":"<!-- This site is optimized with the Yoast SEO plugin v27.4 - https:\/\/yoast.com\/product\/yoast-seo-wordpress\/ -->\n<title>\ud83d\udc2a Circo Javier - ElCanillita.Info<\/title>\n<meta name=\"robots\" content=\"index, follow, max-snippet:-1, max-image-preview:large, max-video-preview:-1\" \/>\n<link rel=\"canonical\" href=\"https:\/\/elcanillita.info\/press\/2025\/06\/12\/\ud83d\udc2a-circo-javier\/\" \/>\n<meta property=\"og:locale\" content=\"es_ES\" \/>\n<meta property=\"og:type\" content=\"article\" \/>\n<meta property=\"og:title\" content=\"\ud83d\udc2a Circo Javier - ElCanillita.Info\" \/>\n<meta property=\"og:description\" content=\"El viaje a Israel, las v\u00edctimas de Hamas y el show internacional de Milei\" \/>\n<meta property=\"og:url\" content=\"https:\/\/elcanillita.info\/press\/2025\/06\/12\/\ud83d\udc2a-circo-javier\/\" \/>\n<meta property=\"og:site_name\" content=\"ElCanillita.Info\" \/>\n<meta property=\"article:publisher\" content=\"https:\/\/ar-ar.facebook.com\/ElCanillitainfo-114249515285712\/\" \/>\n<meta property=\"article:published_time\" content=\"2025-06-12T19:33:28+00:00\" \/>\n<meta property=\"article:modified_time\" content=\"2025-06-13T08:17:31+00:00\" \/>\n<meta property=\"og:image\" content=\"https:\/\/elcanillita.info\/press\/images\/2025\/06\/EditHHHH_600.png\" \/>\n\t<meta property=\"og:image:width\" content=\"500\" \/>\n\t<meta property=\"og:image:height\" content=\"334\" \/>\n\t<meta property=\"og:image:type\" content=\"image\/png\" \/>\n<meta name=\"author\" content=\"SalaStampa.eu, world press service\" \/>\n<meta name=\"twitter:card\" content=\"summary_large_image\" \/>\n<meta name=\"twitter:label1\" content=\"Escrito por\" \/>\n\t<meta name=\"twitter:data1\" content=\"SalaStampa.eu, world press service\" \/>\n\t<meta name=\"twitter:label2\" content=\"Tiempo de lectura\" \/>\n\t<meta name=\"twitter:data2\" content=\"2 minutos\" \/>\n<script type=\"application\/ld+json\" class=\"yoast-schema-graph\">{\"@context\":\"https:\\\/\\\/schema.org\",\"@graph\":[{\"@type\":\"Article\",\"@id\":\"https:\\\/\\\/elcanillita.info\\\/press\\\/2025\\\/06\\\/12\\\/%f0%9f%90%aa-circo-javier\\\/#article\",\"isPartOf\":{\"@id\":\"https:\\\/\\\/elcanillita.info\\\/press\\\/2025\\\/06\\\/12\\\/%f0%9f%90%aa-circo-javier\\\/\"},\"author\":{\"name\":\"SalaStampa.eu, world press service\",\"@id\":\"https:\\\/\\\/elcanillita.info\\\/press\\\/#\\\/schema\\\/person\\\/7fcb79f38045700919f7da6d97e71ba0\"},\"headline\":\"\ud83d\udc2a Circo Javier\",\"datePublished\":\"2025-06-12T19:33:28+00:00\",\"dateModified\":\"2025-06-13T08:17:31+00:00\",\"mainEntityOfPage\":{\"@id\":\"https:\\\/\\\/elcanillita.info\\\/press\\\/2025\\\/06\\\/12\\\/%f0%9f%90%aa-circo-javier\\\/\"},\"wordCount\":323,\"publisher\":{\"@id\":\"https:\\\/\\\/elcanillita.info\\\/press\\\/#organization\"},\"image\":{\"@id\":\"https:\\\/\\\/elcanillita.info\\\/press\\\/2025\\\/06\\\/12\\\/%f0%9f%90%aa-circo-javier\\\/#primaryimage\"},\"thumbnailUrl\":\"https:\\\/\\\/elcanillita.info\\\/press\\\/images\\\/2025\\\/06\\\/EditHHHH_600.png\",\"articleSection\":[\".\",\"Actualidad\",\"Am\u00e9rica del Sur\",\"Argentina\",\"Dolores de La Press\",\"Economia\",\"Politica\",\"Sociedad\"],\"inLanguage\":\"es-AR\"},{\"@type\":\"WebPage\",\"@id\":\"https:\\\/\\\/elcanillita.info\\\/press\\\/2025\\\/06\\\/12\\\/%f0%9f%90%aa-circo-javier\\\/\",\"url\":\"https:\\\/\\\/elcanillita.info\\\/press\\\/2025\\\/06\\\/12\\\/%f0%9f%90%aa-circo-javier\\\/\",\"name\":\"\ud83d\udc2a Circo Javier - ElCanillita.Info\",\"isPartOf\":{\"@id\":\"https:\\\/\\\/elcanillita.info\\\/press\\\/#website\"},\"primaryImageOfPage\":{\"@id\":\"https:\\\/\\\/elcanillita.info\\\/press\\\/2025\\\/06\\\/12\\\/%f0%9f%90%aa-circo-javier\\\/#primaryimage\"},\"image\":{\"@id\":\"https:\\\/\\\/elcanillita.info\\\/press\\\/2025\\\/06\\\/12\\\/%f0%9f%90%aa-circo-javier\\\/#primaryimage\"},\"thumbnailUrl\":\"https:\\\/\\\/elcanillita.info\\\/press\\\/images\\\/2025\\\/06\\\/EditHHHH_600.png\",\"datePublished\":\"2025-06-12T19:33:28+00:00\",\"dateModified\":\"2025-06-13T08:17:31+00:00\",\"inLanguage\":\"es-AR\",\"potentialAction\":[{\"@type\":\"ReadAction\",\"target\":[\"https:\\\/\\\/elcanillita.info\\\/press\\\/2025\\\/06\\\/12\\\/%f0%9f%90%aa-circo-javier\\\/\"]}]},{\"@type\":\"ImageObject\",\"inLanguage\":\"es-AR\",\"@id\":\"https:\\\/\\\/elcanillita.info\\\/press\\\/2025\\\/06\\\/12\\\/%f0%9f%90%aa-circo-javier\\\/#primaryimage\",\"url\":\"https:\\\/\\\/elcanillita.info\\\/press\\\/images\\\/2025\\\/06\\\/EditHHHH_600.png\",\"contentUrl\":\"https:\\\/\\\/elcanillita.info\\\/press\\\/images\\\/2025\\\/06\\\/EditHHHH_600.png\",\"width\":500,\"height\":334},{\"@type\":\"WebSite\",\"@id\":\"https:\\\/\\\/elcanillita.info\\\/press\\\/#website\",\"url\":\"https:\\\/\\\/elcanillita.info\\\/press\\\/\",\"name\":\"ElCanillita.Info\",\"description\":\"desde los Apeninos a los Andes\",\"publisher\":{\"@id\":\"https:\\\/\\\/elcanillita.info\\\/press\\\/#organization\"},\"potentialAction\":[{\"@type\":\"SearchAction\",\"target\":{\"@type\":\"EntryPoint\",\"urlTemplate\":\"https:\\\/\\\/elcanillita.info\\\/press\\\/?s={search_term_string}\"},\"query-input\":{\"@type\":\"PropertyValueSpecification\",\"valueRequired\":true,\"valueName\":\"search_term_string\"}}],\"inLanguage\":\"es-AR\"},{\"@type\":\"Organization\",\"@id\":\"https:\\\/\\\/elcanillita.info\\\/press\\\/#organization\",\"name\":\"Guzzo Photos & Graphic Publications\",\"url\":\"https:\\\/\\\/elcanillita.info\\\/press\\\/\",\"logo\":{\"@type\":\"ImageObject\",\"inLanguage\":\"es-AR\",\"@id\":\"https:\\\/\\\/elcanillita.info\\\/press\\\/#\\\/schema\\\/logo\\\/image\\\/\",\"url\":\"https:\\\/\\\/elcanillita.info\\\/press\\\/images\\\/2020\\\/01\\\/cropped-cropped-cropped-elcanillitainfo.png\",\"contentUrl\":\"https:\\\/\\\/elcanillita.info\\\/press\\\/images\\\/2020\\\/01\\\/cropped-cropped-cropped-elcanillitainfo.png\",\"width\":460,\"height\":50,\"caption\":\"Guzzo Photos & Graphic Publications\"},\"image\":{\"@id\":\"https:\\\/\\\/elcanillita.info\\\/press\\\/#\\\/schema\\\/logo\\\/image\\\/\"},\"sameAs\":[\"https:\\\/\\\/ar-ar.facebook.com\\\/ElCanillitainfo-114249515285712\\\/\"]},{\"@type\":\"Person\",\"@id\":\"https:\\\/\\\/elcanillita.info\\\/press\\\/#\\\/schema\\\/person\\\/7fcb79f38045700919f7da6d97e71ba0\",\"name\":\"SalaStampa.eu, world press service\",\"image\":{\"@type\":\"ImageObject\",\"inLanguage\":\"es-AR\",\"@id\":\"https:\\\/\\\/secure.gravatar.com\\\/avatar\\\/c2f0e0d515a107624234994507816ca4724c7199cef73fc8bedebf6931d73888?s=96&d=mm&r=g\",\"url\":\"https:\\\/\\\/secure.gravatar.com\\\/avatar\\\/c2f0e0d515a107624234994507816ca4724c7199cef73fc8bedebf6931d73888?s=96&d=mm&r=g\",\"contentUrl\":\"https:\\\/\\\/secure.gravatar.com\\\/avatar\\\/c2f0e0d515a107624234994507816ca4724c7199cef73fc8bedebf6931d73888?s=96&d=mm&r=g\",\"caption\":\"SalaStampa.eu, world press service\"}}]}<\/script>\n<!-- \/ Yoast SEO plugin. -->","yoast_head_json":{"title":"\ud83d\udc2a Circo Javier - ElCanillita.Info","robots":{"index":"index","follow":"follow","max-snippet":"max-snippet:-1","max-image-preview":"max-image-preview:large","max-video-preview":"max-video-preview:-1"},"canonical":"https:\/\/elcanillita.info\/press\/2025\/06\/12\/\ud83d\udc2a-circo-javier\/","og_locale":"es_ES","og_type":"article","og_title":"\ud83d\udc2a Circo Javier - ElCanillita.Info","og_description":"El viaje a Israel, las v\u00edctimas de Hamas y el show internacional de Milei","og_url":"https:\/\/elcanillita.info\/press\/2025\/06\/12\/\ud83d\udc2a-circo-javier\/","og_site_name":"ElCanillita.Info","article_publisher":"https:\/\/ar-ar.facebook.com\/ElCanillitainfo-114249515285712\/","article_published_time":"2025-06-12T19:33:28+00:00","article_modified_time":"2025-06-13T08:17:31+00:00","og_image":[{"width":500,"height":334,"url":"https:\/\/elcanillita.info\/press\/images\/2025\/06\/EditHHHH_600.png","type":"image\/png"}],"author":"SalaStampa.eu, world press service","twitter_card":"summary_large_image","twitter_misc":{"Escrito por":"SalaStampa.eu, world press service","Tiempo de lectura":"2 minutos"},"schema":{"@context":"https:\/\/schema.org","@graph":[{"@type":"Article","@id":"https:\/\/elcanillita.info\/press\/2025\/06\/12\/%f0%9f%90%aa-circo-javier\/#article","isPartOf":{"@id":"https:\/\/elcanillita.info\/press\/2025\/06\/12\/%f0%9f%90%aa-circo-javier\/"},"author":{"name":"SalaStampa.eu, world press service","@id":"https:\/\/elcanillita.info\/press\/#\/schema\/person\/7fcb79f38045700919f7da6d97e71ba0"},"headline":"\ud83d\udc2a Circo Javier","datePublished":"2025-06-12T19:33:28+00:00","dateModified":"2025-06-13T08:17:31+00:00","mainEntityOfPage":{"@id":"https:\/\/elcanillita.info\/press\/2025\/06\/12\/%f0%9f%90%aa-circo-javier\/"},"wordCount":323,"publisher":{"@id":"https:\/\/elcanillita.info\/press\/#organization"},"image":{"@id":"https:\/\/elcanillita.info\/press\/2025\/06\/12\/%f0%9f%90%aa-circo-javier\/#primaryimage"},"thumbnailUrl":"https:\/\/elcanillita.info\/press\/images\/2025\/06\/EditHHHH_600.png","articleSection":[".","Actualidad","Am\u00e9rica del Sur","Argentina","Dolores de La Press","Economia","Politica","Sociedad"],"inLanguage":"es-AR"},{"@type":"WebPage","@id":"https:\/\/elcanillita.info\/press\/2025\/06\/12\/%f0%9f%90%aa-circo-javier\/","url":"https:\/\/elcanillita.info\/press\/2025\/06\/12\/%f0%9f%90%aa-circo-javier\/","name":"\ud83d\udc2a Circo Javier - ElCanillita.Info","isPartOf":{"@id":"https:\/\/elcanillita.info\/press\/#website"},"primaryImageOfPage":{"@id":"https:\/\/elcanillita.info\/press\/2025\/06\/12\/%f0%9f%90%aa-circo-javier\/#primaryimage"},"image":{"@id":"https:\/\/elcanillita.info\/press\/2025\/06\/12\/%f0%9f%90%aa-circo-javier\/#primaryimage"},"thumbnailUrl":"https:\/\/elcanillita.info\/press\/images\/2025\/06\/EditHHHH_600.png","datePublished":"2025-06-12T19:33:28+00:00","dateModified":"2025-06-13T08:17:31+00:00","inLanguage":"es-AR","potentialAction":[{"@type":"ReadAction","target":["https:\/\/elcanillita.info\/press\/2025\/06\/12\/%f0%9f%90%aa-circo-javier\/"]}]},{"@type":"ImageObject","inLanguage":"es-AR","@id":"https:\/\/elcanillita.info\/press\/2025\/06\/12\/%f0%9f%90%aa-circo-javier\/#primaryimage","url":"https:\/\/elcanillita.info\/press\/images\/2025\/06\/EditHHHH_600.png","contentUrl":"https:\/\/elcanillita.info\/press\/images\/2025\/06\/EditHHHH_600.png","width":500,"height":334},{"@type":"WebSite","@id":"https:\/\/elcanillita.info\/press\/#website","url":"https:\/\/elcanillita.info\/press\/","name":"ElCanillita.Info","description":"desde los Apeninos a los Andes","publisher":{"@id":"https:\/\/elcanillita.info\/press\/#organization"},"potentialAction":[{"@type":"SearchAction","target":{"@type":"EntryPoint","urlTemplate":"https:\/\/elcanillita.info\/press\/?s={search_term_string}"},"query-input":{"@type":"PropertyValueSpecification","valueRequired":true,"valueName":"search_term_string"}}],"inLanguage":"es-AR"},{"@type":"Organization","@id":"https:\/\/elcanillita.info\/press\/#organization","name":"Guzzo Photos & Graphic Publications","url":"https:\/\/elcanillita.info\/press\/","logo":{"@type":"ImageObject","inLanguage":"es-AR","@id":"https:\/\/elcanillita.info\/press\/#\/schema\/logo\/image\/","url":"https:\/\/elcanillita.info\/press\/images\/2020\/01\/cropped-cropped-cropped-elcanillitainfo.png","contentUrl":"https:\/\/elcanillita.info\/press\/images\/2020\/01\/cropped-cropped-cropped-elcanillitainfo.png","width":460,"height":50,"caption":"Guzzo Photos & Graphic Publications"},"image":{"@id":"https:\/\/elcanillita.info\/press\/#\/schema\/logo\/image\/"},"sameAs":["https:\/\/ar-ar.facebook.com\/ElCanillitainfo-114249515285712\/"]},{"@type":"Person","@id":"https:\/\/elcanillita.info\/press\/#\/schema\/person\/7fcb79f38045700919f7da6d97e71ba0","name":"SalaStampa.eu, world press service","image":{"@type":"ImageObject","inLanguage":"es-AR","@id":"https:\/\/secure.gravatar.com\/avatar\/c2f0e0d515a107624234994507816ca4724c7199cef73fc8bedebf6931d73888?s=96&d=mm&r=g","url":"https:\/\/secure.gravatar.com\/avatar\/c2f0e0d515a107624234994507816ca4724c7199cef73fc8bedebf6931d73888?s=96&d=mm&r=g","contentUrl":"https:\/\/secure.gravatar.com\/avatar\/c2f0e0d515a107624234994507816ca4724c7199cef73fc8bedebf6931d73888?s=96&d=mm&r=g","caption":"SalaStampa.eu, world press service"}}]}},"views":668,"_links":{"self":[{"href":"https:\/\/elcanillita.info\/press\/wp-json\/wp\/v2\/posts\/4840","targetHints":{"allow":["GET"]}}],"collection":[{"href":"https:\/\/elcanillita.info\/press\/wp-json\/wp\/v2\/posts"}],"about":[{"href":"https:\/\/elcanillita.info\/press\/wp-json\/wp\/v2\/types\/post"}],"author":[{"embeddable":true,"href":"https:\/\/elcanillita.info\/press\/wp-json\/wp\/v2\/users\/1"}],"replies":[{"embeddable":true,"href":"https:\/\/elcanillita.info\/press\/wp-json\/wp\/v2\/comments?post=4840"}],"version-history":[{"count":0,"href":"https:\/\/elcanillita.info\/press\/wp-json\/wp\/v2\/posts\/4840\/revisions"}],"wp:featuredmedia":[{"embeddable":true,"href":"https:\/\/elcanillita.info\/press\/wp-json\/wp\/v2\/media\/4841"}],"wp:attachment":[{"href":"https:\/\/elcanillita.info\/press\/wp-json\/wp\/v2\/media?parent=4840"}],"wp:term":[{"taxonomy":"category","embeddable":true,"href":"https:\/\/elcanillita.info\/press\/wp-json\/wp\/v2\/categories?post=4840"},{"taxonomy":"post_tag","embeddable":true,"href":"https:\/\/elcanillita.info\/press\/wp-json\/wp\/v2\/tags?post=4840"}],"curies":[{"name":"wp","href":"https:\/\/api.w.org\/{rel}","templated":true}]}}