{"id":483,"date":"2020-02-20T07:37:16","date_gmt":"2020-02-20T10:37:16","guid":{"rendered":"https:\/\/elcanillita.info\/press\/?p=483"},"modified":"2020-02-20T07:38:23","modified_gmt":"2020-02-20T10:38:23","slug":"george-zimmerman-demanda-candidatos-democratas-supremacista-blanco","status":"publish","type":"post","link":"https:\/\/elcanillita.info\/press\/2020\/02\/20\/george-zimmerman-demanda-candidatos-democratas-supremacista-blanco\/","title":{"rendered":"George Zimmerman demanda a candidatos dem\u00f3cratas  por llamarlo &#8220;supremacista blanco&#8221;"},"content":{"rendered":"\n<p>Orlando, 20.02.2020 &#8211; George Zimmerman, el hombre que en 2012 mat\u00f3 al adolescente negro Trayvon Martin, de 17 a\u00f1os, y fue absuelto por un jurado en Florida, demand\u00f3 a los candidatos dem\u00f3cratas Elizabeth Warren y Pete Buttigieg por 265 millones de d\u00f3lares.<\/p>\n\n\n\n<p>La demanda fue publicada el mi\u00e9rcoles por el periodista Greg Angel, del diario My News 13, en Orlando, al centro de Florida.<\/p>\n\n\n\n<p>Los abogados de Zimmerman alegan que tanto Warren como Buttigieg lo difamaron en Twitter el pasado 5 de febrero, donde &#8220;calificaron falsamente a Zimmerman como supremacista blanco y racista\u201d.<br>\nLa querella, presentada en el D\u00e9cimo Distrito Judicial de la Corte del Condado de Polk, en Florida, acusa a los pol\u00edticos dem\u00f3cratas \u201cpor difamaci\u00f3n con malicia real o, como m\u00ednimo, un desprecio imprudente por la verdad\u201d.<\/p>\n\n\n\n<p>La oficina que atiende el caso Zimmerman argument\u00f3 que \u201cButtigieg ha recibido fuertes cr\u00edticas de activistas negros por su pobre historial en relaci\u00f3n con esa comunidad\u201d y agrega que durante su mandato en la alcald\u00eda de South Bend, fue criticado por \u201cel controvertido despido y degradaci\u00f3n de un jefe de polic\u00eda negro\u201d.<\/p>\n\n\n\n<p>En cuanto a la senadora Warren, la formulaci\u00f3n legal explica que \u201cLa acusada Warren admiti\u00f3 recientemente que su campa\u00f1a hab\u00eda tratado mal a los empleados afroamericanos en su organizaci\u00f3n de campa\u00f1a en Nevada\u201d.<\/p>\n\n\n\n<p>Luego de su absoluci\u00f3n el 13 de julio de 2013, Zimmerman result\u00f3 ser objeto de un ataque a disparos, aunque sali\u00f3 ileso. Posteriormente el hombre demand\u00f3 por 100 millones de d\u00f3lares a la familia del joven afroamericano, Mart\u00edn, supuestamente por presentar \u201cpruebas falsas y abuso en el proceso judicial\u201d.<br><br>\n<small>2020 voanoticias \u2013 salastampa.eu, afiliada a la red Broadcasting Board of Governors \u00a9 2020 BBG<\/small><\/p>\n","protected":false},"excerpt":{"rendered":"<p>Orlando, 20.02.2020 &#8211; George Zimmerman, el hombre que en 2012 mat\u00f3 al adolescente negro Trayvon Martin, de 17 a\u00f1os, y fue absuelto por un jurado en Florida, demand\u00f3 a los candidatos dem\u00f3cratas Elizabeth Warren y Pete Buttigieg por 265 millones de d\u00f3lares.<\/p>\n","protected":false},"author":1,"featured_media":0,"comment_status":"closed","ping_status":"closed","sticky":false,"template":"","format":"standard","meta":{"footnotes":"","_links_to":"","_links_to_target":""},"categories":[70,9,22,25],"tags":[34],"class_list":["post-483","post","type-post","status-publish","format-standard","hentry","category-actualidad","category-america-del-norte","category-justicia","category-sociedad","tag-estados-unidos","entry","double"],"yoast_head":"<!-- This site is optimized with the Yoast SEO plugin v27.4 - https:\/\/yoast.com\/product\/yoast-seo-wordpress\/ -->\n<title>George Zimmerman demanda a candidatos dem\u00f3cratas por llamarlo &quot;supremacista blanco&quot; - ElCanillita.Info<\/title>\n<meta name=\"robots\" content=\"index, follow, max-snippet:-1, max-image-preview:large, max-video-preview:-1\" \/>\n<link rel=\"canonical\" href=\"https:\/\/elcanillita.info\/press\/2020\/02\/20\/george-zimmerman-demanda-candidatos-democratas-supremacista-blanco\/\" \/>\n<meta property=\"og:locale\" content=\"es_ES\" \/>\n<meta property=\"og:type\" content=\"article\" \/>\n<meta property=\"og:title\" content=\"George Zimmerman demanda a candidatos dem\u00f3cratas por llamarlo &quot;supremacista blanco&quot; - ElCanillita.Info\" \/>\n<meta property=\"og:description\" content=\"Orlando, 20.02.2020 - George Zimmerman, el hombre que en 2012 mat\u00f3 al adolescente negro Trayvon Martin, de 17 a\u00f1os, y fue absuelto por un jurado en Florida, demand\u00f3 a los candidatos dem\u00f3cratas Elizabeth Warren y Pete Buttigieg por 265 millones de d\u00f3lares.\" \/>\n<meta property=\"og:url\" content=\"https:\/\/elcanillita.info\/press\/2020\/02\/20\/george-zimmerman-demanda-candidatos-democratas-supremacista-blanco\/\" \/>\n<meta property=\"og:site_name\" content=\"ElCanillita.Info\" \/>\n<meta property=\"article:publisher\" content=\"https:\/\/ar-ar.facebook.com\/ElCanillitainfo-114249515285712\/\" \/>\n<meta property=\"article:published_time\" content=\"2020-02-20T10:37:16+00:00\" \/>\n<meta property=\"article:modified_time\" content=\"2020-02-20T10:38:23+00:00\" \/>\n<meta name=\"author\" content=\"SalaStampa.eu, world press service\" \/>\n<meta name=\"twitter:card\" content=\"summary_large_image\" \/>\n<meta name=\"twitter:label1\" content=\"Escrito por\" \/>\n\t<meta name=\"twitter:data1\" content=\"SalaStampa.eu, world press service\" \/>\n\t<meta name=\"twitter:label2\" content=\"Tiempo de lectura\" \/>\n\t<meta name=\"twitter:data2\" content=\"1 minuto\" \/>\n<script type=\"application\/ld+json\" class=\"yoast-schema-graph\">{\"@context\":\"https:\\\/\\\/schema.org\",\"@graph\":[{\"@type\":\"Article\",\"@id\":\"https:\\\/\\\/elcanillita.info\\\/press\\\/2020\\\/02\\\/20\\\/george-zimmerman-demanda-candidatos-democratas-supremacista-blanco\\\/#article\",\"isPartOf\":{\"@id\":\"https:\\\/\\\/elcanillita.info\\\/press\\\/2020\\\/02\\\/20\\\/george-zimmerman-demanda-candidatos-democratas-supremacista-blanco\\\/\"},\"author\":{\"name\":\"SalaStampa.eu, world press service\",\"@id\":\"https:\\\/\\\/elcanillita.info\\\/press\\\/#\\\/schema\\\/person\\\/7fcb79f38045700919f7da6d97e71ba0\"},\"headline\":\"George Zimmerman demanda a candidatos dem\u00f3cratas por llamarlo &#8220;supremacista blanco&#8221;\",\"datePublished\":\"2020-02-20T10:37:16+00:00\",\"dateModified\":\"2020-02-20T10:38:23+00:00\",\"mainEntityOfPage\":{\"@id\":\"https:\\\/\\\/elcanillita.info\\\/press\\\/2020\\\/02\\\/20\\\/george-zimmerman-demanda-candidatos-democratas-supremacista-blanco\\\/\"},\"wordCount\":299,\"publisher\":{\"@id\":\"https:\\\/\\\/elcanillita.info\\\/press\\\/#organization\"},\"keywords\":[\"Estados Unidos\"],\"articleSection\":[\"Actualidad\",\"Am\u00e9rica del Norte\",\"Justicia\",\"Sociedad\"],\"inLanguage\":\"es-AR\"},{\"@type\":\"WebPage\",\"@id\":\"https:\\\/\\\/elcanillita.info\\\/press\\\/2020\\\/02\\\/20\\\/george-zimmerman-demanda-candidatos-democratas-supremacista-blanco\\\/\",\"url\":\"https:\\\/\\\/elcanillita.info\\\/press\\\/2020\\\/02\\\/20\\\/george-zimmerman-demanda-candidatos-democratas-supremacista-blanco\\\/\",\"name\":\"George Zimmerman demanda a candidatos dem\u00f3cratas por llamarlo \\\"supremacista blanco\\\" - ElCanillita.Info\",\"isPartOf\":{\"@id\":\"https:\\\/\\\/elcanillita.info\\\/press\\\/#website\"},\"datePublished\":\"2020-02-20T10:37:16+00:00\",\"dateModified\":\"2020-02-20T10:38:23+00:00\",\"inLanguage\":\"es-AR\",\"potentialAction\":[{\"@type\":\"ReadAction\",\"target\":[\"https:\\\/\\\/elcanillita.info\\\/press\\\/2020\\\/02\\\/20\\\/george-zimmerman-demanda-candidatos-democratas-supremacista-blanco\\\/\"]}]},{\"@type\":\"WebSite\",\"@id\":\"https:\\\/\\\/elcanillita.info\\\/press\\\/#website\",\"url\":\"https:\\\/\\\/elcanillita.info\\\/press\\\/\",\"name\":\"ElCanillita.Info\",\"description\":\"desde los Apeninos a los Andes\",\"publisher\":{\"@id\":\"https:\\\/\\\/elcanillita.info\\\/press\\\/#organization\"},\"potentialAction\":[{\"@type\":\"SearchAction\",\"target\":{\"@type\":\"EntryPoint\",\"urlTemplate\":\"https:\\\/\\\/elcanillita.info\\\/press\\\/?s={search_term_string}\"},\"query-input\":{\"@type\":\"PropertyValueSpecification\",\"valueRequired\":true,\"valueName\":\"search_term_string\"}}],\"inLanguage\":\"es-AR\"},{\"@type\":\"Organization\",\"@id\":\"https:\\\/\\\/elcanillita.info\\\/press\\\/#organization\",\"name\":\"Guzzo Photos & Graphic Publications\",\"url\":\"https:\\\/\\\/elcanillita.info\\\/press\\\/\",\"logo\":{\"@type\":\"ImageObject\",\"inLanguage\":\"es-AR\",\"@id\":\"https:\\\/\\\/elcanillita.info\\\/press\\\/#\\\/schema\\\/logo\\\/image\\\/\",\"url\":\"https:\\\/\\\/elcanillita.info\\\/press\\\/images\\\/2020\\\/01\\\/cropped-cropped-cropped-elcanillitainfo.png\",\"contentUrl\":\"https:\\\/\\\/elcanillita.info\\\/press\\\/images\\\/2020\\\/01\\\/cropped-cropped-cropped-elcanillitainfo.png\",\"width\":460,\"height\":50,\"caption\":\"Guzzo Photos & Graphic Publications\"},\"image\":{\"@id\":\"https:\\\/\\\/elcanillita.info\\\/press\\\/#\\\/schema\\\/logo\\\/image\\\/\"},\"sameAs\":[\"https:\\\/\\\/ar-ar.facebook.com\\\/ElCanillitainfo-114249515285712\\\/\"]},{\"@type\":\"Person\",\"@id\":\"https:\\\/\\\/elcanillita.info\\\/press\\\/#\\\/schema\\\/person\\\/7fcb79f38045700919f7da6d97e71ba0\",\"name\":\"SalaStampa.eu, world press service\",\"image\":{\"@type\":\"ImageObject\",\"inLanguage\":\"es-AR\",\"@id\":\"https:\\\/\\\/secure.gravatar.com\\\/avatar\\\/c2f0e0d515a107624234994507816ca4724c7199cef73fc8bedebf6931d73888?s=96&d=mm&r=g\",\"url\":\"https:\\\/\\\/secure.gravatar.com\\\/avatar\\\/c2f0e0d515a107624234994507816ca4724c7199cef73fc8bedebf6931d73888?s=96&d=mm&r=g\",\"contentUrl\":\"https:\\\/\\\/secure.gravatar.com\\\/avatar\\\/c2f0e0d515a107624234994507816ca4724c7199cef73fc8bedebf6931d73888?s=96&d=mm&r=g\",\"caption\":\"SalaStampa.eu, world press service\"}}]}<\/script>\n<!-- \/ Yoast SEO plugin. -->","yoast_head_json":{"title":"George Zimmerman demanda a candidatos dem\u00f3cratas por llamarlo \"supremacista blanco\" - ElCanillita.Info","robots":{"index":"index","follow":"follow","max-snippet":"max-snippet:-1","max-image-preview":"max-image-preview:large","max-video-preview":"max-video-preview:-1"},"canonical":"https:\/\/elcanillita.info\/press\/2020\/02\/20\/george-zimmerman-demanda-candidatos-democratas-supremacista-blanco\/","og_locale":"es_ES","og_type":"article","og_title":"George Zimmerman demanda a candidatos dem\u00f3cratas por llamarlo \"supremacista blanco\" - ElCanillita.Info","og_description":"Orlando, 20.02.2020 - George Zimmerman, el hombre que en 2012 mat\u00f3 al adolescente negro Trayvon Martin, de 17 a\u00f1os, y fue absuelto por un jurado en Florida, demand\u00f3 a los candidatos dem\u00f3cratas Elizabeth Warren y Pete Buttigieg por 265 millones de d\u00f3lares.","og_url":"https:\/\/elcanillita.info\/press\/2020\/02\/20\/george-zimmerman-demanda-candidatos-democratas-supremacista-blanco\/","og_site_name":"ElCanillita.Info","article_publisher":"https:\/\/ar-ar.facebook.com\/ElCanillitainfo-114249515285712\/","article_published_time":"2020-02-20T10:37:16+00:00","article_modified_time":"2020-02-20T10:38:23+00:00","author":"SalaStampa.eu, world press service","twitter_card":"summary_large_image","twitter_misc":{"Escrito por":"SalaStampa.eu, world press service","Tiempo de lectura":"1 minuto"},"schema":{"@context":"https:\/\/schema.org","@graph":[{"@type":"Article","@id":"https:\/\/elcanillita.info\/press\/2020\/02\/20\/george-zimmerman-demanda-candidatos-democratas-supremacista-blanco\/#article","isPartOf":{"@id":"https:\/\/elcanillita.info\/press\/2020\/02\/20\/george-zimmerman-demanda-candidatos-democratas-supremacista-blanco\/"},"author":{"name":"SalaStampa.eu, world press service","@id":"https:\/\/elcanillita.info\/press\/#\/schema\/person\/7fcb79f38045700919f7da6d97e71ba0"},"headline":"George Zimmerman demanda a candidatos dem\u00f3cratas por llamarlo &#8220;supremacista blanco&#8221;","datePublished":"2020-02-20T10:37:16+00:00","dateModified":"2020-02-20T10:38:23+00:00","mainEntityOfPage":{"@id":"https:\/\/elcanillita.info\/press\/2020\/02\/20\/george-zimmerman-demanda-candidatos-democratas-supremacista-blanco\/"},"wordCount":299,"publisher":{"@id":"https:\/\/elcanillita.info\/press\/#organization"},"keywords":["Estados Unidos"],"articleSection":["Actualidad","Am\u00e9rica del Norte","Justicia","Sociedad"],"inLanguage":"es-AR"},{"@type":"WebPage","@id":"https:\/\/elcanillita.info\/press\/2020\/02\/20\/george-zimmerman-demanda-candidatos-democratas-supremacista-blanco\/","url":"https:\/\/elcanillita.info\/press\/2020\/02\/20\/george-zimmerman-demanda-candidatos-democratas-supremacista-blanco\/","name":"George Zimmerman demanda a candidatos dem\u00f3cratas por llamarlo \"supremacista blanco\" - ElCanillita.Info","isPartOf":{"@id":"https:\/\/elcanillita.info\/press\/#website"},"datePublished":"2020-02-20T10:37:16+00:00","dateModified":"2020-02-20T10:38:23+00:00","inLanguage":"es-AR","potentialAction":[{"@type":"ReadAction","target":["https:\/\/elcanillita.info\/press\/2020\/02\/20\/george-zimmerman-demanda-candidatos-democratas-supremacista-blanco\/"]}]},{"@type":"WebSite","@id":"https:\/\/elcanillita.info\/press\/#website","url":"https:\/\/elcanillita.info\/press\/","name":"ElCanillita.Info","description":"desde los Apeninos a los Andes","publisher":{"@id":"https:\/\/elcanillita.info\/press\/#organization"},"potentialAction":[{"@type":"SearchAction","target":{"@type":"EntryPoint","urlTemplate":"https:\/\/elcanillita.info\/press\/?s={search_term_string}"},"query-input":{"@type":"PropertyValueSpecification","valueRequired":true,"valueName":"search_term_string"}}],"inLanguage":"es-AR"},{"@type":"Organization","@id":"https:\/\/elcanillita.info\/press\/#organization","name":"Guzzo Photos & Graphic Publications","url":"https:\/\/elcanillita.info\/press\/","logo":{"@type":"ImageObject","inLanguage":"es-AR","@id":"https:\/\/elcanillita.info\/press\/#\/schema\/logo\/image\/","url":"https:\/\/elcanillita.info\/press\/images\/2020\/01\/cropped-cropped-cropped-elcanillitainfo.png","contentUrl":"https:\/\/elcanillita.info\/press\/images\/2020\/01\/cropped-cropped-cropped-elcanillitainfo.png","width":460,"height":50,"caption":"Guzzo Photos & Graphic Publications"},"image":{"@id":"https:\/\/elcanillita.info\/press\/#\/schema\/logo\/image\/"},"sameAs":["https:\/\/ar-ar.facebook.com\/ElCanillitainfo-114249515285712\/"]},{"@type":"Person","@id":"https:\/\/elcanillita.info\/press\/#\/schema\/person\/7fcb79f38045700919f7da6d97e71ba0","name":"SalaStampa.eu, world press service","image":{"@type":"ImageObject","inLanguage":"es-AR","@id":"https:\/\/secure.gravatar.com\/avatar\/c2f0e0d515a107624234994507816ca4724c7199cef73fc8bedebf6931d73888?s=96&d=mm&r=g","url":"https:\/\/secure.gravatar.com\/avatar\/c2f0e0d515a107624234994507816ca4724c7199cef73fc8bedebf6931d73888?s=96&d=mm&r=g","contentUrl":"https:\/\/secure.gravatar.com\/avatar\/c2f0e0d515a107624234994507816ca4724c7199cef73fc8bedebf6931d73888?s=96&d=mm&r=g","caption":"SalaStampa.eu, world press service"}}]}},"views":836,"_links":{"self":[{"href":"https:\/\/elcanillita.info\/press\/wp-json\/wp\/v2\/posts\/483","targetHints":{"allow":["GET"]}}],"collection":[{"href":"https:\/\/elcanillita.info\/press\/wp-json\/wp\/v2\/posts"}],"about":[{"href":"https:\/\/elcanillita.info\/press\/wp-json\/wp\/v2\/types\/post"}],"author":[{"embeddable":true,"href":"https:\/\/elcanillita.info\/press\/wp-json\/wp\/v2\/users\/1"}],"replies":[{"embeddable":true,"href":"https:\/\/elcanillita.info\/press\/wp-json\/wp\/v2\/comments?post=483"}],"version-history":[{"count":0,"href":"https:\/\/elcanillita.info\/press\/wp-json\/wp\/v2\/posts\/483\/revisions"}],"wp:attachment":[{"href":"https:\/\/elcanillita.info\/press\/wp-json\/wp\/v2\/media?parent=483"}],"wp:term":[{"taxonomy":"category","embeddable":true,"href":"https:\/\/elcanillita.info\/press\/wp-json\/wp\/v2\/categories?post=483"},{"taxonomy":"post_tag","embeddable":true,"href":"https:\/\/elcanillita.info\/press\/wp-json\/wp\/v2\/tags?post=483"}],"curies":[{"name":"wp","href":"https:\/\/api.w.org\/{rel}","templated":true}]}}