{"id":48,"date":"2020-01-09T12:40:01","date_gmt":"2020-01-09T15:40:01","guid":{"rendered":"https:\/\/elcanillita.info\/press\/?p=48"},"modified":"2020-01-17T07:33:49","modified_gmt":"2020-01-17T10:33:49","slug":"questo-e-un-altro-articolo","status":"publish","type":"post","link":"https:\/\/elcanillita.info\/press\/2020\/01\/09\/questo-e-un-altro-articolo\/","title":{"rendered":"Denuncian aumento de v\u00ednculos entre Rusia y Venezuela"},"content":{"rendered":"<p>Caracas. 9.01.2020 &#8211; Una denuncia de presunta trama financiera entre Rusia y el gobierno en disputa de Venezuela, que impactar\u00eda negativamente a los intereses del pa\u00eds sudamericano, present\u00f3 este mi\u00e9rcoles la representaci\u00f3n de la Comisi\u00f3n de Finanzas del Parlamento, dirigida por el presidente interino, Juan Guaid\u00f3.<\/p>\n<p>Durante los \u00faltimos a\u00f1os, seg\u00fan especialistas, el gobierno en disputa de Nicol\u00e1s Maduro, y Rusia han \u00a0reafirmado la afinidad de posturas sobre asuntos clave de la agenda regional e internacional y han profundizado sus v\u00ednculos bilaterales.<\/p>\n<p>En ese sentido, un diputado integrante de la comisi\u00f3n de finanzas de la Asamblea Nacional presidida por Juan Guaid\u00f3 denunci\u00f3 la presunta entrega de campos petroleros, por parte del gobierno en disputa, a empresas rusas, a cambio de financiamiento.<\/p>\n<p>Para el legislador \u00c1ngel Alvarado se trata de un asunto estrat\u00e9gico: \u201c\u00bfen qu\u00e9 condiciones se est\u00e1n entregando estos campos petroleros? Bueno, es un canje de deuda, donde toda esa deuda, financiera, contratos petroleros, o no sabemos exactamente qu\u00e9, pero en general deuda, ir\u00eda fuera de la jurisdicci\u00f3n de los pa\u00edses que est\u00e1 sancionado el se\u00f1or Maduro, y en esa jurisdicci\u00f3n hacer el canje de esos instrumentos por campos petroleros&#8221;.<br \/>\nEl legislador dijo, adem\u00e1s, que uno de los objetivos del parlamento que responde a Maduro y preside Luis Parra, es aprobar contratos millonarios.<\/p>\n<p>\u201cSe est\u00e1 buscando que ese nuevo parlamento salga -como han dicho- del desacato, y les apruebe todos estos contratos que son de inter\u00e9s nacional, que son lesivos al inter\u00e9s nacional como hemos visto en los \u00faltimos a\u00f1os\u201d, indic\u00f3 Alvarado.<\/p>\n<p>El Congreso, de mayor\u00eda opositora, cuestiona las reformas que ayudan a Maduro a consolidarlo en su poder. El domingo, el mandatario dijo que la Asamblea Nacional, encabezada por Luis Parra, constitu\u00eda un nuevo liderazgo.<\/p>\n<p>\u201cParra est\u00e1 puesto all\u00ed para tratar de refrendar esos acuerdos petroleros\u201d, se\u00f1al\u00f3 el diputado Jos\u00e9 Guerra. \u201cParra no llega all\u00ed solo. Llega all\u00ed empujado para esas aprobaciones\u201d.<\/p>\n<p>Un portavoz de Parra no respondi\u00f3 a solicitud de comentarios, de la agencia Reuters.<\/p>\n<p>Luis Stefanelli, un diputado opositor que forma parte de la comisi\u00f3n de Energ\u00eda, dijo que Maduro estaba buscando nuevos inversores para campos que produc\u00edan muy por debajo de su capacidad.<\/p>\n<p>A pesar de las denuncias, tras una reuni\u00f3n bilateral de alto nivel efectuada recientemente entre representantes de Rusia, y representantes del gobierno en disputa, Nicol\u00e1s Maduro reafirm\u00f3 los lazos de cooperaci\u00f3n para el desarrollo, con el Kremlin.<\/p>\n<p>\u201cPodemos decir que hay nuevos emprendimientos en lo econ\u00f3mico, con transferencia de tecnolog\u00eda, con la participaci\u00f3n de empresas rusas, en todas las \u00e1reas de la producci\u00f3n estrat\u00e9gica del pa\u00eds hemos renovado y avanzado tremendamente en toda el \u00e1rea petrolera, gas\u00edfera, de empresas b\u00e1sicas\u201d, se\u00f1al\u00f3.<\/p>\n<p>Maduro destac\u00f3 que la cooperaci\u00f3n t\u00e9cnico militar entre ambos pa\u00edses se ha consolidado.<\/p>\n<p><small>\u00a9 2020\u00a0 voanoticias \u2013 salastampa.eu, afiliada a la red Broadcasting Board of Governors \u00a9 2019 BBG<br \/>\n<\/small><\/p>\n","protected":false},"excerpt":{"rendered":"<p>Caracas. 9.01.2020 &#8211; Una denuncia de presunta trama financiera entre Rusia y el gobierno en disputa de Venezuela, que impactar\u00eda negativamente a los intereses del pa\u00eds sudamericano, present\u00f3 este mi\u00e9rcoles la representaci\u00f3n de la Comisi\u00f3n de Finanzas del Parlamento, dirigida por el presidente interino, Juan Guaid\u00f3.<\/p>\n","protected":false},"author":1,"featured_media":0,"comment_status":"closed","ping_status":"closed","sticky":false,"template":"","format":"standard","meta":{"footnotes":"","_links_to":"","_links_to_target":""},"categories":[11,23],"tags":[37],"class_list":["post-48","post","type-post","status-publish","format-standard","hentry","category-america-del-sur","category-politica","tag-venezuela","entry","double"],"yoast_head":"<!-- This site is optimized with the Yoast SEO plugin v27.4 - https:\/\/yoast.com\/product\/yoast-seo-wordpress\/ -->\n<title>Denuncian aumento de v\u00ednculos entre Rusia y Venezuela - ElCanillita.Info<\/title>\n<meta name=\"robots\" content=\"index, follow, max-snippet:-1, max-image-preview:large, max-video-preview:-1\" \/>\n<link rel=\"canonical\" href=\"https:\/\/elcanillita.info\/press\/2020\/01\/09\/questo-e-un-altro-articolo\/\" \/>\n<meta property=\"og:locale\" content=\"es_ES\" \/>\n<meta property=\"og:type\" content=\"article\" \/>\n<meta property=\"og:title\" content=\"Denuncian aumento de v\u00ednculos entre Rusia y Venezuela - ElCanillita.Info\" \/>\n<meta property=\"og:description\" content=\"Caracas. 9.01.2020 - Una denuncia de presunta trama financiera entre Rusia y el gobierno en disputa de Venezuela, que impactar\u00eda negativamente a los intereses del pa\u00eds sudamericano, present\u00f3 este mi\u00e9rcoles la representaci\u00f3n de la Comisi\u00f3n de Finanzas del Parlamento, dirigida por el presidente interino, Juan Guaid\u00f3.\" \/>\n<meta property=\"og:url\" content=\"https:\/\/elcanillita.info\/press\/2020\/01\/09\/questo-e-un-altro-articolo\/\" \/>\n<meta property=\"og:site_name\" content=\"ElCanillita.Info\" \/>\n<meta property=\"article:publisher\" content=\"https:\/\/ar-ar.facebook.com\/ElCanillitainfo-114249515285712\/\" \/>\n<meta property=\"article:published_time\" content=\"2020-01-09T15:40:01+00:00\" \/>\n<meta property=\"article:modified_time\" content=\"2020-01-17T10:33:49+00:00\" \/>\n<meta name=\"author\" content=\"SalaStampa.eu, world press service\" \/>\n<meta name=\"twitter:card\" content=\"summary_large_image\" \/>\n<meta name=\"twitter:label1\" content=\"Escrito por\" \/>\n\t<meta name=\"twitter:data1\" content=\"SalaStampa.eu, world press service\" \/>\n\t<meta name=\"twitter:label2\" content=\"Tiempo de lectura\" \/>\n\t<meta name=\"twitter:data2\" content=\"3 minutos\" \/>\n<script type=\"application\/ld+json\" class=\"yoast-schema-graph\">{\"@context\":\"https:\\\/\\\/schema.org\",\"@graph\":[{\"@type\":\"Article\",\"@id\":\"https:\\\/\\\/elcanillita.info\\\/press\\\/2020\\\/01\\\/09\\\/questo-e-un-altro-articolo\\\/#article\",\"isPartOf\":{\"@id\":\"https:\\\/\\\/elcanillita.info\\\/press\\\/2020\\\/01\\\/09\\\/questo-e-un-altro-articolo\\\/\"},\"author\":{\"name\":\"SalaStampa.eu, world press service\",\"@id\":\"https:\\\/\\\/elcanillita.info\\\/press\\\/#\\\/schema\\\/person\\\/7fcb79f38045700919f7da6d97e71ba0\"},\"headline\":\"Denuncian aumento de v\u00ednculos entre Rusia y Venezuela\",\"datePublished\":\"2020-01-09T15:40:01+00:00\",\"dateModified\":\"2020-01-17T10:33:49+00:00\",\"mainEntityOfPage\":{\"@id\":\"https:\\\/\\\/elcanillita.info\\\/press\\\/2020\\\/01\\\/09\\\/questo-e-un-altro-articolo\\\/\"},\"wordCount\":513,\"publisher\":{\"@id\":\"https:\\\/\\\/elcanillita.info\\\/press\\\/#organization\"},\"keywords\":[\"Venezuela\"],\"articleSection\":[\"Am\u00e9rica del Sur\",\"Politica\"],\"inLanguage\":\"es-AR\"},{\"@type\":\"WebPage\",\"@id\":\"https:\\\/\\\/elcanillita.info\\\/press\\\/2020\\\/01\\\/09\\\/questo-e-un-altro-articolo\\\/\",\"url\":\"https:\\\/\\\/elcanillita.info\\\/press\\\/2020\\\/01\\\/09\\\/questo-e-un-altro-articolo\\\/\",\"name\":\"Denuncian aumento de v\u00ednculos entre Rusia y Venezuela - ElCanillita.Info\",\"isPartOf\":{\"@id\":\"https:\\\/\\\/elcanillita.info\\\/press\\\/#website\"},\"datePublished\":\"2020-01-09T15:40:01+00:00\",\"dateModified\":\"2020-01-17T10:33:49+00:00\",\"inLanguage\":\"es-AR\",\"potentialAction\":[{\"@type\":\"ReadAction\",\"target\":[\"https:\\\/\\\/elcanillita.info\\\/press\\\/2020\\\/01\\\/09\\\/questo-e-un-altro-articolo\\\/\"]}]},{\"@type\":\"WebSite\",\"@id\":\"https:\\\/\\\/elcanillita.info\\\/press\\\/#website\",\"url\":\"https:\\\/\\\/elcanillita.info\\\/press\\\/\",\"name\":\"ElCanillita.Info\",\"description\":\"desde los Apeninos a los Andes\",\"publisher\":{\"@id\":\"https:\\\/\\\/elcanillita.info\\\/press\\\/#organization\"},\"potentialAction\":[{\"@type\":\"SearchAction\",\"target\":{\"@type\":\"EntryPoint\",\"urlTemplate\":\"https:\\\/\\\/elcanillita.info\\\/press\\\/?s={search_term_string}\"},\"query-input\":{\"@type\":\"PropertyValueSpecification\",\"valueRequired\":true,\"valueName\":\"search_term_string\"}}],\"inLanguage\":\"es-AR\"},{\"@type\":\"Organization\",\"@id\":\"https:\\\/\\\/elcanillita.info\\\/press\\\/#organization\",\"name\":\"Guzzo Photos & Graphic Publications\",\"url\":\"https:\\\/\\\/elcanillita.info\\\/press\\\/\",\"logo\":{\"@type\":\"ImageObject\",\"inLanguage\":\"es-AR\",\"@id\":\"https:\\\/\\\/elcanillita.info\\\/press\\\/#\\\/schema\\\/logo\\\/image\\\/\",\"url\":\"https:\\\/\\\/elcanillita.info\\\/press\\\/images\\\/2020\\\/01\\\/cropped-cropped-cropped-elcanillitainfo.png\",\"contentUrl\":\"https:\\\/\\\/elcanillita.info\\\/press\\\/images\\\/2020\\\/01\\\/cropped-cropped-cropped-elcanillitainfo.png\",\"width\":460,\"height\":50,\"caption\":\"Guzzo Photos & Graphic Publications\"},\"image\":{\"@id\":\"https:\\\/\\\/elcanillita.info\\\/press\\\/#\\\/schema\\\/logo\\\/image\\\/\"},\"sameAs\":[\"https:\\\/\\\/ar-ar.facebook.com\\\/ElCanillitainfo-114249515285712\\\/\"]},{\"@type\":\"Person\",\"@id\":\"https:\\\/\\\/elcanillita.info\\\/press\\\/#\\\/schema\\\/person\\\/7fcb79f38045700919f7da6d97e71ba0\",\"name\":\"SalaStampa.eu, world press service\",\"image\":{\"@type\":\"ImageObject\",\"inLanguage\":\"es-AR\",\"@id\":\"https:\\\/\\\/secure.gravatar.com\\\/avatar\\\/c2f0e0d515a107624234994507816ca4724c7199cef73fc8bedebf6931d73888?s=96&d=mm&r=g\",\"url\":\"https:\\\/\\\/secure.gravatar.com\\\/avatar\\\/c2f0e0d515a107624234994507816ca4724c7199cef73fc8bedebf6931d73888?s=96&d=mm&r=g\",\"contentUrl\":\"https:\\\/\\\/secure.gravatar.com\\\/avatar\\\/c2f0e0d515a107624234994507816ca4724c7199cef73fc8bedebf6931d73888?s=96&d=mm&r=g\",\"caption\":\"SalaStampa.eu, world press service\"}}]}<\/script>\n<!-- \/ Yoast SEO plugin. -->","yoast_head_json":{"title":"Denuncian aumento de v\u00ednculos entre Rusia y Venezuela - ElCanillita.Info","robots":{"index":"index","follow":"follow","max-snippet":"max-snippet:-1","max-image-preview":"max-image-preview:large","max-video-preview":"max-video-preview:-1"},"canonical":"https:\/\/elcanillita.info\/press\/2020\/01\/09\/questo-e-un-altro-articolo\/","og_locale":"es_ES","og_type":"article","og_title":"Denuncian aumento de v\u00ednculos entre Rusia y Venezuela - ElCanillita.Info","og_description":"Caracas. 9.01.2020 - Una denuncia de presunta trama financiera entre Rusia y el gobierno en disputa de Venezuela, que impactar\u00eda negativamente a los intereses del pa\u00eds sudamericano, present\u00f3 este mi\u00e9rcoles la representaci\u00f3n de la Comisi\u00f3n de Finanzas del Parlamento, dirigida por el presidente interino, Juan Guaid\u00f3.","og_url":"https:\/\/elcanillita.info\/press\/2020\/01\/09\/questo-e-un-altro-articolo\/","og_site_name":"ElCanillita.Info","article_publisher":"https:\/\/ar-ar.facebook.com\/ElCanillitainfo-114249515285712\/","article_published_time":"2020-01-09T15:40:01+00:00","article_modified_time":"2020-01-17T10:33:49+00:00","author":"SalaStampa.eu, world press service","twitter_card":"summary_large_image","twitter_misc":{"Escrito por":"SalaStampa.eu, world press service","Tiempo de lectura":"3 minutos"},"schema":{"@context":"https:\/\/schema.org","@graph":[{"@type":"Article","@id":"https:\/\/elcanillita.info\/press\/2020\/01\/09\/questo-e-un-altro-articolo\/#article","isPartOf":{"@id":"https:\/\/elcanillita.info\/press\/2020\/01\/09\/questo-e-un-altro-articolo\/"},"author":{"name":"SalaStampa.eu, world press service","@id":"https:\/\/elcanillita.info\/press\/#\/schema\/person\/7fcb79f38045700919f7da6d97e71ba0"},"headline":"Denuncian aumento de v\u00ednculos entre Rusia y Venezuela","datePublished":"2020-01-09T15:40:01+00:00","dateModified":"2020-01-17T10:33:49+00:00","mainEntityOfPage":{"@id":"https:\/\/elcanillita.info\/press\/2020\/01\/09\/questo-e-un-altro-articolo\/"},"wordCount":513,"publisher":{"@id":"https:\/\/elcanillita.info\/press\/#organization"},"keywords":["Venezuela"],"articleSection":["Am\u00e9rica del Sur","Politica"],"inLanguage":"es-AR"},{"@type":"WebPage","@id":"https:\/\/elcanillita.info\/press\/2020\/01\/09\/questo-e-un-altro-articolo\/","url":"https:\/\/elcanillita.info\/press\/2020\/01\/09\/questo-e-un-altro-articolo\/","name":"Denuncian aumento de v\u00ednculos entre Rusia y Venezuela - ElCanillita.Info","isPartOf":{"@id":"https:\/\/elcanillita.info\/press\/#website"},"datePublished":"2020-01-09T15:40:01+00:00","dateModified":"2020-01-17T10:33:49+00:00","inLanguage":"es-AR","potentialAction":[{"@type":"ReadAction","target":["https:\/\/elcanillita.info\/press\/2020\/01\/09\/questo-e-un-altro-articolo\/"]}]},{"@type":"WebSite","@id":"https:\/\/elcanillita.info\/press\/#website","url":"https:\/\/elcanillita.info\/press\/","name":"ElCanillita.Info","description":"desde los Apeninos a los Andes","publisher":{"@id":"https:\/\/elcanillita.info\/press\/#organization"},"potentialAction":[{"@type":"SearchAction","target":{"@type":"EntryPoint","urlTemplate":"https:\/\/elcanillita.info\/press\/?s={search_term_string}"},"query-input":{"@type":"PropertyValueSpecification","valueRequired":true,"valueName":"search_term_string"}}],"inLanguage":"es-AR"},{"@type":"Organization","@id":"https:\/\/elcanillita.info\/press\/#organization","name":"Guzzo Photos & Graphic Publications","url":"https:\/\/elcanillita.info\/press\/","logo":{"@type":"ImageObject","inLanguage":"es-AR","@id":"https:\/\/elcanillita.info\/press\/#\/schema\/logo\/image\/","url":"https:\/\/elcanillita.info\/press\/images\/2020\/01\/cropped-cropped-cropped-elcanillitainfo.png","contentUrl":"https:\/\/elcanillita.info\/press\/images\/2020\/01\/cropped-cropped-cropped-elcanillitainfo.png","width":460,"height":50,"caption":"Guzzo Photos & Graphic Publications"},"image":{"@id":"https:\/\/elcanillita.info\/press\/#\/schema\/logo\/image\/"},"sameAs":["https:\/\/ar-ar.facebook.com\/ElCanillitainfo-114249515285712\/"]},{"@type":"Person","@id":"https:\/\/elcanillita.info\/press\/#\/schema\/person\/7fcb79f38045700919f7da6d97e71ba0","name":"SalaStampa.eu, world press service","image":{"@type":"ImageObject","inLanguage":"es-AR","@id":"https:\/\/secure.gravatar.com\/avatar\/c2f0e0d515a107624234994507816ca4724c7199cef73fc8bedebf6931d73888?s=96&d=mm&r=g","url":"https:\/\/secure.gravatar.com\/avatar\/c2f0e0d515a107624234994507816ca4724c7199cef73fc8bedebf6931d73888?s=96&d=mm&r=g","contentUrl":"https:\/\/secure.gravatar.com\/avatar\/c2f0e0d515a107624234994507816ca4724c7199cef73fc8bedebf6931d73888?s=96&d=mm&r=g","caption":"SalaStampa.eu, world press service"}}]}},"views":848,"_links":{"self":[{"href":"https:\/\/elcanillita.info\/press\/wp-json\/wp\/v2\/posts\/48","targetHints":{"allow":["GET"]}}],"collection":[{"href":"https:\/\/elcanillita.info\/press\/wp-json\/wp\/v2\/posts"}],"about":[{"href":"https:\/\/elcanillita.info\/press\/wp-json\/wp\/v2\/types\/post"}],"author":[{"embeddable":true,"href":"https:\/\/elcanillita.info\/press\/wp-json\/wp\/v2\/users\/1"}],"replies":[{"embeddable":true,"href":"https:\/\/elcanillita.info\/press\/wp-json\/wp\/v2\/comments?post=48"}],"version-history":[{"count":0,"href":"https:\/\/elcanillita.info\/press\/wp-json\/wp\/v2\/posts\/48\/revisions"}],"wp:attachment":[{"href":"https:\/\/elcanillita.info\/press\/wp-json\/wp\/v2\/media?parent=48"}],"wp:term":[{"taxonomy":"category","embeddable":true,"href":"https:\/\/elcanillita.info\/press\/wp-json\/wp\/v2\/categories?post=48"},{"taxonomy":"post_tag","embeddable":true,"href":"https:\/\/elcanillita.info\/press\/wp-json\/wp\/v2\/tags?post=48"}],"curies":[{"name":"wp","href":"https:\/\/api.w.org\/{rel}","templated":true}]}}