{"id":4790,"date":"2025-06-08T04:53:46","date_gmt":"2025-06-08T07:53:46","guid":{"rendered":"https:\/\/elcanillita.info\/press\/?p=4790"},"modified":"2025-06-11T06:37:10","modified_gmt":"2025-06-11T09:37:10","slug":"%f0%9f%93%8c-vialidad-en-la-mira-justicia-o-politica","status":"publish","type":"post","link":"https:\/\/elcanillita.info\/press\/2025\/06\/08\/%f0%9f%93%8c-vialidad-en-la-mira-justicia-o-politica\/","title":{"rendered":"\ud83d\udccc \u201cVialidad en la mira: \u00bfJusticia o pol\u00edtica?\u201d"},"content":{"rendered":"<div class=\"wp-block-image\">\n<figure class=\"alignleft size-full is-resized\"><img loading=\"lazy\" decoding=\"async\" width=\"350\" height=\"350\" src=\"https:\/\/elcanillita.info\/press\/images\/2025\/06\/Justicia-o-politica_txt-1.png\" alt=\"\" class=\"wp-image-4792\" style=\"width:345px;height:auto\" srcset=\"https:\/\/elcanillita.info\/press\/images\/2025\/06\/Justicia-o-politica_txt-1.png 350w, https:\/\/elcanillita.info\/press\/images\/2025\/06\/Justicia-o-politica_txt-1-300x300.png 300w, https:\/\/elcanillita.info\/press\/images\/2025\/06\/Justicia-o-politica_txt-1-150x150.png 150w\" sizes=\"auto, (max-width: 350px) 100vw, 350px\" \/><\/figure>\n<\/div>\n\n\n<p><strong>ElCanillita.info<\/strong><br>Argentina, 08\/06\/2025<br><em>Por Felix Inkstone \u2013 ElCanillita.info<\/em><br>Domingo de periodistas, y el escenario cambia en simult\u00e1neo con la tinta fresca. \u00bfJusto a tiempo? \u00bfQuiz\u00e1s un poco tarde? La Corte Suprema resolvi\u00f3 rechazar el pedido de Cristina Kirchner para apartar al juez Lorenzetti \u2013un movimiento que despeja el camino para que se confirme o no su condena por la causa Vialidad, esa trama que en diciembre de 2022 la sentenci\u00f3 a seis a\u00f1os de prisi\u00f3n e inhabilitaci\u00f3n perpetua.<\/p>\n\n\n\n<p>\ud83c\udfad Un drama sin pausa<br>El fallo de la Corte no es una sentencia: es una apuesta al suspenso. Por un lado, las c\u00e1maras inferiores ya dictaminaron lo suyo. Por el otro, el procurador general ahora pide elevar la condena a \u00a112 a\u00f1os! por asociaci\u00f3n il\u00edcita. Mientras tanto, el calendario electoral dibuja plazos: hasta julio para candidaturas provinciales, agosto para nacionales, y en septiembre Cristina podr\u00eda estar habilitada\u2026 si la Corte tarda en confirmar, claro.<\/p>\n\n\n\n<p>\ud83d\udd0d La palabra \u201cpol\u00edtica\u201d entra en escena<br>Lo llaman \u201clawfare\u201d, lo llaman \u201cpersecuci\u00f3n pol\u00edtica\u201d, y las luces del podio parpadean. \u00bfEs solo ley, o hay electorado detr\u00e1s de cada veredicto? Si confirman la condena de golpe, le quitan un trampol\u00edn; si la dejan latente, le regalan un tema de campa\u00f1a. Un tribunal m\u00e1s lento que un parlamentarista en d\u00eda de declamaci\u00f3n.<\/p>\n\n\n\n<p>\ud83d\udd04 Cambios de \u00e9poca vs. ciclos judiciales<br>Cristina, con 72 a\u00f1os, apura la presidencia del PJ. Maneja el rumbo pol\u00edtico mientras judicialmente camina sin apuro. Si socava su candidatura, puede postularse y ganar fuero. Si la confirman, igual tal vez se quede en casa por edad, o pida prisi\u00f3n domiciliaria.<\/p>\n\n\n\n<blockquote class=\"wp-block-quote is-layout-flow wp-block-quote-is-layout-flow\">\n<p>\u00bfQu\u00e9 queda? M\u00e1s incertidumbre que equipaje en cabotaje. El juego pol\u00edtico corre a la velocidad de un vendaval; la Justicia, a paso de tortuga institucional.<\/p>\n<\/blockquote>\n\n\n\n<p>\ud83d\udca1 Reflexi\u00f3n egregia<br>\u00bfAcaso la Justicia puede pensarse en clave electoral? \u00bfPuede una decisi\u00f3n judicial significar tambi\u00e9n una jugada pol\u00edtica? \u00bfEs v\u00e1lido o peligroso el eco entre tribunales y urnas?<\/p>\n\n\n\n<p>En esto, el periodista no puede faltar. Porque si hablamos solo de votos, se pierde el sentido de la justicia. Si hablamos solo de ley, ignoramos el calor de la calle. Y si ignoramos las dos, le entregamos al silencio la mejor de las escenas.<\/p>\n\n\n\n<p>Conclusi\u00f3n editorial:<br>La Corte se sienta en su estrado, silenciosa\u2026 pero la sociedad exige respuestas.<br>La pol\u00edtica se prepara en las esquinas, con urgencia.<br>Y los periodistas, desde sus escritorios o notebooks, tienen la misi\u00f3n de mirar la grieta, no para cobrar por espejo, sino para recordarnos que solo el equilibrio entre justicia y realidad democr\u00e1tica sostiene los cimientos del pa\u00eds.<\/p>\n\n\n\n<p><small>\u00a92025 Felix Inkstone: fluido, ir\u00f3nico, con un toque literario.- All Rights Reserved &#8211; Copyright \u00a9 2025 ElCanillita.info \/ BlogDiario.info \/SalaStampa.eu, world press service &#8211; Guzzo Photos &amp; Graphic Publications \u2013 Registro Editori e Stampatori n. 1441 Turin, Italy<\/small><\/p>\n\n\n\n<p><\/p>\n","protected":false},"excerpt":{"rendered":"<p>\u00bfAcaso la Justicia puede pensarse en clave electoral? <\/p>\n","protected":false},"author":1,"featured_media":4792,"comment_status":"closed","ping_status":"closed","sticky":false,"template":"","format":"standard","meta":{"footnotes":"","_links_to":"","_links_to_target":""},"categories":[108,121,70,11,123,118,126,22,23,25],"tags":[29],"class_list":["post-4790","post","type-post","status-publish","format-standard","has-post-thumbnail","hentry","category-blogdiario","category-dc24","category-actualidad","category-america-del-sur","category-argentina","category-corrupcion","category-dolores-de-la-press","category-justicia","category-politica","category-sociedad","tag-argentina","entry","double"],"yoast_head":"<!-- This site is optimized with the Yoast SEO plugin v27.4 - https:\/\/yoast.com\/product\/yoast-seo-wordpress\/ -->\n<title>\ud83d\udccc \u201cVialidad en la mira: \u00bfJusticia o pol\u00edtica?\u201d - ElCanillita.Info<\/title>\n<meta name=\"robots\" content=\"index, follow, max-snippet:-1, max-image-preview:large, max-video-preview:-1\" \/>\n<link rel=\"canonical\" href=\"https:\/\/elcanillita.info\/press\/2025\/06\/08\/\ud83d\udccc-vialidad-en-la-mira-justicia-o-politica\/\" \/>\n<meta property=\"og:locale\" content=\"es_ES\" \/>\n<meta property=\"og:type\" content=\"article\" \/>\n<meta property=\"og:title\" content=\"\ud83d\udccc \u201cVialidad en la mira: \u00bfJusticia o pol\u00edtica?\u201d - ElCanillita.Info\" \/>\n<meta property=\"og:description\" content=\"\u00bfAcaso la Justicia puede pensarse en clave electoral?\" \/>\n<meta property=\"og:url\" content=\"https:\/\/elcanillita.info\/press\/2025\/06\/08\/\ud83d\udccc-vialidad-en-la-mira-justicia-o-politica\/\" \/>\n<meta property=\"og:site_name\" content=\"ElCanillita.Info\" \/>\n<meta property=\"article:publisher\" content=\"https:\/\/ar-ar.facebook.com\/ElCanillitainfo-114249515285712\/\" \/>\n<meta property=\"article:published_time\" content=\"2025-06-08T07:53:46+00:00\" \/>\n<meta property=\"article:modified_time\" content=\"2025-06-11T09:37:10+00:00\" \/>\n<meta property=\"og:image\" content=\"https:\/\/elcanillita.info\/press\/images\/2025\/06\/Justicia-o-politica_txt-1.png\" \/>\n\t<meta property=\"og:image:width\" content=\"350\" \/>\n\t<meta property=\"og:image:height\" content=\"350\" \/>\n\t<meta property=\"og:image:type\" content=\"image\/png\" \/>\n<meta name=\"author\" content=\"SalaStampa.eu, world press service\" \/>\n<meta name=\"twitter:card\" content=\"summary_large_image\" \/>\n<meta name=\"twitter:label1\" content=\"Escrito por\" \/>\n\t<meta name=\"twitter:data1\" content=\"SalaStampa.eu, world press service\" \/>\n\t<meta name=\"twitter:label2\" content=\"Tiempo de lectura\" \/>\n\t<meta name=\"twitter:data2\" content=\"3 minutos\" \/>\n<script type=\"application\/ld+json\" class=\"yoast-schema-graph\">{\"@context\":\"https:\\\/\\\/schema.org\",\"@graph\":[{\"@type\":\"Article\",\"@id\":\"https:\\\/\\\/elcanillita.info\\\/press\\\/2025\\\/06\\\/08\\\/%f0%9f%93%8c-vialidad-en-la-mira-justicia-o-politica\\\/#article\",\"isPartOf\":{\"@id\":\"https:\\\/\\\/elcanillita.info\\\/press\\\/2025\\\/06\\\/08\\\/%f0%9f%93%8c-vialidad-en-la-mira-justicia-o-politica\\\/\"},\"author\":{\"name\":\"SalaStampa.eu, world press service\",\"@id\":\"https:\\\/\\\/elcanillita.info\\\/press\\\/#\\\/schema\\\/person\\\/7fcb79f38045700919f7da6d97e71ba0\"},\"headline\":\"\ud83d\udccc \u201cVialidad en la mira: \u00bfJusticia o pol\u00edtica?\u201d\",\"datePublished\":\"2025-06-08T07:53:46+00:00\",\"dateModified\":\"2025-06-11T09:37:10+00:00\",\"mainEntityOfPage\":{\"@id\":\"https:\\\/\\\/elcanillita.info\\\/press\\\/2025\\\/06\\\/08\\\/%f0%9f%93%8c-vialidad-en-la-mira-justicia-o-politica\\\/\"},\"wordCount\":494,\"publisher\":{\"@id\":\"https:\\\/\\\/elcanillita.info\\\/press\\\/#organization\"},\"image\":{\"@id\":\"https:\\\/\\\/elcanillita.info\\\/press\\\/2025\\\/06\\\/08\\\/%f0%9f%93%8c-vialidad-en-la-mira-justicia-o-politica\\\/#primaryimage\"},\"thumbnailUrl\":\"https:\\\/\\\/elcanillita.info\\\/press\\\/images\\\/2025\\\/06\\\/Justicia-o-politica_txt-1.png\",\"keywords\":[\"Argentina\"],\"articleSection\":[\".\",\".\",\"Actualidad\",\"Am\u00e9rica del Sur\",\"Argentina\",\"Corrupci\u00f3n\",\"Dolores de La Press\",\"Justicia\",\"Politica\",\"Sociedad\"],\"inLanguage\":\"es-AR\"},{\"@type\":\"WebPage\",\"@id\":\"https:\\\/\\\/elcanillita.info\\\/press\\\/2025\\\/06\\\/08\\\/%f0%9f%93%8c-vialidad-en-la-mira-justicia-o-politica\\\/\",\"url\":\"https:\\\/\\\/elcanillita.info\\\/press\\\/2025\\\/06\\\/08\\\/%f0%9f%93%8c-vialidad-en-la-mira-justicia-o-politica\\\/\",\"name\":\"\ud83d\udccc \u201cVialidad en la mira: \u00bfJusticia o pol\u00edtica?\u201d - ElCanillita.Info\",\"isPartOf\":{\"@id\":\"https:\\\/\\\/elcanillita.info\\\/press\\\/#website\"},\"primaryImageOfPage\":{\"@id\":\"https:\\\/\\\/elcanillita.info\\\/press\\\/2025\\\/06\\\/08\\\/%f0%9f%93%8c-vialidad-en-la-mira-justicia-o-politica\\\/#primaryimage\"},\"image\":{\"@id\":\"https:\\\/\\\/elcanillita.info\\\/press\\\/2025\\\/06\\\/08\\\/%f0%9f%93%8c-vialidad-en-la-mira-justicia-o-politica\\\/#primaryimage\"},\"thumbnailUrl\":\"https:\\\/\\\/elcanillita.info\\\/press\\\/images\\\/2025\\\/06\\\/Justicia-o-politica_txt-1.png\",\"datePublished\":\"2025-06-08T07:53:46+00:00\",\"dateModified\":\"2025-06-11T09:37:10+00:00\",\"inLanguage\":\"es-AR\",\"potentialAction\":[{\"@type\":\"ReadAction\",\"target\":[\"https:\\\/\\\/elcanillita.info\\\/press\\\/2025\\\/06\\\/08\\\/%f0%9f%93%8c-vialidad-en-la-mira-justicia-o-politica\\\/\"]}]},{\"@type\":\"ImageObject\",\"inLanguage\":\"es-AR\",\"@id\":\"https:\\\/\\\/elcanillita.info\\\/press\\\/2025\\\/06\\\/08\\\/%f0%9f%93%8c-vialidad-en-la-mira-justicia-o-politica\\\/#primaryimage\",\"url\":\"https:\\\/\\\/elcanillita.info\\\/press\\\/images\\\/2025\\\/06\\\/Justicia-o-politica_txt-1.png\",\"contentUrl\":\"https:\\\/\\\/elcanillita.info\\\/press\\\/images\\\/2025\\\/06\\\/Justicia-o-politica_txt-1.png\",\"width\":350,\"height\":350},{\"@type\":\"WebSite\",\"@id\":\"https:\\\/\\\/elcanillita.info\\\/press\\\/#website\",\"url\":\"https:\\\/\\\/elcanillita.info\\\/press\\\/\",\"name\":\"ElCanillita.Info\",\"description\":\"desde los Apeninos a los Andes\",\"publisher\":{\"@id\":\"https:\\\/\\\/elcanillita.info\\\/press\\\/#organization\"},\"potentialAction\":[{\"@type\":\"SearchAction\",\"target\":{\"@type\":\"EntryPoint\",\"urlTemplate\":\"https:\\\/\\\/elcanillita.info\\\/press\\\/?s={search_term_string}\"},\"query-input\":{\"@type\":\"PropertyValueSpecification\",\"valueRequired\":true,\"valueName\":\"search_term_string\"}}],\"inLanguage\":\"es-AR\"},{\"@type\":\"Organization\",\"@id\":\"https:\\\/\\\/elcanillita.info\\\/press\\\/#organization\",\"name\":\"Guzzo Photos & Graphic Publications\",\"url\":\"https:\\\/\\\/elcanillita.info\\\/press\\\/\",\"logo\":{\"@type\":\"ImageObject\",\"inLanguage\":\"es-AR\",\"@id\":\"https:\\\/\\\/elcanillita.info\\\/press\\\/#\\\/schema\\\/logo\\\/image\\\/\",\"url\":\"https:\\\/\\\/elcanillita.info\\\/press\\\/images\\\/2020\\\/01\\\/cropped-cropped-cropped-elcanillitainfo.png\",\"contentUrl\":\"https:\\\/\\\/elcanillita.info\\\/press\\\/images\\\/2020\\\/01\\\/cropped-cropped-cropped-elcanillitainfo.png\",\"width\":460,\"height\":50,\"caption\":\"Guzzo Photos & Graphic Publications\"},\"image\":{\"@id\":\"https:\\\/\\\/elcanillita.info\\\/press\\\/#\\\/schema\\\/logo\\\/image\\\/\"},\"sameAs\":[\"https:\\\/\\\/ar-ar.facebook.com\\\/ElCanillitainfo-114249515285712\\\/\"]},{\"@type\":\"Person\",\"@id\":\"https:\\\/\\\/elcanillita.info\\\/press\\\/#\\\/schema\\\/person\\\/7fcb79f38045700919f7da6d97e71ba0\",\"name\":\"SalaStampa.eu, world press service\",\"image\":{\"@type\":\"ImageObject\",\"inLanguage\":\"es-AR\",\"@id\":\"https:\\\/\\\/secure.gravatar.com\\\/avatar\\\/c2f0e0d515a107624234994507816ca4724c7199cef73fc8bedebf6931d73888?s=96&d=mm&r=g\",\"url\":\"https:\\\/\\\/secure.gravatar.com\\\/avatar\\\/c2f0e0d515a107624234994507816ca4724c7199cef73fc8bedebf6931d73888?s=96&d=mm&r=g\",\"contentUrl\":\"https:\\\/\\\/secure.gravatar.com\\\/avatar\\\/c2f0e0d515a107624234994507816ca4724c7199cef73fc8bedebf6931d73888?s=96&d=mm&r=g\",\"caption\":\"SalaStampa.eu, world press service\"}}]}<\/script>\n<!-- \/ Yoast SEO plugin. -->","yoast_head_json":{"title":"\ud83d\udccc \u201cVialidad en la mira: \u00bfJusticia o pol\u00edtica?\u201d - ElCanillita.Info","robots":{"index":"index","follow":"follow","max-snippet":"max-snippet:-1","max-image-preview":"max-image-preview:large","max-video-preview":"max-video-preview:-1"},"canonical":"https:\/\/elcanillita.info\/press\/2025\/06\/08\/\ud83d\udccc-vialidad-en-la-mira-justicia-o-politica\/","og_locale":"es_ES","og_type":"article","og_title":"\ud83d\udccc \u201cVialidad en la mira: \u00bfJusticia o pol\u00edtica?\u201d - ElCanillita.Info","og_description":"\u00bfAcaso la Justicia puede pensarse en clave electoral?","og_url":"https:\/\/elcanillita.info\/press\/2025\/06\/08\/\ud83d\udccc-vialidad-en-la-mira-justicia-o-politica\/","og_site_name":"ElCanillita.Info","article_publisher":"https:\/\/ar-ar.facebook.com\/ElCanillitainfo-114249515285712\/","article_published_time":"2025-06-08T07:53:46+00:00","article_modified_time":"2025-06-11T09:37:10+00:00","og_image":[{"width":350,"height":350,"url":"https:\/\/elcanillita.info\/press\/images\/2025\/06\/Justicia-o-politica_txt-1.png","type":"image\/png"}],"author":"SalaStampa.eu, world press service","twitter_card":"summary_large_image","twitter_misc":{"Escrito por":"SalaStampa.eu, world press service","Tiempo de lectura":"3 minutos"},"schema":{"@context":"https:\/\/schema.org","@graph":[{"@type":"Article","@id":"https:\/\/elcanillita.info\/press\/2025\/06\/08\/%f0%9f%93%8c-vialidad-en-la-mira-justicia-o-politica\/#article","isPartOf":{"@id":"https:\/\/elcanillita.info\/press\/2025\/06\/08\/%f0%9f%93%8c-vialidad-en-la-mira-justicia-o-politica\/"},"author":{"name":"SalaStampa.eu, world press service","@id":"https:\/\/elcanillita.info\/press\/#\/schema\/person\/7fcb79f38045700919f7da6d97e71ba0"},"headline":"\ud83d\udccc \u201cVialidad en la mira: \u00bfJusticia o pol\u00edtica?\u201d","datePublished":"2025-06-08T07:53:46+00:00","dateModified":"2025-06-11T09:37:10+00:00","mainEntityOfPage":{"@id":"https:\/\/elcanillita.info\/press\/2025\/06\/08\/%f0%9f%93%8c-vialidad-en-la-mira-justicia-o-politica\/"},"wordCount":494,"publisher":{"@id":"https:\/\/elcanillita.info\/press\/#organization"},"image":{"@id":"https:\/\/elcanillita.info\/press\/2025\/06\/08\/%f0%9f%93%8c-vialidad-en-la-mira-justicia-o-politica\/#primaryimage"},"thumbnailUrl":"https:\/\/elcanillita.info\/press\/images\/2025\/06\/Justicia-o-politica_txt-1.png","keywords":["Argentina"],"articleSection":[".",".","Actualidad","Am\u00e9rica del Sur","Argentina","Corrupci\u00f3n","Dolores de La Press","Justicia","Politica","Sociedad"],"inLanguage":"es-AR"},{"@type":"WebPage","@id":"https:\/\/elcanillita.info\/press\/2025\/06\/08\/%f0%9f%93%8c-vialidad-en-la-mira-justicia-o-politica\/","url":"https:\/\/elcanillita.info\/press\/2025\/06\/08\/%f0%9f%93%8c-vialidad-en-la-mira-justicia-o-politica\/","name":"\ud83d\udccc \u201cVialidad en la mira: \u00bfJusticia o pol\u00edtica?\u201d - ElCanillita.Info","isPartOf":{"@id":"https:\/\/elcanillita.info\/press\/#website"},"primaryImageOfPage":{"@id":"https:\/\/elcanillita.info\/press\/2025\/06\/08\/%f0%9f%93%8c-vialidad-en-la-mira-justicia-o-politica\/#primaryimage"},"image":{"@id":"https:\/\/elcanillita.info\/press\/2025\/06\/08\/%f0%9f%93%8c-vialidad-en-la-mira-justicia-o-politica\/#primaryimage"},"thumbnailUrl":"https:\/\/elcanillita.info\/press\/images\/2025\/06\/Justicia-o-politica_txt-1.png","datePublished":"2025-06-08T07:53:46+00:00","dateModified":"2025-06-11T09:37:10+00:00","inLanguage":"es-AR","potentialAction":[{"@type":"ReadAction","target":["https:\/\/elcanillita.info\/press\/2025\/06\/08\/%f0%9f%93%8c-vialidad-en-la-mira-justicia-o-politica\/"]}]},{"@type":"ImageObject","inLanguage":"es-AR","@id":"https:\/\/elcanillita.info\/press\/2025\/06\/08\/%f0%9f%93%8c-vialidad-en-la-mira-justicia-o-politica\/#primaryimage","url":"https:\/\/elcanillita.info\/press\/images\/2025\/06\/Justicia-o-politica_txt-1.png","contentUrl":"https:\/\/elcanillita.info\/press\/images\/2025\/06\/Justicia-o-politica_txt-1.png","width":350,"height":350},{"@type":"WebSite","@id":"https:\/\/elcanillita.info\/press\/#website","url":"https:\/\/elcanillita.info\/press\/","name":"ElCanillita.Info","description":"desde los Apeninos a los Andes","publisher":{"@id":"https:\/\/elcanillita.info\/press\/#organization"},"potentialAction":[{"@type":"SearchAction","target":{"@type":"EntryPoint","urlTemplate":"https:\/\/elcanillita.info\/press\/?s={search_term_string}"},"query-input":{"@type":"PropertyValueSpecification","valueRequired":true,"valueName":"search_term_string"}}],"inLanguage":"es-AR"},{"@type":"Organization","@id":"https:\/\/elcanillita.info\/press\/#organization","name":"Guzzo Photos & Graphic Publications","url":"https:\/\/elcanillita.info\/press\/","logo":{"@type":"ImageObject","inLanguage":"es-AR","@id":"https:\/\/elcanillita.info\/press\/#\/schema\/logo\/image\/","url":"https:\/\/elcanillita.info\/press\/images\/2020\/01\/cropped-cropped-cropped-elcanillitainfo.png","contentUrl":"https:\/\/elcanillita.info\/press\/images\/2020\/01\/cropped-cropped-cropped-elcanillitainfo.png","width":460,"height":50,"caption":"Guzzo Photos & Graphic Publications"},"image":{"@id":"https:\/\/elcanillita.info\/press\/#\/schema\/logo\/image\/"},"sameAs":["https:\/\/ar-ar.facebook.com\/ElCanillitainfo-114249515285712\/"]},{"@type":"Person","@id":"https:\/\/elcanillita.info\/press\/#\/schema\/person\/7fcb79f38045700919f7da6d97e71ba0","name":"SalaStampa.eu, world press service","image":{"@type":"ImageObject","inLanguage":"es-AR","@id":"https:\/\/secure.gravatar.com\/avatar\/c2f0e0d515a107624234994507816ca4724c7199cef73fc8bedebf6931d73888?s=96&d=mm&r=g","url":"https:\/\/secure.gravatar.com\/avatar\/c2f0e0d515a107624234994507816ca4724c7199cef73fc8bedebf6931d73888?s=96&d=mm&r=g","contentUrl":"https:\/\/secure.gravatar.com\/avatar\/c2f0e0d515a107624234994507816ca4724c7199cef73fc8bedebf6931d73888?s=96&d=mm&r=g","caption":"SalaStampa.eu, world press service"}}]}},"views":551,"_links":{"self":[{"href":"https:\/\/elcanillita.info\/press\/wp-json\/wp\/v2\/posts\/4790","targetHints":{"allow":["GET"]}}],"collection":[{"href":"https:\/\/elcanillita.info\/press\/wp-json\/wp\/v2\/posts"}],"about":[{"href":"https:\/\/elcanillita.info\/press\/wp-json\/wp\/v2\/types\/post"}],"author":[{"embeddable":true,"href":"https:\/\/elcanillita.info\/press\/wp-json\/wp\/v2\/users\/1"}],"replies":[{"embeddable":true,"href":"https:\/\/elcanillita.info\/press\/wp-json\/wp\/v2\/comments?post=4790"}],"version-history":[{"count":0,"href":"https:\/\/elcanillita.info\/press\/wp-json\/wp\/v2\/posts\/4790\/revisions"}],"wp:featuredmedia":[{"embeddable":true,"href":"https:\/\/elcanillita.info\/press\/wp-json\/wp\/v2\/media\/4792"}],"wp:attachment":[{"href":"https:\/\/elcanillita.info\/press\/wp-json\/wp\/v2\/media?parent=4790"}],"wp:term":[{"taxonomy":"category","embeddable":true,"href":"https:\/\/elcanillita.info\/press\/wp-json\/wp\/v2\/categories?post=4790"},{"taxonomy":"post_tag","embeddable":true,"href":"https:\/\/elcanillita.info\/press\/wp-json\/wp\/v2\/tags?post=4790"}],"curies":[{"name":"wp","href":"https:\/\/api.w.org\/{rel}","templated":true}]}}