{"id":4785,"date":"2025-06-07T19:55:48","date_gmt":"2025-06-07T22:55:48","guid":{"rendered":"https:\/\/elcanillita.info\/press\/?p=4785"},"modified":"2025-06-11T06:39:50","modified_gmt":"2025-06-11T09:39:50","slug":"pinguinos-fosiles-y-espejos","status":"publish","type":"post","link":"https:\/\/elcanillita.info\/press\/2025\/06\/07\/pinguinos-fosiles-y-espejos\/","title":{"rendered":"Ping\u00fcinos, f\u00f3siles y espejos"},"content":{"rendered":"<div class=\"wp-block-image\">\n<figure class=\"alignleft size-full is-resized\"><img loading=\"lazy\" decoding=\"async\" width=\"350\" height=\"350\" src=\"https:\/\/elcanillita.info\/press\/images\/2025\/06\/museo.png\" alt=\"\" class=\"wp-image-4786\" style=\"width:307px;height:auto\" srcset=\"https:\/\/elcanillita.info\/press\/images\/2025\/06\/museo.png 350w, https:\/\/elcanillita.info\/press\/images\/2025\/06\/museo-300x300.png 300w, https:\/\/elcanillita.info\/press\/images\/2025\/06\/museo-150x150.png 150w\" sizes=\"auto, (max-width: 350px) 100vw, 350px\" \/><\/figure>\n<\/div>\n\n\n<p><strong>ElCanillita.info<\/strong><br>Argentina, 08\/06\/2025<br>\u270d\ufe0f  Papel y Tinta \u2013 ElCanillita.info<br>\u201cFui con los chicos al museo de Ciencias Naturales. Entre bichos, dinosaurios y peces, de pronto, una sala de Derechos Humanos. Un espejo. Y una voz que te dice: \u2018vos podr\u00edas ser nieto de desaparecidos\u2019\u2026\u201d<\/p>\n\n\n\n<p>As\u00ed comienza el relato de una madre cualquiera, una ciudadana que no vive en la grieta, pero tampoco quiere que le tapen la vista con la bandera de los buenos.<\/p>\n\n\n\n<p>No est\u00e1 en contra de la memoria. No niega. No insulta. Solo que le molesta que se haya colado un relato \u00fanico hasta los lugares m\u00e1s improbables. Hasta el Conicet, el museo, la escuela, la muestra de arte, la cartelera, la sala de espera. Hasta su reflejo.<\/p>\n\n\n\n<blockquote class=\"wp-block-quote is-layout-flow wp-block-quote-is-layout-flow\">\n<p>\u201cUna cosa subterr\u00e1nea que se meti\u00f3 dentro de todo, hasta los lugares menos pensados\u201d, dice con palabras propias, sin necesidad de polit\u00f3logos.<\/p>\n<\/blockquote>\n\n\n\n<p>Y remata con una certeza desordenada, como todo lo que nace del instinto:<\/p>\n\n\n\n<blockquote class=\"wp-block-quote is-layout-flow wp-block-quote-is-layout-flow\">\n<p>\u201cNada es perfecto. Todo es perfectible. Pero que no vuelvan los otros.\u201d<\/p>\n<\/blockquote>\n\n\n\n<p>Esa frase final \u2014cruda, simple\u2014 no es una consigna. Es un grito que se escucha en muchos hogares argentinos. No se trata de estar a favor de los que est\u00e1n, sino de temerle a la repetici\u00f3n de lo que hubo. No es apoyo, es p\u00e1nico.<\/p>\n\n\n\n<p>Porque si hay algo que este pa\u00eds no ha sabido hacer es cerrar un cap\u00edtulo sin escribirlo como dogma.<br><br>\ud83d\udcf7 Un espejo que interroga<br>El espejo del museo no miente: puede que cualquiera sea nieto de desaparecidos. Pero tambi\u00e9n puede ser hijo de un obrero que trabaj\u00f3 50 a\u00f1os en silencio, o nieta de una mujer que cri\u00f3 seis chicos con una pensi\u00f3n m\u00ednima, o bisnieta de un inmigrante que escap\u00f3 de la guerra y termin\u00f3 vendiendo paraguas en Constituci\u00f3n.<\/p>\n\n\n\n<p>\u00bfPor qu\u00e9 ese espejo solo refleja una historia? \u00bfY las otras?<br><br>\ud83d\udeaaSalir sin romper<br>La se\u00f1ora que escribi\u00f3 este mensaje no odia a nadie. No pide justicia por mano propia. No tuitea desde la trinchera. Solo quiere poder visitar un museo con sus hijos sin que le pregunten \u2014sin preguntarle\u2014 a qui\u00e9n vot\u00f3 o qu\u00e9 piensa sobre Videla.<\/p>\n\n\n\n<p>Y quiere \u2014como muchos\u2014 que no se vuelva a servir la misma sopa, esa que ven\u00eda con patria grande, bolsos llenos y discursos vac\u00edos.<\/p>\n\n\n\n<p><small>\u00a92025 \u201cPapel y Tinta\u201d &#8211; Todos los derechos reservados Copyright \u00a9 2025 ElCanillita.info \/ BlogDiario.info \/ SalaStampa.eu, servicio mundial de prensa Guzzo Photos &amp; Graphic Publications \u2013 Registro Editori e Stampatori n. 1441 Torino, Italia<\/small><\/p>\n\n\n\n<p><\/p>\n","protected":false},"excerpt":{"rendered":"<p>Cr\u00f3nica de una mujer com\u00fan en la Argentina <\/p>\n","protected":false},"author":1,"featured_media":4788,"comment_status":"closed","ping_status":"closed","sticky":false,"template":"","format":"standard","meta":{"footnotes":"","_links_to":"","_links_to_target":""},"categories":[108,121,70,123,19,126,25],"tags":[29],"class_list":["post-4785","post","type-post","status-publish","format-standard","has-post-thumbnail","hentry","category-blogdiario","category-dc24","category-actualidad","category-argentina","category-cultura","category-dolores-de-la-press","category-sociedad","tag-argentina","entry","double"],"yoast_head":"<!-- This site is optimized with the Yoast SEO plugin v27.4 - https:\/\/yoast.com\/product\/yoast-seo-wordpress\/ -->\n<title>Ping\u00fcinos, f\u00f3siles y espejos - ElCanillita.Info<\/title>\n<meta name=\"robots\" content=\"index, follow, max-snippet:-1, max-image-preview:large, max-video-preview:-1\" \/>\n<link rel=\"canonical\" href=\"https:\/\/elcanillita.info\/press\/2025\/06\/07\/pinguinos-fosiles-y-espejos\/\" \/>\n<meta property=\"og:locale\" content=\"es_ES\" \/>\n<meta property=\"og:type\" content=\"article\" \/>\n<meta property=\"og:title\" content=\"Ping\u00fcinos, f\u00f3siles y espejos - ElCanillita.Info\" \/>\n<meta property=\"og:description\" content=\"Cr\u00f3nica de una mujer com\u00fan en la Argentina\" \/>\n<meta property=\"og:url\" content=\"https:\/\/elcanillita.info\/press\/2025\/06\/07\/pinguinos-fosiles-y-espejos\/\" \/>\n<meta property=\"og:site_name\" content=\"ElCanillita.Info\" \/>\n<meta property=\"article:publisher\" content=\"https:\/\/ar-ar.facebook.com\/ElCanillitainfo-114249515285712\/\" \/>\n<meta property=\"article:published_time\" content=\"2025-06-07T22:55:48+00:00\" \/>\n<meta property=\"article:modified_time\" content=\"2025-06-11T09:39:50+00:00\" \/>\n<meta property=\"og:image\" content=\"https:\/\/elcanillita.info\/press\/images\/2025\/06\/museo.cover_.png\" \/>\n\t<meta property=\"og:image:width\" content=\"300\" \/>\n\t<meta property=\"og:image:height\" content=\"300\" \/>\n\t<meta property=\"og:image:type\" content=\"image\/png\" \/>\n<meta name=\"author\" content=\"SalaStampa.eu, world press service\" \/>\n<meta name=\"twitter:card\" content=\"summary_large_image\" \/>\n<meta name=\"twitter:label1\" content=\"Escrito por\" \/>\n\t<meta name=\"twitter:data1\" content=\"SalaStampa.eu, world press service\" \/>\n\t<meta name=\"twitter:label2\" content=\"Tiempo de lectura\" \/>\n\t<meta name=\"twitter:data2\" content=\"3 minutos\" \/>\n<script type=\"application\/ld+json\" class=\"yoast-schema-graph\">{\"@context\":\"https:\\\/\\\/schema.org\",\"@graph\":[{\"@type\":\"Article\",\"@id\":\"https:\\\/\\\/elcanillita.info\\\/press\\\/2025\\\/06\\\/07\\\/pinguinos-fosiles-y-espejos\\\/#article\",\"isPartOf\":{\"@id\":\"https:\\\/\\\/elcanillita.info\\\/press\\\/2025\\\/06\\\/07\\\/pinguinos-fosiles-y-espejos\\\/\"},\"author\":{\"name\":\"SalaStampa.eu, world press service\",\"@id\":\"https:\\\/\\\/elcanillita.info\\\/press\\\/#\\\/schema\\\/person\\\/7fcb79f38045700919f7da6d97e71ba0\"},\"headline\":\"Ping\u00fcinos, f\u00f3siles y espejos\",\"datePublished\":\"2025-06-07T22:55:48+00:00\",\"dateModified\":\"2025-06-11T09:39:50+00:00\",\"mainEntityOfPage\":{\"@id\":\"https:\\\/\\\/elcanillita.info\\\/press\\\/2025\\\/06\\\/07\\\/pinguinos-fosiles-y-espejos\\\/\"},\"wordCount\":425,\"publisher\":{\"@id\":\"https:\\\/\\\/elcanillita.info\\\/press\\\/#organization\"},\"image\":{\"@id\":\"https:\\\/\\\/elcanillita.info\\\/press\\\/2025\\\/06\\\/07\\\/pinguinos-fosiles-y-espejos\\\/#primaryimage\"},\"thumbnailUrl\":\"https:\\\/\\\/elcanillita.info\\\/press\\\/images\\\/2025\\\/06\\\/museo.cover_.png\",\"keywords\":[\"Argentina\"],\"articleSection\":[\".\",\".\",\"Actualidad\",\"Argentina\",\"Cultura\",\"Dolores de La Press\",\"Sociedad\"],\"inLanguage\":\"es-AR\"},{\"@type\":\"WebPage\",\"@id\":\"https:\\\/\\\/elcanillita.info\\\/press\\\/2025\\\/06\\\/07\\\/pinguinos-fosiles-y-espejos\\\/\",\"url\":\"https:\\\/\\\/elcanillita.info\\\/press\\\/2025\\\/06\\\/07\\\/pinguinos-fosiles-y-espejos\\\/\",\"name\":\"Ping\u00fcinos, f\u00f3siles y espejos - ElCanillita.Info\",\"isPartOf\":{\"@id\":\"https:\\\/\\\/elcanillita.info\\\/press\\\/#website\"},\"primaryImageOfPage\":{\"@id\":\"https:\\\/\\\/elcanillita.info\\\/press\\\/2025\\\/06\\\/07\\\/pinguinos-fosiles-y-espejos\\\/#primaryimage\"},\"image\":{\"@id\":\"https:\\\/\\\/elcanillita.info\\\/press\\\/2025\\\/06\\\/07\\\/pinguinos-fosiles-y-espejos\\\/#primaryimage\"},\"thumbnailUrl\":\"https:\\\/\\\/elcanillita.info\\\/press\\\/images\\\/2025\\\/06\\\/museo.cover_.png\",\"datePublished\":\"2025-06-07T22:55:48+00:00\",\"dateModified\":\"2025-06-11T09:39:50+00:00\",\"inLanguage\":\"es-AR\",\"potentialAction\":[{\"@type\":\"ReadAction\",\"target\":[\"https:\\\/\\\/elcanillita.info\\\/press\\\/2025\\\/06\\\/07\\\/pinguinos-fosiles-y-espejos\\\/\"]}]},{\"@type\":\"ImageObject\",\"inLanguage\":\"es-AR\",\"@id\":\"https:\\\/\\\/elcanillita.info\\\/press\\\/2025\\\/06\\\/07\\\/pinguinos-fosiles-y-espejos\\\/#primaryimage\",\"url\":\"https:\\\/\\\/elcanillita.info\\\/press\\\/images\\\/2025\\\/06\\\/museo.cover_.png\",\"contentUrl\":\"https:\\\/\\\/elcanillita.info\\\/press\\\/images\\\/2025\\\/06\\\/museo.cover_.png\",\"width\":300,\"height\":300},{\"@type\":\"WebSite\",\"@id\":\"https:\\\/\\\/elcanillita.info\\\/press\\\/#website\",\"url\":\"https:\\\/\\\/elcanillita.info\\\/press\\\/\",\"name\":\"ElCanillita.Info\",\"description\":\"desde los Apeninos a los Andes\",\"publisher\":{\"@id\":\"https:\\\/\\\/elcanillita.info\\\/press\\\/#organization\"},\"potentialAction\":[{\"@type\":\"SearchAction\",\"target\":{\"@type\":\"EntryPoint\",\"urlTemplate\":\"https:\\\/\\\/elcanillita.info\\\/press\\\/?s={search_term_string}\"},\"query-input\":{\"@type\":\"PropertyValueSpecification\",\"valueRequired\":true,\"valueName\":\"search_term_string\"}}],\"inLanguage\":\"es-AR\"},{\"@type\":\"Organization\",\"@id\":\"https:\\\/\\\/elcanillita.info\\\/press\\\/#organization\",\"name\":\"Guzzo Photos & Graphic Publications\",\"url\":\"https:\\\/\\\/elcanillita.info\\\/press\\\/\",\"logo\":{\"@type\":\"ImageObject\",\"inLanguage\":\"es-AR\",\"@id\":\"https:\\\/\\\/elcanillita.info\\\/press\\\/#\\\/schema\\\/logo\\\/image\\\/\",\"url\":\"https:\\\/\\\/elcanillita.info\\\/press\\\/images\\\/2020\\\/01\\\/cropped-cropped-cropped-elcanillitainfo.png\",\"contentUrl\":\"https:\\\/\\\/elcanillita.info\\\/press\\\/images\\\/2020\\\/01\\\/cropped-cropped-cropped-elcanillitainfo.png\",\"width\":460,\"height\":50,\"caption\":\"Guzzo Photos & Graphic Publications\"},\"image\":{\"@id\":\"https:\\\/\\\/elcanillita.info\\\/press\\\/#\\\/schema\\\/logo\\\/image\\\/\"},\"sameAs\":[\"https:\\\/\\\/ar-ar.facebook.com\\\/ElCanillitainfo-114249515285712\\\/\"]},{\"@type\":\"Person\",\"@id\":\"https:\\\/\\\/elcanillita.info\\\/press\\\/#\\\/schema\\\/person\\\/7fcb79f38045700919f7da6d97e71ba0\",\"name\":\"SalaStampa.eu, world press service\",\"image\":{\"@type\":\"ImageObject\",\"inLanguage\":\"es-AR\",\"@id\":\"https:\\\/\\\/secure.gravatar.com\\\/avatar\\\/c2f0e0d515a107624234994507816ca4724c7199cef73fc8bedebf6931d73888?s=96&d=mm&r=g\",\"url\":\"https:\\\/\\\/secure.gravatar.com\\\/avatar\\\/c2f0e0d515a107624234994507816ca4724c7199cef73fc8bedebf6931d73888?s=96&d=mm&r=g\",\"contentUrl\":\"https:\\\/\\\/secure.gravatar.com\\\/avatar\\\/c2f0e0d515a107624234994507816ca4724c7199cef73fc8bedebf6931d73888?s=96&d=mm&r=g\",\"caption\":\"SalaStampa.eu, world press service\"}}]}<\/script>\n<!-- \/ Yoast SEO plugin. -->","yoast_head_json":{"title":"Ping\u00fcinos, f\u00f3siles y espejos - ElCanillita.Info","robots":{"index":"index","follow":"follow","max-snippet":"max-snippet:-1","max-image-preview":"max-image-preview:large","max-video-preview":"max-video-preview:-1"},"canonical":"https:\/\/elcanillita.info\/press\/2025\/06\/07\/pinguinos-fosiles-y-espejos\/","og_locale":"es_ES","og_type":"article","og_title":"Ping\u00fcinos, f\u00f3siles y espejos - ElCanillita.Info","og_description":"Cr\u00f3nica de una mujer com\u00fan en la Argentina","og_url":"https:\/\/elcanillita.info\/press\/2025\/06\/07\/pinguinos-fosiles-y-espejos\/","og_site_name":"ElCanillita.Info","article_publisher":"https:\/\/ar-ar.facebook.com\/ElCanillitainfo-114249515285712\/","article_published_time":"2025-06-07T22:55:48+00:00","article_modified_time":"2025-06-11T09:39:50+00:00","og_image":[{"width":300,"height":300,"url":"https:\/\/elcanillita.info\/press\/images\/2025\/06\/museo.cover_.png","type":"image\/png"}],"author":"SalaStampa.eu, world press service","twitter_card":"summary_large_image","twitter_misc":{"Escrito por":"SalaStampa.eu, world press service","Tiempo de lectura":"3 minutos"},"schema":{"@context":"https:\/\/schema.org","@graph":[{"@type":"Article","@id":"https:\/\/elcanillita.info\/press\/2025\/06\/07\/pinguinos-fosiles-y-espejos\/#article","isPartOf":{"@id":"https:\/\/elcanillita.info\/press\/2025\/06\/07\/pinguinos-fosiles-y-espejos\/"},"author":{"name":"SalaStampa.eu, world press service","@id":"https:\/\/elcanillita.info\/press\/#\/schema\/person\/7fcb79f38045700919f7da6d97e71ba0"},"headline":"Ping\u00fcinos, f\u00f3siles y espejos","datePublished":"2025-06-07T22:55:48+00:00","dateModified":"2025-06-11T09:39:50+00:00","mainEntityOfPage":{"@id":"https:\/\/elcanillita.info\/press\/2025\/06\/07\/pinguinos-fosiles-y-espejos\/"},"wordCount":425,"publisher":{"@id":"https:\/\/elcanillita.info\/press\/#organization"},"image":{"@id":"https:\/\/elcanillita.info\/press\/2025\/06\/07\/pinguinos-fosiles-y-espejos\/#primaryimage"},"thumbnailUrl":"https:\/\/elcanillita.info\/press\/images\/2025\/06\/museo.cover_.png","keywords":["Argentina"],"articleSection":[".",".","Actualidad","Argentina","Cultura","Dolores de La Press","Sociedad"],"inLanguage":"es-AR"},{"@type":"WebPage","@id":"https:\/\/elcanillita.info\/press\/2025\/06\/07\/pinguinos-fosiles-y-espejos\/","url":"https:\/\/elcanillita.info\/press\/2025\/06\/07\/pinguinos-fosiles-y-espejos\/","name":"Ping\u00fcinos, f\u00f3siles y espejos - ElCanillita.Info","isPartOf":{"@id":"https:\/\/elcanillita.info\/press\/#website"},"primaryImageOfPage":{"@id":"https:\/\/elcanillita.info\/press\/2025\/06\/07\/pinguinos-fosiles-y-espejos\/#primaryimage"},"image":{"@id":"https:\/\/elcanillita.info\/press\/2025\/06\/07\/pinguinos-fosiles-y-espejos\/#primaryimage"},"thumbnailUrl":"https:\/\/elcanillita.info\/press\/images\/2025\/06\/museo.cover_.png","datePublished":"2025-06-07T22:55:48+00:00","dateModified":"2025-06-11T09:39:50+00:00","inLanguage":"es-AR","potentialAction":[{"@type":"ReadAction","target":["https:\/\/elcanillita.info\/press\/2025\/06\/07\/pinguinos-fosiles-y-espejos\/"]}]},{"@type":"ImageObject","inLanguage":"es-AR","@id":"https:\/\/elcanillita.info\/press\/2025\/06\/07\/pinguinos-fosiles-y-espejos\/#primaryimage","url":"https:\/\/elcanillita.info\/press\/images\/2025\/06\/museo.cover_.png","contentUrl":"https:\/\/elcanillita.info\/press\/images\/2025\/06\/museo.cover_.png","width":300,"height":300},{"@type":"WebSite","@id":"https:\/\/elcanillita.info\/press\/#website","url":"https:\/\/elcanillita.info\/press\/","name":"ElCanillita.Info","description":"desde los Apeninos a los Andes","publisher":{"@id":"https:\/\/elcanillita.info\/press\/#organization"},"potentialAction":[{"@type":"SearchAction","target":{"@type":"EntryPoint","urlTemplate":"https:\/\/elcanillita.info\/press\/?s={search_term_string}"},"query-input":{"@type":"PropertyValueSpecification","valueRequired":true,"valueName":"search_term_string"}}],"inLanguage":"es-AR"},{"@type":"Organization","@id":"https:\/\/elcanillita.info\/press\/#organization","name":"Guzzo Photos & Graphic Publications","url":"https:\/\/elcanillita.info\/press\/","logo":{"@type":"ImageObject","inLanguage":"es-AR","@id":"https:\/\/elcanillita.info\/press\/#\/schema\/logo\/image\/","url":"https:\/\/elcanillita.info\/press\/images\/2020\/01\/cropped-cropped-cropped-elcanillitainfo.png","contentUrl":"https:\/\/elcanillita.info\/press\/images\/2020\/01\/cropped-cropped-cropped-elcanillitainfo.png","width":460,"height":50,"caption":"Guzzo Photos & Graphic Publications"},"image":{"@id":"https:\/\/elcanillita.info\/press\/#\/schema\/logo\/image\/"},"sameAs":["https:\/\/ar-ar.facebook.com\/ElCanillitainfo-114249515285712\/"]},{"@type":"Person","@id":"https:\/\/elcanillita.info\/press\/#\/schema\/person\/7fcb79f38045700919f7da6d97e71ba0","name":"SalaStampa.eu, world press service","image":{"@type":"ImageObject","inLanguage":"es-AR","@id":"https:\/\/secure.gravatar.com\/avatar\/c2f0e0d515a107624234994507816ca4724c7199cef73fc8bedebf6931d73888?s=96&d=mm&r=g","url":"https:\/\/secure.gravatar.com\/avatar\/c2f0e0d515a107624234994507816ca4724c7199cef73fc8bedebf6931d73888?s=96&d=mm&r=g","contentUrl":"https:\/\/secure.gravatar.com\/avatar\/c2f0e0d515a107624234994507816ca4724c7199cef73fc8bedebf6931d73888?s=96&d=mm&r=g","caption":"SalaStampa.eu, world press service"}}]}},"views":160,"_links":{"self":[{"href":"https:\/\/elcanillita.info\/press\/wp-json\/wp\/v2\/posts\/4785","targetHints":{"allow":["GET"]}}],"collection":[{"href":"https:\/\/elcanillita.info\/press\/wp-json\/wp\/v2\/posts"}],"about":[{"href":"https:\/\/elcanillita.info\/press\/wp-json\/wp\/v2\/types\/post"}],"author":[{"embeddable":true,"href":"https:\/\/elcanillita.info\/press\/wp-json\/wp\/v2\/users\/1"}],"replies":[{"embeddable":true,"href":"https:\/\/elcanillita.info\/press\/wp-json\/wp\/v2\/comments?post=4785"}],"version-history":[{"count":0,"href":"https:\/\/elcanillita.info\/press\/wp-json\/wp\/v2\/posts\/4785\/revisions"}],"wp:featuredmedia":[{"embeddable":true,"href":"https:\/\/elcanillita.info\/press\/wp-json\/wp\/v2\/media\/4788"}],"wp:attachment":[{"href":"https:\/\/elcanillita.info\/press\/wp-json\/wp\/v2\/media?parent=4785"}],"wp:term":[{"taxonomy":"category","embeddable":true,"href":"https:\/\/elcanillita.info\/press\/wp-json\/wp\/v2\/categories?post=4785"},{"taxonomy":"post_tag","embeddable":true,"href":"https:\/\/elcanillita.info\/press\/wp-json\/wp\/v2\/tags?post=4785"}],"curies":[{"name":"wp","href":"https:\/\/api.w.org\/{rel}","templated":true}]}}