{"id":478,"date":"2020-02-19T07:01:13","date_gmt":"2020-02-19T10:01:13","guid":{"rendered":"https:\/\/elcanillita.info\/press\/?p=478"},"modified":"2020-02-20T07:27:44","modified_gmt":"2020-02-20T10:27:44","slug":"corporacion-china-disputa-internacional-ecuador-proyecto-aurifero-rio-blanco","status":"publish","type":"post","link":"https:\/\/elcanillita.info\/press\/2020\/02\/19\/corporacion-china-disputa-internacional-ecuador-proyecto-aurifero-rio-blanco\/","title":{"rendered":"Corporaci\u00f3n china abre &#8220;disputa internacional&#8221; contra Ecuador por proyecto aur\u00edfero R\u00edo Blanco"},"content":{"rendered":"\n<p>Quito, 19.02.2020 &#8211; El consorcio chino Ecuagoldmining abri\u00f3 una disputa contra el gobierno de Ecuador sobre un proyecto de oro que fue detenido por una orden judicial, una medida que podr\u00eda llevar a una demanda de arbitraje por unos 480 millones de d\u00f3lares, explic\u00f3 el martes el viceministro Enrique Gallegos&nbsp;Anda.<\/p>\n\n\n\n<p>El proyecto R\u00edo Blanco, ubicado en la provincia andina de Azuay, se encuentra paralizado desde mediados del 2018 cuando activistas de la comunidad lograron que un juez local suspendiera sus operaciones, debido a que no fueron consultados previamente y por supuesta contaminaci\u00f3n.<\/p>\n\n\n\n<p>Esta es la primera notificaci\u00f3n de disputa internacional en el sector minero que recibe Ecuador desde que comenz\u00f3 a desarrollar la miner\u00eda a gran escala, lo que ha atra\u00eddo el inter\u00e9s de inversores, pero tambi\u00e9n la preocupaci\u00f3n por el poder de grupos locales para detener los proyectos.<\/p>\n\n\n\n<p>&#8220;Lo que ellos nos est\u00e1n poniendo es una disputa internacional, es el procedimiento normal que se establece para estos temas, demanda no hay todav\u00eda&#8221;, agreg\u00f3 Gallegos-Anda, durante una entrevista con Reuters.<\/p>\n\n\n\n<p>&#8220;En estos d\u00edas nos toca oficialmente recibir la invitaci\u00f3n a conversar y nos sentaremos, vamos a dialogar y vamos a buscar una soluci\u00f3n&#8221;, asegur\u00f3.<\/p>\n\n\n\n<p>El periodo de seis meses de negociaci\u00f3n es el primer paso en un posible arbitraje internacional, de acuerdo a lo establecido en un tratado de protecci\u00f3n de inversiones suscrito con China, manifest\u00f3 el funcionario.<\/p>\n\n\n\n<p>&#8220;Ponen unos 480 millones de d\u00f3lares, ese es el monto del impacto que tendr\u00eda el hecho de no haber podido operar en los 11 a\u00f1os de concesi\u00f3n&#8221;, agreg\u00f3. &#8220;Esta va a ser una disputa f\u00e1cil de manejar, no va a terminar en una demanda&#8221;, dijo.<\/p>\n\n\n\n<p>Hasta el momento Ecuagoldmining, integrado por los grupos Junefield Mineral&nbsp;Resources&nbsp;Limited&nbsp;y Hunan Gold Group, han declinado hacer comentarios.<\/p>\n\n\n\n<p>Gallegos Anda dijo adem\u00e1s que el gobierno espera que la Corte Constitucional (CC) resuelva un pedido para revisar la decisi\u00f3n previa de los jueces locales y poder retomar la operaci\u00f3n de R\u00edo Blanco.<\/p>\n\n\n\n<p>&#8220;Lo l\u00f3gico es esperar que los magistrados de la Corte denoten que los jueces interpretaron mal la norma y entonces al haber resuelto un fallo con una interpretaci\u00f3n err\u00f3nea, no procede. El rato que suceda eso autom\u00e1ticamente la empresa puede reiniciar la actividad&#8221;, dijo.<\/p>\n\n\n\n<p>No hay una fecha para que la m\u00e1xima corte se pronuncie.<\/p>\n\n\n\n<p>La semana pasada medio centenar de ind\u00edgenas de la&nbsp;Amazon\u00eda&nbsp;ecuatoriana llegaron a&nbsp;Quito&nbsp;para exigir a las autoridades del Estado que se respete su derecho a una consulta previa en proyectos extractivistas (petr\u00f3leo y miner\u00eda) y se cumplan fallos judiciales que les favorecen.<\/p>\n\n\n\n<p>Mar\u00eda Espinosa, abogada de los ind\u00edgenas y defensora de los derechos humanos explic\u00f3 que la llegada del grupo ind\u00edgena a Quito fue para exigir que se inicien las investigaciones para determinar las responsabilidades por el comportamiento de funcionarios en casos relacionados con las concesiones mineras en diferentes provincias en la Amazon\u00eda.<\/p>\n\n\n\n<p>Espinosa dijo que las autoridades de la Corte Constitucional y la Contralor\u00eda han ofrecido actuar, pero remarc\u00f3 que este tipo de&nbsp;\u00abdiscursos bonitos\u00bb&nbsp;ya los han visto en el pasado<\/p>\n\n\n\n<p>Ecuagoldmining<\/p>\n\n\n\n<p>Ecuagoldmining denunci\u00f3 en 2018 que fue objeto de violentos ataques a sus instalaciones por grupos opositores a la miner\u00eda. Gallegos Anda reconoci\u00f3 que actualmente ni la polic\u00eda ni militares han podido resguardar el campamento.<br>\nOtros pedidos de consulta popular de comunidades y grupos activistas para prohibir la miner\u00eda se analizan en el \u00e1mbito judicial.<\/p>\n\n\n\n<p>El a\u00f1o pasado, la CC fall\u00f3 en contra de las solicitudes de consultas populares sobre proyectos que involucran a SolGold PLC de Australia y INV Metals Inc de Canad\u00e1.<\/p>\n\n\n\n<p>Ecuador desde fines del a\u00f1o pasado comenz\u00f3 la exportaci\u00f3n de oro de su mina Fruta del Norte, operada por la canadiense Lundin Gold, y de cobre de su mina Mirador, en manos de Ecuacorriente, subsidiaria del consorcio chino CRCC-Tongguan.<br> (Con informaci\u00f3n de Reuters)<br><small>2020 voanoticias \u2013 salastampa.eu, afiliada a la red Broadcasting Board of Governors \u00a9 2020 BBG<\/small><\/p>\n","protected":false},"excerpt":{"rendered":"<p>Quito, 19.02.2020 &#8211; El consorcio chino Ecuagoldmining abri\u00f3 una disputa contra el gobierno de Ecuador sobre un proyecto de oro que fue detenido por una orden judicial, una medida que podr\u00eda llevar a una demanda de arbitraje por unos 480 millones de d\u00f3lares, explic\u00f3 el martes el viceministro Enrique Gallegos Anda.<\/p>\n","protected":false},"author":1,"featured_media":0,"comment_status":"closed","ping_status":"closed","sticky":false,"template":"","format":"standard","meta":{"footnotes":"","_links_to":"","_links_to_target":""},"categories":[70,11,24,20,23],"tags":[53],"class_list":["post-478","post","type-post","status-publish","format-standard","hentry","category-actualidad","category-america-del-sur","category-ciencia-tecnologia","category-economia","category-politica","tag-ecuador","entry","double"],"yoast_head":"<!-- This site is optimized with the Yoast SEO plugin v27.4 - https:\/\/yoast.com\/product\/yoast-seo-wordpress\/ -->\n<title>Corporaci\u00f3n china abre &quot;disputa internacional&quot; contra Ecuador por proyecto aur\u00edfero R\u00edo Blanco - ElCanillita.Info<\/title>\n<meta name=\"robots\" content=\"index, follow, max-snippet:-1, max-image-preview:large, max-video-preview:-1\" \/>\n<link rel=\"canonical\" href=\"https:\/\/elcanillita.info\/press\/2020\/02\/19\/corporacion-china-disputa-internacional-ecuador-proyecto-aurifero-rio-blanco\/\" \/>\n<meta property=\"og:locale\" content=\"es_ES\" \/>\n<meta property=\"og:type\" content=\"article\" \/>\n<meta property=\"og:title\" content=\"Corporaci\u00f3n china abre &quot;disputa internacional&quot; contra Ecuador por proyecto aur\u00edfero R\u00edo Blanco - ElCanillita.Info\" \/>\n<meta property=\"og:description\" content=\"Quito, 19.02.2020 - El consorcio chino Ecuagoldmining abri\u00f3 una disputa contra el gobierno de Ecuador sobre un proyecto de oro que fue detenido por una orden judicial, una medida que podr\u00eda llevar a una demanda de arbitraje por unos 480 millones de d\u00f3lares, explic\u00f3 el martes el viceministro Enrique Gallegos Anda.\" \/>\n<meta property=\"og:url\" content=\"https:\/\/elcanillita.info\/press\/2020\/02\/19\/corporacion-china-disputa-internacional-ecuador-proyecto-aurifero-rio-blanco\/\" \/>\n<meta property=\"og:site_name\" content=\"ElCanillita.Info\" \/>\n<meta property=\"article:publisher\" content=\"https:\/\/ar-ar.facebook.com\/ElCanillitainfo-114249515285712\/\" \/>\n<meta property=\"article:published_time\" content=\"2020-02-19T10:01:13+00:00\" \/>\n<meta property=\"article:modified_time\" content=\"2020-02-20T10:27:44+00:00\" \/>\n<meta name=\"author\" content=\"SalaStampa.eu, world press service\" \/>\n<meta name=\"twitter:card\" content=\"summary_large_image\" \/>\n<meta name=\"twitter:label1\" content=\"Escrito por\" \/>\n\t<meta name=\"twitter:data1\" content=\"SalaStampa.eu, world press service\" \/>\n\t<meta name=\"twitter:label2\" content=\"Tiempo de lectura\" \/>\n\t<meta name=\"twitter:data2\" content=\"3 minutos\" \/>\n<script type=\"application\/ld+json\" class=\"yoast-schema-graph\">{\"@context\":\"https:\\\/\\\/schema.org\",\"@graph\":[{\"@type\":\"Article\",\"@id\":\"https:\\\/\\\/elcanillita.info\\\/press\\\/2020\\\/02\\\/19\\\/corporacion-china-disputa-internacional-ecuador-proyecto-aurifero-rio-blanco\\\/#article\",\"isPartOf\":{\"@id\":\"https:\\\/\\\/elcanillita.info\\\/press\\\/2020\\\/02\\\/19\\\/corporacion-china-disputa-internacional-ecuador-proyecto-aurifero-rio-blanco\\\/\"},\"author\":{\"name\":\"SalaStampa.eu, world press service\",\"@id\":\"https:\\\/\\\/elcanillita.info\\\/press\\\/#\\\/schema\\\/person\\\/7fcb79f38045700919f7da6d97e71ba0\"},\"headline\":\"Corporaci\u00f3n china abre &#8220;disputa internacional&#8221; contra Ecuador por proyecto aur\u00edfero R\u00edo Blanco\",\"datePublished\":\"2020-02-19T10:01:13+00:00\",\"dateModified\":\"2020-02-20T10:27:44+00:00\",\"mainEntityOfPage\":{\"@id\":\"https:\\\/\\\/elcanillita.info\\\/press\\\/2020\\\/02\\\/19\\\/corporacion-china-disputa-internacional-ecuador-proyecto-aurifero-rio-blanco\\\/\"},\"wordCount\":712,\"publisher\":{\"@id\":\"https:\\\/\\\/elcanillita.info\\\/press\\\/#organization\"},\"keywords\":[\"Ecuador\"],\"articleSection\":[\"Actualidad\",\"Am\u00e9rica del Sur\",\"Ciencia y Tecnologia\",\"Economia\",\"Politica\"],\"inLanguage\":\"es-AR\"},{\"@type\":\"WebPage\",\"@id\":\"https:\\\/\\\/elcanillita.info\\\/press\\\/2020\\\/02\\\/19\\\/corporacion-china-disputa-internacional-ecuador-proyecto-aurifero-rio-blanco\\\/\",\"url\":\"https:\\\/\\\/elcanillita.info\\\/press\\\/2020\\\/02\\\/19\\\/corporacion-china-disputa-internacional-ecuador-proyecto-aurifero-rio-blanco\\\/\",\"name\":\"Corporaci\u00f3n china abre \\\"disputa internacional\\\" contra Ecuador por proyecto aur\u00edfero R\u00edo Blanco - ElCanillita.Info\",\"isPartOf\":{\"@id\":\"https:\\\/\\\/elcanillita.info\\\/press\\\/#website\"},\"datePublished\":\"2020-02-19T10:01:13+00:00\",\"dateModified\":\"2020-02-20T10:27:44+00:00\",\"inLanguage\":\"es-AR\",\"potentialAction\":[{\"@type\":\"ReadAction\",\"target\":[\"https:\\\/\\\/elcanillita.info\\\/press\\\/2020\\\/02\\\/19\\\/corporacion-china-disputa-internacional-ecuador-proyecto-aurifero-rio-blanco\\\/\"]}]},{\"@type\":\"WebSite\",\"@id\":\"https:\\\/\\\/elcanillita.info\\\/press\\\/#website\",\"url\":\"https:\\\/\\\/elcanillita.info\\\/press\\\/\",\"name\":\"ElCanillita.Info\",\"description\":\"desde los Apeninos a los Andes\",\"publisher\":{\"@id\":\"https:\\\/\\\/elcanillita.info\\\/press\\\/#organization\"},\"potentialAction\":[{\"@type\":\"SearchAction\",\"target\":{\"@type\":\"EntryPoint\",\"urlTemplate\":\"https:\\\/\\\/elcanillita.info\\\/press\\\/?s={search_term_string}\"},\"query-input\":{\"@type\":\"PropertyValueSpecification\",\"valueRequired\":true,\"valueName\":\"search_term_string\"}}],\"inLanguage\":\"es-AR\"},{\"@type\":\"Organization\",\"@id\":\"https:\\\/\\\/elcanillita.info\\\/press\\\/#organization\",\"name\":\"Guzzo Photos & Graphic Publications\",\"url\":\"https:\\\/\\\/elcanillita.info\\\/press\\\/\",\"logo\":{\"@type\":\"ImageObject\",\"inLanguage\":\"es-AR\",\"@id\":\"https:\\\/\\\/elcanillita.info\\\/press\\\/#\\\/schema\\\/logo\\\/image\\\/\",\"url\":\"https:\\\/\\\/elcanillita.info\\\/press\\\/images\\\/2020\\\/01\\\/cropped-cropped-cropped-elcanillitainfo.png\",\"contentUrl\":\"https:\\\/\\\/elcanillita.info\\\/press\\\/images\\\/2020\\\/01\\\/cropped-cropped-cropped-elcanillitainfo.png\",\"width\":460,\"height\":50,\"caption\":\"Guzzo Photos & Graphic Publications\"},\"image\":{\"@id\":\"https:\\\/\\\/elcanillita.info\\\/press\\\/#\\\/schema\\\/logo\\\/image\\\/\"},\"sameAs\":[\"https:\\\/\\\/ar-ar.facebook.com\\\/ElCanillitainfo-114249515285712\\\/\"]},{\"@type\":\"Person\",\"@id\":\"https:\\\/\\\/elcanillita.info\\\/press\\\/#\\\/schema\\\/person\\\/7fcb79f38045700919f7da6d97e71ba0\",\"name\":\"SalaStampa.eu, world press service\",\"image\":{\"@type\":\"ImageObject\",\"inLanguage\":\"es-AR\",\"@id\":\"https:\\\/\\\/secure.gravatar.com\\\/avatar\\\/c2f0e0d515a107624234994507816ca4724c7199cef73fc8bedebf6931d73888?s=96&d=mm&r=g\",\"url\":\"https:\\\/\\\/secure.gravatar.com\\\/avatar\\\/c2f0e0d515a107624234994507816ca4724c7199cef73fc8bedebf6931d73888?s=96&d=mm&r=g\",\"contentUrl\":\"https:\\\/\\\/secure.gravatar.com\\\/avatar\\\/c2f0e0d515a107624234994507816ca4724c7199cef73fc8bedebf6931d73888?s=96&d=mm&r=g\",\"caption\":\"SalaStampa.eu, world press service\"}}]}<\/script>\n<!-- \/ Yoast SEO plugin. -->","yoast_head_json":{"title":"Corporaci\u00f3n china abre \"disputa internacional\" contra Ecuador por proyecto aur\u00edfero R\u00edo Blanco - ElCanillita.Info","robots":{"index":"index","follow":"follow","max-snippet":"max-snippet:-1","max-image-preview":"max-image-preview:large","max-video-preview":"max-video-preview:-1"},"canonical":"https:\/\/elcanillita.info\/press\/2020\/02\/19\/corporacion-china-disputa-internacional-ecuador-proyecto-aurifero-rio-blanco\/","og_locale":"es_ES","og_type":"article","og_title":"Corporaci\u00f3n china abre \"disputa internacional\" contra Ecuador por proyecto aur\u00edfero R\u00edo Blanco - ElCanillita.Info","og_description":"Quito, 19.02.2020 - El consorcio chino Ecuagoldmining abri\u00f3 una disputa contra el gobierno de Ecuador sobre un proyecto de oro que fue detenido por una orden judicial, una medida que podr\u00eda llevar a una demanda de arbitraje por unos 480 millones de d\u00f3lares, explic\u00f3 el martes el viceministro Enrique Gallegos Anda.","og_url":"https:\/\/elcanillita.info\/press\/2020\/02\/19\/corporacion-china-disputa-internacional-ecuador-proyecto-aurifero-rio-blanco\/","og_site_name":"ElCanillita.Info","article_publisher":"https:\/\/ar-ar.facebook.com\/ElCanillitainfo-114249515285712\/","article_published_time":"2020-02-19T10:01:13+00:00","article_modified_time":"2020-02-20T10:27:44+00:00","author":"SalaStampa.eu, world press service","twitter_card":"summary_large_image","twitter_misc":{"Escrito por":"SalaStampa.eu, world press service","Tiempo de lectura":"3 minutos"},"schema":{"@context":"https:\/\/schema.org","@graph":[{"@type":"Article","@id":"https:\/\/elcanillita.info\/press\/2020\/02\/19\/corporacion-china-disputa-internacional-ecuador-proyecto-aurifero-rio-blanco\/#article","isPartOf":{"@id":"https:\/\/elcanillita.info\/press\/2020\/02\/19\/corporacion-china-disputa-internacional-ecuador-proyecto-aurifero-rio-blanco\/"},"author":{"name":"SalaStampa.eu, world press service","@id":"https:\/\/elcanillita.info\/press\/#\/schema\/person\/7fcb79f38045700919f7da6d97e71ba0"},"headline":"Corporaci\u00f3n china abre &#8220;disputa internacional&#8221; contra Ecuador por proyecto aur\u00edfero R\u00edo Blanco","datePublished":"2020-02-19T10:01:13+00:00","dateModified":"2020-02-20T10:27:44+00:00","mainEntityOfPage":{"@id":"https:\/\/elcanillita.info\/press\/2020\/02\/19\/corporacion-china-disputa-internacional-ecuador-proyecto-aurifero-rio-blanco\/"},"wordCount":712,"publisher":{"@id":"https:\/\/elcanillita.info\/press\/#organization"},"keywords":["Ecuador"],"articleSection":["Actualidad","Am\u00e9rica del Sur","Ciencia y Tecnologia","Economia","Politica"],"inLanguage":"es-AR"},{"@type":"WebPage","@id":"https:\/\/elcanillita.info\/press\/2020\/02\/19\/corporacion-china-disputa-internacional-ecuador-proyecto-aurifero-rio-blanco\/","url":"https:\/\/elcanillita.info\/press\/2020\/02\/19\/corporacion-china-disputa-internacional-ecuador-proyecto-aurifero-rio-blanco\/","name":"Corporaci\u00f3n china abre \"disputa internacional\" contra Ecuador por proyecto aur\u00edfero R\u00edo Blanco - ElCanillita.Info","isPartOf":{"@id":"https:\/\/elcanillita.info\/press\/#website"},"datePublished":"2020-02-19T10:01:13+00:00","dateModified":"2020-02-20T10:27:44+00:00","inLanguage":"es-AR","potentialAction":[{"@type":"ReadAction","target":["https:\/\/elcanillita.info\/press\/2020\/02\/19\/corporacion-china-disputa-internacional-ecuador-proyecto-aurifero-rio-blanco\/"]}]},{"@type":"WebSite","@id":"https:\/\/elcanillita.info\/press\/#website","url":"https:\/\/elcanillita.info\/press\/","name":"ElCanillita.Info","description":"desde los Apeninos a los Andes","publisher":{"@id":"https:\/\/elcanillita.info\/press\/#organization"},"potentialAction":[{"@type":"SearchAction","target":{"@type":"EntryPoint","urlTemplate":"https:\/\/elcanillita.info\/press\/?s={search_term_string}"},"query-input":{"@type":"PropertyValueSpecification","valueRequired":true,"valueName":"search_term_string"}}],"inLanguage":"es-AR"},{"@type":"Organization","@id":"https:\/\/elcanillita.info\/press\/#organization","name":"Guzzo Photos & Graphic Publications","url":"https:\/\/elcanillita.info\/press\/","logo":{"@type":"ImageObject","inLanguage":"es-AR","@id":"https:\/\/elcanillita.info\/press\/#\/schema\/logo\/image\/","url":"https:\/\/elcanillita.info\/press\/images\/2020\/01\/cropped-cropped-cropped-elcanillitainfo.png","contentUrl":"https:\/\/elcanillita.info\/press\/images\/2020\/01\/cropped-cropped-cropped-elcanillitainfo.png","width":460,"height":50,"caption":"Guzzo Photos & Graphic Publications"},"image":{"@id":"https:\/\/elcanillita.info\/press\/#\/schema\/logo\/image\/"},"sameAs":["https:\/\/ar-ar.facebook.com\/ElCanillitainfo-114249515285712\/"]},{"@type":"Person","@id":"https:\/\/elcanillita.info\/press\/#\/schema\/person\/7fcb79f38045700919f7da6d97e71ba0","name":"SalaStampa.eu, world press service","image":{"@type":"ImageObject","inLanguage":"es-AR","@id":"https:\/\/secure.gravatar.com\/avatar\/c2f0e0d515a107624234994507816ca4724c7199cef73fc8bedebf6931d73888?s=96&d=mm&r=g","url":"https:\/\/secure.gravatar.com\/avatar\/c2f0e0d515a107624234994507816ca4724c7199cef73fc8bedebf6931d73888?s=96&d=mm&r=g","contentUrl":"https:\/\/secure.gravatar.com\/avatar\/c2f0e0d515a107624234994507816ca4724c7199cef73fc8bedebf6931d73888?s=96&d=mm&r=g","caption":"SalaStampa.eu, world press service"}}]}},"views":834,"_links":{"self":[{"href":"https:\/\/elcanillita.info\/press\/wp-json\/wp\/v2\/posts\/478","targetHints":{"allow":["GET"]}}],"collection":[{"href":"https:\/\/elcanillita.info\/press\/wp-json\/wp\/v2\/posts"}],"about":[{"href":"https:\/\/elcanillita.info\/press\/wp-json\/wp\/v2\/types\/post"}],"author":[{"embeddable":true,"href":"https:\/\/elcanillita.info\/press\/wp-json\/wp\/v2\/users\/1"}],"replies":[{"embeddable":true,"href":"https:\/\/elcanillita.info\/press\/wp-json\/wp\/v2\/comments?post=478"}],"version-history":[{"count":0,"href":"https:\/\/elcanillita.info\/press\/wp-json\/wp\/v2\/posts\/478\/revisions"}],"wp:attachment":[{"href":"https:\/\/elcanillita.info\/press\/wp-json\/wp\/v2\/media?parent=478"}],"wp:term":[{"taxonomy":"category","embeddable":true,"href":"https:\/\/elcanillita.info\/press\/wp-json\/wp\/v2\/categories?post=478"},{"taxonomy":"post_tag","embeddable":true,"href":"https:\/\/elcanillita.info\/press\/wp-json\/wp\/v2\/tags?post=478"}],"curies":[{"name":"wp","href":"https:\/\/api.w.org\/{rel}","templated":true}]}}