{"id":4779,"date":"2025-06-07T19:22:13","date_gmt":"2025-06-07T22:22:13","guid":{"rendered":"https:\/\/elcanillita.info\/press\/?p=4779"},"modified":"2025-06-11T06:36:11","modified_gmt":"2025-06-11T09:36:11","slug":"silencios-de-carceles-justicia-y-memoria","status":"publish","type":"post","link":"https:\/\/elcanillita.info\/press\/2025\/06\/07\/silencios-de-carceles-justicia-y-memoria\/","title":{"rendered":"Silencios: de c\u00e1rceles, justicia y memoria"},"content":{"rendered":"<div class=\"wp-block-image\">\n<figure class=\"alignleft size-full is-resized\"><img loading=\"lazy\" decoding=\"async\" width=\"400\" height=\"400\" src=\"https:\/\/elcanillita.info\/press\/images\/2025\/06\/carceles_pub.png\" alt=\"\" class=\"wp-image-4780\" style=\"width:287px;height:auto\" srcset=\"https:\/\/elcanillita.info\/press\/images\/2025\/06\/carceles_pub.png 400w, https:\/\/elcanillita.info\/press\/images\/2025\/06\/carceles_pub-300x300.png 300w, https:\/\/elcanillita.info\/press\/images\/2025\/06\/carceles_pub-150x150.png 150w\" sizes=\"auto, (max-width: 400px) 100vw, 400px\" \/><\/figure>\n<\/div>\n\n\n<p><strong>ElCanillita.info<\/strong><br>Argentina, 07\/06\/2025<br>\u270d\ufe0f Juan Soldado \u2013 Especial para ElCanillita.info<br>Ese domingo 25 de mayo, mientras muchos argentinos pon\u00edan una escarapela en el pecho o le pon\u00edan sal al locro, otro hombre muri\u00f3 en prisi\u00f3n preventiva. Ten\u00eda 79 a\u00f1os. Se llamaba Carlos Faraldo. Hab\u00eda sido oficial del Ej\u00e9rcito y, desde hac\u00eda a\u00f1os, se encontraba detenido sin condena firme. Es el preso n\u00famero 904 que muere en estas condiciones, en este tiempo hist\u00f3rico donde los juicios por delitos de lesa humanidad parecen haberse transformado \u2014en algunos casos\u2014 en campos de revancha.<\/p>\n\n\n\n<p>Decir esto no implica desconocer los cr\u00edmenes cometidos por el Estado en los a\u00f1os m\u00e1s oscuros del pa\u00eds. Tampoco es un blanqueo generalizado. No es una amnist\u00eda encubierta ni una provocaci\u00f3n. Es, m\u00e1s bien, un llamado a respirar.<\/p>\n\n\n\n<p>Porque si la memoria no admite matices, entonces se convierte en dogma. Y los dogmas, cuando se judicializan sin garant\u00edas, huelen a hoguera.<br><br>\ud83d\udcdc \u00bfHasta d\u00f3nde es justicia, y desde cu\u00e1ndo es castigo?<br>La cifra es brutal: 904 personas fallecidas en el marco de procesos penales por causas vinculadas al accionar represivo del Estado en los 70. Muchas de ellas murieron sin juicio terminado, sin condena confirmada, sin la posibilidad de defenderse en un proceso razonable.<\/p>\n\n\n\n<p>\u00bfSe trata de v\u00edctimas? \u00bfSe trata de victimarios? Tal vez se trate de algo m\u00e1s grave a\u00fan: de un Estado que, en nombre de la ley, a veces tambi\u00e9n la vulnera.<br><br>\ud83d\udd73\ufe0f La grieta que nadie muestra<br>En este tema, no hay lugar para el clickbait. No hay selfies con consignas. No hay remeras con leyendas cancheras ni marchas con glitter. Est\u00e1 la muerte, el tiempo, los expedientes eternos. Est\u00e1n las carceles convertidas en  geri\u00e1tricos. Est\u00e1 el silencio. El que incomoda.<\/p>\n\n\n\n<p>Y est\u00e1 tambi\u00e9n la trampa sem\u00e1ntica: si alguien dice \u201cpreso pol\u00edtico\u201d lo acusan de negacionista. Pero si no lo dice, traiciona su sentido de justicia. La verdad es que los delitos del pasado no pueden ser corregidos con m\u00e9todos del presente que atropellan el debido proceso.<br><br>\u26d3\ufe0f No se trata de absolver. Se trata de tratar con dignidad.<br>Nadie pide impunidad. Pero s\u00ed se puede \u2014y se debe\u2014 pedir un trato humano. Incluso para quienes fueron parte de una maquinaria represiva. Porque la democracia no se fortalece humillando, sino mostrando que es capaz de sostener la ley incluso cuando es inc\u00f3moda.<\/p>\n\n\n\n<p>Esto no es un editorial \u201cmilico-friendly\u201d. Tampoco es una defensa del olvido. Es un reclamo de justicia para todos. Porque si aceptamos que algunos no tienen derecho a defenderse por el solo hecho de haber vestido un uniforme hace medio siglo atr\u00e1s, entonces ma\u00f1ana tambi\u00e9n puede ocurrirle a otros.<\/p>\n\n\n\n<p>Y as\u00ed, mientras unos se mueren de viejos, otros se mueren de miedo. Y la justicia se va muriendo, de a poco, de verg\u00fcenza.<br><br>\ud83d\udd6f\ufe0f Por un pa\u00eds que se atreva a mirar de frente<br>A los familiares de Carlos Faraldo, a los de los 903 anteriores, a los que siguen detenidos esperando que alg\u00fan d\u00eda los tribunales dicten algo m\u00e1s que una pr\u00f3rroga, les enviamos este texto como se\u00f1al. No de complicidad. De conciencia.<\/p>\n\n\n\n<p>Porque callar ante el abuso, aun cuando el abusado haya sido abusador, es legitimar el mismo desprecio que una vez dijimos querer erradicar.<\/p>\n\n\n\n<p>Y porque \u2014como dec\u00eda propio el Walsh, el m\u00e1s inc\u00f3modo de todos\u2014 \u201cel silencio de los justos, tambi\u00e9n es traici\u00f3n\u201d.<\/p>\n\n\n\n<p><small>\u00a92025 Juan Soldado &#8211; Todos los derechos reservados<br>Copyright \u00a9 2025 ElCanillita.info \/ SalaStampa.eu, servicio mundial de prensa<br>Guzzo Photos &amp; Graphic Publications \u2013 Registro Editori e Stampatori n. 1441 Torino, Italia<\/small><\/p>\n\n\n\n<p><\/p>\n","protected":false},"excerpt":{"rendered":"<p>Ese domingo 25 de mayo, mientras muchos argentinos pon\u00edan una escarapela en el pecho o le pon\u00edan sal al locro, otro hombre muri\u00f3 en prisi\u00f3n preventiva.<\/p>\n","protected":false},"author":1,"featured_media":4784,"comment_status":"closed","ping_status":"closed","sticky":false,"template":"","format":"standard","meta":{"footnotes":"","_links_to":"","_links_to_target":""},"categories":[108,121,70,123,126,119,22,23,25],"tags":[29],"class_list":["post-4779","post","type-post","status-publish","format-standard","has-post-thumbnail","hentry","category-blogdiario","category-dc24","category-actualidad","category-argentina","category-dolores-de-la-press","category-guerra","category-justicia","category-politica","category-sociedad","tag-argentina","entry","double"],"yoast_head":"<!-- This site is optimized with the Yoast SEO plugin v27.4 - https:\/\/yoast.com\/product\/yoast-seo-wordpress\/ -->\n<title>Silencios: de c\u00e1rceles, justicia y memoria - ElCanillita.Info<\/title>\n<meta name=\"robots\" content=\"index, follow, max-snippet:-1, max-image-preview:large, max-video-preview:-1\" \/>\n<link rel=\"canonical\" href=\"https:\/\/elcanillita.info\/press\/2025\/06\/07\/silencios-de-carceles-justicia-y-memoria\/\" \/>\n<meta property=\"og:locale\" content=\"es_ES\" \/>\n<meta property=\"og:type\" content=\"article\" \/>\n<meta property=\"og:title\" content=\"Silencios: de c\u00e1rceles, justicia y memoria - ElCanillita.Info\" \/>\n<meta property=\"og:description\" content=\"Ese domingo 25 de mayo, mientras muchos argentinos pon\u00edan una escarapela en el pecho o le pon\u00edan sal al locro, otro hombre muri\u00f3 en prisi\u00f3n preventiva.\" \/>\n<meta property=\"og:url\" content=\"https:\/\/elcanillita.info\/press\/2025\/06\/07\/silencios-de-carceles-justicia-y-memoria\/\" \/>\n<meta property=\"og:site_name\" content=\"ElCanillita.Info\" \/>\n<meta property=\"article:publisher\" content=\"https:\/\/ar-ar.facebook.com\/ElCanillitainfo-114249515285712\/\" \/>\n<meta property=\"article:published_time\" content=\"2025-06-07T22:22:13+00:00\" \/>\n<meta property=\"article:modified_time\" content=\"2025-06-11T09:36:11+00:00\" \/>\n<meta property=\"og:image\" content=\"https:\/\/elcanillita.info\/press\/images\/2025\/06\/carceles_cover.png\" \/>\n\t<meta property=\"og:image:width\" content=\"350\" \/>\n\t<meta property=\"og:image:height\" content=\"350\" \/>\n\t<meta property=\"og:image:type\" content=\"image\/png\" \/>\n<meta name=\"author\" content=\"SalaStampa.eu, world press service\" \/>\n<meta name=\"twitter:card\" content=\"summary_large_image\" \/>\n<meta name=\"twitter:label1\" content=\"Escrito por\" \/>\n\t<meta name=\"twitter:data1\" content=\"SalaStampa.eu, world press service\" \/>\n\t<meta name=\"twitter:label2\" content=\"Tiempo de lectura\" \/>\n\t<meta name=\"twitter:data2\" content=\"4 minutos\" \/>\n<script type=\"application\/ld+json\" class=\"yoast-schema-graph\">{\"@context\":\"https:\\\/\\\/schema.org\",\"@graph\":[{\"@type\":\"Article\",\"@id\":\"https:\\\/\\\/elcanillita.info\\\/press\\\/2025\\\/06\\\/07\\\/silencios-de-carceles-justicia-y-memoria\\\/#article\",\"isPartOf\":{\"@id\":\"https:\\\/\\\/elcanillita.info\\\/press\\\/2025\\\/06\\\/07\\\/silencios-de-carceles-justicia-y-memoria\\\/\"},\"author\":{\"name\":\"SalaStampa.eu, world press service\",\"@id\":\"https:\\\/\\\/elcanillita.info\\\/press\\\/#\\\/schema\\\/person\\\/7fcb79f38045700919f7da6d97e71ba0\"},\"headline\":\"Silencios: de c\u00e1rceles, justicia y memoria\",\"datePublished\":\"2025-06-07T22:22:13+00:00\",\"dateModified\":\"2025-06-11T09:36:11+00:00\",\"mainEntityOfPage\":{\"@id\":\"https:\\\/\\\/elcanillita.info\\\/press\\\/2025\\\/06\\\/07\\\/silencios-de-carceles-justicia-y-memoria\\\/\"},\"wordCount\":619,\"publisher\":{\"@id\":\"https:\\\/\\\/elcanillita.info\\\/press\\\/#organization\"},\"image\":{\"@id\":\"https:\\\/\\\/elcanillita.info\\\/press\\\/2025\\\/06\\\/07\\\/silencios-de-carceles-justicia-y-memoria\\\/#primaryimage\"},\"thumbnailUrl\":\"https:\\\/\\\/elcanillita.info\\\/press\\\/images\\\/2025\\\/06\\\/carceles_cover.png\",\"keywords\":[\"Argentina\"],\"articleSection\":[\".\",\".\",\"Actualidad\",\"Argentina\",\"Dolores de La Press\",\"Guerra\",\"Justicia\",\"Politica\",\"Sociedad\"],\"inLanguage\":\"es-AR\"},{\"@type\":\"WebPage\",\"@id\":\"https:\\\/\\\/elcanillita.info\\\/press\\\/2025\\\/06\\\/07\\\/silencios-de-carceles-justicia-y-memoria\\\/\",\"url\":\"https:\\\/\\\/elcanillita.info\\\/press\\\/2025\\\/06\\\/07\\\/silencios-de-carceles-justicia-y-memoria\\\/\",\"name\":\"Silencios: de c\u00e1rceles, justicia y memoria - ElCanillita.Info\",\"isPartOf\":{\"@id\":\"https:\\\/\\\/elcanillita.info\\\/press\\\/#website\"},\"primaryImageOfPage\":{\"@id\":\"https:\\\/\\\/elcanillita.info\\\/press\\\/2025\\\/06\\\/07\\\/silencios-de-carceles-justicia-y-memoria\\\/#primaryimage\"},\"image\":{\"@id\":\"https:\\\/\\\/elcanillita.info\\\/press\\\/2025\\\/06\\\/07\\\/silencios-de-carceles-justicia-y-memoria\\\/#primaryimage\"},\"thumbnailUrl\":\"https:\\\/\\\/elcanillita.info\\\/press\\\/images\\\/2025\\\/06\\\/carceles_cover.png\",\"datePublished\":\"2025-06-07T22:22:13+00:00\",\"dateModified\":\"2025-06-11T09:36:11+00:00\",\"inLanguage\":\"es-AR\",\"potentialAction\":[{\"@type\":\"ReadAction\",\"target\":[\"https:\\\/\\\/elcanillita.info\\\/press\\\/2025\\\/06\\\/07\\\/silencios-de-carceles-justicia-y-memoria\\\/\"]}]},{\"@type\":\"ImageObject\",\"inLanguage\":\"es-AR\",\"@id\":\"https:\\\/\\\/elcanillita.info\\\/press\\\/2025\\\/06\\\/07\\\/silencios-de-carceles-justicia-y-memoria\\\/#primaryimage\",\"url\":\"https:\\\/\\\/elcanillita.info\\\/press\\\/images\\\/2025\\\/06\\\/carceles_cover.png\",\"contentUrl\":\"https:\\\/\\\/elcanillita.info\\\/press\\\/images\\\/2025\\\/06\\\/carceles_cover.png\",\"width\":350,\"height\":350},{\"@type\":\"WebSite\",\"@id\":\"https:\\\/\\\/elcanillita.info\\\/press\\\/#website\",\"url\":\"https:\\\/\\\/elcanillita.info\\\/press\\\/\",\"name\":\"ElCanillita.Info\",\"description\":\"desde los Apeninos a los Andes\",\"publisher\":{\"@id\":\"https:\\\/\\\/elcanillita.info\\\/press\\\/#organization\"},\"potentialAction\":[{\"@type\":\"SearchAction\",\"target\":{\"@type\":\"EntryPoint\",\"urlTemplate\":\"https:\\\/\\\/elcanillita.info\\\/press\\\/?s={search_term_string}\"},\"query-input\":{\"@type\":\"PropertyValueSpecification\",\"valueRequired\":true,\"valueName\":\"search_term_string\"}}],\"inLanguage\":\"es-AR\"},{\"@type\":\"Organization\",\"@id\":\"https:\\\/\\\/elcanillita.info\\\/press\\\/#organization\",\"name\":\"Guzzo Photos & Graphic Publications\",\"url\":\"https:\\\/\\\/elcanillita.info\\\/press\\\/\",\"logo\":{\"@type\":\"ImageObject\",\"inLanguage\":\"es-AR\",\"@id\":\"https:\\\/\\\/elcanillita.info\\\/press\\\/#\\\/schema\\\/logo\\\/image\\\/\",\"url\":\"https:\\\/\\\/elcanillita.info\\\/press\\\/images\\\/2020\\\/01\\\/cropped-cropped-cropped-elcanillitainfo.png\",\"contentUrl\":\"https:\\\/\\\/elcanillita.info\\\/press\\\/images\\\/2020\\\/01\\\/cropped-cropped-cropped-elcanillitainfo.png\",\"width\":460,\"height\":50,\"caption\":\"Guzzo Photos & Graphic Publications\"},\"image\":{\"@id\":\"https:\\\/\\\/elcanillita.info\\\/press\\\/#\\\/schema\\\/logo\\\/image\\\/\"},\"sameAs\":[\"https:\\\/\\\/ar-ar.facebook.com\\\/ElCanillitainfo-114249515285712\\\/\"]},{\"@type\":\"Person\",\"@id\":\"https:\\\/\\\/elcanillita.info\\\/press\\\/#\\\/schema\\\/person\\\/7fcb79f38045700919f7da6d97e71ba0\",\"name\":\"SalaStampa.eu, world press service\",\"image\":{\"@type\":\"ImageObject\",\"inLanguage\":\"es-AR\",\"@id\":\"https:\\\/\\\/secure.gravatar.com\\\/avatar\\\/c2f0e0d515a107624234994507816ca4724c7199cef73fc8bedebf6931d73888?s=96&d=mm&r=g\",\"url\":\"https:\\\/\\\/secure.gravatar.com\\\/avatar\\\/c2f0e0d515a107624234994507816ca4724c7199cef73fc8bedebf6931d73888?s=96&d=mm&r=g\",\"contentUrl\":\"https:\\\/\\\/secure.gravatar.com\\\/avatar\\\/c2f0e0d515a107624234994507816ca4724c7199cef73fc8bedebf6931d73888?s=96&d=mm&r=g\",\"caption\":\"SalaStampa.eu, world press service\"}}]}<\/script>\n<!-- \/ Yoast SEO plugin. -->","yoast_head_json":{"title":"Silencios: de c\u00e1rceles, justicia y memoria - ElCanillita.Info","robots":{"index":"index","follow":"follow","max-snippet":"max-snippet:-1","max-image-preview":"max-image-preview:large","max-video-preview":"max-video-preview:-1"},"canonical":"https:\/\/elcanillita.info\/press\/2025\/06\/07\/silencios-de-carceles-justicia-y-memoria\/","og_locale":"es_ES","og_type":"article","og_title":"Silencios: de c\u00e1rceles, justicia y memoria - ElCanillita.Info","og_description":"Ese domingo 25 de mayo, mientras muchos argentinos pon\u00edan una escarapela en el pecho o le pon\u00edan sal al locro, otro hombre muri\u00f3 en prisi\u00f3n preventiva.","og_url":"https:\/\/elcanillita.info\/press\/2025\/06\/07\/silencios-de-carceles-justicia-y-memoria\/","og_site_name":"ElCanillita.Info","article_publisher":"https:\/\/ar-ar.facebook.com\/ElCanillitainfo-114249515285712\/","article_published_time":"2025-06-07T22:22:13+00:00","article_modified_time":"2025-06-11T09:36:11+00:00","og_image":[{"width":350,"height":350,"url":"https:\/\/elcanillita.info\/press\/images\/2025\/06\/carceles_cover.png","type":"image\/png"}],"author":"SalaStampa.eu, world press service","twitter_card":"summary_large_image","twitter_misc":{"Escrito por":"SalaStampa.eu, world press service","Tiempo de lectura":"4 minutos"},"schema":{"@context":"https:\/\/schema.org","@graph":[{"@type":"Article","@id":"https:\/\/elcanillita.info\/press\/2025\/06\/07\/silencios-de-carceles-justicia-y-memoria\/#article","isPartOf":{"@id":"https:\/\/elcanillita.info\/press\/2025\/06\/07\/silencios-de-carceles-justicia-y-memoria\/"},"author":{"name":"SalaStampa.eu, world press service","@id":"https:\/\/elcanillita.info\/press\/#\/schema\/person\/7fcb79f38045700919f7da6d97e71ba0"},"headline":"Silencios: de c\u00e1rceles, justicia y memoria","datePublished":"2025-06-07T22:22:13+00:00","dateModified":"2025-06-11T09:36:11+00:00","mainEntityOfPage":{"@id":"https:\/\/elcanillita.info\/press\/2025\/06\/07\/silencios-de-carceles-justicia-y-memoria\/"},"wordCount":619,"publisher":{"@id":"https:\/\/elcanillita.info\/press\/#organization"},"image":{"@id":"https:\/\/elcanillita.info\/press\/2025\/06\/07\/silencios-de-carceles-justicia-y-memoria\/#primaryimage"},"thumbnailUrl":"https:\/\/elcanillita.info\/press\/images\/2025\/06\/carceles_cover.png","keywords":["Argentina"],"articleSection":[".",".","Actualidad","Argentina","Dolores de La Press","Guerra","Justicia","Politica","Sociedad"],"inLanguage":"es-AR"},{"@type":"WebPage","@id":"https:\/\/elcanillita.info\/press\/2025\/06\/07\/silencios-de-carceles-justicia-y-memoria\/","url":"https:\/\/elcanillita.info\/press\/2025\/06\/07\/silencios-de-carceles-justicia-y-memoria\/","name":"Silencios: de c\u00e1rceles, justicia y memoria - ElCanillita.Info","isPartOf":{"@id":"https:\/\/elcanillita.info\/press\/#website"},"primaryImageOfPage":{"@id":"https:\/\/elcanillita.info\/press\/2025\/06\/07\/silencios-de-carceles-justicia-y-memoria\/#primaryimage"},"image":{"@id":"https:\/\/elcanillita.info\/press\/2025\/06\/07\/silencios-de-carceles-justicia-y-memoria\/#primaryimage"},"thumbnailUrl":"https:\/\/elcanillita.info\/press\/images\/2025\/06\/carceles_cover.png","datePublished":"2025-06-07T22:22:13+00:00","dateModified":"2025-06-11T09:36:11+00:00","inLanguage":"es-AR","potentialAction":[{"@type":"ReadAction","target":["https:\/\/elcanillita.info\/press\/2025\/06\/07\/silencios-de-carceles-justicia-y-memoria\/"]}]},{"@type":"ImageObject","inLanguage":"es-AR","@id":"https:\/\/elcanillita.info\/press\/2025\/06\/07\/silencios-de-carceles-justicia-y-memoria\/#primaryimage","url":"https:\/\/elcanillita.info\/press\/images\/2025\/06\/carceles_cover.png","contentUrl":"https:\/\/elcanillita.info\/press\/images\/2025\/06\/carceles_cover.png","width":350,"height":350},{"@type":"WebSite","@id":"https:\/\/elcanillita.info\/press\/#website","url":"https:\/\/elcanillita.info\/press\/","name":"ElCanillita.Info","description":"desde los Apeninos a los Andes","publisher":{"@id":"https:\/\/elcanillita.info\/press\/#organization"},"potentialAction":[{"@type":"SearchAction","target":{"@type":"EntryPoint","urlTemplate":"https:\/\/elcanillita.info\/press\/?s={search_term_string}"},"query-input":{"@type":"PropertyValueSpecification","valueRequired":true,"valueName":"search_term_string"}}],"inLanguage":"es-AR"},{"@type":"Organization","@id":"https:\/\/elcanillita.info\/press\/#organization","name":"Guzzo Photos & Graphic Publications","url":"https:\/\/elcanillita.info\/press\/","logo":{"@type":"ImageObject","inLanguage":"es-AR","@id":"https:\/\/elcanillita.info\/press\/#\/schema\/logo\/image\/","url":"https:\/\/elcanillita.info\/press\/images\/2020\/01\/cropped-cropped-cropped-elcanillitainfo.png","contentUrl":"https:\/\/elcanillita.info\/press\/images\/2020\/01\/cropped-cropped-cropped-elcanillitainfo.png","width":460,"height":50,"caption":"Guzzo Photos & Graphic Publications"},"image":{"@id":"https:\/\/elcanillita.info\/press\/#\/schema\/logo\/image\/"},"sameAs":["https:\/\/ar-ar.facebook.com\/ElCanillitainfo-114249515285712\/"]},{"@type":"Person","@id":"https:\/\/elcanillita.info\/press\/#\/schema\/person\/7fcb79f38045700919f7da6d97e71ba0","name":"SalaStampa.eu, world press service","image":{"@type":"ImageObject","inLanguage":"es-AR","@id":"https:\/\/secure.gravatar.com\/avatar\/c2f0e0d515a107624234994507816ca4724c7199cef73fc8bedebf6931d73888?s=96&d=mm&r=g","url":"https:\/\/secure.gravatar.com\/avatar\/c2f0e0d515a107624234994507816ca4724c7199cef73fc8bedebf6931d73888?s=96&d=mm&r=g","contentUrl":"https:\/\/secure.gravatar.com\/avatar\/c2f0e0d515a107624234994507816ca4724c7199cef73fc8bedebf6931d73888?s=96&d=mm&r=g","caption":"SalaStampa.eu, world press service"}}]}},"views":235,"_links":{"self":[{"href":"https:\/\/elcanillita.info\/press\/wp-json\/wp\/v2\/posts\/4779","targetHints":{"allow":["GET"]}}],"collection":[{"href":"https:\/\/elcanillita.info\/press\/wp-json\/wp\/v2\/posts"}],"about":[{"href":"https:\/\/elcanillita.info\/press\/wp-json\/wp\/v2\/types\/post"}],"author":[{"embeddable":true,"href":"https:\/\/elcanillita.info\/press\/wp-json\/wp\/v2\/users\/1"}],"replies":[{"embeddable":true,"href":"https:\/\/elcanillita.info\/press\/wp-json\/wp\/v2\/comments?post=4779"}],"version-history":[{"count":0,"href":"https:\/\/elcanillita.info\/press\/wp-json\/wp\/v2\/posts\/4779\/revisions"}],"wp:featuredmedia":[{"embeddable":true,"href":"https:\/\/elcanillita.info\/press\/wp-json\/wp\/v2\/media\/4784"}],"wp:attachment":[{"href":"https:\/\/elcanillita.info\/press\/wp-json\/wp\/v2\/media?parent=4779"}],"wp:term":[{"taxonomy":"category","embeddable":true,"href":"https:\/\/elcanillita.info\/press\/wp-json\/wp\/v2\/categories?post=4779"},{"taxonomy":"post_tag","embeddable":true,"href":"https:\/\/elcanillita.info\/press\/wp-json\/wp\/v2\/tags?post=4779"}],"curies":[{"name":"wp","href":"https:\/\/api.w.org\/{rel}","templated":true}]}}