{"id":4772,"date":"2025-06-07T14:18:08","date_gmt":"2025-06-07T17:18:08","guid":{"rendered":"https:\/\/elcanillita.info\/press\/?p=4772"},"modified":"2025-06-07T14:18:09","modified_gmt":"2025-06-07T17:18:09","slug":"desde-la-trinchera-urbana","status":"publish","type":"post","link":"https:\/\/elcanillita.info\/press\/2025\/06\/07\/desde-la-trinchera-urbana\/","title":{"rendered":"Desde la trinchera urbana"},"content":{"rendered":"\n<figure class=\"wp-block-image size-full\"><img loading=\"lazy\" decoding=\"async\" width=\"550\" height=\"367\" src=\"https:\/\/elcanillita.info\/press\/images\/2025\/06\/bisturi.PageEdit.png\" alt=\"\" class=\"wp-image-4773\" srcset=\"https:\/\/elcanillita.info\/press\/images\/2025\/06\/bisturi.PageEdit.png 550w, https:\/\/elcanillita.info\/press\/images\/2025\/06\/bisturi.PageEdit-300x200.png 300w\" sizes=\"auto, (max-width: 550px) 100vw, 550px\" \/><\/figure>\n\n\n\n<p><strong>ElCanillita.info<\/strong><br>Argentina, 07\/06\/2025<br>Por Felix Inkstone \u2013 ElCanillita.info<\/p>\n\n\n\n<p>Un abrazo a Enrique G. Avogadro, l\u00facido pensador de a pie \u2014aunque con linterna de faro\u2014, por sus palabras y por su fidelidad a la coherencia.<\/p>\n\n\n\n<p>Sus l\u00edneas llegan como correspondencia en tiempo real al coraz\u00f3n de este 7 de junio, D\u00eda del Periodista, mientras media rep\u00fablica sopla velitas entre memes, trolls y recortes sin anestesia. Pero lo importante es el diagn\u00f3stico:<\/p>\n\n\n\n<blockquote class=\"wp-block-quote is-layout-flow wp-block-quote-is-layout-flow\">\n<p>\u201cEn algunos casos se precisaba bistur\u00ed, no motosierra\u201d.<\/p>\n<\/blockquote>\n\n\n\n<p>No hay met\u00e1fora m\u00e1s n\u00edtida. La motosierra puede emocionar al aplauso r\u00e1pido, pero no opera tumores cerebrales. Los recortes quir\u00fargicos exigen estudio, precisi\u00f3n y profesionalismo. De lo contrario, terminamos amputando el Garrahan, descerebrando el INTA, o dejando sin piernas a la ciencia argentina.<\/p>\n\n\n\n<p>Y como si esto fuera poco, Milei y su cofrad\u00eda telem\u00e1tica se empe\u00f1an en degradar al periodismo que no se arrodilla. Acusan, escupen, etiquetan como &#8220;casteados&#8221; a quienes prefieren narrar la verdad en vez de actuar en TikTok.<\/p>\n\n\n\n<blockquote class=\"wp-block-quote is-layout-flow wp-block-quote-is-layout-flow\">\n<p>\u201cUn periodista no debe adular a los tiranos\u201d, nos recuerda don Mariano Moreno desde su retrato.<\/p>\n<\/blockquote>\n\n\n\n<p>Este s\u00e1bado, como cada d\u00eda, ElCanillita seguir\u00e1 publicando sin permisos, sin subsidios y sin otro manual que la Constituci\u00f3n. Y si el oficialismo desea seguir exportando discursos, selfies y esl\u00f3ganes sin ley desde Par\u00eds a Tel Aviv, que lo haga. Ac\u00e1, en el barrio, seguimos de pie. Sin toga ni capa. Solo con tintero, teclado y coraz\u00f3n.<\/p>\n\n\n\n<p>\u00a92025 Felix Inkstone<br><br><small>\u00a92025 Felix Inkstone: fluido, ir\u00f3nico, con un toque literario.- All Rights Reserved &#8211; Copyright \u00a9 2025 ElCanillita.info \/ BlogDiario.info \/ SalaStampa.eu, world press service &#8211; Guzzo Photos &amp; Graphic Publications \u2013 Registro Editori e Stampatori n. 1441 Turin, Italy<\/small><\/p>\n","protected":false},"excerpt":{"rendered":"<p>Un abrazo a Enrique G. Avogadro, l\u00facido pensador de a pie \u2014aunque con linterna de faro\u2014, por sus palabras y por su fidelidad a la coherencia.<\/p>\n","protected":false},"author":1,"featured_media":4773,"comment_status":"closed","ping_status":"closed","sticky":false,"template":"","format":"standard","meta":{"footnotes":"","_links_to":"","_links_to_target":""},"categories":[108,121,70,123,19,126,20,22,23,25],"tags":[29],"class_list":["post-4772","post","type-post","status-publish","format-standard","has-post-thumbnail","hentry","category-blogdiario","category-dc24","category-actualidad","category-argentina","category-cultura","category-dolores-de-la-press","category-economia","category-justicia","category-politica","category-sociedad","tag-argentina","entry","double"],"yoast_head":"<!-- This site is optimized with the Yoast SEO plugin v27.4 - https:\/\/yoast.com\/product\/yoast-seo-wordpress\/ -->\n<title>Desde la trinchera urbana - ElCanillita.Info<\/title>\n<meta name=\"robots\" content=\"index, follow, max-snippet:-1, max-image-preview:large, max-video-preview:-1\" \/>\n<link rel=\"canonical\" href=\"https:\/\/elcanillita.info\/press\/2025\/06\/07\/desde-la-trinchera-urbana\/\" \/>\n<meta property=\"og:locale\" content=\"es_ES\" \/>\n<meta property=\"og:type\" content=\"article\" \/>\n<meta property=\"og:title\" content=\"Desde la trinchera urbana - ElCanillita.Info\" \/>\n<meta property=\"og:description\" content=\"Un abrazo a Enrique G. Avogadro, l\u00facido pensador de a pie \u2014aunque con linterna de faro\u2014, por sus palabras y por su fidelidad a la coherencia.\" \/>\n<meta property=\"og:url\" content=\"https:\/\/elcanillita.info\/press\/2025\/06\/07\/desde-la-trinchera-urbana\/\" \/>\n<meta property=\"og:site_name\" content=\"ElCanillita.Info\" \/>\n<meta property=\"article:publisher\" content=\"https:\/\/ar-ar.facebook.com\/ElCanillitainfo-114249515285712\/\" \/>\n<meta property=\"article:published_time\" content=\"2025-06-07T17:18:08+00:00\" \/>\n<meta property=\"article:modified_time\" content=\"2025-06-07T17:18:09+00:00\" \/>\n<meta property=\"og:image\" content=\"https:\/\/elcanillita.info\/press\/images\/2025\/06\/bisturi.PageEdit.png\" \/>\n\t<meta property=\"og:image:width\" content=\"550\" \/>\n\t<meta property=\"og:image:height\" content=\"367\" \/>\n\t<meta property=\"og:image:type\" content=\"image\/png\" \/>\n<meta name=\"author\" content=\"SalaStampa.eu, world press service\" \/>\n<meta name=\"twitter:card\" content=\"summary_large_image\" \/>\n<meta name=\"twitter:label1\" content=\"Escrito por\" \/>\n\t<meta name=\"twitter:data1\" content=\"SalaStampa.eu, world press service\" \/>\n\t<meta name=\"twitter:label2\" content=\"Tiempo de lectura\" \/>\n\t<meta name=\"twitter:data2\" content=\"2 minutos\" \/>\n<script type=\"application\/ld+json\" class=\"yoast-schema-graph\">{\"@context\":\"https:\\\/\\\/schema.org\",\"@graph\":[{\"@type\":\"Article\",\"@id\":\"https:\\\/\\\/elcanillita.info\\\/press\\\/2025\\\/06\\\/07\\\/desde-la-trinchera-urbana\\\/#article\",\"isPartOf\":{\"@id\":\"https:\\\/\\\/elcanillita.info\\\/press\\\/2025\\\/06\\\/07\\\/desde-la-trinchera-urbana\\\/\"},\"author\":{\"name\":\"SalaStampa.eu, world press service\",\"@id\":\"https:\\\/\\\/elcanillita.info\\\/press\\\/#\\\/schema\\\/person\\\/7fcb79f38045700919f7da6d97e71ba0\"},\"headline\":\"Desde la trinchera urbana\",\"datePublished\":\"2025-06-07T17:18:08+00:00\",\"dateModified\":\"2025-06-07T17:18:09+00:00\",\"mainEntityOfPage\":{\"@id\":\"https:\\\/\\\/elcanillita.info\\\/press\\\/2025\\\/06\\\/07\\\/desde-la-trinchera-urbana\\\/\"},\"wordCount\":295,\"publisher\":{\"@id\":\"https:\\\/\\\/elcanillita.info\\\/press\\\/#organization\"},\"image\":{\"@id\":\"https:\\\/\\\/elcanillita.info\\\/press\\\/2025\\\/06\\\/07\\\/desde-la-trinchera-urbana\\\/#primaryimage\"},\"thumbnailUrl\":\"https:\\\/\\\/elcanillita.info\\\/press\\\/images\\\/2025\\\/06\\\/bisturi.PageEdit.png\",\"keywords\":[\"Argentina\"],\"articleSection\":[\".\",\".\",\"Actualidad\",\"Argentina\",\"Cultura\",\"Dolores de La Press\",\"Economia\",\"Justicia\",\"Politica\",\"Sociedad\"],\"inLanguage\":\"es-AR\"},{\"@type\":\"WebPage\",\"@id\":\"https:\\\/\\\/elcanillita.info\\\/press\\\/2025\\\/06\\\/07\\\/desde-la-trinchera-urbana\\\/\",\"url\":\"https:\\\/\\\/elcanillita.info\\\/press\\\/2025\\\/06\\\/07\\\/desde-la-trinchera-urbana\\\/\",\"name\":\"Desde la trinchera urbana - ElCanillita.Info\",\"isPartOf\":{\"@id\":\"https:\\\/\\\/elcanillita.info\\\/press\\\/#website\"},\"primaryImageOfPage\":{\"@id\":\"https:\\\/\\\/elcanillita.info\\\/press\\\/2025\\\/06\\\/07\\\/desde-la-trinchera-urbana\\\/#primaryimage\"},\"image\":{\"@id\":\"https:\\\/\\\/elcanillita.info\\\/press\\\/2025\\\/06\\\/07\\\/desde-la-trinchera-urbana\\\/#primaryimage\"},\"thumbnailUrl\":\"https:\\\/\\\/elcanillita.info\\\/press\\\/images\\\/2025\\\/06\\\/bisturi.PageEdit.png\",\"datePublished\":\"2025-06-07T17:18:08+00:00\",\"dateModified\":\"2025-06-07T17:18:09+00:00\",\"inLanguage\":\"es-AR\",\"potentialAction\":[{\"@type\":\"ReadAction\",\"target\":[\"https:\\\/\\\/elcanillita.info\\\/press\\\/2025\\\/06\\\/07\\\/desde-la-trinchera-urbana\\\/\"]}]},{\"@type\":\"ImageObject\",\"inLanguage\":\"es-AR\",\"@id\":\"https:\\\/\\\/elcanillita.info\\\/press\\\/2025\\\/06\\\/07\\\/desde-la-trinchera-urbana\\\/#primaryimage\",\"url\":\"https:\\\/\\\/elcanillita.info\\\/press\\\/images\\\/2025\\\/06\\\/bisturi.PageEdit.png\",\"contentUrl\":\"https:\\\/\\\/elcanillita.info\\\/press\\\/images\\\/2025\\\/06\\\/bisturi.PageEdit.png\",\"width\":550,\"height\":367},{\"@type\":\"WebSite\",\"@id\":\"https:\\\/\\\/elcanillita.info\\\/press\\\/#website\",\"url\":\"https:\\\/\\\/elcanillita.info\\\/press\\\/\",\"name\":\"ElCanillita.Info\",\"description\":\"desde los Apeninos a los Andes\",\"publisher\":{\"@id\":\"https:\\\/\\\/elcanillita.info\\\/press\\\/#organization\"},\"potentialAction\":[{\"@type\":\"SearchAction\",\"target\":{\"@type\":\"EntryPoint\",\"urlTemplate\":\"https:\\\/\\\/elcanillita.info\\\/press\\\/?s={search_term_string}\"},\"query-input\":{\"@type\":\"PropertyValueSpecification\",\"valueRequired\":true,\"valueName\":\"search_term_string\"}}],\"inLanguage\":\"es-AR\"},{\"@type\":\"Organization\",\"@id\":\"https:\\\/\\\/elcanillita.info\\\/press\\\/#organization\",\"name\":\"Guzzo Photos & Graphic Publications\",\"url\":\"https:\\\/\\\/elcanillita.info\\\/press\\\/\",\"logo\":{\"@type\":\"ImageObject\",\"inLanguage\":\"es-AR\",\"@id\":\"https:\\\/\\\/elcanillita.info\\\/press\\\/#\\\/schema\\\/logo\\\/image\\\/\",\"url\":\"https:\\\/\\\/elcanillita.info\\\/press\\\/images\\\/2020\\\/01\\\/cropped-cropped-cropped-elcanillitainfo.png\",\"contentUrl\":\"https:\\\/\\\/elcanillita.info\\\/press\\\/images\\\/2020\\\/01\\\/cropped-cropped-cropped-elcanillitainfo.png\",\"width\":460,\"height\":50,\"caption\":\"Guzzo Photos & Graphic Publications\"},\"image\":{\"@id\":\"https:\\\/\\\/elcanillita.info\\\/press\\\/#\\\/schema\\\/logo\\\/image\\\/\"},\"sameAs\":[\"https:\\\/\\\/ar-ar.facebook.com\\\/ElCanillitainfo-114249515285712\\\/\"]},{\"@type\":\"Person\",\"@id\":\"https:\\\/\\\/elcanillita.info\\\/press\\\/#\\\/schema\\\/person\\\/7fcb79f38045700919f7da6d97e71ba0\",\"name\":\"SalaStampa.eu, world press service\",\"image\":{\"@type\":\"ImageObject\",\"inLanguage\":\"es-AR\",\"@id\":\"https:\\\/\\\/secure.gravatar.com\\\/avatar\\\/c2f0e0d515a107624234994507816ca4724c7199cef73fc8bedebf6931d73888?s=96&d=mm&r=g\",\"url\":\"https:\\\/\\\/secure.gravatar.com\\\/avatar\\\/c2f0e0d515a107624234994507816ca4724c7199cef73fc8bedebf6931d73888?s=96&d=mm&r=g\",\"contentUrl\":\"https:\\\/\\\/secure.gravatar.com\\\/avatar\\\/c2f0e0d515a107624234994507816ca4724c7199cef73fc8bedebf6931d73888?s=96&d=mm&r=g\",\"caption\":\"SalaStampa.eu, world press service\"}}]}<\/script>\n<!-- \/ Yoast SEO plugin. -->","yoast_head_json":{"title":"Desde la trinchera urbana - ElCanillita.Info","robots":{"index":"index","follow":"follow","max-snippet":"max-snippet:-1","max-image-preview":"max-image-preview:large","max-video-preview":"max-video-preview:-1"},"canonical":"https:\/\/elcanillita.info\/press\/2025\/06\/07\/desde-la-trinchera-urbana\/","og_locale":"es_ES","og_type":"article","og_title":"Desde la trinchera urbana - ElCanillita.Info","og_description":"Un abrazo a Enrique G. Avogadro, l\u00facido pensador de a pie \u2014aunque con linterna de faro\u2014, por sus palabras y por su fidelidad a la coherencia.","og_url":"https:\/\/elcanillita.info\/press\/2025\/06\/07\/desde-la-trinchera-urbana\/","og_site_name":"ElCanillita.Info","article_publisher":"https:\/\/ar-ar.facebook.com\/ElCanillitainfo-114249515285712\/","article_published_time":"2025-06-07T17:18:08+00:00","article_modified_time":"2025-06-07T17:18:09+00:00","og_image":[{"width":550,"height":367,"url":"https:\/\/elcanillita.info\/press\/images\/2025\/06\/bisturi.PageEdit.png","type":"image\/png"}],"author":"SalaStampa.eu, world press service","twitter_card":"summary_large_image","twitter_misc":{"Escrito por":"SalaStampa.eu, world press service","Tiempo de lectura":"2 minutos"},"schema":{"@context":"https:\/\/schema.org","@graph":[{"@type":"Article","@id":"https:\/\/elcanillita.info\/press\/2025\/06\/07\/desde-la-trinchera-urbana\/#article","isPartOf":{"@id":"https:\/\/elcanillita.info\/press\/2025\/06\/07\/desde-la-trinchera-urbana\/"},"author":{"name":"SalaStampa.eu, world press service","@id":"https:\/\/elcanillita.info\/press\/#\/schema\/person\/7fcb79f38045700919f7da6d97e71ba0"},"headline":"Desde la trinchera urbana","datePublished":"2025-06-07T17:18:08+00:00","dateModified":"2025-06-07T17:18:09+00:00","mainEntityOfPage":{"@id":"https:\/\/elcanillita.info\/press\/2025\/06\/07\/desde-la-trinchera-urbana\/"},"wordCount":295,"publisher":{"@id":"https:\/\/elcanillita.info\/press\/#organization"},"image":{"@id":"https:\/\/elcanillita.info\/press\/2025\/06\/07\/desde-la-trinchera-urbana\/#primaryimage"},"thumbnailUrl":"https:\/\/elcanillita.info\/press\/images\/2025\/06\/bisturi.PageEdit.png","keywords":["Argentina"],"articleSection":[".",".","Actualidad","Argentina","Cultura","Dolores de La Press","Economia","Justicia","Politica","Sociedad"],"inLanguage":"es-AR"},{"@type":"WebPage","@id":"https:\/\/elcanillita.info\/press\/2025\/06\/07\/desde-la-trinchera-urbana\/","url":"https:\/\/elcanillita.info\/press\/2025\/06\/07\/desde-la-trinchera-urbana\/","name":"Desde la trinchera urbana - ElCanillita.Info","isPartOf":{"@id":"https:\/\/elcanillita.info\/press\/#website"},"primaryImageOfPage":{"@id":"https:\/\/elcanillita.info\/press\/2025\/06\/07\/desde-la-trinchera-urbana\/#primaryimage"},"image":{"@id":"https:\/\/elcanillita.info\/press\/2025\/06\/07\/desde-la-trinchera-urbana\/#primaryimage"},"thumbnailUrl":"https:\/\/elcanillita.info\/press\/images\/2025\/06\/bisturi.PageEdit.png","datePublished":"2025-06-07T17:18:08+00:00","dateModified":"2025-06-07T17:18:09+00:00","inLanguage":"es-AR","potentialAction":[{"@type":"ReadAction","target":["https:\/\/elcanillita.info\/press\/2025\/06\/07\/desde-la-trinchera-urbana\/"]}]},{"@type":"ImageObject","inLanguage":"es-AR","@id":"https:\/\/elcanillita.info\/press\/2025\/06\/07\/desde-la-trinchera-urbana\/#primaryimage","url":"https:\/\/elcanillita.info\/press\/images\/2025\/06\/bisturi.PageEdit.png","contentUrl":"https:\/\/elcanillita.info\/press\/images\/2025\/06\/bisturi.PageEdit.png","width":550,"height":367},{"@type":"WebSite","@id":"https:\/\/elcanillita.info\/press\/#website","url":"https:\/\/elcanillita.info\/press\/","name":"ElCanillita.Info","description":"desde los Apeninos a los Andes","publisher":{"@id":"https:\/\/elcanillita.info\/press\/#organization"},"potentialAction":[{"@type":"SearchAction","target":{"@type":"EntryPoint","urlTemplate":"https:\/\/elcanillita.info\/press\/?s={search_term_string}"},"query-input":{"@type":"PropertyValueSpecification","valueRequired":true,"valueName":"search_term_string"}}],"inLanguage":"es-AR"},{"@type":"Organization","@id":"https:\/\/elcanillita.info\/press\/#organization","name":"Guzzo Photos & Graphic Publications","url":"https:\/\/elcanillita.info\/press\/","logo":{"@type":"ImageObject","inLanguage":"es-AR","@id":"https:\/\/elcanillita.info\/press\/#\/schema\/logo\/image\/","url":"https:\/\/elcanillita.info\/press\/images\/2020\/01\/cropped-cropped-cropped-elcanillitainfo.png","contentUrl":"https:\/\/elcanillita.info\/press\/images\/2020\/01\/cropped-cropped-cropped-elcanillitainfo.png","width":460,"height":50,"caption":"Guzzo Photos & Graphic Publications"},"image":{"@id":"https:\/\/elcanillita.info\/press\/#\/schema\/logo\/image\/"},"sameAs":["https:\/\/ar-ar.facebook.com\/ElCanillitainfo-114249515285712\/"]},{"@type":"Person","@id":"https:\/\/elcanillita.info\/press\/#\/schema\/person\/7fcb79f38045700919f7da6d97e71ba0","name":"SalaStampa.eu, world press service","image":{"@type":"ImageObject","inLanguage":"es-AR","@id":"https:\/\/secure.gravatar.com\/avatar\/c2f0e0d515a107624234994507816ca4724c7199cef73fc8bedebf6931d73888?s=96&d=mm&r=g","url":"https:\/\/secure.gravatar.com\/avatar\/c2f0e0d515a107624234994507816ca4724c7199cef73fc8bedebf6931d73888?s=96&d=mm&r=g","contentUrl":"https:\/\/secure.gravatar.com\/avatar\/c2f0e0d515a107624234994507816ca4724c7199cef73fc8bedebf6931d73888?s=96&d=mm&r=g","caption":"SalaStampa.eu, world press service"}}]}},"views":179,"_links":{"self":[{"href":"https:\/\/elcanillita.info\/press\/wp-json\/wp\/v2\/posts\/4772","targetHints":{"allow":["GET"]}}],"collection":[{"href":"https:\/\/elcanillita.info\/press\/wp-json\/wp\/v2\/posts"}],"about":[{"href":"https:\/\/elcanillita.info\/press\/wp-json\/wp\/v2\/types\/post"}],"author":[{"embeddable":true,"href":"https:\/\/elcanillita.info\/press\/wp-json\/wp\/v2\/users\/1"}],"replies":[{"embeddable":true,"href":"https:\/\/elcanillita.info\/press\/wp-json\/wp\/v2\/comments?post=4772"}],"version-history":[{"count":0,"href":"https:\/\/elcanillita.info\/press\/wp-json\/wp\/v2\/posts\/4772\/revisions"}],"wp:featuredmedia":[{"embeddable":true,"href":"https:\/\/elcanillita.info\/press\/wp-json\/wp\/v2\/media\/4773"}],"wp:attachment":[{"href":"https:\/\/elcanillita.info\/press\/wp-json\/wp\/v2\/media?parent=4772"}],"wp:term":[{"taxonomy":"category","embeddable":true,"href":"https:\/\/elcanillita.info\/press\/wp-json\/wp\/v2\/categories?post=4772"},{"taxonomy":"post_tag","embeddable":true,"href":"https:\/\/elcanillita.info\/press\/wp-json\/wp\/v2\/tags?post=4772"}],"curies":[{"name":"wp","href":"https:\/\/api.w.org\/{rel}","templated":true}]}}