{"id":4764,"date":"2025-06-07T07:26:45","date_gmt":"2025-06-07T10:26:45","guid":{"rendered":"https:\/\/elcanillita.info\/press\/?p=4764"},"modified":"2025-06-07T08:12:34","modified_gmt":"2025-06-07T11:12:34","slug":"la-otra-ventaja-electoral","status":"publish","type":"post","link":"https:\/\/elcanillita.info\/press\/2025\/06\/07\/la-otra-ventaja-electoral\/","title":{"rendered":"LA OTRA VENTAJA ELECTORAL"},"content":{"rendered":"<div class=\"wp-block-image\">\n<figure class=\"alignleft size-full is-resized\"><img loading=\"lazy\" decoding=\"async\" width=\"400\" height=\"600\" src=\"https:\/\/elcanillita.info\/press\/images\/2025\/06\/Remis1.pngEdit.png\" alt=\"\" class=\"wp-image-4765\" style=\"width:326px;height:auto\" srcset=\"https:\/\/elcanillita.info\/press\/images\/2025\/06\/Remis1.pngEdit.png 400w, https:\/\/elcanillita.info\/press\/images\/2025\/06\/Remis1.pngEdit-200x300.png 200w\" sizes=\"auto, (max-width: 400px) 100vw, 400px\" \/><\/figure>\n<\/div>\n\n\n<p><strong>ElCanillita.info<\/strong><br>Argentina, 07\/06\/2025<br>Por Mi Genio y Yo<br>Basado en hechos reales e ilustrado con m\u00e1s verdad que Photoshop.<\/p>\n\n\n\n<p>All\u00ed est\u00e1.<br>Rodete alto.<br>Valija lista.<br>Mirada fija al cartel que reza:<br>\u201c3ra SECCI\u00d3N ELECTORAL \u2013 CANDIDATOS BIENVENIDOS (sobre todo si vienen huyendo)\u201d<\/p>\n\n\n\n<p>No es una escena de ficci\u00f3n.<br>Es una postal de nuestra historia reciente, que se repite con una l\u00f3gica perversa:<br>el acusado que se candidatea para protegerse. Y el votante\u2026 que no mira.<br><strong>\u00bfD\u00f3nde est\u00e1 el fallo? <\/strong><br>No en la Corte.<br>No en el Senado.<br>No en la AFIP, ni en Comodoro Py.<br>Est\u00e1 en la platea. En ese electorado cansado, desmotivado, anestesiado, que confundi\u00f3 democracia con zapping.<\/p>\n\n\n\n<p><strong>Nos acostumbramos a la pol\u00edtica como si fuera un canal m\u00e1s:<\/strong><br>\u2014\u201cEse me aburre, cambio.\u201d<br>\u2014\u201cEste me da rabia, lo silencio.\u201d<br>\u2014\u201c\u00bfVotar? S\u00ed, pero que no me jodan mucho.\u201d<\/p>\n\n\n\n<p>Y as\u00ed, una parte de la ciudadan\u00eda ha hecho del \u201cmirar para otro lado\u201d su propio voto secreto.<br><br><strong>El votante zen<\/strong><br>Hay quien piensa que ser neutral es un logro.<br>Que no opinar es se\u00f1al de madurez.<br>Que no informarse lo protege del dolor.<br>Que no elegir es\u2026 una forma de elegir.<\/p>\n\n\n\n<p>Pero cuando no te importa qui\u00e9n gobierna, termin\u00e1s gobernado por quienes no te importar\u00edan nunca.<br>Lo dijo alguien m\u00e1s sabio, probablemente con m\u00e1s libros que tuits.<br><br><strong>El deber que se disfraza de derecho<\/strong><br>Mirar para otro lado NO es una opci\u00f3n c\u00edvica.<br>No figura en el pre\u00e1mbulo de la Constituci\u00f3n.<br>No est\u00e1 entre los derechos garantizados.<br>Es lo que pasa cuando la democracia se convierte en un tr\u00e1mite, y no en una responsabilidad.<\/p>\n\n\n\n<p>Y mientras tanto, los que s\u00ed votan con inter\u00e9s personal (porque tienen causas, contratos, convenios o negocios) se aseguran el resultado.<\/p>\n\n\n\n<p>La Rep\u00fablica no se muere por los que la atacan. Se muere por los que no la defienden.<br><strong><br>Ep\u00edlogo: el d\u00eda que la urna no pes\u00f3 nada<\/strong><br>El cartel de la 3ra secci\u00f3n electoral es claro.<br>Te espera.<br>No con entusiasmo.<br>Con resignaci\u00f3n.<\/p>\n\n\n\n<p>Porque sabe que muchos llegar\u00e1n al cuarto oscuro sin saber a qui\u00e9n votan\u2026<br>\u2026y otros tantos no llegar\u00e1n.<br>Y porque algunos \u2014los mismos de siempre\u2014 s\u00ed llegar\u00e1n. Siempre. Puntuales. Con planilla en mano. Y sin mirar para otro lado.<\/p>\n\n\n\n<p>\u00a92025 Don Cospel<br>(con DNI en mano, y sin antifaz ciudadano)<br><br><small>\u00a92025 Don Cospel \u2013 bien argento y de otra \u00e9poca, ideal para un tono nost\u00e1lgico. &#8211; All Rights Reserved &#8211; Copyright \u00a9 2025 ElCanillita.info \/ BlogDiario.info \/SalaStampa.eu, world press service &#8211; Guzzo Photos &amp; Graphic Publications \u2013 Registro Editori e Stampatori n. 1441 Torino, Italia<\/small><\/p>\n\n\n\n<p><\/p>\n","protected":false},"excerpt":{"rendered":"<p>(O c\u00f3mo \u201cmirar para otro lado\u201d se volvi\u00f3 el nuevo voto en blanco)<\/p>\n","protected":false},"author":1,"featured_media":4766,"comment_status":"closed","ping_status":"closed","sticky":false,"template":"","format":"standard","meta":{"footnotes":"","_links_to":"","_links_to_target":""},"categories":[121,108,70,123,118,126,22,23,25],"tags":[],"class_list":["post-4764","post","type-post","status-publish","format-standard","has-post-thumbnail","hentry","category-dc24","category-blogdiario","category-actualidad","category-argentina","category-corrupcion","category-dolores-de-la-press","category-justicia","category-politica","category-sociedad","entry","double"],"yoast_head":"<!-- This site is optimized with the Yoast SEO plugin v27.4 - https:\/\/yoast.com\/product\/yoast-seo-wordpress\/ -->\n<title>LA OTRA VENTAJA ELECTORAL - ElCanillita.Info<\/title>\n<meta name=\"robots\" content=\"index, follow, max-snippet:-1, max-image-preview:large, max-video-preview:-1\" \/>\n<link rel=\"canonical\" href=\"https:\/\/elcanillita.info\/press\/2025\/06\/07\/la-otra-ventaja-electoral\/\" \/>\n<meta property=\"og:locale\" content=\"es_ES\" \/>\n<meta property=\"og:type\" content=\"article\" \/>\n<meta property=\"og:title\" content=\"LA OTRA VENTAJA ELECTORAL - ElCanillita.Info\" \/>\n<meta property=\"og:description\" content=\"(O c\u00f3mo \u201cmirar para otro lado\u201d se volvi\u00f3 el nuevo voto en blanco)\" \/>\n<meta property=\"og:url\" content=\"https:\/\/elcanillita.info\/press\/2025\/06\/07\/la-otra-ventaja-electoral\/\" \/>\n<meta property=\"og:site_name\" content=\"ElCanillita.Info\" \/>\n<meta property=\"article:publisher\" content=\"https:\/\/ar-ar.facebook.com\/ElCanillitainfo-114249515285712\/\" \/>\n<meta property=\"article:published_time\" content=\"2025-06-07T10:26:45+00:00\" \/>\n<meta property=\"article:modified_time\" content=\"2025-06-07T11:12:34+00:00\" \/>\n<meta property=\"og:image\" content=\"https:\/\/elcanillita.info\/press\/images\/2025\/06\/Remis1.pngEdit.cover_.png\" \/>\n\t<meta property=\"og:image:width\" content=\"400\" \/>\n\t<meta property=\"og:image:height\" content=\"267\" \/>\n\t<meta property=\"og:image:type\" content=\"image\/png\" \/>\n<meta name=\"author\" content=\"SalaStampa.eu, world press service\" \/>\n<meta name=\"twitter:card\" content=\"summary_large_image\" \/>\n<meta name=\"twitter:label1\" content=\"Escrito por\" \/>\n\t<meta name=\"twitter:data1\" content=\"SalaStampa.eu, world press service\" \/>\n\t<meta name=\"twitter:label2\" content=\"Tiempo de lectura\" \/>\n\t<meta name=\"twitter:data2\" content=\"3 minutos\" \/>\n<script type=\"application\/ld+json\" class=\"yoast-schema-graph\">{\"@context\":\"https:\\\/\\\/schema.org\",\"@graph\":[{\"@type\":\"Article\",\"@id\":\"https:\\\/\\\/elcanillita.info\\\/press\\\/2025\\\/06\\\/07\\\/la-otra-ventaja-electoral\\\/#article\",\"isPartOf\":{\"@id\":\"https:\\\/\\\/elcanillita.info\\\/press\\\/2025\\\/06\\\/07\\\/la-otra-ventaja-electoral\\\/\"},\"author\":{\"name\":\"SalaStampa.eu, world press service\",\"@id\":\"https:\\\/\\\/elcanillita.info\\\/press\\\/#\\\/schema\\\/person\\\/7fcb79f38045700919f7da6d97e71ba0\"},\"headline\":\"LA OTRA VENTAJA ELECTORAL\",\"datePublished\":\"2025-06-07T10:26:45+00:00\",\"dateModified\":\"2025-06-07T11:12:34+00:00\",\"mainEntityOfPage\":{\"@id\":\"https:\\\/\\\/elcanillita.info\\\/press\\\/2025\\\/06\\\/07\\\/la-otra-ventaja-electoral\\\/\"},\"wordCount\":450,\"publisher\":{\"@id\":\"https:\\\/\\\/elcanillita.info\\\/press\\\/#organization\"},\"image\":{\"@id\":\"https:\\\/\\\/elcanillita.info\\\/press\\\/2025\\\/06\\\/07\\\/la-otra-ventaja-electoral\\\/#primaryimage\"},\"thumbnailUrl\":\"https:\\\/\\\/elcanillita.info\\\/press\\\/images\\\/2025\\\/06\\\/Remis1.pngEdit.cover_.png\",\"articleSection\":[\".\",\".\",\"Actualidad\",\"Argentina\",\"Corrupci\u00f3n\",\"Dolores de La Press\",\"Justicia\",\"Politica\",\"Sociedad\"],\"inLanguage\":\"es-AR\"},{\"@type\":\"WebPage\",\"@id\":\"https:\\\/\\\/elcanillita.info\\\/press\\\/2025\\\/06\\\/07\\\/la-otra-ventaja-electoral\\\/\",\"url\":\"https:\\\/\\\/elcanillita.info\\\/press\\\/2025\\\/06\\\/07\\\/la-otra-ventaja-electoral\\\/\",\"name\":\"LA OTRA VENTAJA ELECTORAL - ElCanillita.Info\",\"isPartOf\":{\"@id\":\"https:\\\/\\\/elcanillita.info\\\/press\\\/#website\"},\"primaryImageOfPage\":{\"@id\":\"https:\\\/\\\/elcanillita.info\\\/press\\\/2025\\\/06\\\/07\\\/la-otra-ventaja-electoral\\\/#primaryimage\"},\"image\":{\"@id\":\"https:\\\/\\\/elcanillita.info\\\/press\\\/2025\\\/06\\\/07\\\/la-otra-ventaja-electoral\\\/#primaryimage\"},\"thumbnailUrl\":\"https:\\\/\\\/elcanillita.info\\\/press\\\/images\\\/2025\\\/06\\\/Remis1.pngEdit.cover_.png\",\"datePublished\":\"2025-06-07T10:26:45+00:00\",\"dateModified\":\"2025-06-07T11:12:34+00:00\",\"inLanguage\":\"es-AR\",\"potentialAction\":[{\"@type\":\"ReadAction\",\"target\":[\"https:\\\/\\\/elcanillita.info\\\/press\\\/2025\\\/06\\\/07\\\/la-otra-ventaja-electoral\\\/\"]}]},{\"@type\":\"ImageObject\",\"inLanguage\":\"es-AR\",\"@id\":\"https:\\\/\\\/elcanillita.info\\\/press\\\/2025\\\/06\\\/07\\\/la-otra-ventaja-electoral\\\/#primaryimage\",\"url\":\"https:\\\/\\\/elcanillita.info\\\/press\\\/images\\\/2025\\\/06\\\/Remis1.pngEdit.cover_.png\",\"contentUrl\":\"https:\\\/\\\/elcanillita.info\\\/press\\\/images\\\/2025\\\/06\\\/Remis1.pngEdit.cover_.png\",\"width\":400,\"height\":267},{\"@type\":\"WebSite\",\"@id\":\"https:\\\/\\\/elcanillita.info\\\/press\\\/#website\",\"url\":\"https:\\\/\\\/elcanillita.info\\\/press\\\/\",\"name\":\"ElCanillita.Info\",\"description\":\"desde los Apeninos a los Andes\",\"publisher\":{\"@id\":\"https:\\\/\\\/elcanillita.info\\\/press\\\/#organization\"},\"potentialAction\":[{\"@type\":\"SearchAction\",\"target\":{\"@type\":\"EntryPoint\",\"urlTemplate\":\"https:\\\/\\\/elcanillita.info\\\/press\\\/?s={search_term_string}\"},\"query-input\":{\"@type\":\"PropertyValueSpecification\",\"valueRequired\":true,\"valueName\":\"search_term_string\"}}],\"inLanguage\":\"es-AR\"},{\"@type\":\"Organization\",\"@id\":\"https:\\\/\\\/elcanillita.info\\\/press\\\/#organization\",\"name\":\"Guzzo Photos & Graphic Publications\",\"url\":\"https:\\\/\\\/elcanillita.info\\\/press\\\/\",\"logo\":{\"@type\":\"ImageObject\",\"inLanguage\":\"es-AR\",\"@id\":\"https:\\\/\\\/elcanillita.info\\\/press\\\/#\\\/schema\\\/logo\\\/image\\\/\",\"url\":\"https:\\\/\\\/elcanillita.info\\\/press\\\/images\\\/2020\\\/01\\\/cropped-cropped-cropped-elcanillitainfo.png\",\"contentUrl\":\"https:\\\/\\\/elcanillita.info\\\/press\\\/images\\\/2020\\\/01\\\/cropped-cropped-cropped-elcanillitainfo.png\",\"width\":460,\"height\":50,\"caption\":\"Guzzo Photos & Graphic Publications\"},\"image\":{\"@id\":\"https:\\\/\\\/elcanillita.info\\\/press\\\/#\\\/schema\\\/logo\\\/image\\\/\"},\"sameAs\":[\"https:\\\/\\\/ar-ar.facebook.com\\\/ElCanillitainfo-114249515285712\\\/\"]},{\"@type\":\"Person\",\"@id\":\"https:\\\/\\\/elcanillita.info\\\/press\\\/#\\\/schema\\\/person\\\/7fcb79f38045700919f7da6d97e71ba0\",\"name\":\"SalaStampa.eu, world press service\",\"image\":{\"@type\":\"ImageObject\",\"inLanguage\":\"es-AR\",\"@id\":\"https:\\\/\\\/secure.gravatar.com\\\/avatar\\\/c2f0e0d515a107624234994507816ca4724c7199cef73fc8bedebf6931d73888?s=96&d=mm&r=g\",\"url\":\"https:\\\/\\\/secure.gravatar.com\\\/avatar\\\/c2f0e0d515a107624234994507816ca4724c7199cef73fc8bedebf6931d73888?s=96&d=mm&r=g\",\"contentUrl\":\"https:\\\/\\\/secure.gravatar.com\\\/avatar\\\/c2f0e0d515a107624234994507816ca4724c7199cef73fc8bedebf6931d73888?s=96&d=mm&r=g\",\"caption\":\"SalaStampa.eu, world press service\"}}]}<\/script>\n<!-- \/ Yoast SEO plugin. -->","yoast_head_json":{"title":"LA OTRA VENTAJA ELECTORAL - ElCanillita.Info","robots":{"index":"index","follow":"follow","max-snippet":"max-snippet:-1","max-image-preview":"max-image-preview:large","max-video-preview":"max-video-preview:-1"},"canonical":"https:\/\/elcanillita.info\/press\/2025\/06\/07\/la-otra-ventaja-electoral\/","og_locale":"es_ES","og_type":"article","og_title":"LA OTRA VENTAJA ELECTORAL - ElCanillita.Info","og_description":"(O c\u00f3mo \u201cmirar para otro lado\u201d se volvi\u00f3 el nuevo voto en blanco)","og_url":"https:\/\/elcanillita.info\/press\/2025\/06\/07\/la-otra-ventaja-electoral\/","og_site_name":"ElCanillita.Info","article_publisher":"https:\/\/ar-ar.facebook.com\/ElCanillitainfo-114249515285712\/","article_published_time":"2025-06-07T10:26:45+00:00","article_modified_time":"2025-06-07T11:12:34+00:00","og_image":[{"width":400,"height":267,"url":"https:\/\/elcanillita.info\/press\/images\/2025\/06\/Remis1.pngEdit.cover_.png","type":"image\/png"}],"author":"SalaStampa.eu, world press service","twitter_card":"summary_large_image","twitter_misc":{"Escrito por":"SalaStampa.eu, world press service","Tiempo de lectura":"3 minutos"},"schema":{"@context":"https:\/\/schema.org","@graph":[{"@type":"Article","@id":"https:\/\/elcanillita.info\/press\/2025\/06\/07\/la-otra-ventaja-electoral\/#article","isPartOf":{"@id":"https:\/\/elcanillita.info\/press\/2025\/06\/07\/la-otra-ventaja-electoral\/"},"author":{"name":"SalaStampa.eu, world press service","@id":"https:\/\/elcanillita.info\/press\/#\/schema\/person\/7fcb79f38045700919f7da6d97e71ba0"},"headline":"LA OTRA VENTAJA ELECTORAL","datePublished":"2025-06-07T10:26:45+00:00","dateModified":"2025-06-07T11:12:34+00:00","mainEntityOfPage":{"@id":"https:\/\/elcanillita.info\/press\/2025\/06\/07\/la-otra-ventaja-electoral\/"},"wordCount":450,"publisher":{"@id":"https:\/\/elcanillita.info\/press\/#organization"},"image":{"@id":"https:\/\/elcanillita.info\/press\/2025\/06\/07\/la-otra-ventaja-electoral\/#primaryimage"},"thumbnailUrl":"https:\/\/elcanillita.info\/press\/images\/2025\/06\/Remis1.pngEdit.cover_.png","articleSection":[".",".","Actualidad","Argentina","Corrupci\u00f3n","Dolores de La Press","Justicia","Politica","Sociedad"],"inLanguage":"es-AR"},{"@type":"WebPage","@id":"https:\/\/elcanillita.info\/press\/2025\/06\/07\/la-otra-ventaja-electoral\/","url":"https:\/\/elcanillita.info\/press\/2025\/06\/07\/la-otra-ventaja-electoral\/","name":"LA OTRA VENTAJA ELECTORAL - ElCanillita.Info","isPartOf":{"@id":"https:\/\/elcanillita.info\/press\/#website"},"primaryImageOfPage":{"@id":"https:\/\/elcanillita.info\/press\/2025\/06\/07\/la-otra-ventaja-electoral\/#primaryimage"},"image":{"@id":"https:\/\/elcanillita.info\/press\/2025\/06\/07\/la-otra-ventaja-electoral\/#primaryimage"},"thumbnailUrl":"https:\/\/elcanillita.info\/press\/images\/2025\/06\/Remis1.pngEdit.cover_.png","datePublished":"2025-06-07T10:26:45+00:00","dateModified":"2025-06-07T11:12:34+00:00","inLanguage":"es-AR","potentialAction":[{"@type":"ReadAction","target":["https:\/\/elcanillita.info\/press\/2025\/06\/07\/la-otra-ventaja-electoral\/"]}]},{"@type":"ImageObject","inLanguage":"es-AR","@id":"https:\/\/elcanillita.info\/press\/2025\/06\/07\/la-otra-ventaja-electoral\/#primaryimage","url":"https:\/\/elcanillita.info\/press\/images\/2025\/06\/Remis1.pngEdit.cover_.png","contentUrl":"https:\/\/elcanillita.info\/press\/images\/2025\/06\/Remis1.pngEdit.cover_.png","width":400,"height":267},{"@type":"WebSite","@id":"https:\/\/elcanillita.info\/press\/#website","url":"https:\/\/elcanillita.info\/press\/","name":"ElCanillita.Info","description":"desde los Apeninos a los Andes","publisher":{"@id":"https:\/\/elcanillita.info\/press\/#organization"},"potentialAction":[{"@type":"SearchAction","target":{"@type":"EntryPoint","urlTemplate":"https:\/\/elcanillita.info\/press\/?s={search_term_string}"},"query-input":{"@type":"PropertyValueSpecification","valueRequired":true,"valueName":"search_term_string"}}],"inLanguage":"es-AR"},{"@type":"Organization","@id":"https:\/\/elcanillita.info\/press\/#organization","name":"Guzzo Photos & Graphic Publications","url":"https:\/\/elcanillita.info\/press\/","logo":{"@type":"ImageObject","inLanguage":"es-AR","@id":"https:\/\/elcanillita.info\/press\/#\/schema\/logo\/image\/","url":"https:\/\/elcanillita.info\/press\/images\/2020\/01\/cropped-cropped-cropped-elcanillitainfo.png","contentUrl":"https:\/\/elcanillita.info\/press\/images\/2020\/01\/cropped-cropped-cropped-elcanillitainfo.png","width":460,"height":50,"caption":"Guzzo Photos & Graphic Publications"},"image":{"@id":"https:\/\/elcanillita.info\/press\/#\/schema\/logo\/image\/"},"sameAs":["https:\/\/ar-ar.facebook.com\/ElCanillitainfo-114249515285712\/"]},{"@type":"Person","@id":"https:\/\/elcanillita.info\/press\/#\/schema\/person\/7fcb79f38045700919f7da6d97e71ba0","name":"SalaStampa.eu, world press service","image":{"@type":"ImageObject","inLanguage":"es-AR","@id":"https:\/\/secure.gravatar.com\/avatar\/c2f0e0d515a107624234994507816ca4724c7199cef73fc8bedebf6931d73888?s=96&d=mm&r=g","url":"https:\/\/secure.gravatar.com\/avatar\/c2f0e0d515a107624234994507816ca4724c7199cef73fc8bedebf6931d73888?s=96&d=mm&r=g","contentUrl":"https:\/\/secure.gravatar.com\/avatar\/c2f0e0d515a107624234994507816ca4724c7199cef73fc8bedebf6931d73888?s=96&d=mm&r=g","caption":"SalaStampa.eu, world press service"}}]}},"views":150,"_links":{"self":[{"href":"https:\/\/elcanillita.info\/press\/wp-json\/wp\/v2\/posts\/4764","targetHints":{"allow":["GET"]}}],"collection":[{"href":"https:\/\/elcanillita.info\/press\/wp-json\/wp\/v2\/posts"}],"about":[{"href":"https:\/\/elcanillita.info\/press\/wp-json\/wp\/v2\/types\/post"}],"author":[{"embeddable":true,"href":"https:\/\/elcanillita.info\/press\/wp-json\/wp\/v2\/users\/1"}],"replies":[{"embeddable":true,"href":"https:\/\/elcanillita.info\/press\/wp-json\/wp\/v2\/comments?post=4764"}],"version-history":[{"count":0,"href":"https:\/\/elcanillita.info\/press\/wp-json\/wp\/v2\/posts\/4764\/revisions"}],"wp:featuredmedia":[{"embeddable":true,"href":"https:\/\/elcanillita.info\/press\/wp-json\/wp\/v2\/media\/4766"}],"wp:attachment":[{"href":"https:\/\/elcanillita.info\/press\/wp-json\/wp\/v2\/media?parent=4764"}],"wp:term":[{"taxonomy":"category","embeddable":true,"href":"https:\/\/elcanillita.info\/press\/wp-json\/wp\/v2\/categories?post=4764"},{"taxonomy":"post_tag","embeddable":true,"href":"https:\/\/elcanillita.info\/press\/wp-json\/wp\/v2\/tags?post=4764"}],"curies":[{"name":"wp","href":"https:\/\/api.w.org\/{rel}","templated":true}]}}