{"id":4750,"date":"2025-06-05T10:16:44","date_gmt":"2025-06-05T13:16:44","guid":{"rendered":"https:\/\/elcanillita.info\/press\/?p=4750"},"modified":"2025-06-05T10:40:35","modified_gmt":"2025-06-05T13:40:35","slug":"ficha-limpia-pais-socio","status":"publish","type":"post","link":"https:\/\/elcanillita.info\/press\/2025\/06\/05\/ficha-limpia-pais-socio\/","title":{"rendered":"Ficha Limpia, pa\u00eds sucio"},"content":{"rendered":"\n<figure class=\"wp-block-image size-full is-resized\"><img loading=\"lazy\" decoding=\"async\" width=\"450\" height=\"300\" src=\"https:\/\/elcanillita.info\/press\/images\/2025\/06\/fichalimp_20250605.HHH_.png\" alt=\"\" class=\"wp-image-4751\" style=\"width:706px;height:auto\" srcset=\"https:\/\/elcanillita.info\/press\/images\/2025\/06\/fichalimp_20250605.HHH_.png 450w, https:\/\/elcanillita.info\/press\/images\/2025\/06\/fichalimp_20250605.HHH_-300x200.png 300w\" sizes=\"auto, (max-width: 450px) 100vw, 450px\" \/><\/figure>\n\n\n\n<p>\ud83e\uddfe <strong>ElCanillita.info<\/strong><br \/>Argentina, 05\/06\/2025<br \/><em>Por Tito Rendite \u2013 Especial para ElCanillita.info<\/em><br \/>En pa\u00edses normales, un ciudadano condenado por robo, estafa, abuso o asesinato no puede ser candidato. Ni portero de edificio, ni encargado de biblioteca infantil.<br \/>En Argentina, en cambio, s\u00ed. No solo puede ser candidato: puede ser electo. Puede ocupar una banca, levantar la mano en el Congreso y hasta dar c\u00e1tedra de moral desde el atril.<\/p>\n\n\n\n<p>La llamada Ley de Ficha Limpia, que propone algo tan b\u00e1sico como impedir que personas con condenas penales vigentes accedan a cargos electivos, fue rechazada. \u00bfPor qui\u00e9n?<br \/>Por los mismos que har\u00edan bien en abstenerse por decoro, pero que prefieren abstenerse por conveniencia.<br \/>El Congreso, lejos de ser el templo de la democracia, se ha vuelto el boliche bailable del prontuario flexible: entr\u00e1s con condena, sal\u00eds con fueros.<br \/><br \/>\ud83d\uddf3 El problema no es la ley. El problema es el pa\u00eds.<br \/>No el pa\u00eds como geograf\u00eda. No como himno ni bandera.<br \/>Sino el pa\u00eds como complicidad social, esa que se disfraza de \u201cviveza criolla\u201d para justificar la mediocridad.<br \/>Un pa\u00eds donde muchos dicen:<br \/>\u2014 \u201cY bueno\u2026 si roba pero hace\u2026\u201d<br \/>\u2014 \u201cPeor es el otro\u2026\u201d<br \/>\u2014 \u201cTotal, todos est\u00e1n sucios\u2026\u201d<\/p>\n\n\n\n<p>As\u00ed, el votante se convierte en c\u00f3mplice, el sistema en refugio, y la ley en un papel decorativo, apenas \u00fatil para envolver empanadas calientes en los bares del Congreso.<br \/>\ud83e\udd21 Ficha Limpia\u2026 \u00bfy el resto?<\/p>\n\n\n\n<p>\u00bfY si ma\u00f1ana pedimos \u201cRespirar con la boca cerrada\u201d como ley nacional? \u00bfO una \u201cLey del Sem\u00e1foro\u201d: rojo significa pare?<br \/>Es decir: \u00bfcu\u00e1nto tiempo m\u00e1s vamos a legislar lo obvio como si fuese una conquista?<\/p>\n\n\n\n<p>\u00bfTendremos que proponer la Ley de Ducha Diaria? \u00bfEl Proyecto Higiene P\u00fablica para Funcionarios con Historia Cl\u00ednica?<br \/><br \/>\ud83d\udcec \u00daltimo p\u00e1rrafo (con carta certificada)<\/p>\n\n\n\n<blockquote class=\"wp-block-quote is-layout-flow wp-block-quote-is-layout-flow\">\n<p>Alguien en redacci\u00f3n lo dijo claro:<br \/>\u201cEl corrupto, ladr\u00f3n, estafador o asesino, no puede ocupar cargos electivos\u2026 Por ahora, en nuestro pa\u00eds, s\u00ed puede.\u201d Y ese \u201cpor ahora\u201d es una esperanza m\u00ednima\u2026<br \/>Pero tambi\u00e9n es una amenaza.<\/p>\n<\/blockquote>\n\n\n\n<p><small>\u00a92025 \u201cTito Rendite\u201d &#8211; Todos los derechos reservados Copyright \u00a9 2025 ElCanillita.info \/ BlogDiario.info \/ SalaStampa.eu, servicio mundial de prensa Guzzo Photos &amp; Graphic Publications \u2013 Registro Editori e Stampatori n. 1441 Torino, Italia<\/small><\/p>\n\n\n\n<p><\/p>\n","protected":false},"excerpt":{"rendered":"<p>El manual del candidato argentino con condena (y sin verg\u00fcenza)<\/p>\n","protected":false},"author":1,"featured_media":4751,"comment_status":"closed","ping_status":"closed","sticky":false,"template":"","format":"standard","meta":{"footnotes":"","_links_to":"","_links_to_target":""},"categories":[108,121,70,11,123,118,126,23,25],"tags":[29],"class_list":["post-4750","post","type-post","status-publish","format-standard","has-post-thumbnail","hentry","category-blogdiario","category-dc24","category-actualidad","category-america-del-sur","category-argentina","category-corrupcion","category-dolores-de-la-press","category-politica","category-sociedad","tag-argentina","entry","double"],"yoast_head":"<!-- This site is optimized with the Yoast SEO plugin v27.4 - https:\/\/yoast.com\/product\/yoast-seo-wordpress\/ -->\n<title>Ficha Limpia, pa\u00eds sucio - ElCanillita.Info<\/title>\n<meta name=\"robots\" content=\"index, follow, max-snippet:-1, max-image-preview:large, max-video-preview:-1\" \/>\n<link rel=\"canonical\" href=\"https:\/\/elcanillita.info\/press\/2025\/06\/05\/ficha-limpia-pais-socio\/\" \/>\n<meta property=\"og:locale\" content=\"es_ES\" \/>\n<meta property=\"og:type\" content=\"article\" \/>\n<meta property=\"og:title\" content=\"Ficha Limpia, pa\u00eds sucio - ElCanillita.Info\" \/>\n<meta property=\"og:description\" content=\"El manual del candidato argentino con condena (y sin verg\u00fcenza)\" \/>\n<meta property=\"og:url\" content=\"https:\/\/elcanillita.info\/press\/2025\/06\/05\/ficha-limpia-pais-socio\/\" \/>\n<meta property=\"og:site_name\" content=\"ElCanillita.Info\" \/>\n<meta property=\"article:publisher\" content=\"https:\/\/ar-ar.facebook.com\/ElCanillitainfo-114249515285712\/\" \/>\n<meta property=\"article:published_time\" content=\"2025-06-05T13:16:44+00:00\" \/>\n<meta property=\"article:modified_time\" content=\"2025-06-05T13:40:35+00:00\" \/>\n<meta property=\"og:image\" content=\"https:\/\/elcanillita.info\/press\/images\/2025\/06\/fichalimp_20250605.HHH_.png\" \/>\n\t<meta property=\"og:image:width\" content=\"450\" \/>\n\t<meta property=\"og:image:height\" content=\"300\" \/>\n\t<meta property=\"og:image:type\" content=\"image\/png\" \/>\n<meta name=\"author\" content=\"SalaStampa.eu, world press service\" \/>\n<meta name=\"twitter:card\" content=\"summary_large_image\" \/>\n<meta name=\"twitter:label1\" content=\"Escrito por\" \/>\n\t<meta name=\"twitter:data1\" content=\"SalaStampa.eu, world press service\" \/>\n\t<meta name=\"twitter:label2\" content=\"Tiempo de lectura\" \/>\n\t<meta name=\"twitter:data2\" content=\"2 minutos\" \/>\n<script type=\"application\/ld+json\" class=\"yoast-schema-graph\">{\"@context\":\"https:\\\/\\\/schema.org\",\"@graph\":[{\"@type\":\"Article\",\"@id\":\"https:\\\/\\\/elcanillita.info\\\/press\\\/2025\\\/06\\\/05\\\/ficha-limpia-pais-socio\\\/#article\",\"isPartOf\":{\"@id\":\"https:\\\/\\\/elcanillita.info\\\/press\\\/2025\\\/06\\\/05\\\/ficha-limpia-pais-socio\\\/\"},\"author\":{\"name\":\"SalaStampa.eu, world press service\",\"@id\":\"https:\\\/\\\/elcanillita.info\\\/press\\\/#\\\/schema\\\/person\\\/7fcb79f38045700919f7da6d97e71ba0\"},\"headline\":\"Ficha Limpia, pa\u00eds sucio\",\"datePublished\":\"2025-06-05T13:16:44+00:00\",\"dateModified\":\"2025-06-05T13:40:35+00:00\",\"mainEntityOfPage\":{\"@id\":\"https:\\\/\\\/elcanillita.info\\\/press\\\/2025\\\/06\\\/05\\\/ficha-limpia-pais-socio\\\/\"},\"wordCount\":381,\"publisher\":{\"@id\":\"https:\\\/\\\/elcanillita.info\\\/press\\\/#organization\"},\"image\":{\"@id\":\"https:\\\/\\\/elcanillita.info\\\/press\\\/2025\\\/06\\\/05\\\/ficha-limpia-pais-socio\\\/#primaryimage\"},\"thumbnailUrl\":\"https:\\\/\\\/elcanillita.info\\\/press\\\/images\\\/2025\\\/06\\\/fichalimp_20250605.HHH_.png\",\"keywords\":[\"Argentina\"],\"articleSection\":[\".\",\".\",\"Actualidad\",\"Am\u00e9rica del Sur\",\"Argentina\",\"Corrupci\u00f3n\",\"Dolores de La Press\",\"Politica\",\"Sociedad\"],\"inLanguage\":\"es-AR\"},{\"@type\":\"WebPage\",\"@id\":\"https:\\\/\\\/elcanillita.info\\\/press\\\/2025\\\/06\\\/05\\\/ficha-limpia-pais-socio\\\/\",\"url\":\"https:\\\/\\\/elcanillita.info\\\/press\\\/2025\\\/06\\\/05\\\/ficha-limpia-pais-socio\\\/\",\"name\":\"Ficha Limpia, pa\u00eds sucio - ElCanillita.Info\",\"isPartOf\":{\"@id\":\"https:\\\/\\\/elcanillita.info\\\/press\\\/#website\"},\"primaryImageOfPage\":{\"@id\":\"https:\\\/\\\/elcanillita.info\\\/press\\\/2025\\\/06\\\/05\\\/ficha-limpia-pais-socio\\\/#primaryimage\"},\"image\":{\"@id\":\"https:\\\/\\\/elcanillita.info\\\/press\\\/2025\\\/06\\\/05\\\/ficha-limpia-pais-socio\\\/#primaryimage\"},\"thumbnailUrl\":\"https:\\\/\\\/elcanillita.info\\\/press\\\/images\\\/2025\\\/06\\\/fichalimp_20250605.HHH_.png\",\"datePublished\":\"2025-06-05T13:16:44+00:00\",\"dateModified\":\"2025-06-05T13:40:35+00:00\",\"inLanguage\":\"es-AR\",\"potentialAction\":[{\"@type\":\"ReadAction\",\"target\":[\"https:\\\/\\\/elcanillita.info\\\/press\\\/2025\\\/06\\\/05\\\/ficha-limpia-pais-socio\\\/\"]}]},{\"@type\":\"ImageObject\",\"inLanguage\":\"es-AR\",\"@id\":\"https:\\\/\\\/elcanillita.info\\\/press\\\/2025\\\/06\\\/05\\\/ficha-limpia-pais-socio\\\/#primaryimage\",\"url\":\"https:\\\/\\\/elcanillita.info\\\/press\\\/images\\\/2025\\\/06\\\/fichalimp_20250605.HHH_.png\",\"contentUrl\":\"https:\\\/\\\/elcanillita.info\\\/press\\\/images\\\/2025\\\/06\\\/fichalimp_20250605.HHH_.png\",\"width\":450,\"height\":300},{\"@type\":\"WebSite\",\"@id\":\"https:\\\/\\\/elcanillita.info\\\/press\\\/#website\",\"url\":\"https:\\\/\\\/elcanillita.info\\\/press\\\/\",\"name\":\"ElCanillita.Info\",\"description\":\"desde los Apeninos a los Andes\",\"publisher\":{\"@id\":\"https:\\\/\\\/elcanillita.info\\\/press\\\/#organization\"},\"potentialAction\":[{\"@type\":\"SearchAction\",\"target\":{\"@type\":\"EntryPoint\",\"urlTemplate\":\"https:\\\/\\\/elcanillita.info\\\/press\\\/?s={search_term_string}\"},\"query-input\":{\"@type\":\"PropertyValueSpecification\",\"valueRequired\":true,\"valueName\":\"search_term_string\"}}],\"inLanguage\":\"es-AR\"},{\"@type\":\"Organization\",\"@id\":\"https:\\\/\\\/elcanillita.info\\\/press\\\/#organization\",\"name\":\"Guzzo Photos & Graphic Publications\",\"url\":\"https:\\\/\\\/elcanillita.info\\\/press\\\/\",\"logo\":{\"@type\":\"ImageObject\",\"inLanguage\":\"es-AR\",\"@id\":\"https:\\\/\\\/elcanillita.info\\\/press\\\/#\\\/schema\\\/logo\\\/image\\\/\",\"url\":\"https:\\\/\\\/elcanillita.info\\\/press\\\/images\\\/2020\\\/01\\\/cropped-cropped-cropped-elcanillitainfo.png\",\"contentUrl\":\"https:\\\/\\\/elcanillita.info\\\/press\\\/images\\\/2020\\\/01\\\/cropped-cropped-cropped-elcanillitainfo.png\",\"width\":460,\"height\":50,\"caption\":\"Guzzo Photos & Graphic Publications\"},\"image\":{\"@id\":\"https:\\\/\\\/elcanillita.info\\\/press\\\/#\\\/schema\\\/logo\\\/image\\\/\"},\"sameAs\":[\"https:\\\/\\\/ar-ar.facebook.com\\\/ElCanillitainfo-114249515285712\\\/\"]},{\"@type\":\"Person\",\"@id\":\"https:\\\/\\\/elcanillita.info\\\/press\\\/#\\\/schema\\\/person\\\/7fcb79f38045700919f7da6d97e71ba0\",\"name\":\"SalaStampa.eu, world press service\",\"image\":{\"@type\":\"ImageObject\",\"inLanguage\":\"es-AR\",\"@id\":\"https:\\\/\\\/secure.gravatar.com\\\/avatar\\\/c2f0e0d515a107624234994507816ca4724c7199cef73fc8bedebf6931d73888?s=96&d=mm&r=g\",\"url\":\"https:\\\/\\\/secure.gravatar.com\\\/avatar\\\/c2f0e0d515a107624234994507816ca4724c7199cef73fc8bedebf6931d73888?s=96&d=mm&r=g\",\"contentUrl\":\"https:\\\/\\\/secure.gravatar.com\\\/avatar\\\/c2f0e0d515a107624234994507816ca4724c7199cef73fc8bedebf6931d73888?s=96&d=mm&r=g\",\"caption\":\"SalaStampa.eu, world press service\"}}]}<\/script>\n<!-- \/ Yoast SEO plugin. -->","yoast_head_json":{"title":"Ficha Limpia, pa\u00eds sucio - ElCanillita.Info","robots":{"index":"index","follow":"follow","max-snippet":"max-snippet:-1","max-image-preview":"max-image-preview:large","max-video-preview":"max-video-preview:-1"},"canonical":"https:\/\/elcanillita.info\/press\/2025\/06\/05\/ficha-limpia-pais-socio\/","og_locale":"es_ES","og_type":"article","og_title":"Ficha Limpia, pa\u00eds sucio - ElCanillita.Info","og_description":"El manual del candidato argentino con condena (y sin verg\u00fcenza)","og_url":"https:\/\/elcanillita.info\/press\/2025\/06\/05\/ficha-limpia-pais-socio\/","og_site_name":"ElCanillita.Info","article_publisher":"https:\/\/ar-ar.facebook.com\/ElCanillitainfo-114249515285712\/","article_published_time":"2025-06-05T13:16:44+00:00","article_modified_time":"2025-06-05T13:40:35+00:00","og_image":[{"width":450,"height":300,"url":"https:\/\/elcanillita.info\/press\/images\/2025\/06\/fichalimp_20250605.HHH_.png","type":"image\/png"}],"author":"SalaStampa.eu, world press service","twitter_card":"summary_large_image","twitter_misc":{"Escrito por":"SalaStampa.eu, world press service","Tiempo de lectura":"2 minutos"},"schema":{"@context":"https:\/\/schema.org","@graph":[{"@type":"Article","@id":"https:\/\/elcanillita.info\/press\/2025\/06\/05\/ficha-limpia-pais-socio\/#article","isPartOf":{"@id":"https:\/\/elcanillita.info\/press\/2025\/06\/05\/ficha-limpia-pais-socio\/"},"author":{"name":"SalaStampa.eu, world press service","@id":"https:\/\/elcanillita.info\/press\/#\/schema\/person\/7fcb79f38045700919f7da6d97e71ba0"},"headline":"Ficha Limpia, pa\u00eds sucio","datePublished":"2025-06-05T13:16:44+00:00","dateModified":"2025-06-05T13:40:35+00:00","mainEntityOfPage":{"@id":"https:\/\/elcanillita.info\/press\/2025\/06\/05\/ficha-limpia-pais-socio\/"},"wordCount":381,"publisher":{"@id":"https:\/\/elcanillita.info\/press\/#organization"},"image":{"@id":"https:\/\/elcanillita.info\/press\/2025\/06\/05\/ficha-limpia-pais-socio\/#primaryimage"},"thumbnailUrl":"https:\/\/elcanillita.info\/press\/images\/2025\/06\/fichalimp_20250605.HHH_.png","keywords":["Argentina"],"articleSection":[".",".","Actualidad","Am\u00e9rica del Sur","Argentina","Corrupci\u00f3n","Dolores de La Press","Politica","Sociedad"],"inLanguage":"es-AR"},{"@type":"WebPage","@id":"https:\/\/elcanillita.info\/press\/2025\/06\/05\/ficha-limpia-pais-socio\/","url":"https:\/\/elcanillita.info\/press\/2025\/06\/05\/ficha-limpia-pais-socio\/","name":"Ficha Limpia, pa\u00eds sucio - ElCanillita.Info","isPartOf":{"@id":"https:\/\/elcanillita.info\/press\/#website"},"primaryImageOfPage":{"@id":"https:\/\/elcanillita.info\/press\/2025\/06\/05\/ficha-limpia-pais-socio\/#primaryimage"},"image":{"@id":"https:\/\/elcanillita.info\/press\/2025\/06\/05\/ficha-limpia-pais-socio\/#primaryimage"},"thumbnailUrl":"https:\/\/elcanillita.info\/press\/images\/2025\/06\/fichalimp_20250605.HHH_.png","datePublished":"2025-06-05T13:16:44+00:00","dateModified":"2025-06-05T13:40:35+00:00","inLanguage":"es-AR","potentialAction":[{"@type":"ReadAction","target":["https:\/\/elcanillita.info\/press\/2025\/06\/05\/ficha-limpia-pais-socio\/"]}]},{"@type":"ImageObject","inLanguage":"es-AR","@id":"https:\/\/elcanillita.info\/press\/2025\/06\/05\/ficha-limpia-pais-socio\/#primaryimage","url":"https:\/\/elcanillita.info\/press\/images\/2025\/06\/fichalimp_20250605.HHH_.png","contentUrl":"https:\/\/elcanillita.info\/press\/images\/2025\/06\/fichalimp_20250605.HHH_.png","width":450,"height":300},{"@type":"WebSite","@id":"https:\/\/elcanillita.info\/press\/#website","url":"https:\/\/elcanillita.info\/press\/","name":"ElCanillita.Info","description":"desde los Apeninos a los Andes","publisher":{"@id":"https:\/\/elcanillita.info\/press\/#organization"},"potentialAction":[{"@type":"SearchAction","target":{"@type":"EntryPoint","urlTemplate":"https:\/\/elcanillita.info\/press\/?s={search_term_string}"},"query-input":{"@type":"PropertyValueSpecification","valueRequired":true,"valueName":"search_term_string"}}],"inLanguage":"es-AR"},{"@type":"Organization","@id":"https:\/\/elcanillita.info\/press\/#organization","name":"Guzzo Photos & Graphic Publications","url":"https:\/\/elcanillita.info\/press\/","logo":{"@type":"ImageObject","inLanguage":"es-AR","@id":"https:\/\/elcanillita.info\/press\/#\/schema\/logo\/image\/","url":"https:\/\/elcanillita.info\/press\/images\/2020\/01\/cropped-cropped-cropped-elcanillitainfo.png","contentUrl":"https:\/\/elcanillita.info\/press\/images\/2020\/01\/cropped-cropped-cropped-elcanillitainfo.png","width":460,"height":50,"caption":"Guzzo Photos & Graphic Publications"},"image":{"@id":"https:\/\/elcanillita.info\/press\/#\/schema\/logo\/image\/"},"sameAs":["https:\/\/ar-ar.facebook.com\/ElCanillitainfo-114249515285712\/"]},{"@type":"Person","@id":"https:\/\/elcanillita.info\/press\/#\/schema\/person\/7fcb79f38045700919f7da6d97e71ba0","name":"SalaStampa.eu, world press service","image":{"@type":"ImageObject","inLanguage":"es-AR","@id":"https:\/\/secure.gravatar.com\/avatar\/c2f0e0d515a107624234994507816ca4724c7199cef73fc8bedebf6931d73888?s=96&d=mm&r=g","url":"https:\/\/secure.gravatar.com\/avatar\/c2f0e0d515a107624234994507816ca4724c7199cef73fc8bedebf6931d73888?s=96&d=mm&r=g","contentUrl":"https:\/\/secure.gravatar.com\/avatar\/c2f0e0d515a107624234994507816ca4724c7199cef73fc8bedebf6931d73888?s=96&d=mm&r=g","caption":"SalaStampa.eu, world press service"}}]}},"views":162,"_links":{"self":[{"href":"https:\/\/elcanillita.info\/press\/wp-json\/wp\/v2\/posts\/4750","targetHints":{"allow":["GET"]}}],"collection":[{"href":"https:\/\/elcanillita.info\/press\/wp-json\/wp\/v2\/posts"}],"about":[{"href":"https:\/\/elcanillita.info\/press\/wp-json\/wp\/v2\/types\/post"}],"author":[{"embeddable":true,"href":"https:\/\/elcanillita.info\/press\/wp-json\/wp\/v2\/users\/1"}],"replies":[{"embeddable":true,"href":"https:\/\/elcanillita.info\/press\/wp-json\/wp\/v2\/comments?post=4750"}],"version-history":[{"count":0,"href":"https:\/\/elcanillita.info\/press\/wp-json\/wp\/v2\/posts\/4750\/revisions"}],"wp:featuredmedia":[{"embeddable":true,"href":"https:\/\/elcanillita.info\/press\/wp-json\/wp\/v2\/media\/4751"}],"wp:attachment":[{"href":"https:\/\/elcanillita.info\/press\/wp-json\/wp\/v2\/media?parent=4750"}],"wp:term":[{"taxonomy":"category","embeddable":true,"href":"https:\/\/elcanillita.info\/press\/wp-json\/wp\/v2\/categories?post=4750"},{"taxonomy":"post_tag","embeddable":true,"href":"https:\/\/elcanillita.info\/press\/wp-json\/wp\/v2\/tags?post=4750"}],"curies":[{"name":"wp","href":"https:\/\/api.w.org\/{rel}","templated":true}]}}