{"id":4742,"date":"2025-06-03T17:13:06","date_gmt":"2025-06-03T20:13:06","guid":{"rendered":"https:\/\/elcanillita.info\/press\/?p=4742"},"modified":"2025-06-03T17:17:34","modified_gmt":"2025-06-03T20:17:34","slug":"3-de-junio-dia-del-soldado-olvidado-argentino","status":"publish","type":"post","link":"https:\/\/elcanillita.info\/press\/2025\/06\/03\/3-de-junio-dia-del-soldado-olvidado-argentino\/","title":{"rendered":"3 DE JUNIO D\u00eda del Soldado (Olvidado) Argentino"},"content":{"rendered":"<div class=\"wp-block-image\">\n<figure class=\"alignleft size-full is-resized\"><img loading=\"lazy\" decoding=\"async\" width=\"400\" height=\"400\" src=\"https:\/\/elcanillita.info\/press\/images\/2025\/06\/soldados-olvidados.jpg\" alt=\"\" class=\"wp-image-4743\" style=\"width:291px;height:auto\" srcset=\"https:\/\/elcanillita.info\/press\/images\/2025\/06\/soldados-olvidados.jpg 400w, https:\/\/elcanillita.info\/press\/images\/2025\/06\/soldados-olvidados-300x300.jpg 300w, https:\/\/elcanillita.info\/press\/images\/2025\/06\/soldados-olvidados-150x150.jpg 150w\" sizes=\"auto, (max-width: 400px) 100vw, 400px\" \/><\/figure>\n<\/div>\n\n\n<p><strong>ElCanillita.info<\/strong><br>Argentina, 03\/06\/2025<br><em>Por Juan Soldado \u2013 Especial para ElCanillita.info<\/em><br><br>El 3 de junio conmemoramos el natalicio de Manuel Belgrano, pr\u00f3cer de toga y sable, impulsor de la educaci\u00f3n, creador de la bandera y, seg\u00fan la versi\u00f3n oficial, inspiraci\u00f3n para celebrar el D\u00eda del Soldado Argentino. Hasta ah\u00ed, todo bien.<br><br>Pero \u00bfa qu\u00e9 soldado homenajeamos hoy?<br>\u00bfAl que aparece en los manuales de primaria, impecable y de perfil? \u00bfAl del desfile, con uniforme y banda de m\u00fasica?<br>\u00bfO al que hoy duerme en una celda preventiva desde hace una d\u00e9cada sin condena ni juicio?<br>\u00bfO al que combati\u00f3 en Malvinas y hoy camina con la pensi\u00f3n congelada y la mirada clavada en el suelo?<\/p>\n\n\n\n<p>Pregunt\u00e9moslo de otro modo:<br>\u00bfSe sentir\u00eda orgulloso Belgrano de ver c\u00f3mo se trata hoy a sus herederos?<\/p>\n\n\n\n<p>No hablamos de h\u00e9roes mitol\u00f3gicos ni de m\u00e1rtires esculpidos en bronce. Hablamos de hombres de carne y hueso.<br>De aquellos que juraron defender la patria con el cuerpo, mientras otros se la rifaban desde despachos bien calefaccionados.<br>Soldados que, cuando ya no sirven para propaganda, pasan a la galer\u00eda de los prescindibles.<\/p>\n\n\n\n<p>Y mientras tanto, desde un sill\u00f3n con escudo nacional y mo\u00f1o violeta, una secretaria devenida vice reemplazante balbucea lo que le dictan \u2014con tono de &#8220;amiga de todos&#8221; y pr\u00e1cticas heredadas del patio del colegio\u2014, ignorando que hay soldados vivos, con causas judiciales inconclusas, y soldados muertos, con tumbas sin flores.<\/p>\n\n\n\n<p>El soldado argentino no es solo el que empu\u00f1a un fusil. Tambi\u00e9n es el que espera justicia.<br>Y el que, incluso olvidado, sigue parado en posici\u00f3n de firme.<\/p>\n\n\n\n<p><small>\u00a92025 Juan Soldado &#8211; All Rights Reserved &#8211; Copyright \u00a9 2025 ElCanillita.info \/ BlogDiario.info \/ SalaStampa.eu, world press service<br>Guzzo Photos &amp; Graphic Publications \u2013 Registro Editori e Stampatori n. 1441 Torino, Italia<\/small><\/p>\n","protected":false},"excerpt":{"rendered":"<p>El 3 de junio conmemoramos el natalicio de Manuel Belgrano, pr\u00f3cer de toga y sable, impulsor de la educaci\u00f3n, creador de la bandera.<\/p>\n","protected":false},"author":1,"featured_media":4748,"comment_status":"closed","ping_status":"closed","sticky":false,"template":"","format":"standard","meta":{"footnotes":"","_links_to":"","_links_to_target":""},"categories":[108,121,70,123,19,126,23,25],"tags":[],"class_list":["post-4742","post","type-post","status-publish","format-standard","has-post-thumbnail","hentry","category-blogdiario","category-dc24","category-actualidad","category-argentina","category-cultura","category-dolores-de-la-press","category-politica","category-sociedad","entry","double"],"yoast_head":"<!-- This site is optimized with the Yoast SEO plugin v27.4 - https:\/\/yoast.com\/product\/yoast-seo-wordpress\/ -->\n<title>3 DE JUNIO D\u00eda del Soldado (Olvidado) Argentino - ElCanillita.Info<\/title>\n<meta name=\"robots\" content=\"index, follow, max-snippet:-1, max-image-preview:large, max-video-preview:-1\" \/>\n<link rel=\"canonical\" href=\"https:\/\/elcanillita.info\/press\/2025\/06\/03\/3-de-junio-dia-del-soldado-olvidado-argentino\/\" \/>\n<meta property=\"og:locale\" content=\"es_ES\" \/>\n<meta property=\"og:type\" content=\"article\" \/>\n<meta property=\"og:title\" content=\"3 DE JUNIO D\u00eda del Soldado (Olvidado) Argentino - ElCanillita.Info\" \/>\n<meta property=\"og:description\" content=\"El 3 de junio conmemoramos el natalicio de Manuel Belgrano, pr\u00f3cer de toga y sable, impulsor de la educaci\u00f3n, creador de la bandera.\" \/>\n<meta property=\"og:url\" content=\"https:\/\/elcanillita.info\/press\/2025\/06\/03\/3-de-junio-dia-del-soldado-olvidado-argentino\/\" \/>\n<meta property=\"og:site_name\" content=\"ElCanillita.Info\" \/>\n<meta property=\"article:publisher\" content=\"https:\/\/ar-ar.facebook.com\/ElCanillitainfo-114249515285712\/\" \/>\n<meta property=\"article:published_time\" content=\"2025-06-03T20:13:06+00:00\" \/>\n<meta property=\"article:modified_time\" content=\"2025-06-03T20:17:34+00:00\" \/>\n<meta property=\"og:image\" content=\"https:\/\/elcanillita.info\/press\/images\/2025\/06\/soldados-olvidadostapa.jpg\" \/>\n\t<meta property=\"og:image:width\" content=\"250\" \/>\n\t<meta property=\"og:image:height\" content=\"250\" \/>\n\t<meta property=\"og:image:type\" content=\"image\/jpeg\" \/>\n<meta name=\"author\" content=\"SalaStampa.eu, world press service\" \/>\n<meta name=\"twitter:card\" content=\"summary_large_image\" \/>\n<meta name=\"twitter:label1\" content=\"Escrito por\" \/>\n\t<meta name=\"twitter:data1\" content=\"SalaStampa.eu, world press service\" \/>\n\t<meta name=\"twitter:label2\" content=\"Tiempo de lectura\" \/>\n\t<meta name=\"twitter:data2\" content=\"2 minutos\" \/>\n<script type=\"application\/ld+json\" class=\"yoast-schema-graph\">{\"@context\":\"https:\\\/\\\/schema.org\",\"@graph\":[{\"@type\":\"Article\",\"@id\":\"https:\\\/\\\/elcanillita.info\\\/press\\\/2025\\\/06\\\/03\\\/3-de-junio-dia-del-soldado-olvidado-argentino\\\/#article\",\"isPartOf\":{\"@id\":\"https:\\\/\\\/elcanillita.info\\\/press\\\/2025\\\/06\\\/03\\\/3-de-junio-dia-del-soldado-olvidado-argentino\\\/\"},\"author\":{\"name\":\"SalaStampa.eu, world press service\",\"@id\":\"https:\\\/\\\/elcanillita.info\\\/press\\\/#\\\/schema\\\/person\\\/7fcb79f38045700919f7da6d97e71ba0\"},\"headline\":\"3 DE JUNIO D\u00eda del Soldado (Olvidado) Argentino\",\"datePublished\":\"2025-06-03T20:13:06+00:00\",\"dateModified\":\"2025-06-03T20:17:34+00:00\",\"mainEntityOfPage\":{\"@id\":\"https:\\\/\\\/elcanillita.info\\\/press\\\/2025\\\/06\\\/03\\\/3-de-junio-dia-del-soldado-olvidado-argentino\\\/\"},\"wordCount\":319,\"publisher\":{\"@id\":\"https:\\\/\\\/elcanillita.info\\\/press\\\/#organization\"},\"image\":{\"@id\":\"https:\\\/\\\/elcanillita.info\\\/press\\\/2025\\\/06\\\/03\\\/3-de-junio-dia-del-soldado-olvidado-argentino\\\/#primaryimage\"},\"thumbnailUrl\":\"https:\\\/\\\/elcanillita.info\\\/press\\\/images\\\/2025\\\/06\\\/soldados-olvidadostapa.jpg\",\"articleSection\":[\".\",\".\",\"Actualidad\",\"Argentina\",\"Cultura\",\"Dolores de La Press\",\"Politica\",\"Sociedad\"],\"inLanguage\":\"es-AR\"},{\"@type\":\"WebPage\",\"@id\":\"https:\\\/\\\/elcanillita.info\\\/press\\\/2025\\\/06\\\/03\\\/3-de-junio-dia-del-soldado-olvidado-argentino\\\/\",\"url\":\"https:\\\/\\\/elcanillita.info\\\/press\\\/2025\\\/06\\\/03\\\/3-de-junio-dia-del-soldado-olvidado-argentino\\\/\",\"name\":\"3 DE JUNIO D\u00eda del Soldado (Olvidado) Argentino - ElCanillita.Info\",\"isPartOf\":{\"@id\":\"https:\\\/\\\/elcanillita.info\\\/press\\\/#website\"},\"primaryImageOfPage\":{\"@id\":\"https:\\\/\\\/elcanillita.info\\\/press\\\/2025\\\/06\\\/03\\\/3-de-junio-dia-del-soldado-olvidado-argentino\\\/#primaryimage\"},\"image\":{\"@id\":\"https:\\\/\\\/elcanillita.info\\\/press\\\/2025\\\/06\\\/03\\\/3-de-junio-dia-del-soldado-olvidado-argentino\\\/#primaryimage\"},\"thumbnailUrl\":\"https:\\\/\\\/elcanillita.info\\\/press\\\/images\\\/2025\\\/06\\\/soldados-olvidadostapa.jpg\",\"datePublished\":\"2025-06-03T20:13:06+00:00\",\"dateModified\":\"2025-06-03T20:17:34+00:00\",\"inLanguage\":\"es-AR\",\"potentialAction\":[{\"@type\":\"ReadAction\",\"target\":[\"https:\\\/\\\/elcanillita.info\\\/press\\\/2025\\\/06\\\/03\\\/3-de-junio-dia-del-soldado-olvidado-argentino\\\/\"]}]},{\"@type\":\"ImageObject\",\"inLanguage\":\"es-AR\",\"@id\":\"https:\\\/\\\/elcanillita.info\\\/press\\\/2025\\\/06\\\/03\\\/3-de-junio-dia-del-soldado-olvidado-argentino\\\/#primaryimage\",\"url\":\"https:\\\/\\\/elcanillita.info\\\/press\\\/images\\\/2025\\\/06\\\/soldados-olvidadostapa.jpg\",\"contentUrl\":\"https:\\\/\\\/elcanillita.info\\\/press\\\/images\\\/2025\\\/06\\\/soldados-olvidadostapa.jpg\",\"width\":250,\"height\":250},{\"@type\":\"WebSite\",\"@id\":\"https:\\\/\\\/elcanillita.info\\\/press\\\/#website\",\"url\":\"https:\\\/\\\/elcanillita.info\\\/press\\\/\",\"name\":\"ElCanillita.Info\",\"description\":\"desde los Apeninos a los Andes\",\"publisher\":{\"@id\":\"https:\\\/\\\/elcanillita.info\\\/press\\\/#organization\"},\"potentialAction\":[{\"@type\":\"SearchAction\",\"target\":{\"@type\":\"EntryPoint\",\"urlTemplate\":\"https:\\\/\\\/elcanillita.info\\\/press\\\/?s={search_term_string}\"},\"query-input\":{\"@type\":\"PropertyValueSpecification\",\"valueRequired\":true,\"valueName\":\"search_term_string\"}}],\"inLanguage\":\"es-AR\"},{\"@type\":\"Organization\",\"@id\":\"https:\\\/\\\/elcanillita.info\\\/press\\\/#organization\",\"name\":\"Guzzo Photos & Graphic Publications\",\"url\":\"https:\\\/\\\/elcanillita.info\\\/press\\\/\",\"logo\":{\"@type\":\"ImageObject\",\"inLanguage\":\"es-AR\",\"@id\":\"https:\\\/\\\/elcanillita.info\\\/press\\\/#\\\/schema\\\/logo\\\/image\\\/\",\"url\":\"https:\\\/\\\/elcanillita.info\\\/press\\\/images\\\/2020\\\/01\\\/cropped-cropped-cropped-elcanillitainfo.png\",\"contentUrl\":\"https:\\\/\\\/elcanillita.info\\\/press\\\/images\\\/2020\\\/01\\\/cropped-cropped-cropped-elcanillitainfo.png\",\"width\":460,\"height\":50,\"caption\":\"Guzzo Photos & Graphic Publications\"},\"image\":{\"@id\":\"https:\\\/\\\/elcanillita.info\\\/press\\\/#\\\/schema\\\/logo\\\/image\\\/\"},\"sameAs\":[\"https:\\\/\\\/ar-ar.facebook.com\\\/ElCanillitainfo-114249515285712\\\/\"]},{\"@type\":\"Person\",\"@id\":\"https:\\\/\\\/elcanillita.info\\\/press\\\/#\\\/schema\\\/person\\\/7fcb79f38045700919f7da6d97e71ba0\",\"name\":\"SalaStampa.eu, world press service\",\"image\":{\"@type\":\"ImageObject\",\"inLanguage\":\"es-AR\",\"@id\":\"https:\\\/\\\/secure.gravatar.com\\\/avatar\\\/c2f0e0d515a107624234994507816ca4724c7199cef73fc8bedebf6931d73888?s=96&d=mm&r=g\",\"url\":\"https:\\\/\\\/secure.gravatar.com\\\/avatar\\\/c2f0e0d515a107624234994507816ca4724c7199cef73fc8bedebf6931d73888?s=96&d=mm&r=g\",\"contentUrl\":\"https:\\\/\\\/secure.gravatar.com\\\/avatar\\\/c2f0e0d515a107624234994507816ca4724c7199cef73fc8bedebf6931d73888?s=96&d=mm&r=g\",\"caption\":\"SalaStampa.eu, world press service\"}}]}<\/script>\n<!-- \/ Yoast SEO plugin. -->","yoast_head_json":{"title":"3 DE JUNIO D\u00eda del Soldado (Olvidado) Argentino - ElCanillita.Info","robots":{"index":"index","follow":"follow","max-snippet":"max-snippet:-1","max-image-preview":"max-image-preview:large","max-video-preview":"max-video-preview:-1"},"canonical":"https:\/\/elcanillita.info\/press\/2025\/06\/03\/3-de-junio-dia-del-soldado-olvidado-argentino\/","og_locale":"es_ES","og_type":"article","og_title":"3 DE JUNIO D\u00eda del Soldado (Olvidado) Argentino - ElCanillita.Info","og_description":"El 3 de junio conmemoramos el natalicio de Manuel Belgrano, pr\u00f3cer de toga y sable, impulsor de la educaci\u00f3n, creador de la bandera.","og_url":"https:\/\/elcanillita.info\/press\/2025\/06\/03\/3-de-junio-dia-del-soldado-olvidado-argentino\/","og_site_name":"ElCanillita.Info","article_publisher":"https:\/\/ar-ar.facebook.com\/ElCanillitainfo-114249515285712\/","article_published_time":"2025-06-03T20:13:06+00:00","article_modified_time":"2025-06-03T20:17:34+00:00","og_image":[{"width":250,"height":250,"url":"https:\/\/elcanillita.info\/press\/images\/2025\/06\/soldados-olvidadostapa.jpg","type":"image\/jpeg"}],"author":"SalaStampa.eu, world press service","twitter_card":"summary_large_image","twitter_misc":{"Escrito por":"SalaStampa.eu, world press service","Tiempo de lectura":"2 minutos"},"schema":{"@context":"https:\/\/schema.org","@graph":[{"@type":"Article","@id":"https:\/\/elcanillita.info\/press\/2025\/06\/03\/3-de-junio-dia-del-soldado-olvidado-argentino\/#article","isPartOf":{"@id":"https:\/\/elcanillita.info\/press\/2025\/06\/03\/3-de-junio-dia-del-soldado-olvidado-argentino\/"},"author":{"name":"SalaStampa.eu, world press service","@id":"https:\/\/elcanillita.info\/press\/#\/schema\/person\/7fcb79f38045700919f7da6d97e71ba0"},"headline":"3 DE JUNIO D\u00eda del Soldado (Olvidado) Argentino","datePublished":"2025-06-03T20:13:06+00:00","dateModified":"2025-06-03T20:17:34+00:00","mainEntityOfPage":{"@id":"https:\/\/elcanillita.info\/press\/2025\/06\/03\/3-de-junio-dia-del-soldado-olvidado-argentino\/"},"wordCount":319,"publisher":{"@id":"https:\/\/elcanillita.info\/press\/#organization"},"image":{"@id":"https:\/\/elcanillita.info\/press\/2025\/06\/03\/3-de-junio-dia-del-soldado-olvidado-argentino\/#primaryimage"},"thumbnailUrl":"https:\/\/elcanillita.info\/press\/images\/2025\/06\/soldados-olvidadostapa.jpg","articleSection":[".",".","Actualidad","Argentina","Cultura","Dolores de La Press","Politica","Sociedad"],"inLanguage":"es-AR"},{"@type":"WebPage","@id":"https:\/\/elcanillita.info\/press\/2025\/06\/03\/3-de-junio-dia-del-soldado-olvidado-argentino\/","url":"https:\/\/elcanillita.info\/press\/2025\/06\/03\/3-de-junio-dia-del-soldado-olvidado-argentino\/","name":"3 DE JUNIO D\u00eda del Soldado (Olvidado) Argentino - ElCanillita.Info","isPartOf":{"@id":"https:\/\/elcanillita.info\/press\/#website"},"primaryImageOfPage":{"@id":"https:\/\/elcanillita.info\/press\/2025\/06\/03\/3-de-junio-dia-del-soldado-olvidado-argentino\/#primaryimage"},"image":{"@id":"https:\/\/elcanillita.info\/press\/2025\/06\/03\/3-de-junio-dia-del-soldado-olvidado-argentino\/#primaryimage"},"thumbnailUrl":"https:\/\/elcanillita.info\/press\/images\/2025\/06\/soldados-olvidadostapa.jpg","datePublished":"2025-06-03T20:13:06+00:00","dateModified":"2025-06-03T20:17:34+00:00","inLanguage":"es-AR","potentialAction":[{"@type":"ReadAction","target":["https:\/\/elcanillita.info\/press\/2025\/06\/03\/3-de-junio-dia-del-soldado-olvidado-argentino\/"]}]},{"@type":"ImageObject","inLanguage":"es-AR","@id":"https:\/\/elcanillita.info\/press\/2025\/06\/03\/3-de-junio-dia-del-soldado-olvidado-argentino\/#primaryimage","url":"https:\/\/elcanillita.info\/press\/images\/2025\/06\/soldados-olvidadostapa.jpg","contentUrl":"https:\/\/elcanillita.info\/press\/images\/2025\/06\/soldados-olvidadostapa.jpg","width":250,"height":250},{"@type":"WebSite","@id":"https:\/\/elcanillita.info\/press\/#website","url":"https:\/\/elcanillita.info\/press\/","name":"ElCanillita.Info","description":"desde los Apeninos a los Andes","publisher":{"@id":"https:\/\/elcanillita.info\/press\/#organization"},"potentialAction":[{"@type":"SearchAction","target":{"@type":"EntryPoint","urlTemplate":"https:\/\/elcanillita.info\/press\/?s={search_term_string}"},"query-input":{"@type":"PropertyValueSpecification","valueRequired":true,"valueName":"search_term_string"}}],"inLanguage":"es-AR"},{"@type":"Organization","@id":"https:\/\/elcanillita.info\/press\/#organization","name":"Guzzo Photos & Graphic Publications","url":"https:\/\/elcanillita.info\/press\/","logo":{"@type":"ImageObject","inLanguage":"es-AR","@id":"https:\/\/elcanillita.info\/press\/#\/schema\/logo\/image\/","url":"https:\/\/elcanillita.info\/press\/images\/2020\/01\/cropped-cropped-cropped-elcanillitainfo.png","contentUrl":"https:\/\/elcanillita.info\/press\/images\/2020\/01\/cropped-cropped-cropped-elcanillitainfo.png","width":460,"height":50,"caption":"Guzzo Photos & Graphic Publications"},"image":{"@id":"https:\/\/elcanillita.info\/press\/#\/schema\/logo\/image\/"},"sameAs":["https:\/\/ar-ar.facebook.com\/ElCanillitainfo-114249515285712\/"]},{"@type":"Person","@id":"https:\/\/elcanillita.info\/press\/#\/schema\/person\/7fcb79f38045700919f7da6d97e71ba0","name":"SalaStampa.eu, world press service","image":{"@type":"ImageObject","inLanguage":"es-AR","@id":"https:\/\/secure.gravatar.com\/avatar\/c2f0e0d515a107624234994507816ca4724c7199cef73fc8bedebf6931d73888?s=96&d=mm&r=g","url":"https:\/\/secure.gravatar.com\/avatar\/c2f0e0d515a107624234994507816ca4724c7199cef73fc8bedebf6931d73888?s=96&d=mm&r=g","contentUrl":"https:\/\/secure.gravatar.com\/avatar\/c2f0e0d515a107624234994507816ca4724c7199cef73fc8bedebf6931d73888?s=96&d=mm&r=g","caption":"SalaStampa.eu, world press service"}}]}},"views":179,"_links":{"self":[{"href":"https:\/\/elcanillita.info\/press\/wp-json\/wp\/v2\/posts\/4742","targetHints":{"allow":["GET"]}}],"collection":[{"href":"https:\/\/elcanillita.info\/press\/wp-json\/wp\/v2\/posts"}],"about":[{"href":"https:\/\/elcanillita.info\/press\/wp-json\/wp\/v2\/types\/post"}],"author":[{"embeddable":true,"href":"https:\/\/elcanillita.info\/press\/wp-json\/wp\/v2\/users\/1"}],"replies":[{"embeddable":true,"href":"https:\/\/elcanillita.info\/press\/wp-json\/wp\/v2\/comments?post=4742"}],"version-history":[{"count":0,"href":"https:\/\/elcanillita.info\/press\/wp-json\/wp\/v2\/posts\/4742\/revisions"}],"wp:featuredmedia":[{"embeddable":true,"href":"https:\/\/elcanillita.info\/press\/wp-json\/wp\/v2\/media\/4748"}],"wp:attachment":[{"href":"https:\/\/elcanillita.info\/press\/wp-json\/wp\/v2\/media?parent=4742"}],"wp:term":[{"taxonomy":"category","embeddable":true,"href":"https:\/\/elcanillita.info\/press\/wp-json\/wp\/v2\/categories?post=4742"},{"taxonomy":"post_tag","embeddable":true,"href":"https:\/\/elcanillita.info\/press\/wp-json\/wp\/v2\/tags?post=4742"}],"curies":[{"name":"wp","href":"https:\/\/api.w.org\/{rel}","templated":true}]}}