{"id":4736,"date":"2025-06-03T06:32:01","date_gmt":"2025-06-03T09:32:01","guid":{"rendered":"https:\/\/elcanillita.info\/press\/?p=4736"},"modified":"2025-06-03T06:34:26","modified_gmt":"2025-06-03T09:34:26","slug":"perdonalos-senor-porque-saben-muy-bien-lo-que-hacen","status":"publish","type":"post","link":"https:\/\/elcanillita.info\/press\/2025\/06\/03\/perdonalos-senor-porque-saben-muy-bien-lo-que-hacen\/","title":{"rendered":"Perd\u00f3nalos, Se\u00f1or\u2026 porque saben muy bien lo que hacen"},"content":{"rendered":"<div class=\"wp-block-image\">\n<figure class=\"alignleft size-full is-resized\"><img loading=\"lazy\" decoding=\"async\" width=\"400\" height=\"600\" src=\"https:\/\/elcanillita.info\/press\/images\/2025\/06\/papaleon_20250603.png\" alt=\"\" class=\"wp-image-4737\" style=\"width:343px;height:auto\" srcset=\"https:\/\/elcanillita.info\/press\/images\/2025\/06\/papaleon_20250603.png 400w, https:\/\/elcanillita.info\/press\/images\/2025\/06\/papaleon_20250603-200x300.png 200w\" sizes=\"auto, (max-width: 400px) 100vw, 400px\" \/><\/figure>\n<\/div>\n\n\n<p><strong>ElCanillita.info<\/strong><br>Globus, 03\/06\/2025<\/p>\n\n\n\n<p><em>Don Click al Bal\u00f4n \u2014 Especial para ElCanillita.info<\/em><br>En pleno siglo XXI, mientras algunos rezan por los pobres y otros por los perros, ha surgido una nueva cofrad\u00eda de fieles devotos: los Piratas Telem\u00e1ticos de la Desinformaci\u00f3n. No son pescadores de almas, sino hackers de la ansiedad. No predican en templos, sino desde perfiles falsos con nombres impronunciables y enlaces apocal\u00edpticos.<\/p>\n\n\n\n<p>Y como dir\u00eda Su Santidad el Papa Le\u00f3n, con esa seriedad de m\u00e1rmol que tanto nos conmueve:<br><em>\u201cPerd\u00f3nalos, Se\u00f1or\u2026 porque saben perfectamente lo que hacen. Y adem\u00e1s, lo hacen en HD.\u201d<\/em><br>Amanec\u00e9s un martes con olor a facturas y esperanza, y de golpe:<br><br>\ud83d\udd14 \u201c\u00a1Corte mundial de luz! \u00a1Desenchuf\u00e1 la heladera! \u00a1Guard\u00e1 los fideos en la ba\u00f1era!\u201d<\/p>\n\n\n\n<p>Le das clic \u2014por las dudas, porque sos buena gente\u2014 y ca\u00e9s en un post de Facebook que huele m\u00e1s a trampa que a confesionario. Te invade la duda:<br>\u00bfSer\u00e1 cierto? \u00bfTendremos apag\u00f3n total o es otra pel\u00edcula de Mel Gibson?<\/p>\n\n\n\n<p><strong>Spoiler: no hay apag\u00f3n. Hay solo p\u00e1nico precocido.<\/strong><\/p>\n\n\n\n<p>Y ah\u00ed, en la oscuridad del navegador, aparece el Evangelio Ap\u00f3crifo seg\u00fan Zuckerberg:<\/p>\n\n\n\n<p><strong>\u201cCompartan antes que lo borren. Esto lo dijeron en la base militar de mi primo, que trabaja en algo confidencial que no puede decir.\u201d<\/strong><\/p>\n\n\n\n<p>\ud83c\udfad Porque as\u00ed son nuestros nuevos pastores del caos: disfrazados de vecinos atentos, con emojis de alerta y fotitos robadas de alguna central el\u00e9ctrica de Kazajist\u00e1n.<br><br>\u00bfY qu\u00e9 hacemos nosotros, humildes escribas de la vereda?<br>Levantamos esta oraci\u00f3n laica:<br><em>&#8216;Oh, Pirata Telem\u00e1tico,<br>que navegas los mares del clickbait,<br>danos hoy nuestro susto de cada d\u00eda,<br>y l\u00edbranos de tu enlace infectado.<br>Am\u00e9n y Ctrl+Z.<br><\/em><br>Porque s\u00ed, estimado lector:<br>Los piratas de antes te robaban el oro.<br>Los de hoy, te roban el WiFi, la fe en la humanidad y el deseo de seguir pagando impuestos.<br><br><strong>Conclusi\u00f3n para los n\u00e1ufragos del sentido com\u00fan:<\/strong><\/p>\n\n\n\n<ul class=\"wp-block-list\">\n<li>No abr\u00e1s lo que no sab\u00e9s.<\/li>\n\n\n\n<li>No compartas lo que no entend\u00e9s.<\/li>\n\n\n\n<li>Y si un mensaje dice que se va a cortar todo\u2026<br>respir\u00e1 hondo, desenchuf\u00e1 el miedo, y conectate con la realidad.<\/li>\n<\/ul>\n\n\n\n<p>Que para cortar la luz, ya tenemos la factura impaga.<br>Pero la dignidad, a\u00fan no nos la cortaron.<br>Y si lo intentan, al menos nos queda el sarcasmo.<\/p>\n\n\n\n<p><small>\u00a92025 Don Click al Bal\u00f4n, el cura del vintage che fotograf\u00eda solo aquello que tiene 50 a\u00f1os<br>Copyright \u00a9 2025 BlogDiario.info \/ SalaStampa.eu, world press service &#8211; All Rights Reserved<br>Guzzo Photos &amp; Graphic Publications \u2013 Registro Editori e Stampatori n. 1441 Torino, Italia<\/small><\/p>\n","protected":false},"excerpt":{"rendered":"<p> Piratas Telem\u00e1ticos de la Desinformaci\u00f3n<\/p>\n","protected":false},"author":1,"featured_media":4740,"comment_status":"closed","ping_status":"closed","sticky":false,"template":"","format":"standard","meta":{"footnotes":"","_links_to":"","_links_to_target":""},"categories":[121,108,70,11,19,126,112,25],"tags":[],"class_list":["post-4736","post","type-post","status-publish","format-standard","has-post-thumbnail","hentry","category-dc24","category-blogdiario","category-actualidad","category-america-del-sur","category-cultura","category-dolores-de-la-press","category-quien-es-quien","category-sociedad","entry","double"],"yoast_head":"<!-- This site is optimized with the Yoast SEO plugin v27.4 - https:\/\/yoast.com\/product\/yoast-seo-wordpress\/ -->\n<title>Perd\u00f3nalos, Se\u00f1or\u2026 porque saben muy bien lo que hacen - ElCanillita.Info<\/title>\n<meta name=\"robots\" content=\"index, follow, max-snippet:-1, max-image-preview:large, max-video-preview:-1\" \/>\n<link rel=\"canonical\" href=\"https:\/\/elcanillita.info\/press\/2025\/06\/03\/perdonalos-senor-porque-saben-muy-bien-lo-que-hacen\/\" \/>\n<meta property=\"og:locale\" content=\"es_ES\" \/>\n<meta property=\"og:type\" content=\"article\" \/>\n<meta property=\"og:title\" content=\"Perd\u00f3nalos, Se\u00f1or\u2026 porque saben muy bien lo que hacen - ElCanillita.Info\" \/>\n<meta property=\"og:description\" content=\"Piratas Telem\u00e1ticos de la Desinformaci\u00f3n\" \/>\n<meta property=\"og:url\" content=\"https:\/\/elcanillita.info\/press\/2025\/06\/03\/perdonalos-senor-porque-saben-muy-bien-lo-que-hacen\/\" \/>\n<meta property=\"og:site_name\" content=\"ElCanillita.Info\" \/>\n<meta property=\"article:publisher\" content=\"https:\/\/ar-ar.facebook.com\/ElCanillitainfo-114249515285712\/\" \/>\n<meta property=\"article:published_time\" content=\"2025-06-03T09:32:01+00:00\" \/>\n<meta property=\"article:modified_time\" content=\"2025-06-03T09:34:26+00:00\" \/>\n<meta property=\"og:image\" content=\"https:\/\/elcanillita.info\/press\/images\/2025\/06\/papaleon_20250603.HCOVER.png\" \/>\n\t<meta property=\"og:image:width\" content=\"350\" \/>\n\t<meta property=\"og:image:height\" content=\"234\" \/>\n\t<meta property=\"og:image:type\" content=\"image\/png\" \/>\n<meta name=\"author\" content=\"SalaStampa.eu, world press service\" \/>\n<meta name=\"twitter:card\" content=\"summary_large_image\" \/>\n<meta name=\"twitter:label1\" content=\"Escrito por\" \/>\n\t<meta name=\"twitter:data1\" content=\"SalaStampa.eu, world press service\" \/>\n\t<meta name=\"twitter:label2\" content=\"Tiempo de lectura\" \/>\n\t<meta name=\"twitter:data2\" content=\"3 minutos\" \/>\n<script type=\"application\/ld+json\" class=\"yoast-schema-graph\">{\"@context\":\"https:\\\/\\\/schema.org\",\"@graph\":[{\"@type\":\"Article\",\"@id\":\"https:\\\/\\\/elcanillita.info\\\/press\\\/2025\\\/06\\\/03\\\/perdonalos-senor-porque-saben-muy-bien-lo-que-hacen\\\/#article\",\"isPartOf\":{\"@id\":\"https:\\\/\\\/elcanillita.info\\\/press\\\/2025\\\/06\\\/03\\\/perdonalos-senor-porque-saben-muy-bien-lo-que-hacen\\\/\"},\"author\":{\"name\":\"SalaStampa.eu, world press service\",\"@id\":\"https:\\\/\\\/elcanillita.info\\\/press\\\/#\\\/schema\\\/person\\\/7fcb79f38045700919f7da6d97e71ba0\"},\"headline\":\"Perd\u00f3nalos, Se\u00f1or\u2026 porque saben muy bien lo que hacen\",\"datePublished\":\"2025-06-03T09:32:01+00:00\",\"dateModified\":\"2025-06-03T09:34:26+00:00\",\"mainEntityOfPage\":{\"@id\":\"https:\\\/\\\/elcanillita.info\\\/press\\\/2025\\\/06\\\/03\\\/perdonalos-senor-porque-saben-muy-bien-lo-que-hacen\\\/\"},\"wordCount\":455,\"publisher\":{\"@id\":\"https:\\\/\\\/elcanillita.info\\\/press\\\/#organization\"},\"image\":{\"@id\":\"https:\\\/\\\/elcanillita.info\\\/press\\\/2025\\\/06\\\/03\\\/perdonalos-senor-porque-saben-muy-bien-lo-que-hacen\\\/#primaryimage\"},\"thumbnailUrl\":\"https:\\\/\\\/elcanillita.info\\\/press\\\/images\\\/2025\\\/06\\\/papaleon_20250603.HCOVER.png\",\"articleSection\":[\".\",\".\",\"Actualidad\",\"Am\u00e9rica del Sur\",\"Cultura\",\"Dolores de La Press\",\"Quien es quien\",\"Sociedad\"],\"inLanguage\":\"es-AR\"},{\"@type\":\"WebPage\",\"@id\":\"https:\\\/\\\/elcanillita.info\\\/press\\\/2025\\\/06\\\/03\\\/perdonalos-senor-porque-saben-muy-bien-lo-que-hacen\\\/\",\"url\":\"https:\\\/\\\/elcanillita.info\\\/press\\\/2025\\\/06\\\/03\\\/perdonalos-senor-porque-saben-muy-bien-lo-que-hacen\\\/\",\"name\":\"Perd\u00f3nalos, Se\u00f1or\u2026 porque saben muy bien lo que hacen - ElCanillita.Info\",\"isPartOf\":{\"@id\":\"https:\\\/\\\/elcanillita.info\\\/press\\\/#website\"},\"primaryImageOfPage\":{\"@id\":\"https:\\\/\\\/elcanillita.info\\\/press\\\/2025\\\/06\\\/03\\\/perdonalos-senor-porque-saben-muy-bien-lo-que-hacen\\\/#primaryimage\"},\"image\":{\"@id\":\"https:\\\/\\\/elcanillita.info\\\/press\\\/2025\\\/06\\\/03\\\/perdonalos-senor-porque-saben-muy-bien-lo-que-hacen\\\/#primaryimage\"},\"thumbnailUrl\":\"https:\\\/\\\/elcanillita.info\\\/press\\\/images\\\/2025\\\/06\\\/papaleon_20250603.HCOVER.png\",\"datePublished\":\"2025-06-03T09:32:01+00:00\",\"dateModified\":\"2025-06-03T09:34:26+00:00\",\"inLanguage\":\"es-AR\",\"potentialAction\":[{\"@type\":\"ReadAction\",\"target\":[\"https:\\\/\\\/elcanillita.info\\\/press\\\/2025\\\/06\\\/03\\\/perdonalos-senor-porque-saben-muy-bien-lo-que-hacen\\\/\"]}]},{\"@type\":\"ImageObject\",\"inLanguage\":\"es-AR\",\"@id\":\"https:\\\/\\\/elcanillita.info\\\/press\\\/2025\\\/06\\\/03\\\/perdonalos-senor-porque-saben-muy-bien-lo-que-hacen\\\/#primaryimage\",\"url\":\"https:\\\/\\\/elcanillita.info\\\/press\\\/images\\\/2025\\\/06\\\/papaleon_20250603.HCOVER.png\",\"contentUrl\":\"https:\\\/\\\/elcanillita.info\\\/press\\\/images\\\/2025\\\/06\\\/papaleon_20250603.HCOVER.png\",\"width\":350,\"height\":234},{\"@type\":\"WebSite\",\"@id\":\"https:\\\/\\\/elcanillita.info\\\/press\\\/#website\",\"url\":\"https:\\\/\\\/elcanillita.info\\\/press\\\/\",\"name\":\"ElCanillita.Info\",\"description\":\"desde los Apeninos a los Andes\",\"publisher\":{\"@id\":\"https:\\\/\\\/elcanillita.info\\\/press\\\/#organization\"},\"potentialAction\":[{\"@type\":\"SearchAction\",\"target\":{\"@type\":\"EntryPoint\",\"urlTemplate\":\"https:\\\/\\\/elcanillita.info\\\/press\\\/?s={search_term_string}\"},\"query-input\":{\"@type\":\"PropertyValueSpecification\",\"valueRequired\":true,\"valueName\":\"search_term_string\"}}],\"inLanguage\":\"es-AR\"},{\"@type\":\"Organization\",\"@id\":\"https:\\\/\\\/elcanillita.info\\\/press\\\/#organization\",\"name\":\"Guzzo Photos & Graphic Publications\",\"url\":\"https:\\\/\\\/elcanillita.info\\\/press\\\/\",\"logo\":{\"@type\":\"ImageObject\",\"inLanguage\":\"es-AR\",\"@id\":\"https:\\\/\\\/elcanillita.info\\\/press\\\/#\\\/schema\\\/logo\\\/image\\\/\",\"url\":\"https:\\\/\\\/elcanillita.info\\\/press\\\/images\\\/2020\\\/01\\\/cropped-cropped-cropped-elcanillitainfo.png\",\"contentUrl\":\"https:\\\/\\\/elcanillita.info\\\/press\\\/images\\\/2020\\\/01\\\/cropped-cropped-cropped-elcanillitainfo.png\",\"width\":460,\"height\":50,\"caption\":\"Guzzo Photos & Graphic Publications\"},\"image\":{\"@id\":\"https:\\\/\\\/elcanillita.info\\\/press\\\/#\\\/schema\\\/logo\\\/image\\\/\"},\"sameAs\":[\"https:\\\/\\\/ar-ar.facebook.com\\\/ElCanillitainfo-114249515285712\\\/\"]},{\"@type\":\"Person\",\"@id\":\"https:\\\/\\\/elcanillita.info\\\/press\\\/#\\\/schema\\\/person\\\/7fcb79f38045700919f7da6d97e71ba0\",\"name\":\"SalaStampa.eu, world press service\",\"image\":{\"@type\":\"ImageObject\",\"inLanguage\":\"es-AR\",\"@id\":\"https:\\\/\\\/secure.gravatar.com\\\/avatar\\\/c2f0e0d515a107624234994507816ca4724c7199cef73fc8bedebf6931d73888?s=96&d=mm&r=g\",\"url\":\"https:\\\/\\\/secure.gravatar.com\\\/avatar\\\/c2f0e0d515a107624234994507816ca4724c7199cef73fc8bedebf6931d73888?s=96&d=mm&r=g\",\"contentUrl\":\"https:\\\/\\\/secure.gravatar.com\\\/avatar\\\/c2f0e0d515a107624234994507816ca4724c7199cef73fc8bedebf6931d73888?s=96&d=mm&r=g\",\"caption\":\"SalaStampa.eu, world press service\"}}]}<\/script>\n<!-- \/ Yoast SEO plugin. -->","yoast_head_json":{"title":"Perd\u00f3nalos, Se\u00f1or\u2026 porque saben muy bien lo que hacen - ElCanillita.Info","robots":{"index":"index","follow":"follow","max-snippet":"max-snippet:-1","max-image-preview":"max-image-preview:large","max-video-preview":"max-video-preview:-1"},"canonical":"https:\/\/elcanillita.info\/press\/2025\/06\/03\/perdonalos-senor-porque-saben-muy-bien-lo-que-hacen\/","og_locale":"es_ES","og_type":"article","og_title":"Perd\u00f3nalos, Se\u00f1or\u2026 porque saben muy bien lo que hacen - ElCanillita.Info","og_description":"Piratas Telem\u00e1ticos de la Desinformaci\u00f3n","og_url":"https:\/\/elcanillita.info\/press\/2025\/06\/03\/perdonalos-senor-porque-saben-muy-bien-lo-que-hacen\/","og_site_name":"ElCanillita.Info","article_publisher":"https:\/\/ar-ar.facebook.com\/ElCanillitainfo-114249515285712\/","article_published_time":"2025-06-03T09:32:01+00:00","article_modified_time":"2025-06-03T09:34:26+00:00","og_image":[{"width":350,"height":234,"url":"https:\/\/elcanillita.info\/press\/images\/2025\/06\/papaleon_20250603.HCOVER.png","type":"image\/png"}],"author":"SalaStampa.eu, world press service","twitter_card":"summary_large_image","twitter_misc":{"Escrito por":"SalaStampa.eu, world press service","Tiempo de lectura":"3 minutos"},"schema":{"@context":"https:\/\/schema.org","@graph":[{"@type":"Article","@id":"https:\/\/elcanillita.info\/press\/2025\/06\/03\/perdonalos-senor-porque-saben-muy-bien-lo-que-hacen\/#article","isPartOf":{"@id":"https:\/\/elcanillita.info\/press\/2025\/06\/03\/perdonalos-senor-porque-saben-muy-bien-lo-que-hacen\/"},"author":{"name":"SalaStampa.eu, world press service","@id":"https:\/\/elcanillita.info\/press\/#\/schema\/person\/7fcb79f38045700919f7da6d97e71ba0"},"headline":"Perd\u00f3nalos, Se\u00f1or\u2026 porque saben muy bien lo que hacen","datePublished":"2025-06-03T09:32:01+00:00","dateModified":"2025-06-03T09:34:26+00:00","mainEntityOfPage":{"@id":"https:\/\/elcanillita.info\/press\/2025\/06\/03\/perdonalos-senor-porque-saben-muy-bien-lo-que-hacen\/"},"wordCount":455,"publisher":{"@id":"https:\/\/elcanillita.info\/press\/#organization"},"image":{"@id":"https:\/\/elcanillita.info\/press\/2025\/06\/03\/perdonalos-senor-porque-saben-muy-bien-lo-que-hacen\/#primaryimage"},"thumbnailUrl":"https:\/\/elcanillita.info\/press\/images\/2025\/06\/papaleon_20250603.HCOVER.png","articleSection":[".",".","Actualidad","Am\u00e9rica del Sur","Cultura","Dolores de La Press","Quien es quien","Sociedad"],"inLanguage":"es-AR"},{"@type":"WebPage","@id":"https:\/\/elcanillita.info\/press\/2025\/06\/03\/perdonalos-senor-porque-saben-muy-bien-lo-que-hacen\/","url":"https:\/\/elcanillita.info\/press\/2025\/06\/03\/perdonalos-senor-porque-saben-muy-bien-lo-que-hacen\/","name":"Perd\u00f3nalos, Se\u00f1or\u2026 porque saben muy bien lo que hacen - ElCanillita.Info","isPartOf":{"@id":"https:\/\/elcanillita.info\/press\/#website"},"primaryImageOfPage":{"@id":"https:\/\/elcanillita.info\/press\/2025\/06\/03\/perdonalos-senor-porque-saben-muy-bien-lo-que-hacen\/#primaryimage"},"image":{"@id":"https:\/\/elcanillita.info\/press\/2025\/06\/03\/perdonalos-senor-porque-saben-muy-bien-lo-que-hacen\/#primaryimage"},"thumbnailUrl":"https:\/\/elcanillita.info\/press\/images\/2025\/06\/papaleon_20250603.HCOVER.png","datePublished":"2025-06-03T09:32:01+00:00","dateModified":"2025-06-03T09:34:26+00:00","inLanguage":"es-AR","potentialAction":[{"@type":"ReadAction","target":["https:\/\/elcanillita.info\/press\/2025\/06\/03\/perdonalos-senor-porque-saben-muy-bien-lo-que-hacen\/"]}]},{"@type":"ImageObject","inLanguage":"es-AR","@id":"https:\/\/elcanillita.info\/press\/2025\/06\/03\/perdonalos-senor-porque-saben-muy-bien-lo-que-hacen\/#primaryimage","url":"https:\/\/elcanillita.info\/press\/images\/2025\/06\/papaleon_20250603.HCOVER.png","contentUrl":"https:\/\/elcanillita.info\/press\/images\/2025\/06\/papaleon_20250603.HCOVER.png","width":350,"height":234},{"@type":"WebSite","@id":"https:\/\/elcanillita.info\/press\/#website","url":"https:\/\/elcanillita.info\/press\/","name":"ElCanillita.Info","description":"desde los Apeninos a los Andes","publisher":{"@id":"https:\/\/elcanillita.info\/press\/#organization"},"potentialAction":[{"@type":"SearchAction","target":{"@type":"EntryPoint","urlTemplate":"https:\/\/elcanillita.info\/press\/?s={search_term_string}"},"query-input":{"@type":"PropertyValueSpecification","valueRequired":true,"valueName":"search_term_string"}}],"inLanguage":"es-AR"},{"@type":"Organization","@id":"https:\/\/elcanillita.info\/press\/#organization","name":"Guzzo Photos & Graphic Publications","url":"https:\/\/elcanillita.info\/press\/","logo":{"@type":"ImageObject","inLanguage":"es-AR","@id":"https:\/\/elcanillita.info\/press\/#\/schema\/logo\/image\/","url":"https:\/\/elcanillita.info\/press\/images\/2020\/01\/cropped-cropped-cropped-elcanillitainfo.png","contentUrl":"https:\/\/elcanillita.info\/press\/images\/2020\/01\/cropped-cropped-cropped-elcanillitainfo.png","width":460,"height":50,"caption":"Guzzo Photos & Graphic Publications"},"image":{"@id":"https:\/\/elcanillita.info\/press\/#\/schema\/logo\/image\/"},"sameAs":["https:\/\/ar-ar.facebook.com\/ElCanillitainfo-114249515285712\/"]},{"@type":"Person","@id":"https:\/\/elcanillita.info\/press\/#\/schema\/person\/7fcb79f38045700919f7da6d97e71ba0","name":"SalaStampa.eu, world press service","image":{"@type":"ImageObject","inLanguage":"es-AR","@id":"https:\/\/secure.gravatar.com\/avatar\/c2f0e0d515a107624234994507816ca4724c7199cef73fc8bedebf6931d73888?s=96&d=mm&r=g","url":"https:\/\/secure.gravatar.com\/avatar\/c2f0e0d515a107624234994507816ca4724c7199cef73fc8bedebf6931d73888?s=96&d=mm&r=g","contentUrl":"https:\/\/secure.gravatar.com\/avatar\/c2f0e0d515a107624234994507816ca4724c7199cef73fc8bedebf6931d73888?s=96&d=mm&r=g","caption":"SalaStampa.eu, world press service"}}]}},"views":187,"_links":{"self":[{"href":"https:\/\/elcanillita.info\/press\/wp-json\/wp\/v2\/posts\/4736","targetHints":{"allow":["GET"]}}],"collection":[{"href":"https:\/\/elcanillita.info\/press\/wp-json\/wp\/v2\/posts"}],"about":[{"href":"https:\/\/elcanillita.info\/press\/wp-json\/wp\/v2\/types\/post"}],"author":[{"embeddable":true,"href":"https:\/\/elcanillita.info\/press\/wp-json\/wp\/v2\/users\/1"}],"replies":[{"embeddable":true,"href":"https:\/\/elcanillita.info\/press\/wp-json\/wp\/v2\/comments?post=4736"}],"version-history":[{"count":0,"href":"https:\/\/elcanillita.info\/press\/wp-json\/wp\/v2\/posts\/4736\/revisions"}],"wp:featuredmedia":[{"embeddable":true,"href":"https:\/\/elcanillita.info\/press\/wp-json\/wp\/v2\/media\/4740"}],"wp:attachment":[{"href":"https:\/\/elcanillita.info\/press\/wp-json\/wp\/v2\/media?parent=4736"}],"wp:term":[{"taxonomy":"category","embeddable":true,"href":"https:\/\/elcanillita.info\/press\/wp-json\/wp\/v2\/categories?post=4736"},{"taxonomy":"post_tag","embeddable":true,"href":"https:\/\/elcanillita.info\/press\/wp-json\/wp\/v2\/tags?post=4736"}],"curies":[{"name":"wp","href":"https:\/\/api.w.org\/{rel}","templated":true}]}}