{"id":4728,"date":"2025-05-31T18:15:40","date_gmt":"2025-05-31T21:15:40","guid":{"rendered":"https:\/\/elcanillita.info\/press\/?p=4728"},"modified":"2025-05-31T18:16:18","modified_gmt":"2025-05-31T21:16:18","slug":"respuesta-al-autor-del-remitido-996","status":"publish","type":"post","link":"https:\/\/elcanillita.info\/press\/2025\/05\/31\/respuesta-al-autor-del-remitido-996\/","title":{"rendered":"RESPUESTA AL AUTOR DEL REMITIDO 996"},"content":{"rendered":"<div class=\"wp-block-image\">\n<figure class=\"alignleft size-full is-resized\"><img loading=\"lazy\" decoding=\"async\" width=\"400\" height=\"600\" src=\"https:\/\/elcanillita.info\/press\/images\/2025\/05\/abuela-pecas_20250501.Page_.png\" alt=\"\" class=\"wp-image-4730\" style=\"width:331px;height:auto\" srcset=\"https:\/\/elcanillita.info\/press\/images\/2025\/05\/abuela-pecas_20250501.Page_.png 400w, https:\/\/elcanillita.info\/press\/images\/2025\/05\/abuela-pecas_20250501.Page_-200x300.png 200w\" sizes=\"auto, (max-width: 400px) 100vw, 400px\" \/><\/figure>\n<\/div>\n\n\n<p><strong>ElCanillita.info<\/strong><br>Argentina, 01\/06\/2025<br>Enrique G. Avogadro: Gracias por su nota, y por su aguda pluma<\/p>\n\n\n\n<p>Estimado Enrique,<\/p>\n\n\n\n<p>Desde la redacci\u00f3n de El Canillita.info, queremos agradecerle su amable mensaje y, sobre todo, la confianza depositada en este medio de acera ancha y palabra filosa. La publicaci\u00f3n de su \u201cRemitido\u201d (Nota N\u00b0 996) no ha pasado inadvertida, y ha sacudido m\u00e1s que un par de mates en la redacci\u00f3n.<\/p>\n\n\n\n<p>Sobre los tres \u201chitos nacionales\u201d que usted destaca con precisi\u00f3n quir\u00fargica y preocupaci\u00f3n sincera, perm\u00edtanos responderle con el mismo respeto, aunque con una pizca de nuestra receta: mitad sarcasmo, mitad realidad, y una cucharadita de comino (para acompa\u00f1ar la empanada, claro).<\/p>\n\n\n\n<ol class=\"wp-block-list\">\n<li><strong>El esc\u00e1ndalo de la empanada<\/strong><\/li>\n<\/ol>\n\n\n\n<p>Que Ricardo Dar\u00edn diga que el pa\u00eds est\u00e1 caro no deber\u00eda alterar a nadie que alguna vez pis\u00f3 un kiosco. Pero claro, si el precio de una empanada escala m\u00e1s que el d\u00f3lar MEP, todo el mundo reacciona. El presidente se indign\u00f3. El ministro tambi\u00e9n. Y La Abuela Pecas, desde su flamante cargo de Corresponsal de Precios Inestables, nos mand\u00f3 el siguiente reporte:<br><strong><br><\/strong>\u201cEn lo de Do\u00f1a Lita estaban a $800 cada una, pero si llev\u00e1s docena te regala media y un consejo pol\u00edtico. En Palermo te sale $1.400 la de humita gourmet, y en Constituci\u00f3n hay 2&#215;1 si no pregunt\u00e1s de qu\u00e9 est\u00e1n hechas. Eso s\u00ed: \u00a1todas tienen ideolog\u00eda!\u201d<\/p>\n\n\n\n<p>Como ver\u00e1, Sr. Avogadro, las empanadas argentinas no solo tienen relleno. Tambi\u00e9n tienen carga simb\u00f3lica, y \u00faltimamente, parecen ser el nuevo \u00edndice de inflaci\u00f3n emocional.<\/p>\n\n\n\n<ol start=\"2\" class=\"wp-block-list\">\n<li><strong>La jueza-estrella del juicio Maradona<\/strong><\/li>\n<\/ol>\n\n\n\n<p>El caso es tan bizarro como doloroso. Convertir un proceso judicial en set de streaming no solo degrada la Justicia, como bien apunta usted: la convierte en contenido on demand. Y eso ya no es \u201cJusticia para el Pueblo\u201d, sino serie de true crime con efectos especiales.<\/p>\n\n\n\n<p>Desde aqu\u00ed, proponemos que la pr\u00f3xima vez que se ruede una audiencia, al menos se subtitule en lenguaje jur\u00eddico, as\u00ed entendemos algo. Mientras tanto, agregamos esta joya nacional a la colecci\u00f3n: jueces actrices, fiscales influencers y un sistema judicial que pide a gritos\u2026 casting serio.<\/p>\n\n\n\n<ol start=\"3\" class=\"wp-block-list\">\n<li><strong>Paka Paka<\/strong> 2.0: del adoctrinamiento al desquicio<\/li>\n<\/ol>\n\n\n\n<p>Paka Paka, ese canal que parec\u00eda cosa del pasado, ahora vuelve\u2026 pero cambiado de color ideol\u00f3gico. Antes adoctrinaba con ping\u00fcinos; ahora, con leones de pelo largo y discursos de Mises para ni\u00f1os.<\/p>\n\n\n\n<p>La televisi\u00f3n p\u00fablica, como bien se\u00f1ala usted, no deber\u00eda ser un espejo retrovisor del funcionario de turno. En todo caso, que muestren dibujitos sin moraleja, con una empanada que viaja por el pa\u00eds preguntando si hay algo que funcione. Spoiler: no encuentra nada, pero se hace amiga de un jubilado.<br>Reflexi\u00f3n final (de redacci\u00f3n a redactor)<\/p>\n\n\n\n<p>Compartimos su preocupaci\u00f3n. El mundo se vuelve chabacano, inculto y chill\u00f3n, como dice usted. Pero si a\u00fan se puede debatir, escribir, compartir ideas como la suya y responderle con respeto y humor, algo del mundo viejo todav\u00eda respira.<\/p>\n\n\n\n<p>As\u00ed que no se nos vaya tan pronto, Don Enrique. Ni se jubile de opinar. Este Canillita suyo lo necesita. Aunque a veces llore de risa o se le indigeste la empanada, aqu\u00ed seguimos \u2014informando desde el cord\u00f3n de la vereda, con tinta, teclado y ganas.<\/p>\n\n\n\n<p>Un gran abrazo de toda la redacci\u00f3n.<br>Hasta el pr\u00f3ximo \u201cRemitido\u201d.<\/p>\n\n\n\n<p>Felix Inkstone<br>(Con despacho exclusivo de La Abuela Pecas, corresponsal de empanadas)<br><br><small>\u00a92025 Felix Inkstone &#8211; All Rights Reserved &#8211; Copyright \u00a9 2025 ElCanillita.info \/ BlogDiario.info \/SalaStampa.eu, world press service &#8211; Guzzo Photos &amp; Graphic Publications \u2013 Registro Editori e Stampatori n. 1441 Turin, Italy<\/small><\/p>\n","protected":false},"excerpt":{"rendered":"<p>Enrique G. Avogadro: Gracias por su nota, y por su aguda pluma !!<\/p>\n","protected":false},"author":1,"featured_media":4731,"comment_status":"closed","ping_status":"closed","sticky":false,"template":"","format":"standard","meta":{"footnotes":"","_links_to":"","_links_to_target":""},"categories":[108,121,70,126,23,130,25],"tags":[29],"class_list":["post-4728","post","type-post","status-publish","format-standard","has-post-thumbnail","hentry","category-blogdiario","category-dc24","category-actualidad","category-dolores-de-la-press","category-politica","category-reportero-de-dinero","category-sociedad","tag-argentina","entry","double"],"yoast_head":"<!-- This site is optimized with the Yoast SEO plugin v27.4 - https:\/\/yoast.com\/product\/yoast-seo-wordpress\/ -->\n<title>RESPUESTA AL AUTOR DEL REMITIDO 996 - ElCanillita.Info<\/title>\n<meta name=\"robots\" content=\"index, follow, max-snippet:-1, max-image-preview:large, max-video-preview:-1\" \/>\n<link rel=\"canonical\" href=\"https:\/\/elcanillita.info\/press\/2025\/05\/31\/respuesta-al-autor-del-remitido-996\/\" \/>\n<meta property=\"og:locale\" content=\"es_ES\" \/>\n<meta property=\"og:type\" content=\"article\" \/>\n<meta property=\"og:title\" content=\"RESPUESTA AL AUTOR DEL REMITIDO 996 - ElCanillita.Info\" \/>\n<meta property=\"og:description\" content=\"Enrique G. Avogadro: Gracias por su nota, y por su aguda pluma !!\" \/>\n<meta property=\"og:url\" content=\"https:\/\/elcanillita.info\/press\/2025\/05\/31\/respuesta-al-autor-del-remitido-996\/\" \/>\n<meta property=\"og:site_name\" content=\"ElCanillita.Info\" \/>\n<meta property=\"article:publisher\" content=\"https:\/\/ar-ar.facebook.com\/ElCanillitainfo-114249515285712\/\" \/>\n<meta property=\"article:published_time\" content=\"2025-05-31T21:15:40+00:00\" \/>\n<meta property=\"article:modified_time\" content=\"2025-05-31T21:16:18+00:00\" \/>\n<meta property=\"og:image\" content=\"https:\/\/elcanillita.info\/press\/images\/2025\/05\/abuela-pecas_20250501.HHHH_.png\" \/>\n\t<meta property=\"og:image:width\" content=\"550\" \/>\n\t<meta property=\"og:image:height\" content=\"367\" \/>\n\t<meta property=\"og:image:type\" content=\"image\/png\" \/>\n<meta name=\"author\" content=\"SalaStampa.eu, world press service\" \/>\n<meta name=\"twitter:card\" content=\"summary_large_image\" \/>\n<meta name=\"twitter:label1\" content=\"Escrito por\" \/>\n\t<meta name=\"twitter:data1\" content=\"SalaStampa.eu, world press service\" \/>\n\t<meta name=\"twitter:label2\" content=\"Tiempo de lectura\" \/>\n\t<meta name=\"twitter:data2\" content=\"4 minutos\" \/>\n<script type=\"application\/ld+json\" class=\"yoast-schema-graph\">{\"@context\":\"https:\\\/\\\/schema.org\",\"@graph\":[{\"@type\":\"Article\",\"@id\":\"https:\\\/\\\/elcanillita.info\\\/press\\\/2025\\\/05\\\/31\\\/respuesta-al-autor-del-remitido-996\\\/#article\",\"isPartOf\":{\"@id\":\"https:\\\/\\\/elcanillita.info\\\/press\\\/2025\\\/05\\\/31\\\/respuesta-al-autor-del-remitido-996\\\/\"},\"author\":{\"name\":\"SalaStampa.eu, world press service\",\"@id\":\"https:\\\/\\\/elcanillita.info\\\/press\\\/#\\\/schema\\\/person\\\/7fcb79f38045700919f7da6d97e71ba0\"},\"headline\":\"RESPUESTA AL AUTOR DEL REMITIDO 996\",\"datePublished\":\"2025-05-31T21:15:40+00:00\",\"dateModified\":\"2025-05-31T21:16:18+00:00\",\"mainEntityOfPage\":{\"@id\":\"https:\\\/\\\/elcanillita.info\\\/press\\\/2025\\\/05\\\/31\\\/respuesta-al-autor-del-remitido-996\\\/\"},\"wordCount\":626,\"publisher\":{\"@id\":\"https:\\\/\\\/elcanillita.info\\\/press\\\/#organization\"},\"image\":{\"@id\":\"https:\\\/\\\/elcanillita.info\\\/press\\\/2025\\\/05\\\/31\\\/respuesta-al-autor-del-remitido-996\\\/#primaryimage\"},\"thumbnailUrl\":\"https:\\\/\\\/elcanillita.info\\\/press\\\/images\\\/2025\\\/05\\\/abuela-pecas_20250501.HHHH_.png\",\"keywords\":[\"Argentina\"],\"articleSection\":[\".\",\".\",\"Actualidad\",\"Dolores de La Press\",\"Politica\",\"Reportero de dinero\",\"Sociedad\"],\"inLanguage\":\"es-AR\"},{\"@type\":\"WebPage\",\"@id\":\"https:\\\/\\\/elcanillita.info\\\/press\\\/2025\\\/05\\\/31\\\/respuesta-al-autor-del-remitido-996\\\/\",\"url\":\"https:\\\/\\\/elcanillita.info\\\/press\\\/2025\\\/05\\\/31\\\/respuesta-al-autor-del-remitido-996\\\/\",\"name\":\"RESPUESTA AL AUTOR DEL REMITIDO 996 - ElCanillita.Info\",\"isPartOf\":{\"@id\":\"https:\\\/\\\/elcanillita.info\\\/press\\\/#website\"},\"primaryImageOfPage\":{\"@id\":\"https:\\\/\\\/elcanillita.info\\\/press\\\/2025\\\/05\\\/31\\\/respuesta-al-autor-del-remitido-996\\\/#primaryimage\"},\"image\":{\"@id\":\"https:\\\/\\\/elcanillita.info\\\/press\\\/2025\\\/05\\\/31\\\/respuesta-al-autor-del-remitido-996\\\/#primaryimage\"},\"thumbnailUrl\":\"https:\\\/\\\/elcanillita.info\\\/press\\\/images\\\/2025\\\/05\\\/abuela-pecas_20250501.HHHH_.png\",\"datePublished\":\"2025-05-31T21:15:40+00:00\",\"dateModified\":\"2025-05-31T21:16:18+00:00\",\"inLanguage\":\"es-AR\",\"potentialAction\":[{\"@type\":\"ReadAction\",\"target\":[\"https:\\\/\\\/elcanillita.info\\\/press\\\/2025\\\/05\\\/31\\\/respuesta-al-autor-del-remitido-996\\\/\"]}]},{\"@type\":\"ImageObject\",\"inLanguage\":\"es-AR\",\"@id\":\"https:\\\/\\\/elcanillita.info\\\/press\\\/2025\\\/05\\\/31\\\/respuesta-al-autor-del-remitido-996\\\/#primaryimage\",\"url\":\"https:\\\/\\\/elcanillita.info\\\/press\\\/images\\\/2025\\\/05\\\/abuela-pecas_20250501.HHHH_.png\",\"contentUrl\":\"https:\\\/\\\/elcanillita.info\\\/press\\\/images\\\/2025\\\/05\\\/abuela-pecas_20250501.HHHH_.png\",\"width\":550,\"height\":367},{\"@type\":\"WebSite\",\"@id\":\"https:\\\/\\\/elcanillita.info\\\/press\\\/#website\",\"url\":\"https:\\\/\\\/elcanillita.info\\\/press\\\/\",\"name\":\"ElCanillita.Info\",\"description\":\"desde los Apeninos a los Andes\",\"publisher\":{\"@id\":\"https:\\\/\\\/elcanillita.info\\\/press\\\/#organization\"},\"potentialAction\":[{\"@type\":\"SearchAction\",\"target\":{\"@type\":\"EntryPoint\",\"urlTemplate\":\"https:\\\/\\\/elcanillita.info\\\/press\\\/?s={search_term_string}\"},\"query-input\":{\"@type\":\"PropertyValueSpecification\",\"valueRequired\":true,\"valueName\":\"search_term_string\"}}],\"inLanguage\":\"es-AR\"},{\"@type\":\"Organization\",\"@id\":\"https:\\\/\\\/elcanillita.info\\\/press\\\/#organization\",\"name\":\"Guzzo Photos & Graphic Publications\",\"url\":\"https:\\\/\\\/elcanillita.info\\\/press\\\/\",\"logo\":{\"@type\":\"ImageObject\",\"inLanguage\":\"es-AR\",\"@id\":\"https:\\\/\\\/elcanillita.info\\\/press\\\/#\\\/schema\\\/logo\\\/image\\\/\",\"url\":\"https:\\\/\\\/elcanillita.info\\\/press\\\/images\\\/2020\\\/01\\\/cropped-cropped-cropped-elcanillitainfo.png\",\"contentUrl\":\"https:\\\/\\\/elcanillita.info\\\/press\\\/images\\\/2020\\\/01\\\/cropped-cropped-cropped-elcanillitainfo.png\",\"width\":460,\"height\":50,\"caption\":\"Guzzo Photos & Graphic Publications\"},\"image\":{\"@id\":\"https:\\\/\\\/elcanillita.info\\\/press\\\/#\\\/schema\\\/logo\\\/image\\\/\"},\"sameAs\":[\"https:\\\/\\\/ar-ar.facebook.com\\\/ElCanillitainfo-114249515285712\\\/\"]},{\"@type\":\"Person\",\"@id\":\"https:\\\/\\\/elcanillita.info\\\/press\\\/#\\\/schema\\\/person\\\/7fcb79f38045700919f7da6d97e71ba0\",\"name\":\"SalaStampa.eu, world press service\",\"image\":{\"@type\":\"ImageObject\",\"inLanguage\":\"es-AR\",\"@id\":\"https:\\\/\\\/secure.gravatar.com\\\/avatar\\\/c2f0e0d515a107624234994507816ca4724c7199cef73fc8bedebf6931d73888?s=96&d=mm&r=g\",\"url\":\"https:\\\/\\\/secure.gravatar.com\\\/avatar\\\/c2f0e0d515a107624234994507816ca4724c7199cef73fc8bedebf6931d73888?s=96&d=mm&r=g\",\"contentUrl\":\"https:\\\/\\\/secure.gravatar.com\\\/avatar\\\/c2f0e0d515a107624234994507816ca4724c7199cef73fc8bedebf6931d73888?s=96&d=mm&r=g\",\"caption\":\"SalaStampa.eu, world press service\"}}]}<\/script>\n<!-- \/ Yoast SEO plugin. -->","yoast_head_json":{"title":"RESPUESTA AL AUTOR DEL REMITIDO 996 - ElCanillita.Info","robots":{"index":"index","follow":"follow","max-snippet":"max-snippet:-1","max-image-preview":"max-image-preview:large","max-video-preview":"max-video-preview:-1"},"canonical":"https:\/\/elcanillita.info\/press\/2025\/05\/31\/respuesta-al-autor-del-remitido-996\/","og_locale":"es_ES","og_type":"article","og_title":"RESPUESTA AL AUTOR DEL REMITIDO 996 - ElCanillita.Info","og_description":"Enrique G. Avogadro: Gracias por su nota, y por su aguda pluma !!","og_url":"https:\/\/elcanillita.info\/press\/2025\/05\/31\/respuesta-al-autor-del-remitido-996\/","og_site_name":"ElCanillita.Info","article_publisher":"https:\/\/ar-ar.facebook.com\/ElCanillitainfo-114249515285712\/","article_published_time":"2025-05-31T21:15:40+00:00","article_modified_time":"2025-05-31T21:16:18+00:00","og_image":[{"width":550,"height":367,"url":"https:\/\/elcanillita.info\/press\/images\/2025\/05\/abuela-pecas_20250501.HHHH_.png","type":"image\/png"}],"author":"SalaStampa.eu, world press service","twitter_card":"summary_large_image","twitter_misc":{"Escrito por":"SalaStampa.eu, world press service","Tiempo de lectura":"4 minutos"},"schema":{"@context":"https:\/\/schema.org","@graph":[{"@type":"Article","@id":"https:\/\/elcanillita.info\/press\/2025\/05\/31\/respuesta-al-autor-del-remitido-996\/#article","isPartOf":{"@id":"https:\/\/elcanillita.info\/press\/2025\/05\/31\/respuesta-al-autor-del-remitido-996\/"},"author":{"name":"SalaStampa.eu, world press service","@id":"https:\/\/elcanillita.info\/press\/#\/schema\/person\/7fcb79f38045700919f7da6d97e71ba0"},"headline":"RESPUESTA AL AUTOR DEL REMITIDO 996","datePublished":"2025-05-31T21:15:40+00:00","dateModified":"2025-05-31T21:16:18+00:00","mainEntityOfPage":{"@id":"https:\/\/elcanillita.info\/press\/2025\/05\/31\/respuesta-al-autor-del-remitido-996\/"},"wordCount":626,"publisher":{"@id":"https:\/\/elcanillita.info\/press\/#organization"},"image":{"@id":"https:\/\/elcanillita.info\/press\/2025\/05\/31\/respuesta-al-autor-del-remitido-996\/#primaryimage"},"thumbnailUrl":"https:\/\/elcanillita.info\/press\/images\/2025\/05\/abuela-pecas_20250501.HHHH_.png","keywords":["Argentina"],"articleSection":[".",".","Actualidad","Dolores de La Press","Politica","Reportero de dinero","Sociedad"],"inLanguage":"es-AR"},{"@type":"WebPage","@id":"https:\/\/elcanillita.info\/press\/2025\/05\/31\/respuesta-al-autor-del-remitido-996\/","url":"https:\/\/elcanillita.info\/press\/2025\/05\/31\/respuesta-al-autor-del-remitido-996\/","name":"RESPUESTA AL AUTOR DEL REMITIDO 996 - ElCanillita.Info","isPartOf":{"@id":"https:\/\/elcanillita.info\/press\/#website"},"primaryImageOfPage":{"@id":"https:\/\/elcanillita.info\/press\/2025\/05\/31\/respuesta-al-autor-del-remitido-996\/#primaryimage"},"image":{"@id":"https:\/\/elcanillita.info\/press\/2025\/05\/31\/respuesta-al-autor-del-remitido-996\/#primaryimage"},"thumbnailUrl":"https:\/\/elcanillita.info\/press\/images\/2025\/05\/abuela-pecas_20250501.HHHH_.png","datePublished":"2025-05-31T21:15:40+00:00","dateModified":"2025-05-31T21:16:18+00:00","inLanguage":"es-AR","potentialAction":[{"@type":"ReadAction","target":["https:\/\/elcanillita.info\/press\/2025\/05\/31\/respuesta-al-autor-del-remitido-996\/"]}]},{"@type":"ImageObject","inLanguage":"es-AR","@id":"https:\/\/elcanillita.info\/press\/2025\/05\/31\/respuesta-al-autor-del-remitido-996\/#primaryimage","url":"https:\/\/elcanillita.info\/press\/images\/2025\/05\/abuela-pecas_20250501.HHHH_.png","contentUrl":"https:\/\/elcanillita.info\/press\/images\/2025\/05\/abuela-pecas_20250501.HHHH_.png","width":550,"height":367},{"@type":"WebSite","@id":"https:\/\/elcanillita.info\/press\/#website","url":"https:\/\/elcanillita.info\/press\/","name":"ElCanillita.Info","description":"desde los Apeninos a los Andes","publisher":{"@id":"https:\/\/elcanillita.info\/press\/#organization"},"potentialAction":[{"@type":"SearchAction","target":{"@type":"EntryPoint","urlTemplate":"https:\/\/elcanillita.info\/press\/?s={search_term_string}"},"query-input":{"@type":"PropertyValueSpecification","valueRequired":true,"valueName":"search_term_string"}}],"inLanguage":"es-AR"},{"@type":"Organization","@id":"https:\/\/elcanillita.info\/press\/#organization","name":"Guzzo Photos & Graphic Publications","url":"https:\/\/elcanillita.info\/press\/","logo":{"@type":"ImageObject","inLanguage":"es-AR","@id":"https:\/\/elcanillita.info\/press\/#\/schema\/logo\/image\/","url":"https:\/\/elcanillita.info\/press\/images\/2020\/01\/cropped-cropped-cropped-elcanillitainfo.png","contentUrl":"https:\/\/elcanillita.info\/press\/images\/2020\/01\/cropped-cropped-cropped-elcanillitainfo.png","width":460,"height":50,"caption":"Guzzo Photos & Graphic Publications"},"image":{"@id":"https:\/\/elcanillita.info\/press\/#\/schema\/logo\/image\/"},"sameAs":["https:\/\/ar-ar.facebook.com\/ElCanillitainfo-114249515285712\/"]},{"@type":"Person","@id":"https:\/\/elcanillita.info\/press\/#\/schema\/person\/7fcb79f38045700919f7da6d97e71ba0","name":"SalaStampa.eu, world press service","image":{"@type":"ImageObject","inLanguage":"es-AR","@id":"https:\/\/secure.gravatar.com\/avatar\/c2f0e0d515a107624234994507816ca4724c7199cef73fc8bedebf6931d73888?s=96&d=mm&r=g","url":"https:\/\/secure.gravatar.com\/avatar\/c2f0e0d515a107624234994507816ca4724c7199cef73fc8bedebf6931d73888?s=96&d=mm&r=g","contentUrl":"https:\/\/secure.gravatar.com\/avatar\/c2f0e0d515a107624234994507816ca4724c7199cef73fc8bedebf6931d73888?s=96&d=mm&r=g","caption":"SalaStampa.eu, world press service"}}]}},"views":223,"_links":{"self":[{"href":"https:\/\/elcanillita.info\/press\/wp-json\/wp\/v2\/posts\/4728","targetHints":{"allow":["GET"]}}],"collection":[{"href":"https:\/\/elcanillita.info\/press\/wp-json\/wp\/v2\/posts"}],"about":[{"href":"https:\/\/elcanillita.info\/press\/wp-json\/wp\/v2\/types\/post"}],"author":[{"embeddable":true,"href":"https:\/\/elcanillita.info\/press\/wp-json\/wp\/v2\/users\/1"}],"replies":[{"embeddable":true,"href":"https:\/\/elcanillita.info\/press\/wp-json\/wp\/v2\/comments?post=4728"}],"version-history":[{"count":0,"href":"https:\/\/elcanillita.info\/press\/wp-json\/wp\/v2\/posts\/4728\/revisions"}],"wp:featuredmedia":[{"embeddable":true,"href":"https:\/\/elcanillita.info\/press\/wp-json\/wp\/v2\/media\/4731"}],"wp:attachment":[{"href":"https:\/\/elcanillita.info\/press\/wp-json\/wp\/v2\/media?parent=4728"}],"wp:term":[{"taxonomy":"category","embeddable":true,"href":"https:\/\/elcanillita.info\/press\/wp-json\/wp\/v2\/categories?post=4728"},{"taxonomy":"post_tag","embeddable":true,"href":"https:\/\/elcanillita.info\/press\/wp-json\/wp\/v2\/tags?post=4728"}],"curies":[{"name":"wp","href":"https:\/\/api.w.org\/{rel}","templated":true}]}}