{"id":472,"date":"2020-02-18T19:15:10","date_gmt":"2020-02-18T22:15:10","guid":{"rendered":"https:\/\/elcanillita.info\/press\/?p=472"},"modified":"2020-02-18T19:15:13","modified_gmt":"2020-02-18T22:15:13","slug":"venezuela-ovcs-enero-reduccion-76-protestas-respecto-2019","status":"publish","type":"post","link":"https:\/\/elcanillita.info\/press\/2020\/02\/18\/venezuela-ovcs-enero-reduccion-76-protestas-respecto-2019\/","title":{"rendered":"Venezuela: OVCS reporta en enero reducci\u00f3n del 76% en protestas respecto a 2019"},"content":{"rendered":"\n<p>Caracas, 18.02.2020 &#8211; El Observatorio Venezolano de Conflictividad Social (OVCS) registr\u00f3 618 protestas en enero, equivalente a un promedio de 21 diarias, seg\u00fan un reciente informe divulgado por la organizaci\u00f3n.<\/p>\n\n\n\n<p>Esta cifra, dice el informe, representa un descenso del 76% en comparaci\u00f3n con el mismo per\u00edodo del a\u00f1o pasado.&nbsp;<\/p>\n\n\n\n<p>La publicaci\u00f3n se\u00f1ala que el 64% de las protestas (394) fue para exigir derechos econ\u00f3micos, sociales, culturales y ambientales (Desca), vinculados principalmente con exigencias laborales, servicios p\u00fablicos de calidad, educaci\u00f3n, salud y alimentos.<\/p>\n\n\n\n<p>As\u00ed mismo, que &#8220;en el primer mes de 2020 se not\u00f3 como los venezolanos dedicaron gran parte de su jornada a la b\u00fasqueda de gasolina, gas dom\u00e9stico y agua potable. Los ciudadanos han realizado diversas actividades para paliar la crisis econ\u00f3mica e incluso han tenido que desplazarse internamente, mud\u00e1ndose de una ciudad a otra&#8221;.<br>\nEl informe tambi\u00e9n indic\u00f3 que cada vez es m\u00e1s grave la falta de servicios b\u00e1sicos, deteriorando la calidad de vida y la cotidianidad de los venezolanos.<\/p>\n\n\n\n<p>&#8220;La exigencia de estos derechos sobrepas\u00f3 las 205 acciones de calle,&nbsp;equivalente a un promedio de 7 diarias, siendo este el principal motivo de las protestas en el pa\u00eds&#8221;, indic\u00f3 el observatorio.<\/p>\n\n\n\n<p>A esto, le siguen los reclamos por temas laborales relacionados con contratos, salarios y seguros m\u00e9dicos.<\/p>\n\n\n\n<p>En promedio, &#8220;los trabajadores salieron seis veces al d\u00eda durante el mes pasado para exigir respeto a sus derechos&#8221;, se\u00f1ala el texto.<\/p>\n\n\n\n<p>&#8220;Ni el ajuste del salario m\u00ednimo contuvo las 177 protestas laborales registradas en enero. El escenario inflacionario, que diluye el sueldo de los venezolanos, contin\u00faa siendo el epicentro de la conflictividad laboral&#8221;, agrega el informe.<\/p>\n\n\n\n<p>La escasez de gasolina, que causan largas colas,&nbsp;tambi\u00e9n hacen parte de los motivos de los venezolanos para protestar: al menos en 11 estados se registraron protestas por gasolina.<br>\nEn contra del oficialismo<\/p>\n\n\n\n<p>Los venezolanos tambi\u00e9n continuaron manifest\u00e1ndose para exigir derechos pol\u00edticos y, seg\u00fan el informe, reconocen que el gobierno en disputa de Nicol\u00e1s Maduro es el principal causante de los problemas del pa\u00eds.<\/p>\n\n\n\n<p>Incluso, habitantes de distintos estados &#8220;tomaron las calles en rechazo a las ejecuciones, extorsiones, robos y maltratos perpetrados por funcionarios del FAES, DGCIM y GNB&#8221;.<\/p>\n\n\n\n<p>Durante el mes pasado, al menos 12 protestas se presentaron para rechazar los atropellos, torturas y amenazas: &#8220;Se hizo notorio el incremento en las protestas y denuncias de la poblaci\u00f3n contra la actuaci\u00f3n irregular de cuerpos de seguridad del Estado&#8221;.<\/p>\n\n\n\n<p>&#8220;Los pobladores acusan a estos cuerpos de seguridad de realizar ejecuciones extrajudiciales, desapariciones, allanamientos ilegales en viviendas, robos masivos y amedrentamientos constantes contra la ciudadan\u00eda&#8221;, se\u00f1ala el informe.<\/p>\n\n\n\n<p>El observatorio indica que se registraron &#8220;176 acciones de calle para exigir derechos pol\u00edticos,&nbsp;equivalente a un promedio de 6 diarias&#8221;.<\/p>\n\n\n\n<p>El OVCS tambi\u00e9n registr\u00f3 la preocupaci\u00f3n por el incremento en las denuncias y protestas por parte de ciudadanos privados de libertad y sus familiares, sin acceso a un sistema judicial ni servicios b\u00e1sicos.<\/p>\n\n\n\n<p>Por su parte, los oficialistas contin\u00faan moviliz\u00e1ndose, a cambio de recibir alimentos o ciertos beneficios sociales.<\/p>\n\n\n\n<p>Concentraciones, cierres de calle, asambleas, pancartazos y paros fueron las modalidades de protesta m\u00e1s empleadas.<\/p>\n\n\n\n<p>Sucre es el principal estado donde ocurrieron protestas, con un total&nbsp;de 75; le siguen&nbsp;Bol\u00edvar (51), Monagas (49), Anzo\u00e1tegui y Distrito Capital (48).<br><br><small>2020 voanoticias \u2013 salastampa.eu, afiliada a la red Broadcasting Board of Governors \u00a9 2020 BBG<\/small><\/p>\n","protected":false},"excerpt":{"rendered":"<p>Caracas, 18.02.2020 &#8211; El Observatorio Venezolano de Conflictividad Social (OVCS) registr\u00f3 618 protestas en enero, equivalente a un promedio de 21 diarias, seg\u00fan un reciente informe divulgado por la organizaci\u00f3n.<\/p>\n","protected":false},"author":1,"featured_media":0,"comment_status":"closed","ping_status":"closed","sticky":false,"template":"","format":"standard","meta":{"footnotes":"","_links_to":"","_links_to_target":""},"categories":[70,11,20,23,25],"tags":[37],"class_list":["post-472","post","type-post","status-publish","format-standard","hentry","category-actualidad","category-america-del-sur","category-economia","category-politica","category-sociedad","tag-venezuela","entry","double"],"yoast_head":"<!-- This site is optimized with the Yoast SEO plugin v27.5 - https:\/\/yoast.com\/product\/yoast-seo-wordpress\/ -->\n<title>Venezuela: OVCS reporta en enero reducci\u00f3n del 76% en protestas respecto a 2019 - ElCanillita.Info<\/title>\n<meta name=\"robots\" content=\"index, follow, max-snippet:-1, max-image-preview:large, max-video-preview:-1\" \/>\n<link rel=\"canonical\" href=\"https:\/\/elcanillita.info\/press\/2020\/02\/18\/venezuela-ovcs-enero-reduccion-76-protestas-respecto-2019\/\" \/>\n<meta property=\"og:locale\" content=\"es_ES\" \/>\n<meta property=\"og:type\" content=\"article\" \/>\n<meta property=\"og:title\" content=\"Venezuela: OVCS reporta en enero reducci\u00f3n del 76% en protestas respecto a 2019 - ElCanillita.Info\" \/>\n<meta property=\"og:description\" content=\"Caracas, 18.02.2020 - El Observatorio Venezolano de Conflictividad Social (OVCS) registr\u00f3 618 protestas en enero, equivalente a un promedio de 21 diarias, seg\u00fan un reciente informe divulgado por la organizaci\u00f3n.\" \/>\n<meta property=\"og:url\" content=\"https:\/\/elcanillita.info\/press\/2020\/02\/18\/venezuela-ovcs-enero-reduccion-76-protestas-respecto-2019\/\" \/>\n<meta property=\"og:site_name\" content=\"ElCanillita.Info\" \/>\n<meta property=\"article:publisher\" content=\"https:\/\/ar-ar.facebook.com\/ElCanillitainfo-114249515285712\/\" \/>\n<meta property=\"article:published_time\" content=\"2020-02-18T22:15:10+00:00\" \/>\n<meta property=\"article:modified_time\" content=\"2020-02-18T22:15:13+00:00\" \/>\n<meta name=\"author\" content=\"SalaStampa.eu, world press service\" \/>\n<meta name=\"twitter:card\" content=\"summary_large_image\" \/>\n<meta name=\"twitter:label1\" content=\"Escrito por\" \/>\n\t<meta name=\"twitter:data1\" content=\"SalaStampa.eu, world press service\" \/>\n\t<meta name=\"twitter:label2\" content=\"Tiempo de lectura\" \/>\n\t<meta name=\"twitter:data2\" content=\"3 minutos\" \/>\n<script type=\"application\/ld+json\" class=\"yoast-schema-graph\">{\"@context\":\"https:\\\/\\\/schema.org\",\"@graph\":[{\"@type\":\"Article\",\"@id\":\"https:\\\/\\\/elcanillita.info\\\/press\\\/2020\\\/02\\\/18\\\/venezuela-ovcs-enero-reduccion-76-protestas-respecto-2019\\\/#article\",\"isPartOf\":{\"@id\":\"https:\\\/\\\/elcanillita.info\\\/press\\\/2020\\\/02\\\/18\\\/venezuela-ovcs-enero-reduccion-76-protestas-respecto-2019\\\/\"},\"author\":{\"name\":\"SalaStampa.eu, world press service\",\"@id\":\"https:\\\/\\\/elcanillita.info\\\/press\\\/#\\\/schema\\\/person\\\/7fcb79f38045700919f7da6d97e71ba0\"},\"headline\":\"Venezuela: OVCS reporta en enero reducci\u00f3n del 76% en protestas respecto a 2019\",\"datePublished\":\"2020-02-18T22:15:10+00:00\",\"dateModified\":\"2020-02-18T22:15:13+00:00\",\"mainEntityOfPage\":{\"@id\":\"https:\\\/\\\/elcanillita.info\\\/press\\\/2020\\\/02\\\/18\\\/venezuela-ovcs-enero-reduccion-76-protestas-respecto-2019\\\/\"},\"wordCount\":588,\"publisher\":{\"@id\":\"https:\\\/\\\/elcanillita.info\\\/press\\\/#organization\"},\"keywords\":[\"Venezuela\"],\"articleSection\":[\"Actualidad\",\"Am\u00e9rica del Sur\",\"Economia\",\"Politica\",\"Sociedad\"],\"inLanguage\":\"es-AR\"},{\"@type\":\"WebPage\",\"@id\":\"https:\\\/\\\/elcanillita.info\\\/press\\\/2020\\\/02\\\/18\\\/venezuela-ovcs-enero-reduccion-76-protestas-respecto-2019\\\/\",\"url\":\"https:\\\/\\\/elcanillita.info\\\/press\\\/2020\\\/02\\\/18\\\/venezuela-ovcs-enero-reduccion-76-protestas-respecto-2019\\\/\",\"name\":\"Venezuela: OVCS reporta en enero reducci\u00f3n del 76% en protestas respecto a 2019 - ElCanillita.Info\",\"isPartOf\":{\"@id\":\"https:\\\/\\\/elcanillita.info\\\/press\\\/#website\"},\"datePublished\":\"2020-02-18T22:15:10+00:00\",\"dateModified\":\"2020-02-18T22:15:13+00:00\",\"inLanguage\":\"es-AR\",\"potentialAction\":[{\"@type\":\"ReadAction\",\"target\":[\"https:\\\/\\\/elcanillita.info\\\/press\\\/2020\\\/02\\\/18\\\/venezuela-ovcs-enero-reduccion-76-protestas-respecto-2019\\\/\"]}]},{\"@type\":\"WebSite\",\"@id\":\"https:\\\/\\\/elcanillita.info\\\/press\\\/#website\",\"url\":\"https:\\\/\\\/elcanillita.info\\\/press\\\/\",\"name\":\"ElCanillita.Info\",\"description\":\"desde los Apeninos a los Andes\",\"publisher\":{\"@id\":\"https:\\\/\\\/elcanillita.info\\\/press\\\/#organization\"},\"potentialAction\":[{\"@type\":\"SearchAction\",\"target\":{\"@type\":\"EntryPoint\",\"urlTemplate\":\"https:\\\/\\\/elcanillita.info\\\/press\\\/?s={search_term_string}\"},\"query-input\":{\"@type\":\"PropertyValueSpecification\",\"valueRequired\":true,\"valueName\":\"search_term_string\"}}],\"inLanguage\":\"es-AR\"},{\"@type\":\"Organization\",\"@id\":\"https:\\\/\\\/elcanillita.info\\\/press\\\/#organization\",\"name\":\"Guzzo Photos & Graphic Publications\",\"url\":\"https:\\\/\\\/elcanillita.info\\\/press\\\/\",\"logo\":{\"@type\":\"ImageObject\",\"inLanguage\":\"es-AR\",\"@id\":\"https:\\\/\\\/elcanillita.info\\\/press\\\/#\\\/schema\\\/logo\\\/image\\\/\",\"url\":\"https:\\\/\\\/elcanillita.info\\\/press\\\/images\\\/2020\\\/01\\\/cropped-cropped-cropped-elcanillitainfo.png\",\"contentUrl\":\"https:\\\/\\\/elcanillita.info\\\/press\\\/images\\\/2020\\\/01\\\/cropped-cropped-cropped-elcanillitainfo.png\",\"width\":460,\"height\":50,\"caption\":\"Guzzo Photos & Graphic Publications\"},\"image\":{\"@id\":\"https:\\\/\\\/elcanillita.info\\\/press\\\/#\\\/schema\\\/logo\\\/image\\\/\"},\"sameAs\":[\"https:\\\/\\\/ar-ar.facebook.com\\\/ElCanillitainfo-114249515285712\\\/\"]},{\"@type\":\"Person\",\"@id\":\"https:\\\/\\\/elcanillita.info\\\/press\\\/#\\\/schema\\\/person\\\/7fcb79f38045700919f7da6d97e71ba0\",\"name\":\"SalaStampa.eu, world press service\",\"image\":{\"@type\":\"ImageObject\",\"inLanguage\":\"es-AR\",\"@id\":\"https:\\\/\\\/secure.gravatar.com\\\/avatar\\\/c2f0e0d515a107624234994507816ca4724c7199cef73fc8bedebf6931d73888?s=96&d=mm&r=g\",\"url\":\"https:\\\/\\\/secure.gravatar.com\\\/avatar\\\/c2f0e0d515a107624234994507816ca4724c7199cef73fc8bedebf6931d73888?s=96&d=mm&r=g\",\"contentUrl\":\"https:\\\/\\\/secure.gravatar.com\\\/avatar\\\/c2f0e0d515a107624234994507816ca4724c7199cef73fc8bedebf6931d73888?s=96&d=mm&r=g\",\"caption\":\"SalaStampa.eu, world press service\"}}]}<\/script>\n<!-- \/ Yoast SEO plugin. -->","yoast_head_json":{"title":"Venezuela: OVCS reporta en enero reducci\u00f3n del 76% en protestas respecto a 2019 - ElCanillita.Info","robots":{"index":"index","follow":"follow","max-snippet":"max-snippet:-1","max-image-preview":"max-image-preview:large","max-video-preview":"max-video-preview:-1"},"canonical":"https:\/\/elcanillita.info\/press\/2020\/02\/18\/venezuela-ovcs-enero-reduccion-76-protestas-respecto-2019\/","og_locale":"es_ES","og_type":"article","og_title":"Venezuela: OVCS reporta en enero reducci\u00f3n del 76% en protestas respecto a 2019 - ElCanillita.Info","og_description":"Caracas, 18.02.2020 - El Observatorio Venezolano de Conflictividad Social (OVCS) registr\u00f3 618 protestas en enero, equivalente a un promedio de 21 diarias, seg\u00fan un reciente informe divulgado por la organizaci\u00f3n.","og_url":"https:\/\/elcanillita.info\/press\/2020\/02\/18\/venezuela-ovcs-enero-reduccion-76-protestas-respecto-2019\/","og_site_name":"ElCanillita.Info","article_publisher":"https:\/\/ar-ar.facebook.com\/ElCanillitainfo-114249515285712\/","article_published_time":"2020-02-18T22:15:10+00:00","article_modified_time":"2020-02-18T22:15:13+00:00","author":"SalaStampa.eu, world press service","twitter_card":"summary_large_image","twitter_misc":{"Escrito por":"SalaStampa.eu, world press service","Tiempo de lectura":"3 minutos"},"schema":{"@context":"https:\/\/schema.org","@graph":[{"@type":"Article","@id":"https:\/\/elcanillita.info\/press\/2020\/02\/18\/venezuela-ovcs-enero-reduccion-76-protestas-respecto-2019\/#article","isPartOf":{"@id":"https:\/\/elcanillita.info\/press\/2020\/02\/18\/venezuela-ovcs-enero-reduccion-76-protestas-respecto-2019\/"},"author":{"name":"SalaStampa.eu, world press service","@id":"https:\/\/elcanillita.info\/press\/#\/schema\/person\/7fcb79f38045700919f7da6d97e71ba0"},"headline":"Venezuela: OVCS reporta en enero reducci\u00f3n del 76% en protestas respecto a 2019","datePublished":"2020-02-18T22:15:10+00:00","dateModified":"2020-02-18T22:15:13+00:00","mainEntityOfPage":{"@id":"https:\/\/elcanillita.info\/press\/2020\/02\/18\/venezuela-ovcs-enero-reduccion-76-protestas-respecto-2019\/"},"wordCount":588,"publisher":{"@id":"https:\/\/elcanillita.info\/press\/#organization"},"keywords":["Venezuela"],"articleSection":["Actualidad","Am\u00e9rica del Sur","Economia","Politica","Sociedad"],"inLanguage":"es-AR"},{"@type":"WebPage","@id":"https:\/\/elcanillita.info\/press\/2020\/02\/18\/venezuela-ovcs-enero-reduccion-76-protestas-respecto-2019\/","url":"https:\/\/elcanillita.info\/press\/2020\/02\/18\/venezuela-ovcs-enero-reduccion-76-protestas-respecto-2019\/","name":"Venezuela: OVCS reporta en enero reducci\u00f3n del 76% en protestas respecto a 2019 - ElCanillita.Info","isPartOf":{"@id":"https:\/\/elcanillita.info\/press\/#website"},"datePublished":"2020-02-18T22:15:10+00:00","dateModified":"2020-02-18T22:15:13+00:00","inLanguage":"es-AR","potentialAction":[{"@type":"ReadAction","target":["https:\/\/elcanillita.info\/press\/2020\/02\/18\/venezuela-ovcs-enero-reduccion-76-protestas-respecto-2019\/"]}]},{"@type":"WebSite","@id":"https:\/\/elcanillita.info\/press\/#website","url":"https:\/\/elcanillita.info\/press\/","name":"ElCanillita.Info","description":"desde los Apeninos a los Andes","publisher":{"@id":"https:\/\/elcanillita.info\/press\/#organization"},"potentialAction":[{"@type":"SearchAction","target":{"@type":"EntryPoint","urlTemplate":"https:\/\/elcanillita.info\/press\/?s={search_term_string}"},"query-input":{"@type":"PropertyValueSpecification","valueRequired":true,"valueName":"search_term_string"}}],"inLanguage":"es-AR"},{"@type":"Organization","@id":"https:\/\/elcanillita.info\/press\/#organization","name":"Guzzo Photos & Graphic Publications","url":"https:\/\/elcanillita.info\/press\/","logo":{"@type":"ImageObject","inLanguage":"es-AR","@id":"https:\/\/elcanillita.info\/press\/#\/schema\/logo\/image\/","url":"https:\/\/elcanillita.info\/press\/images\/2020\/01\/cropped-cropped-cropped-elcanillitainfo.png","contentUrl":"https:\/\/elcanillita.info\/press\/images\/2020\/01\/cropped-cropped-cropped-elcanillitainfo.png","width":460,"height":50,"caption":"Guzzo Photos & Graphic Publications"},"image":{"@id":"https:\/\/elcanillita.info\/press\/#\/schema\/logo\/image\/"},"sameAs":["https:\/\/ar-ar.facebook.com\/ElCanillitainfo-114249515285712\/"]},{"@type":"Person","@id":"https:\/\/elcanillita.info\/press\/#\/schema\/person\/7fcb79f38045700919f7da6d97e71ba0","name":"SalaStampa.eu, world press service","image":{"@type":"ImageObject","inLanguage":"es-AR","@id":"https:\/\/secure.gravatar.com\/avatar\/c2f0e0d515a107624234994507816ca4724c7199cef73fc8bedebf6931d73888?s=96&d=mm&r=g","url":"https:\/\/secure.gravatar.com\/avatar\/c2f0e0d515a107624234994507816ca4724c7199cef73fc8bedebf6931d73888?s=96&d=mm&r=g","contentUrl":"https:\/\/secure.gravatar.com\/avatar\/c2f0e0d515a107624234994507816ca4724c7199cef73fc8bedebf6931d73888?s=96&d=mm&r=g","caption":"SalaStampa.eu, world press service"}}]}},"views":748,"_links":{"self":[{"href":"https:\/\/elcanillita.info\/press\/wp-json\/wp\/v2\/posts\/472","targetHints":{"allow":["GET"]}}],"collection":[{"href":"https:\/\/elcanillita.info\/press\/wp-json\/wp\/v2\/posts"}],"about":[{"href":"https:\/\/elcanillita.info\/press\/wp-json\/wp\/v2\/types\/post"}],"author":[{"embeddable":true,"href":"https:\/\/elcanillita.info\/press\/wp-json\/wp\/v2\/users\/1"}],"replies":[{"embeddable":true,"href":"https:\/\/elcanillita.info\/press\/wp-json\/wp\/v2\/comments?post=472"}],"version-history":[{"count":0,"href":"https:\/\/elcanillita.info\/press\/wp-json\/wp\/v2\/posts\/472\/revisions"}],"wp:attachment":[{"href":"https:\/\/elcanillita.info\/press\/wp-json\/wp\/v2\/media?parent=472"}],"wp:term":[{"taxonomy":"category","embeddable":true,"href":"https:\/\/elcanillita.info\/press\/wp-json\/wp\/v2\/categories?post=472"},{"taxonomy":"post_tag","embeddable":true,"href":"https:\/\/elcanillita.info\/press\/wp-json\/wp\/v2\/tags?post=472"}],"curies":[{"name":"wp","href":"https:\/\/api.w.org\/{rel}","templated":true}]}}