{"id":4718,"date":"2025-05-30T08:08:35","date_gmt":"2025-05-30T11:08:35","guid":{"rendered":"https:\/\/elcanillita.info\/press\/?p=4718"},"modified":"2025-05-30T08:08:36","modified_gmt":"2025-05-30T11:08:36","slug":"il-pesce-che-puzza","status":"publish","type":"post","link":"https:\/\/elcanillita.info\/press\/2025\/05\/30\/il-pesce-che-puzza\/","title":{"rendered":"Il Pesce che Puzza"},"content":{"rendered":"<div class=\"wp-block-image\">\n<figure class=\"alignleft size-full is-resized\"><img loading=\"lazy\" decoding=\"async\" width=\"450\" height=\"450\" src=\"https:\/\/elcanillita.info\/press\/images\/2025\/05\/pecas_20250530.Edit_-1.png\" alt=\"\" class=\"wp-image-4720\" style=\"width:314px;height:auto\" srcset=\"https:\/\/elcanillita.info\/press\/images\/2025\/05\/pecas_20250530.Edit_-1.png 450w, https:\/\/elcanillita.info\/press\/images\/2025\/05\/pecas_20250530.Edit_-1-300x300.png 300w, https:\/\/elcanillita.info\/press\/images\/2025\/05\/pecas_20250530.Edit_-1-150x150.png 150w\" sizes=\"auto, (max-width: 450px) 100vw, 450px\" \/><\/figure>\n<\/div>\n\n\n<p><strong>ElCanillita.info<\/strong><br>Italia UE, 30\/05\/2025<br>Con sus infaltables frascos de dulce de leche envasados al vac\u00edo, golosinas en papel de celof\u00e1n y un par de conjuntos tejidos a mano para los nietos que tiene en Francia, la legendaria abuela Pecas sin Telecomando volvi\u00f3 a embarcarse en su cl\u00e1sico Tour Europeo del Cari\u00f1o Trimestral.<\/p>\n\n\n\n<p>Su primer destino fue Lyon, donde sus nietos la esperaban con dibujos, abrazos y el pedido urgente de \u201cque les arregle el WiFi porque mam\u00e1 no puede\u201d. Luego, parti\u00f3 rumbo a Valencia, a casa de su otra hija, la que vive cerca del mar, donde tuvo que cocinar tres veces seguidas milanesas con pur\u00e9 &#8220;como las de la infancia&#8221;, porque el delivery les cae pesado. Hasta ah\u00ed, todo bien. Todo legal. Todo UE-friendly.<\/p>\n\n\n\n<p>Pero el drama vino al intentar cumplir su sue\u00f1o: visitar Roma, ver a ese nuevo Papa norteamericano que habla con tonada de Recoleta y reza por WhatsApp, y saludar a los museos donde sol\u00eda pasear cuando era joven y la entrada era gratuita si uno dec\u00eda &#8220;soy maestra jubilada&#8221;.<\/p>\n\n\n\n<p>Sin embargo, el agente de migraciones del aeropuerto de Barajas \u2014ese mismo que cada tres meses le cuenta los d\u00edas del pasaporte como si fueran porotos\u2014 volvi\u00f3 a marcarle \u00a189 d\u00edas exactos de permanencia en Europa!. Y ni un minuto m\u00e1s.<br>\u2014\u201cSe\u00f1ora, es la ley del espacio Schengen\u201d, dijo el funcionario, sin levantar la vista de su sello.<br>\u2014\u201c\u00bfEspacio Schengen o espacio para que no entre una abuela con mermeladas?\u201d, murmur\u00f3 Pecas entre dientes.<\/p>\n\n\n\n<p>As\u00ed, otra vez, Pecas no lleg\u00f3 a Roma. Porque seg\u00fan el nuevo proyecto legislativo, llamado por el pueblo \u201cIl Pesce che Puzza\u201d (en referencia al refr\u00e1n: el pez se pudre por la cabeza), Italia estudia limitar a\u00fan m\u00e1s la circulaci\u00f3n de inmigrantes y \u201cciertos visitantes reincidentes con bolsos llenos de alfajores\u201d.<\/p>\n\n\n\n<p>\u00bfEl problema? Nadie sabe cu\u00e1ntos indocumentados hay en realidad. Ni siquiera el INPS, que hace malabares entre jubilaciones fantasmas, cuidadores filipinos y plomeros b\u00falgaros que desaparecen cuando huelen al inspector.<\/p>\n\n\n\n<p>Mientras tanto, en Bruselas se discute si esta ley es compatible con los tratados europeos, y en Roma la \u00fanica que queda sin voz es Pecas, la abuela de todos, a la que Europa ama\u2026 pero con un sello de 89 d\u00edas como m\u00e1ximo.<\/p>\n\n\n\n<p>Pecas regresar\u00e1 en tres meses, por supuesto. Pero esta vez, con la firme intenci\u00f3n de entrar disfrazada de gu\u00eda tur\u00edstica japonesa o monja coreana en misi\u00f3n. Porque lo que no puede hacer una abuela por sus nietos, no lo detiene ni el Pez que Puzza ni un refer\u00e9ndum con nombre de espagueti vencido.<br><br><small>\u00a92025 Don Click al Bal\u00f4n \u2013 el cura del vintage che fotograf\u00eda solo aquello que tiene 50 a\u00f1os &#8211; All Rights Reserved -Copyright \u00a9 2025 BlogDiario.info \/ SalaStampa.eu, world press service &#8211; Guzzo Photos &amp; Graphic Publications \u2013 Registro Editori e Stampatori n. 1441 Torino, Italia<\/small><br><br><\/p>\n\n\n\n<p><\/p>\n","protected":false},"excerpt":{"rendered":"<p>Abuela Pecas y el Refer\u00e9ndum que la dej\u00f3 sin Roma<\/p>\n","protected":false},"author":1,"featured_media":4719,"comment_status":"closed","ping_status":"closed","sticky":false,"template":"","format":"standard","meta":{"footnotes":"","_links_to":"","_links_to_target":""},"categories":[121,108,70,123,126,23,25,115],"tags":[29,60,35],"class_list":["post-4718","post","type-post","status-publish","format-standard","has-post-thumbnail","hentry","category-dc24","category-blogdiario","category-actualidad","category-argentina","category-dolores-de-la-press","category-politica","category-sociedad","category-union-europea","tag-argentina","tag-italia","tag-mundo","entry","double"],"yoast_head":"<!-- This site is optimized with the Yoast SEO plugin v27.5 - https:\/\/yoast.com\/product\/yoast-seo-wordpress\/ -->\n<title>Il Pesce che Puzza - ElCanillita.Info<\/title>\n<meta name=\"robots\" content=\"index, follow, max-snippet:-1, max-image-preview:large, max-video-preview:-1\" \/>\n<link rel=\"canonical\" href=\"https:\/\/elcanillita.info\/press\/2025\/05\/30\/il-pesce-che-puzza\/\" \/>\n<meta property=\"og:locale\" content=\"es_ES\" \/>\n<meta property=\"og:type\" content=\"article\" \/>\n<meta property=\"og:title\" content=\"Il Pesce che Puzza - ElCanillita.Info\" \/>\n<meta property=\"og:description\" content=\"Abuela Pecas y el Refer\u00e9ndum que la dej\u00f3 sin Roma\" \/>\n<meta property=\"og:url\" content=\"https:\/\/elcanillita.info\/press\/2025\/05\/30\/il-pesce-che-puzza\/\" \/>\n<meta property=\"og:site_name\" content=\"ElCanillita.Info\" \/>\n<meta property=\"article:publisher\" content=\"https:\/\/ar-ar.facebook.com\/ElCanillitainfo-114249515285712\/\" \/>\n<meta property=\"article:published_time\" content=\"2025-05-30T11:08:35+00:00\" \/>\n<meta property=\"article:modified_time\" content=\"2025-05-30T11:08:36+00:00\" \/>\n<meta property=\"og:image\" content=\"https:\/\/elcanillita.info\/press\/images\/2025\/05\/pecas_20250530.Edit_.png\" \/>\n\t<meta property=\"og:image:width\" content=\"450\" \/>\n\t<meta property=\"og:image:height\" content=\"450\" \/>\n\t<meta property=\"og:image:type\" content=\"image\/png\" \/>\n<meta name=\"author\" content=\"SalaStampa.eu, world press service\" \/>\n<meta name=\"twitter:card\" content=\"summary_large_image\" \/>\n<meta name=\"twitter:label1\" content=\"Escrito por\" \/>\n\t<meta name=\"twitter:data1\" content=\"SalaStampa.eu, world press service\" \/>\n\t<meta name=\"twitter:label2\" content=\"Tiempo de lectura\" \/>\n\t<meta name=\"twitter:data2\" content=\"3 minutos\" \/>\n<script type=\"application\/ld+json\" class=\"yoast-schema-graph\">{\"@context\":\"https:\\\/\\\/schema.org\",\"@graph\":[{\"@type\":\"Article\",\"@id\":\"https:\\\/\\\/elcanillita.info\\\/press\\\/2025\\\/05\\\/30\\\/il-pesce-che-puzza\\\/#article\",\"isPartOf\":{\"@id\":\"https:\\\/\\\/elcanillita.info\\\/press\\\/2025\\\/05\\\/30\\\/il-pesce-che-puzza\\\/\"},\"author\":{\"name\":\"SalaStampa.eu, world press service\",\"@id\":\"https:\\\/\\\/elcanillita.info\\\/press\\\/#\\\/schema\\\/person\\\/7fcb79f38045700919f7da6d97e71ba0\"},\"headline\":\"Il Pesce che Puzza\",\"datePublished\":\"2025-05-30T11:08:35+00:00\",\"dateModified\":\"2025-05-30T11:08:36+00:00\",\"mainEntityOfPage\":{\"@id\":\"https:\\\/\\\/elcanillita.info\\\/press\\\/2025\\\/05\\\/30\\\/il-pesce-che-puzza\\\/\"},\"wordCount\":496,\"publisher\":{\"@id\":\"https:\\\/\\\/elcanillita.info\\\/press\\\/#organization\"},\"image\":{\"@id\":\"https:\\\/\\\/elcanillita.info\\\/press\\\/2025\\\/05\\\/30\\\/il-pesce-che-puzza\\\/#primaryimage\"},\"thumbnailUrl\":\"https:\\\/\\\/elcanillita.info\\\/press\\\/images\\\/2025\\\/05\\\/pecas_20250530.Edit_.png\",\"keywords\":[\"Argentina\",\"Italia\",\"MUNDO\"],\"articleSection\":[\".\",\".\",\"Actualidad\",\"Argentina\",\"Dolores de La Press\",\"Politica\",\"Sociedad\",\"UE\"],\"inLanguage\":\"es-AR\"},{\"@type\":\"WebPage\",\"@id\":\"https:\\\/\\\/elcanillita.info\\\/press\\\/2025\\\/05\\\/30\\\/il-pesce-che-puzza\\\/\",\"url\":\"https:\\\/\\\/elcanillita.info\\\/press\\\/2025\\\/05\\\/30\\\/il-pesce-che-puzza\\\/\",\"name\":\"Il Pesce che Puzza - ElCanillita.Info\",\"isPartOf\":{\"@id\":\"https:\\\/\\\/elcanillita.info\\\/press\\\/#website\"},\"primaryImageOfPage\":{\"@id\":\"https:\\\/\\\/elcanillita.info\\\/press\\\/2025\\\/05\\\/30\\\/il-pesce-che-puzza\\\/#primaryimage\"},\"image\":{\"@id\":\"https:\\\/\\\/elcanillita.info\\\/press\\\/2025\\\/05\\\/30\\\/il-pesce-che-puzza\\\/#primaryimage\"},\"thumbnailUrl\":\"https:\\\/\\\/elcanillita.info\\\/press\\\/images\\\/2025\\\/05\\\/pecas_20250530.Edit_.png\",\"datePublished\":\"2025-05-30T11:08:35+00:00\",\"dateModified\":\"2025-05-30T11:08:36+00:00\",\"inLanguage\":\"es-AR\",\"potentialAction\":[{\"@type\":\"ReadAction\",\"target\":[\"https:\\\/\\\/elcanillita.info\\\/press\\\/2025\\\/05\\\/30\\\/il-pesce-che-puzza\\\/\"]}]},{\"@type\":\"ImageObject\",\"inLanguage\":\"es-AR\",\"@id\":\"https:\\\/\\\/elcanillita.info\\\/press\\\/2025\\\/05\\\/30\\\/il-pesce-che-puzza\\\/#primaryimage\",\"url\":\"https:\\\/\\\/elcanillita.info\\\/press\\\/images\\\/2025\\\/05\\\/pecas_20250530.Edit_.png\",\"contentUrl\":\"https:\\\/\\\/elcanillita.info\\\/press\\\/images\\\/2025\\\/05\\\/pecas_20250530.Edit_.png\",\"width\":450,\"height\":450},{\"@type\":\"WebSite\",\"@id\":\"https:\\\/\\\/elcanillita.info\\\/press\\\/#website\",\"url\":\"https:\\\/\\\/elcanillita.info\\\/press\\\/\",\"name\":\"ElCanillita.Info\",\"description\":\"desde los Apeninos a los Andes\",\"publisher\":{\"@id\":\"https:\\\/\\\/elcanillita.info\\\/press\\\/#organization\"},\"potentialAction\":[{\"@type\":\"SearchAction\",\"target\":{\"@type\":\"EntryPoint\",\"urlTemplate\":\"https:\\\/\\\/elcanillita.info\\\/press\\\/?s={search_term_string}\"},\"query-input\":{\"@type\":\"PropertyValueSpecification\",\"valueRequired\":true,\"valueName\":\"search_term_string\"}}],\"inLanguage\":\"es-AR\"},{\"@type\":\"Organization\",\"@id\":\"https:\\\/\\\/elcanillita.info\\\/press\\\/#organization\",\"name\":\"Guzzo Photos & Graphic Publications\",\"url\":\"https:\\\/\\\/elcanillita.info\\\/press\\\/\",\"logo\":{\"@type\":\"ImageObject\",\"inLanguage\":\"es-AR\",\"@id\":\"https:\\\/\\\/elcanillita.info\\\/press\\\/#\\\/schema\\\/logo\\\/image\\\/\",\"url\":\"https:\\\/\\\/elcanillita.info\\\/press\\\/images\\\/2020\\\/01\\\/cropped-cropped-cropped-elcanillitainfo.png\",\"contentUrl\":\"https:\\\/\\\/elcanillita.info\\\/press\\\/images\\\/2020\\\/01\\\/cropped-cropped-cropped-elcanillitainfo.png\",\"width\":460,\"height\":50,\"caption\":\"Guzzo Photos & Graphic Publications\"},\"image\":{\"@id\":\"https:\\\/\\\/elcanillita.info\\\/press\\\/#\\\/schema\\\/logo\\\/image\\\/\"},\"sameAs\":[\"https:\\\/\\\/ar-ar.facebook.com\\\/ElCanillitainfo-114249515285712\\\/\"]},{\"@type\":\"Person\",\"@id\":\"https:\\\/\\\/elcanillita.info\\\/press\\\/#\\\/schema\\\/person\\\/7fcb79f38045700919f7da6d97e71ba0\",\"name\":\"SalaStampa.eu, world press service\",\"image\":{\"@type\":\"ImageObject\",\"inLanguage\":\"es-AR\",\"@id\":\"https:\\\/\\\/secure.gravatar.com\\\/avatar\\\/c2f0e0d515a107624234994507816ca4724c7199cef73fc8bedebf6931d73888?s=96&d=mm&r=g\",\"url\":\"https:\\\/\\\/secure.gravatar.com\\\/avatar\\\/c2f0e0d515a107624234994507816ca4724c7199cef73fc8bedebf6931d73888?s=96&d=mm&r=g\",\"contentUrl\":\"https:\\\/\\\/secure.gravatar.com\\\/avatar\\\/c2f0e0d515a107624234994507816ca4724c7199cef73fc8bedebf6931d73888?s=96&d=mm&r=g\",\"caption\":\"SalaStampa.eu, world press service\"}}]}<\/script>\n<!-- \/ Yoast SEO plugin. -->","yoast_head_json":{"title":"Il Pesce che Puzza - ElCanillita.Info","robots":{"index":"index","follow":"follow","max-snippet":"max-snippet:-1","max-image-preview":"max-image-preview:large","max-video-preview":"max-video-preview:-1"},"canonical":"https:\/\/elcanillita.info\/press\/2025\/05\/30\/il-pesce-che-puzza\/","og_locale":"es_ES","og_type":"article","og_title":"Il Pesce che Puzza - ElCanillita.Info","og_description":"Abuela Pecas y el Refer\u00e9ndum que la dej\u00f3 sin Roma","og_url":"https:\/\/elcanillita.info\/press\/2025\/05\/30\/il-pesce-che-puzza\/","og_site_name":"ElCanillita.Info","article_publisher":"https:\/\/ar-ar.facebook.com\/ElCanillitainfo-114249515285712\/","article_published_time":"2025-05-30T11:08:35+00:00","article_modified_time":"2025-05-30T11:08:36+00:00","og_image":[{"width":450,"height":450,"url":"https:\/\/elcanillita.info\/press\/images\/2025\/05\/pecas_20250530.Edit_.png","type":"image\/png"}],"author":"SalaStampa.eu, world press service","twitter_card":"summary_large_image","twitter_misc":{"Escrito por":"SalaStampa.eu, world press service","Tiempo de lectura":"3 minutos"},"schema":{"@context":"https:\/\/schema.org","@graph":[{"@type":"Article","@id":"https:\/\/elcanillita.info\/press\/2025\/05\/30\/il-pesce-che-puzza\/#article","isPartOf":{"@id":"https:\/\/elcanillita.info\/press\/2025\/05\/30\/il-pesce-che-puzza\/"},"author":{"name":"SalaStampa.eu, world press service","@id":"https:\/\/elcanillita.info\/press\/#\/schema\/person\/7fcb79f38045700919f7da6d97e71ba0"},"headline":"Il Pesce che Puzza","datePublished":"2025-05-30T11:08:35+00:00","dateModified":"2025-05-30T11:08:36+00:00","mainEntityOfPage":{"@id":"https:\/\/elcanillita.info\/press\/2025\/05\/30\/il-pesce-che-puzza\/"},"wordCount":496,"publisher":{"@id":"https:\/\/elcanillita.info\/press\/#organization"},"image":{"@id":"https:\/\/elcanillita.info\/press\/2025\/05\/30\/il-pesce-che-puzza\/#primaryimage"},"thumbnailUrl":"https:\/\/elcanillita.info\/press\/images\/2025\/05\/pecas_20250530.Edit_.png","keywords":["Argentina","Italia","MUNDO"],"articleSection":[".",".","Actualidad","Argentina","Dolores de La Press","Politica","Sociedad","UE"],"inLanguage":"es-AR"},{"@type":"WebPage","@id":"https:\/\/elcanillita.info\/press\/2025\/05\/30\/il-pesce-che-puzza\/","url":"https:\/\/elcanillita.info\/press\/2025\/05\/30\/il-pesce-che-puzza\/","name":"Il Pesce che Puzza - ElCanillita.Info","isPartOf":{"@id":"https:\/\/elcanillita.info\/press\/#website"},"primaryImageOfPage":{"@id":"https:\/\/elcanillita.info\/press\/2025\/05\/30\/il-pesce-che-puzza\/#primaryimage"},"image":{"@id":"https:\/\/elcanillita.info\/press\/2025\/05\/30\/il-pesce-che-puzza\/#primaryimage"},"thumbnailUrl":"https:\/\/elcanillita.info\/press\/images\/2025\/05\/pecas_20250530.Edit_.png","datePublished":"2025-05-30T11:08:35+00:00","dateModified":"2025-05-30T11:08:36+00:00","inLanguage":"es-AR","potentialAction":[{"@type":"ReadAction","target":["https:\/\/elcanillita.info\/press\/2025\/05\/30\/il-pesce-che-puzza\/"]}]},{"@type":"ImageObject","inLanguage":"es-AR","@id":"https:\/\/elcanillita.info\/press\/2025\/05\/30\/il-pesce-che-puzza\/#primaryimage","url":"https:\/\/elcanillita.info\/press\/images\/2025\/05\/pecas_20250530.Edit_.png","contentUrl":"https:\/\/elcanillita.info\/press\/images\/2025\/05\/pecas_20250530.Edit_.png","width":450,"height":450},{"@type":"WebSite","@id":"https:\/\/elcanillita.info\/press\/#website","url":"https:\/\/elcanillita.info\/press\/","name":"ElCanillita.Info","description":"desde los Apeninos a los Andes","publisher":{"@id":"https:\/\/elcanillita.info\/press\/#organization"},"potentialAction":[{"@type":"SearchAction","target":{"@type":"EntryPoint","urlTemplate":"https:\/\/elcanillita.info\/press\/?s={search_term_string}"},"query-input":{"@type":"PropertyValueSpecification","valueRequired":true,"valueName":"search_term_string"}}],"inLanguage":"es-AR"},{"@type":"Organization","@id":"https:\/\/elcanillita.info\/press\/#organization","name":"Guzzo Photos & Graphic Publications","url":"https:\/\/elcanillita.info\/press\/","logo":{"@type":"ImageObject","inLanguage":"es-AR","@id":"https:\/\/elcanillita.info\/press\/#\/schema\/logo\/image\/","url":"https:\/\/elcanillita.info\/press\/images\/2020\/01\/cropped-cropped-cropped-elcanillitainfo.png","contentUrl":"https:\/\/elcanillita.info\/press\/images\/2020\/01\/cropped-cropped-cropped-elcanillitainfo.png","width":460,"height":50,"caption":"Guzzo Photos & Graphic Publications"},"image":{"@id":"https:\/\/elcanillita.info\/press\/#\/schema\/logo\/image\/"},"sameAs":["https:\/\/ar-ar.facebook.com\/ElCanillitainfo-114249515285712\/"]},{"@type":"Person","@id":"https:\/\/elcanillita.info\/press\/#\/schema\/person\/7fcb79f38045700919f7da6d97e71ba0","name":"SalaStampa.eu, world press service","image":{"@type":"ImageObject","inLanguage":"es-AR","@id":"https:\/\/secure.gravatar.com\/avatar\/c2f0e0d515a107624234994507816ca4724c7199cef73fc8bedebf6931d73888?s=96&d=mm&r=g","url":"https:\/\/secure.gravatar.com\/avatar\/c2f0e0d515a107624234994507816ca4724c7199cef73fc8bedebf6931d73888?s=96&d=mm&r=g","contentUrl":"https:\/\/secure.gravatar.com\/avatar\/c2f0e0d515a107624234994507816ca4724c7199cef73fc8bedebf6931d73888?s=96&d=mm&r=g","caption":"SalaStampa.eu, world press service"}}]}},"views":245,"_links":{"self":[{"href":"https:\/\/elcanillita.info\/press\/wp-json\/wp\/v2\/posts\/4718","targetHints":{"allow":["GET"]}}],"collection":[{"href":"https:\/\/elcanillita.info\/press\/wp-json\/wp\/v2\/posts"}],"about":[{"href":"https:\/\/elcanillita.info\/press\/wp-json\/wp\/v2\/types\/post"}],"author":[{"embeddable":true,"href":"https:\/\/elcanillita.info\/press\/wp-json\/wp\/v2\/users\/1"}],"replies":[{"embeddable":true,"href":"https:\/\/elcanillita.info\/press\/wp-json\/wp\/v2\/comments?post=4718"}],"version-history":[{"count":0,"href":"https:\/\/elcanillita.info\/press\/wp-json\/wp\/v2\/posts\/4718\/revisions"}],"wp:featuredmedia":[{"embeddable":true,"href":"https:\/\/elcanillita.info\/press\/wp-json\/wp\/v2\/media\/4719"}],"wp:attachment":[{"href":"https:\/\/elcanillita.info\/press\/wp-json\/wp\/v2\/media?parent=4718"}],"wp:term":[{"taxonomy":"category","embeddable":true,"href":"https:\/\/elcanillita.info\/press\/wp-json\/wp\/v2\/categories?post=4718"},{"taxonomy":"post_tag","embeddable":true,"href":"https:\/\/elcanillita.info\/press\/wp-json\/wp\/v2\/tags?post=4718"}],"curies":[{"name":"wp","href":"https:\/\/api.w.org\/{rel}","templated":true}]}}