{"id":471,"date":"2020-02-18T19:11:36","date_gmt":"2020-02-18T22:11:36","guid":{"rendered":"https:\/\/elcanillita.info\/press\/?p=471"},"modified":"2020-02-18T19:11:38","modified_gmt":"2020-02-18T22:11:38","slug":"nicaragua-activistas-denuncian-crisis-humanitaria-comunidades-indigenas","status":"publish","type":"post","link":"https:\/\/elcanillita.info\/press\/2020\/02\/18\/nicaragua-activistas-denuncian-crisis-humanitaria-comunidades-indigenas\/","title":{"rendered":"Nicaragua: Activistas denuncian crisis humanitaria en comunidades ind\u00edgenas"},"content":{"rendered":"\n<p> Costa Atl\u00e1ntica de Nicaragua, 18.02.2020 &#8211; Los pueblos ind\u00edgenas padecen una crisis humanitaria y&nbsp;est\u00e1n expuestos a una constante amenaza y clima de violencia provocado por colonos que pretenden apropiarse de sus tierras ancestrales, dijo la&nbsp;presidenta del Centro por la Justicia y Derechos Humanos de la Costa Atl\u00e1ntica de Nicaragua, Lottie Cunningham.<\/p>\n\n\n\n<p>\u201cEst\u00e1n intimidados y en el per\u00edmetro de todas sus comunidades ellos no pueden buscar sus alimentos para su subsistencia, as\u00ed que esto ha creado una mayor crisis humanitaria\u201d, dice Cunningham.<\/p>\n\n\n\n<p>Explic\u00f3 que \u201cmuchos de los colonos son personas que est\u00e1n fuertemente armadas y por eso nosotros le hemos venido solicitando a las autoridades del estado que procedan a la investigaci\u00f3n\u201d.<\/p>\n\n\n\n<p>El m\u00e1s reciente ataque supuestamente ejecutado por colonos sucedi\u00f3 el fin de semana en la comunidad Santa Clara, territorio Wangki Twi Tasba Raya, en Waspam, una zona habitada por misquitos.<\/p>\n\n\n\n<p>La l\u00edder ind\u00edgena Susana Marley, mejor conocida como mama grande, relat\u00f3 a la Voz de Am\u00e9rica que el ataque dej\u00f3 a una menor de edad herida de bala.<\/p>\n\n\n\n<p>\u201cEstos que llamamos colonos armados desde la monta\u00f1a rafaguearon a las personas que estaban ba\u00f1\u00e1ndose en el r\u00edo, el crike o arroyo y las balas penetraron en la cara de la ni\u00f1a Diajaira Lacayo Wislow, de 15 a\u00f1os\u201d, denunci\u00f3.<\/p>\n\n\n\n<p>Susana Marley, conocida como Mam\u00e1 Grande, relat\u00f3 a la VOA el incidente en que fue herida de bala una ni\u00f1a ind\u00edgena de 15 a\u00f1os en la Costa Caribe de Nicaragua..<\/p>\n\n\n\n<p>De acuerdo con Susana Marley, la adolescente se ba\u00f1aba con su familia en el r\u00edo a eso de las 5:00 de la tarde de este domingo, cuando fueron sorprendidos por una r\u00e1faga de disparos. Enseguida huyeron, pero una bala alcanz\u00f3 a la adolescente en su p\u00f3mulo, y supuestamente destruy\u00f3 su dentadura.<\/p>\n\n\n\n<p>Marley, expres\u00f3 que la situaci\u00f3n de salud de la menor es delicada y que fue trasladada a un centro asistencial.<\/p>\n\n\n\n<p>La expansi\u00f3n indiscriminada de la frontera agr\u00edcola es una las principales razones por las que los colonos pretenden desplazar a los pueblos ind\u00edgenas.<\/p>\n\n\n\n<p>\u201cEllos se han establecido y han formado comunidades en medio de la monta\u00f1a, con grandes potreros. Ellos le llaman a su comunidad Araguas. De all\u00ed entran con armas: han quemado casas, iglesias, escuelas y asesinado animales dom\u00e9sticos\u201d, explic\u00f3 Marley.<\/p>\n\n\n\n<p>Nicaragua: Activistas exigen investigaci\u00f3n internacional sobre asesinatos de ind\u00edgenas <\/p>\n\n\n\n<p>Hasta la entrega de este informe, las autoridades policiales no se hab\u00edan referido a los hechos.<\/p>\n\n\n\n<p>En tanto, la Comisi\u00f3n Interamericana de Derechos Humanos, CIDH, conden\u00f3 el ataque e inst\u00f3 al estado de Nicaragua a proteger la vida y la integridad de las personas que habitan en las comunidades ind\u00edgenas asentadas en la Costa Caribe.<\/p>\n\n\n\n<p>La comunidad atacada fue una de las beneficiadas con la ampliaci\u00f3n de medidas provisionales por parte de la CIDH en una resoluci\u00f3n publicada la semana pasada. Precisamente, el otorgamiento de esta protecci\u00f3n se debe al agravamiento de la violencia en la zona.<\/p>\n\n\n\n<p>La Corte adopt\u00f3 medidas provisionales a favor de siete comunidades en septiembre de 2016: Klisnak, Wisconsin, Wiwinak, San Jer\u00f3nimo y Francia Sirpi.<\/p>\n\n\n\n<p>CIDH exige a Estado nicaraguense investigar y castigar muerte de ind\u00edgenas<\/p>\n\n\n\n<p>Posteriormente, las ampli\u00f3 para las comunidades Esperanza R\u00edo Coco y Esperanza R\u00edo Wawa y en el 2018, a los defensores de los pueblos ind\u00edgenas Lottie Cunningham Wrem y Jos\u00e9 Medrana Coleman.<\/p>\n\n\n\n<p>Como parte de la informaci\u00f3n que fue presentada a la Corte, sobre la comunidad de Santa Clara se indica que sus integrantes se encuentran en una situaci\u00f3n de riesgo debido a la presencia de colonos en sus tierras comunales, lo cual se ha agravado con hechos como amenazas y el secuestro de algunos de sus pobladores.<br><br><small>2020 voanoticias \u2013 salastampa.eu, afiliada a la red Broadcasting Board of Governors \u00a9 2020 BBG<\/small><\/p>\n","protected":false},"excerpt":{"rendered":"<p> Costa Atl\u00e1ntica de Nicaragua, 18.02.2020 &#8211; Los pueblos ind\u00edgenas padecen una crisis humanitaria y est\u00e1n expuestos a una constante amenaza y clima de violencia provocado por colonos que pretenden apropiarse de sus tierras ancestrales, dijo la presidenta del Centro por la Justicia y Derechos Humanos de la Costa Atl\u00e1ntica de Nicaragua, Lottie Cunningham.<\/p>\n","protected":false},"author":1,"featured_media":0,"comment_status":"closed","ping_status":"closed","sticky":false,"template":"","format":"standard","meta":{"footnotes":"","_links_to":"","_links_to_target":""},"categories":[70,10,22,25],"tags":[32],"class_list":["post-471","post","type-post","status-publish","format-standard","hentry","category-actualidad","category-america-central","category-justicia","category-sociedad","tag-nicaragua","entry","double"],"yoast_head":"<!-- This site is optimized with the Yoast SEO plugin v27.4 - https:\/\/yoast.com\/product\/yoast-seo-wordpress\/ -->\n<title>Nicaragua: Activistas denuncian crisis humanitaria en comunidades ind\u00edgenas - ElCanillita.Info<\/title>\n<meta name=\"robots\" content=\"index, follow, max-snippet:-1, max-image-preview:large, max-video-preview:-1\" \/>\n<link rel=\"canonical\" href=\"https:\/\/elcanillita.info\/press\/2020\/02\/18\/nicaragua-activistas-denuncian-crisis-humanitaria-comunidades-indigenas\/\" \/>\n<meta property=\"og:locale\" content=\"es_ES\" \/>\n<meta property=\"og:type\" content=\"article\" \/>\n<meta property=\"og:title\" content=\"Nicaragua: Activistas denuncian crisis humanitaria en comunidades ind\u00edgenas - ElCanillita.Info\" \/>\n<meta property=\"og:description\" content=\"Costa Atl\u00e1ntica de Nicaragua, 18.02.2020 - Los pueblos ind\u00edgenas padecen una crisis humanitaria y est\u00e1n expuestos a una constante amenaza y clima de violencia provocado por colonos que pretenden apropiarse de sus tierras ancestrales, dijo la presidenta del Centro por la Justicia y Derechos Humanos de la Costa Atl\u00e1ntica de Nicaragua, Lottie Cunningham.\" \/>\n<meta property=\"og:url\" content=\"https:\/\/elcanillita.info\/press\/2020\/02\/18\/nicaragua-activistas-denuncian-crisis-humanitaria-comunidades-indigenas\/\" \/>\n<meta property=\"og:site_name\" content=\"ElCanillita.Info\" \/>\n<meta property=\"article:publisher\" content=\"https:\/\/ar-ar.facebook.com\/ElCanillitainfo-114249515285712\/\" \/>\n<meta property=\"article:published_time\" content=\"2020-02-18T22:11:36+00:00\" \/>\n<meta property=\"article:modified_time\" content=\"2020-02-18T22:11:38+00:00\" \/>\n<meta name=\"author\" content=\"SalaStampa.eu, world press service\" \/>\n<meta name=\"twitter:card\" content=\"summary_large_image\" \/>\n<meta name=\"twitter:label1\" content=\"Escrito por\" \/>\n\t<meta name=\"twitter:data1\" content=\"SalaStampa.eu, world press service\" \/>\n\t<meta name=\"twitter:label2\" content=\"Tiempo de lectura\" \/>\n\t<meta name=\"twitter:data2\" content=\"3 minutos\" \/>\n<script type=\"application\/ld+json\" class=\"yoast-schema-graph\">{\"@context\":\"https:\\\/\\\/schema.org\",\"@graph\":[{\"@type\":\"Article\",\"@id\":\"https:\\\/\\\/elcanillita.info\\\/press\\\/2020\\\/02\\\/18\\\/nicaragua-activistas-denuncian-crisis-humanitaria-comunidades-indigenas\\\/#article\",\"isPartOf\":{\"@id\":\"https:\\\/\\\/elcanillita.info\\\/press\\\/2020\\\/02\\\/18\\\/nicaragua-activistas-denuncian-crisis-humanitaria-comunidades-indigenas\\\/\"},\"author\":{\"name\":\"SalaStampa.eu, world press service\",\"@id\":\"https:\\\/\\\/elcanillita.info\\\/press\\\/#\\\/schema\\\/person\\\/7fcb79f38045700919f7da6d97e71ba0\"},\"headline\":\"Nicaragua: Activistas denuncian crisis humanitaria en comunidades ind\u00edgenas\",\"datePublished\":\"2020-02-18T22:11:36+00:00\",\"dateModified\":\"2020-02-18T22:11:38+00:00\",\"mainEntityOfPage\":{\"@id\":\"https:\\\/\\\/elcanillita.info\\\/press\\\/2020\\\/02\\\/18\\\/nicaragua-activistas-denuncian-crisis-humanitaria-comunidades-indigenas\\\/\"},\"wordCount\":661,\"publisher\":{\"@id\":\"https:\\\/\\\/elcanillita.info\\\/press\\\/#organization\"},\"keywords\":[\"Nicaragua\"],\"articleSection\":[\"Actualidad\",\"Am\u00e9rica Central\",\"Justicia\",\"Sociedad\"],\"inLanguage\":\"es-AR\"},{\"@type\":\"WebPage\",\"@id\":\"https:\\\/\\\/elcanillita.info\\\/press\\\/2020\\\/02\\\/18\\\/nicaragua-activistas-denuncian-crisis-humanitaria-comunidades-indigenas\\\/\",\"url\":\"https:\\\/\\\/elcanillita.info\\\/press\\\/2020\\\/02\\\/18\\\/nicaragua-activistas-denuncian-crisis-humanitaria-comunidades-indigenas\\\/\",\"name\":\"Nicaragua: Activistas denuncian crisis humanitaria en comunidades ind\u00edgenas - ElCanillita.Info\",\"isPartOf\":{\"@id\":\"https:\\\/\\\/elcanillita.info\\\/press\\\/#website\"},\"datePublished\":\"2020-02-18T22:11:36+00:00\",\"dateModified\":\"2020-02-18T22:11:38+00:00\",\"inLanguage\":\"es-AR\",\"potentialAction\":[{\"@type\":\"ReadAction\",\"target\":[\"https:\\\/\\\/elcanillita.info\\\/press\\\/2020\\\/02\\\/18\\\/nicaragua-activistas-denuncian-crisis-humanitaria-comunidades-indigenas\\\/\"]}]},{\"@type\":\"WebSite\",\"@id\":\"https:\\\/\\\/elcanillita.info\\\/press\\\/#website\",\"url\":\"https:\\\/\\\/elcanillita.info\\\/press\\\/\",\"name\":\"ElCanillita.Info\",\"description\":\"desde los Apeninos a los Andes\",\"publisher\":{\"@id\":\"https:\\\/\\\/elcanillita.info\\\/press\\\/#organization\"},\"potentialAction\":[{\"@type\":\"SearchAction\",\"target\":{\"@type\":\"EntryPoint\",\"urlTemplate\":\"https:\\\/\\\/elcanillita.info\\\/press\\\/?s={search_term_string}\"},\"query-input\":{\"@type\":\"PropertyValueSpecification\",\"valueRequired\":true,\"valueName\":\"search_term_string\"}}],\"inLanguage\":\"es-AR\"},{\"@type\":\"Organization\",\"@id\":\"https:\\\/\\\/elcanillita.info\\\/press\\\/#organization\",\"name\":\"Guzzo Photos & Graphic Publications\",\"url\":\"https:\\\/\\\/elcanillita.info\\\/press\\\/\",\"logo\":{\"@type\":\"ImageObject\",\"inLanguage\":\"es-AR\",\"@id\":\"https:\\\/\\\/elcanillita.info\\\/press\\\/#\\\/schema\\\/logo\\\/image\\\/\",\"url\":\"https:\\\/\\\/elcanillita.info\\\/press\\\/images\\\/2020\\\/01\\\/cropped-cropped-cropped-elcanillitainfo.png\",\"contentUrl\":\"https:\\\/\\\/elcanillita.info\\\/press\\\/images\\\/2020\\\/01\\\/cropped-cropped-cropped-elcanillitainfo.png\",\"width\":460,\"height\":50,\"caption\":\"Guzzo Photos & Graphic Publications\"},\"image\":{\"@id\":\"https:\\\/\\\/elcanillita.info\\\/press\\\/#\\\/schema\\\/logo\\\/image\\\/\"},\"sameAs\":[\"https:\\\/\\\/ar-ar.facebook.com\\\/ElCanillitainfo-114249515285712\\\/\"]},{\"@type\":\"Person\",\"@id\":\"https:\\\/\\\/elcanillita.info\\\/press\\\/#\\\/schema\\\/person\\\/7fcb79f38045700919f7da6d97e71ba0\",\"name\":\"SalaStampa.eu, world press service\",\"image\":{\"@type\":\"ImageObject\",\"inLanguage\":\"es-AR\",\"@id\":\"https:\\\/\\\/secure.gravatar.com\\\/avatar\\\/c2f0e0d515a107624234994507816ca4724c7199cef73fc8bedebf6931d73888?s=96&d=mm&r=g\",\"url\":\"https:\\\/\\\/secure.gravatar.com\\\/avatar\\\/c2f0e0d515a107624234994507816ca4724c7199cef73fc8bedebf6931d73888?s=96&d=mm&r=g\",\"contentUrl\":\"https:\\\/\\\/secure.gravatar.com\\\/avatar\\\/c2f0e0d515a107624234994507816ca4724c7199cef73fc8bedebf6931d73888?s=96&d=mm&r=g\",\"caption\":\"SalaStampa.eu, world press service\"}}]}<\/script>\n<!-- \/ Yoast SEO plugin. -->","yoast_head_json":{"title":"Nicaragua: Activistas denuncian crisis humanitaria en comunidades ind\u00edgenas - ElCanillita.Info","robots":{"index":"index","follow":"follow","max-snippet":"max-snippet:-1","max-image-preview":"max-image-preview:large","max-video-preview":"max-video-preview:-1"},"canonical":"https:\/\/elcanillita.info\/press\/2020\/02\/18\/nicaragua-activistas-denuncian-crisis-humanitaria-comunidades-indigenas\/","og_locale":"es_ES","og_type":"article","og_title":"Nicaragua: Activistas denuncian crisis humanitaria en comunidades ind\u00edgenas - ElCanillita.Info","og_description":"Costa Atl\u00e1ntica de Nicaragua, 18.02.2020 - Los pueblos ind\u00edgenas padecen una crisis humanitaria y est\u00e1n expuestos a una constante amenaza y clima de violencia provocado por colonos que pretenden apropiarse de sus tierras ancestrales, dijo la presidenta del Centro por la Justicia y Derechos Humanos de la Costa Atl\u00e1ntica de Nicaragua, Lottie Cunningham.","og_url":"https:\/\/elcanillita.info\/press\/2020\/02\/18\/nicaragua-activistas-denuncian-crisis-humanitaria-comunidades-indigenas\/","og_site_name":"ElCanillita.Info","article_publisher":"https:\/\/ar-ar.facebook.com\/ElCanillitainfo-114249515285712\/","article_published_time":"2020-02-18T22:11:36+00:00","article_modified_time":"2020-02-18T22:11:38+00:00","author":"SalaStampa.eu, world press service","twitter_card":"summary_large_image","twitter_misc":{"Escrito por":"SalaStampa.eu, world press service","Tiempo de lectura":"3 minutos"},"schema":{"@context":"https:\/\/schema.org","@graph":[{"@type":"Article","@id":"https:\/\/elcanillita.info\/press\/2020\/02\/18\/nicaragua-activistas-denuncian-crisis-humanitaria-comunidades-indigenas\/#article","isPartOf":{"@id":"https:\/\/elcanillita.info\/press\/2020\/02\/18\/nicaragua-activistas-denuncian-crisis-humanitaria-comunidades-indigenas\/"},"author":{"name":"SalaStampa.eu, world press service","@id":"https:\/\/elcanillita.info\/press\/#\/schema\/person\/7fcb79f38045700919f7da6d97e71ba0"},"headline":"Nicaragua: Activistas denuncian crisis humanitaria en comunidades ind\u00edgenas","datePublished":"2020-02-18T22:11:36+00:00","dateModified":"2020-02-18T22:11:38+00:00","mainEntityOfPage":{"@id":"https:\/\/elcanillita.info\/press\/2020\/02\/18\/nicaragua-activistas-denuncian-crisis-humanitaria-comunidades-indigenas\/"},"wordCount":661,"publisher":{"@id":"https:\/\/elcanillita.info\/press\/#organization"},"keywords":["Nicaragua"],"articleSection":["Actualidad","Am\u00e9rica Central","Justicia","Sociedad"],"inLanguage":"es-AR"},{"@type":"WebPage","@id":"https:\/\/elcanillita.info\/press\/2020\/02\/18\/nicaragua-activistas-denuncian-crisis-humanitaria-comunidades-indigenas\/","url":"https:\/\/elcanillita.info\/press\/2020\/02\/18\/nicaragua-activistas-denuncian-crisis-humanitaria-comunidades-indigenas\/","name":"Nicaragua: Activistas denuncian crisis humanitaria en comunidades ind\u00edgenas - ElCanillita.Info","isPartOf":{"@id":"https:\/\/elcanillita.info\/press\/#website"},"datePublished":"2020-02-18T22:11:36+00:00","dateModified":"2020-02-18T22:11:38+00:00","inLanguage":"es-AR","potentialAction":[{"@type":"ReadAction","target":["https:\/\/elcanillita.info\/press\/2020\/02\/18\/nicaragua-activistas-denuncian-crisis-humanitaria-comunidades-indigenas\/"]}]},{"@type":"WebSite","@id":"https:\/\/elcanillita.info\/press\/#website","url":"https:\/\/elcanillita.info\/press\/","name":"ElCanillita.Info","description":"desde los Apeninos a los Andes","publisher":{"@id":"https:\/\/elcanillita.info\/press\/#organization"},"potentialAction":[{"@type":"SearchAction","target":{"@type":"EntryPoint","urlTemplate":"https:\/\/elcanillita.info\/press\/?s={search_term_string}"},"query-input":{"@type":"PropertyValueSpecification","valueRequired":true,"valueName":"search_term_string"}}],"inLanguage":"es-AR"},{"@type":"Organization","@id":"https:\/\/elcanillita.info\/press\/#organization","name":"Guzzo Photos & Graphic Publications","url":"https:\/\/elcanillita.info\/press\/","logo":{"@type":"ImageObject","inLanguage":"es-AR","@id":"https:\/\/elcanillita.info\/press\/#\/schema\/logo\/image\/","url":"https:\/\/elcanillita.info\/press\/images\/2020\/01\/cropped-cropped-cropped-elcanillitainfo.png","contentUrl":"https:\/\/elcanillita.info\/press\/images\/2020\/01\/cropped-cropped-cropped-elcanillitainfo.png","width":460,"height":50,"caption":"Guzzo Photos & Graphic Publications"},"image":{"@id":"https:\/\/elcanillita.info\/press\/#\/schema\/logo\/image\/"},"sameAs":["https:\/\/ar-ar.facebook.com\/ElCanillitainfo-114249515285712\/"]},{"@type":"Person","@id":"https:\/\/elcanillita.info\/press\/#\/schema\/person\/7fcb79f38045700919f7da6d97e71ba0","name":"SalaStampa.eu, world press service","image":{"@type":"ImageObject","inLanguage":"es-AR","@id":"https:\/\/secure.gravatar.com\/avatar\/c2f0e0d515a107624234994507816ca4724c7199cef73fc8bedebf6931d73888?s=96&d=mm&r=g","url":"https:\/\/secure.gravatar.com\/avatar\/c2f0e0d515a107624234994507816ca4724c7199cef73fc8bedebf6931d73888?s=96&d=mm&r=g","contentUrl":"https:\/\/secure.gravatar.com\/avatar\/c2f0e0d515a107624234994507816ca4724c7199cef73fc8bedebf6931d73888?s=96&d=mm&r=g","caption":"SalaStampa.eu, world press service"}}]}},"views":827,"_links":{"self":[{"href":"https:\/\/elcanillita.info\/press\/wp-json\/wp\/v2\/posts\/471","targetHints":{"allow":["GET"]}}],"collection":[{"href":"https:\/\/elcanillita.info\/press\/wp-json\/wp\/v2\/posts"}],"about":[{"href":"https:\/\/elcanillita.info\/press\/wp-json\/wp\/v2\/types\/post"}],"author":[{"embeddable":true,"href":"https:\/\/elcanillita.info\/press\/wp-json\/wp\/v2\/users\/1"}],"replies":[{"embeddable":true,"href":"https:\/\/elcanillita.info\/press\/wp-json\/wp\/v2\/comments?post=471"}],"version-history":[{"count":0,"href":"https:\/\/elcanillita.info\/press\/wp-json\/wp\/v2\/posts\/471\/revisions"}],"wp:attachment":[{"href":"https:\/\/elcanillita.info\/press\/wp-json\/wp\/v2\/media?parent=471"}],"wp:term":[{"taxonomy":"category","embeddable":true,"href":"https:\/\/elcanillita.info\/press\/wp-json\/wp\/v2\/categories?post=471"},{"taxonomy":"post_tag","embeddable":true,"href":"https:\/\/elcanillita.info\/press\/wp-json\/wp\/v2\/tags?post=471"}],"curies":[{"name":"wp","href":"https:\/\/api.w.org\/{rel}","templated":true}]}}