{"id":4708,"date":"2025-05-28T11:12:53","date_gmt":"2025-05-28T14:12:53","guid":{"rendered":"https:\/\/elcanillita.info\/press\/?p=4708"},"modified":"2025-05-28T11:47:00","modified_gmt":"2025-05-28T14:47:00","slug":"manchala-el-combate-que-la-memoria-oficial-olvido-pero-la-historia-no","status":"publish","type":"post","link":"https:\/\/elcanillita.info\/press\/2025\/05\/28\/manchala-el-combate-que-la-memoria-oficial-olvido-pero-la-historia-no\/","title":{"rendered":"Manchal\u00e1: el combate que la memoria oficial olvid\u00f3 (pero la Historia no)"},"content":{"rendered":"<div class=\"wp-block-image\">\n<figure class=\"alignleft size-full is-resized\"><img loading=\"lazy\" decoding=\"async\" width=\"367\" height=\"550\" src=\"https:\/\/elcanillita.info\/press\/images\/2025\/05\/manchala_20250528.png\" alt=\"\" class=\"wp-image-4709\" style=\"width:297px;height:auto\" srcset=\"https:\/\/elcanillita.info\/press\/images\/2025\/05\/manchala_20250528.png 367w, https:\/\/elcanillita.info\/press\/images\/2025\/05\/manchala_20250528-200x300.png 200w\" sizes=\"auto, (max-width: 367px) 100vw, 367px\" \/><\/figure>\n<\/div>\n\n\n<p><strong>ElCanillita.info<\/strong><br>Argentina, 28\/05\/2025<br>En la Argentina, el olvido no siempre es inocente. A veces se construye. A veces conviene. Pero la piedra no se mueve, aunque se la tape con palabras nuevas.<\/p>\n\n\n\n<p>Hoy recordamos el Combate de Manchal\u00e1. No para reabrir heridas. No para se\u00f1alar culpables. Sino para recordar que hubo argentinos enfrentados a otros argentinos en nombre de dos ideas irreconciliables. Y que eso no deber\u00eda repetirse jam\u00e1s.<\/p>\n\n\n\n<p>El 28 de mayo de 1975, 14 efectivos del Ej\u00e9rcito Argentino \u2014doce soldados y dos suboficiales de la Quinta Compa\u00f1\u00eda de Ingenieros\u2014 fueron atacados por un grupo de 117 combatientes del Ej\u00e9rcito Revolucionario del Pueblo (ERP).<\/p>\n\n\n\n<p>Los insurgentes se desplazaban con el objetivo de atacar el Puesto de Comando T\u00e1ctico del Ej\u00e9rcito en Famaill\u00e1, Tucum\u00e1n. El combate ocurri\u00f3 cerca de una escuela rural. Cercados y superados en n\u00famero, los soldados resistieron. Uno de ellos logr\u00f3 romper el cerco y pedir refuerzos.<\/p>\n\n\n\n<p>El enfrentamiento termin\u00f3 con la desbandada del grupo subversivo, que dej\u00f3 atr\u00e1s armamento, municiones y documentaci\u00f3n con planes concretos de ataque.<\/p>\n\n\n\n<p>No hubo homenajes nacionales. No hubo placas. No hay pel\u00edculas sobre ellos.<br>Lo que s\u00ed hubo, en muchos casos, fue silencio. A veces por miedo, otras por c\u00e1lculo pol\u00edtico, y las m\u00e1s tristes, por indiferencia.<\/p>\n\n\n\n<p>Pero recordar no es hacer campa\u00f1a. Es hacer conciencia. La memoria es un terreno pedregoso: los que la pisan sin cuidado suelen tropezar con las mismas piedras.<\/p>\n\n\n\n<p>La pregunta no es qu\u00e9 pas\u00f3. Eso est\u00e1 documentado.<br>La pregunta es: \u00bfc\u00f3mo llegamos a permitir que el &#8220;da igual&#8221; nos empuje una y otra vez a los mismos abismos?<\/p>\n\n\n\n<p>Conmemorar no es glorificar. Es mirar de frente. Para no repetir.<\/p>\n\n\n\n<p>El cambio cultural empieza cuando una sociedad acepta su historia completa, sin maquillaje, sin odio, sin miedo.<br><br><small>\u00a92025 Juan Soldado &#8211; Todos los derechos reservados &#8211; Copyright \u00a9 2025 ElCanillita.info \/ SalaStampa.eu, servicio mundial de prensa -Guzzo Photos &amp; Graphic Publications \u2013 Registro Editori e Stampatori n. 1441 Torino, Italia<\/small><\/p>\n","protected":false},"excerpt":{"rendered":"<p>En la Argentina, el olvido no siempre es inocente. A veces se construye.<\/p>\n","protected":false},"author":1,"featured_media":4710,"comment_status":"closed","ping_status":"closed","sticky":false,"template":"","format":"standard","meta":{"footnotes":"","_links_to":"","_links_to_target":""},"categories":[108,121,70,123,47,119,25],"tags":[29],"class_list":["post-4708","post","type-post","status-publish","format-standard","has-post-thumbnail","hentry","category-blogdiario","category-dc24","category-actualidad","category-argentina","category-etiologia","category-guerra","category-sociedad","tag-argentina","entry","double"],"yoast_head":"<!-- This site is optimized with the Yoast SEO plugin v27.5 - https:\/\/yoast.com\/product\/yoast-seo-wordpress\/ -->\n<title>Manchal\u00e1: el combate que la memoria oficial olvid\u00f3 (pero la Historia no) - ElCanillita.Info<\/title>\n<meta name=\"robots\" content=\"index, follow, max-snippet:-1, max-image-preview:large, max-video-preview:-1\" \/>\n<link rel=\"canonical\" href=\"https:\/\/elcanillita.info\/press\/2025\/05\/28\/manchala-el-combate-que-la-memoria-oficial-olvido-pero-la-historia-no\/\" \/>\n<meta property=\"og:locale\" content=\"es_ES\" \/>\n<meta property=\"og:type\" content=\"article\" \/>\n<meta property=\"og:title\" content=\"Manchal\u00e1: el combate que la memoria oficial olvid\u00f3 (pero la Historia no) - ElCanillita.Info\" \/>\n<meta property=\"og:description\" content=\"En la Argentina, el olvido no siempre es inocente. A veces se construye.\" \/>\n<meta property=\"og:url\" content=\"https:\/\/elcanillita.info\/press\/2025\/05\/28\/manchala-el-combate-que-la-memoria-oficial-olvido-pero-la-historia-no\/\" \/>\n<meta property=\"og:site_name\" content=\"ElCanillita.Info\" \/>\n<meta property=\"article:publisher\" content=\"https:\/\/ar-ar.facebook.com\/ElCanillitainfo-114249515285712\/\" \/>\n<meta property=\"article:published_time\" content=\"2025-05-28T14:12:53+00:00\" \/>\n<meta property=\"article:modified_time\" content=\"2025-05-28T14:47:00+00:00\" \/>\n<meta property=\"og:image\" content=\"https:\/\/elcanillita.info\/press\/images\/2025\/05\/manchala_20250528_HHH.png\" \/>\n\t<meta property=\"og:image:width\" content=\"500\" \/>\n\t<meta property=\"og:image:height\" content=\"334\" \/>\n\t<meta property=\"og:image:type\" content=\"image\/png\" \/>\n<meta name=\"author\" content=\"SalaStampa.eu, world press service\" \/>\n<meta name=\"twitter:card\" content=\"summary_large_image\" \/>\n<meta name=\"twitter:label1\" content=\"Escrito por\" \/>\n\t<meta name=\"twitter:data1\" content=\"SalaStampa.eu, world press service\" \/>\n\t<meta name=\"twitter:label2\" content=\"Tiempo de lectura\" \/>\n\t<meta name=\"twitter:data2\" content=\"2 minutos\" \/>\n<script type=\"application\/ld+json\" class=\"yoast-schema-graph\">{\"@context\":\"https:\\\/\\\/schema.org\",\"@graph\":[{\"@type\":\"Article\",\"@id\":\"https:\\\/\\\/elcanillita.info\\\/press\\\/2025\\\/05\\\/28\\\/manchala-el-combate-que-la-memoria-oficial-olvido-pero-la-historia-no\\\/#article\",\"isPartOf\":{\"@id\":\"https:\\\/\\\/elcanillita.info\\\/press\\\/2025\\\/05\\\/28\\\/manchala-el-combate-que-la-memoria-oficial-olvido-pero-la-historia-no\\\/\"},\"author\":{\"name\":\"SalaStampa.eu, world press service\",\"@id\":\"https:\\\/\\\/elcanillita.info\\\/press\\\/#\\\/schema\\\/person\\\/7fcb79f38045700919f7da6d97e71ba0\"},\"headline\":\"Manchal\u00e1: el combate que la memoria oficial olvid\u00f3 (pero la Historia no)\",\"datePublished\":\"2025-05-28T14:12:53+00:00\",\"dateModified\":\"2025-05-28T14:47:00+00:00\",\"mainEntityOfPage\":{\"@id\":\"https:\\\/\\\/elcanillita.info\\\/press\\\/2025\\\/05\\\/28\\\/manchala-el-combate-que-la-memoria-oficial-olvido-pero-la-historia-no\\\/\"},\"wordCount\":346,\"publisher\":{\"@id\":\"https:\\\/\\\/elcanillita.info\\\/press\\\/#organization\"},\"image\":{\"@id\":\"https:\\\/\\\/elcanillita.info\\\/press\\\/2025\\\/05\\\/28\\\/manchala-el-combate-que-la-memoria-oficial-olvido-pero-la-historia-no\\\/#primaryimage\"},\"thumbnailUrl\":\"https:\\\/\\\/elcanillita.info\\\/press\\\/images\\\/2025\\\/05\\\/manchala_20250528_HHH.png\",\"keywords\":[\"Argentina\"],\"articleSection\":[\".\",\".\",\"Actualidad\",\"Argentina\",\"Etiologia\",\"Guerra\",\"Sociedad\"],\"inLanguage\":\"es-AR\"},{\"@type\":\"WebPage\",\"@id\":\"https:\\\/\\\/elcanillita.info\\\/press\\\/2025\\\/05\\\/28\\\/manchala-el-combate-que-la-memoria-oficial-olvido-pero-la-historia-no\\\/\",\"url\":\"https:\\\/\\\/elcanillita.info\\\/press\\\/2025\\\/05\\\/28\\\/manchala-el-combate-que-la-memoria-oficial-olvido-pero-la-historia-no\\\/\",\"name\":\"Manchal\u00e1: el combate que la memoria oficial olvid\u00f3 (pero la Historia no) - ElCanillita.Info\",\"isPartOf\":{\"@id\":\"https:\\\/\\\/elcanillita.info\\\/press\\\/#website\"},\"primaryImageOfPage\":{\"@id\":\"https:\\\/\\\/elcanillita.info\\\/press\\\/2025\\\/05\\\/28\\\/manchala-el-combate-que-la-memoria-oficial-olvido-pero-la-historia-no\\\/#primaryimage\"},\"image\":{\"@id\":\"https:\\\/\\\/elcanillita.info\\\/press\\\/2025\\\/05\\\/28\\\/manchala-el-combate-que-la-memoria-oficial-olvido-pero-la-historia-no\\\/#primaryimage\"},\"thumbnailUrl\":\"https:\\\/\\\/elcanillita.info\\\/press\\\/images\\\/2025\\\/05\\\/manchala_20250528_HHH.png\",\"datePublished\":\"2025-05-28T14:12:53+00:00\",\"dateModified\":\"2025-05-28T14:47:00+00:00\",\"inLanguage\":\"es-AR\",\"potentialAction\":[{\"@type\":\"ReadAction\",\"target\":[\"https:\\\/\\\/elcanillita.info\\\/press\\\/2025\\\/05\\\/28\\\/manchala-el-combate-que-la-memoria-oficial-olvido-pero-la-historia-no\\\/\"]}]},{\"@type\":\"ImageObject\",\"inLanguage\":\"es-AR\",\"@id\":\"https:\\\/\\\/elcanillita.info\\\/press\\\/2025\\\/05\\\/28\\\/manchala-el-combate-que-la-memoria-oficial-olvido-pero-la-historia-no\\\/#primaryimage\",\"url\":\"https:\\\/\\\/elcanillita.info\\\/press\\\/images\\\/2025\\\/05\\\/manchala_20250528_HHH.png\",\"contentUrl\":\"https:\\\/\\\/elcanillita.info\\\/press\\\/images\\\/2025\\\/05\\\/manchala_20250528_HHH.png\",\"width\":500,\"height\":334},{\"@type\":\"WebSite\",\"@id\":\"https:\\\/\\\/elcanillita.info\\\/press\\\/#website\",\"url\":\"https:\\\/\\\/elcanillita.info\\\/press\\\/\",\"name\":\"ElCanillita.Info\",\"description\":\"desde los Apeninos a los Andes\",\"publisher\":{\"@id\":\"https:\\\/\\\/elcanillita.info\\\/press\\\/#organization\"},\"potentialAction\":[{\"@type\":\"SearchAction\",\"target\":{\"@type\":\"EntryPoint\",\"urlTemplate\":\"https:\\\/\\\/elcanillita.info\\\/press\\\/?s={search_term_string}\"},\"query-input\":{\"@type\":\"PropertyValueSpecification\",\"valueRequired\":true,\"valueName\":\"search_term_string\"}}],\"inLanguage\":\"es-AR\"},{\"@type\":\"Organization\",\"@id\":\"https:\\\/\\\/elcanillita.info\\\/press\\\/#organization\",\"name\":\"Guzzo Photos & Graphic Publications\",\"url\":\"https:\\\/\\\/elcanillita.info\\\/press\\\/\",\"logo\":{\"@type\":\"ImageObject\",\"inLanguage\":\"es-AR\",\"@id\":\"https:\\\/\\\/elcanillita.info\\\/press\\\/#\\\/schema\\\/logo\\\/image\\\/\",\"url\":\"https:\\\/\\\/elcanillita.info\\\/press\\\/images\\\/2020\\\/01\\\/cropped-cropped-cropped-elcanillitainfo.png\",\"contentUrl\":\"https:\\\/\\\/elcanillita.info\\\/press\\\/images\\\/2020\\\/01\\\/cropped-cropped-cropped-elcanillitainfo.png\",\"width\":460,\"height\":50,\"caption\":\"Guzzo Photos & Graphic Publications\"},\"image\":{\"@id\":\"https:\\\/\\\/elcanillita.info\\\/press\\\/#\\\/schema\\\/logo\\\/image\\\/\"},\"sameAs\":[\"https:\\\/\\\/ar-ar.facebook.com\\\/ElCanillitainfo-114249515285712\\\/\"]},{\"@type\":\"Person\",\"@id\":\"https:\\\/\\\/elcanillita.info\\\/press\\\/#\\\/schema\\\/person\\\/7fcb79f38045700919f7da6d97e71ba0\",\"name\":\"SalaStampa.eu, world press service\",\"image\":{\"@type\":\"ImageObject\",\"inLanguage\":\"es-AR\",\"@id\":\"https:\\\/\\\/secure.gravatar.com\\\/avatar\\\/c2f0e0d515a107624234994507816ca4724c7199cef73fc8bedebf6931d73888?s=96&d=mm&r=g\",\"url\":\"https:\\\/\\\/secure.gravatar.com\\\/avatar\\\/c2f0e0d515a107624234994507816ca4724c7199cef73fc8bedebf6931d73888?s=96&d=mm&r=g\",\"contentUrl\":\"https:\\\/\\\/secure.gravatar.com\\\/avatar\\\/c2f0e0d515a107624234994507816ca4724c7199cef73fc8bedebf6931d73888?s=96&d=mm&r=g\",\"caption\":\"SalaStampa.eu, world press service\"}}]}<\/script>\n<!-- \/ Yoast SEO plugin. -->","yoast_head_json":{"title":"Manchal\u00e1: el combate que la memoria oficial olvid\u00f3 (pero la Historia no) - ElCanillita.Info","robots":{"index":"index","follow":"follow","max-snippet":"max-snippet:-1","max-image-preview":"max-image-preview:large","max-video-preview":"max-video-preview:-1"},"canonical":"https:\/\/elcanillita.info\/press\/2025\/05\/28\/manchala-el-combate-que-la-memoria-oficial-olvido-pero-la-historia-no\/","og_locale":"es_ES","og_type":"article","og_title":"Manchal\u00e1: el combate que la memoria oficial olvid\u00f3 (pero la Historia no) - ElCanillita.Info","og_description":"En la Argentina, el olvido no siempre es inocente. A veces se construye.","og_url":"https:\/\/elcanillita.info\/press\/2025\/05\/28\/manchala-el-combate-que-la-memoria-oficial-olvido-pero-la-historia-no\/","og_site_name":"ElCanillita.Info","article_publisher":"https:\/\/ar-ar.facebook.com\/ElCanillitainfo-114249515285712\/","article_published_time":"2025-05-28T14:12:53+00:00","article_modified_time":"2025-05-28T14:47:00+00:00","og_image":[{"width":500,"height":334,"url":"https:\/\/elcanillita.info\/press\/images\/2025\/05\/manchala_20250528_HHH.png","type":"image\/png"}],"author":"SalaStampa.eu, world press service","twitter_card":"summary_large_image","twitter_misc":{"Escrito por":"SalaStampa.eu, world press service","Tiempo de lectura":"2 minutos"},"schema":{"@context":"https:\/\/schema.org","@graph":[{"@type":"Article","@id":"https:\/\/elcanillita.info\/press\/2025\/05\/28\/manchala-el-combate-que-la-memoria-oficial-olvido-pero-la-historia-no\/#article","isPartOf":{"@id":"https:\/\/elcanillita.info\/press\/2025\/05\/28\/manchala-el-combate-que-la-memoria-oficial-olvido-pero-la-historia-no\/"},"author":{"name":"SalaStampa.eu, world press service","@id":"https:\/\/elcanillita.info\/press\/#\/schema\/person\/7fcb79f38045700919f7da6d97e71ba0"},"headline":"Manchal\u00e1: el combate que la memoria oficial olvid\u00f3 (pero la Historia no)","datePublished":"2025-05-28T14:12:53+00:00","dateModified":"2025-05-28T14:47:00+00:00","mainEntityOfPage":{"@id":"https:\/\/elcanillita.info\/press\/2025\/05\/28\/manchala-el-combate-que-la-memoria-oficial-olvido-pero-la-historia-no\/"},"wordCount":346,"publisher":{"@id":"https:\/\/elcanillita.info\/press\/#organization"},"image":{"@id":"https:\/\/elcanillita.info\/press\/2025\/05\/28\/manchala-el-combate-que-la-memoria-oficial-olvido-pero-la-historia-no\/#primaryimage"},"thumbnailUrl":"https:\/\/elcanillita.info\/press\/images\/2025\/05\/manchala_20250528_HHH.png","keywords":["Argentina"],"articleSection":[".",".","Actualidad","Argentina","Etiologia","Guerra","Sociedad"],"inLanguage":"es-AR"},{"@type":"WebPage","@id":"https:\/\/elcanillita.info\/press\/2025\/05\/28\/manchala-el-combate-que-la-memoria-oficial-olvido-pero-la-historia-no\/","url":"https:\/\/elcanillita.info\/press\/2025\/05\/28\/manchala-el-combate-que-la-memoria-oficial-olvido-pero-la-historia-no\/","name":"Manchal\u00e1: el combate que la memoria oficial olvid\u00f3 (pero la Historia no) - ElCanillita.Info","isPartOf":{"@id":"https:\/\/elcanillita.info\/press\/#website"},"primaryImageOfPage":{"@id":"https:\/\/elcanillita.info\/press\/2025\/05\/28\/manchala-el-combate-que-la-memoria-oficial-olvido-pero-la-historia-no\/#primaryimage"},"image":{"@id":"https:\/\/elcanillita.info\/press\/2025\/05\/28\/manchala-el-combate-que-la-memoria-oficial-olvido-pero-la-historia-no\/#primaryimage"},"thumbnailUrl":"https:\/\/elcanillita.info\/press\/images\/2025\/05\/manchala_20250528_HHH.png","datePublished":"2025-05-28T14:12:53+00:00","dateModified":"2025-05-28T14:47:00+00:00","inLanguage":"es-AR","potentialAction":[{"@type":"ReadAction","target":["https:\/\/elcanillita.info\/press\/2025\/05\/28\/manchala-el-combate-que-la-memoria-oficial-olvido-pero-la-historia-no\/"]}]},{"@type":"ImageObject","inLanguage":"es-AR","@id":"https:\/\/elcanillita.info\/press\/2025\/05\/28\/manchala-el-combate-que-la-memoria-oficial-olvido-pero-la-historia-no\/#primaryimage","url":"https:\/\/elcanillita.info\/press\/images\/2025\/05\/manchala_20250528_HHH.png","contentUrl":"https:\/\/elcanillita.info\/press\/images\/2025\/05\/manchala_20250528_HHH.png","width":500,"height":334},{"@type":"WebSite","@id":"https:\/\/elcanillita.info\/press\/#website","url":"https:\/\/elcanillita.info\/press\/","name":"ElCanillita.Info","description":"desde los Apeninos a los Andes","publisher":{"@id":"https:\/\/elcanillita.info\/press\/#organization"},"potentialAction":[{"@type":"SearchAction","target":{"@type":"EntryPoint","urlTemplate":"https:\/\/elcanillita.info\/press\/?s={search_term_string}"},"query-input":{"@type":"PropertyValueSpecification","valueRequired":true,"valueName":"search_term_string"}}],"inLanguage":"es-AR"},{"@type":"Organization","@id":"https:\/\/elcanillita.info\/press\/#organization","name":"Guzzo Photos & Graphic Publications","url":"https:\/\/elcanillita.info\/press\/","logo":{"@type":"ImageObject","inLanguage":"es-AR","@id":"https:\/\/elcanillita.info\/press\/#\/schema\/logo\/image\/","url":"https:\/\/elcanillita.info\/press\/images\/2020\/01\/cropped-cropped-cropped-elcanillitainfo.png","contentUrl":"https:\/\/elcanillita.info\/press\/images\/2020\/01\/cropped-cropped-cropped-elcanillitainfo.png","width":460,"height":50,"caption":"Guzzo Photos & Graphic Publications"},"image":{"@id":"https:\/\/elcanillita.info\/press\/#\/schema\/logo\/image\/"},"sameAs":["https:\/\/ar-ar.facebook.com\/ElCanillitainfo-114249515285712\/"]},{"@type":"Person","@id":"https:\/\/elcanillita.info\/press\/#\/schema\/person\/7fcb79f38045700919f7da6d97e71ba0","name":"SalaStampa.eu, world press service","image":{"@type":"ImageObject","inLanguage":"es-AR","@id":"https:\/\/secure.gravatar.com\/avatar\/c2f0e0d515a107624234994507816ca4724c7199cef73fc8bedebf6931d73888?s=96&d=mm&r=g","url":"https:\/\/secure.gravatar.com\/avatar\/c2f0e0d515a107624234994507816ca4724c7199cef73fc8bedebf6931d73888?s=96&d=mm&r=g","contentUrl":"https:\/\/secure.gravatar.com\/avatar\/c2f0e0d515a107624234994507816ca4724c7199cef73fc8bedebf6931d73888?s=96&d=mm&r=g","caption":"SalaStampa.eu, world press service"}}]}},"views":283,"_links":{"self":[{"href":"https:\/\/elcanillita.info\/press\/wp-json\/wp\/v2\/posts\/4708","targetHints":{"allow":["GET"]}}],"collection":[{"href":"https:\/\/elcanillita.info\/press\/wp-json\/wp\/v2\/posts"}],"about":[{"href":"https:\/\/elcanillita.info\/press\/wp-json\/wp\/v2\/types\/post"}],"author":[{"embeddable":true,"href":"https:\/\/elcanillita.info\/press\/wp-json\/wp\/v2\/users\/1"}],"replies":[{"embeddable":true,"href":"https:\/\/elcanillita.info\/press\/wp-json\/wp\/v2\/comments?post=4708"}],"version-history":[{"count":0,"href":"https:\/\/elcanillita.info\/press\/wp-json\/wp\/v2\/posts\/4708\/revisions"}],"wp:featuredmedia":[{"embeddable":true,"href":"https:\/\/elcanillita.info\/press\/wp-json\/wp\/v2\/media\/4710"}],"wp:attachment":[{"href":"https:\/\/elcanillita.info\/press\/wp-json\/wp\/v2\/media?parent=4708"}],"wp:term":[{"taxonomy":"category","embeddable":true,"href":"https:\/\/elcanillita.info\/press\/wp-json\/wp\/v2\/categories?post=4708"},{"taxonomy":"post_tag","embeddable":true,"href":"https:\/\/elcanillita.info\/press\/wp-json\/wp\/v2\/tags?post=4708"}],"curies":[{"name":"wp","href":"https:\/\/api.w.org\/{rel}","templated":true}]}}