{"id":4704,"date":"2025-05-27T05:38:32","date_gmt":"2025-05-27T08:38:32","guid":{"rendered":"https:\/\/elcanillita.info\/press\/?p=4704"},"modified":"2025-05-28T12:26:14","modified_gmt":"2025-05-28T15:26:14","slug":"el-camino-que-sube-y-el-que-baja","status":"publish","type":"post","link":"https:\/\/elcanillita.info\/press\/2025\/05\/27\/el-camino-que-sube-y-el-que-baja\/","title":{"rendered":"El camino que sube y el que baja"},"content":{"rendered":"<div class=\"wp-block-image\">\n<figure class=\"alignleft size-full is-resized\"><img loading=\"lazy\" decoding=\"async\" width=\"550\" height=\"550\" src=\"https:\/\/elcanillita.info\/press\/images\/2025\/05\/cautivos_20250527.png\" alt=\"\" class=\"wp-image-4705\" style=\"width:337px;height:auto\" srcset=\"https:\/\/elcanillita.info\/press\/images\/2025\/05\/cautivos_20250527.png 550w, https:\/\/elcanillita.info\/press\/images\/2025\/05\/cautivos_20250527-300x300.png 300w, https:\/\/elcanillita.info\/press\/images\/2025\/05\/cautivos_20250527-150x150.png 150w\" sizes=\"auto, (max-width: 550px) 100vw, 550px\" \/><\/figure>\n<\/div>\n\n\n<p><strong>ElCanillita.info<\/strong><br>Argentina, 27\/05\/2025<br><em>\u201cEl camino que sube y el que baja son uno y el mismo.\u201d \u2014Her\u00e1clito<\/em><br><br><strong>I. El Liceo, la patria y la br\u00fajula extraviada<\/strong><br>Crec\u00ed entre banderas. No de las que se levantan para conquistar, sino de las que se izan cada ma\u00f1ana con la solemnidad de quien cree en algo m\u00e1s grande.<br><br>El Liceo Militar no era un cuartel: era una escuela de convicciones, y tambi\u00e9n de silencios. Nos ense\u00f1aban que la Patria se defend\u00eda con coraje, pero tambi\u00e9n con principios. Y sin embargo, entre clases de historia y marchas en formaci\u00f3n, flotaba una pregunta sin respuesta: \u00bfPor qu\u00e9 nuestro pa\u00eds se debat\u00eda en la ambig\u00fcedad?<\/p>\n\n\n\n<p>Un d\u00eda, la hice. Y mi profesor, citando a Her\u00e1clito, me desarm\u00f3 con una frase que me acompa\u00f1a desde entonces: \u201cHay un camino que sube y otro que baja; son dos y es el mismo. Solo la conciencia puede distinguirlos.\u201d<\/p>\n\n\n\n<p><strong>II. Prisi\u00f3n sin juicio: la pendiente resbaladiza<\/strong><br>Hoy, esa ambig\u00fcedad ha dejado de ser una duda adolescente para convertirse en una injusticia adulta. Hay militares \u2014algunos con a\u00f1os de servicio, otros de dudosa actuaci\u00f3n\u2014 que llevan d\u00e9cadas en prisi\u00f3n preventiva. No han sido condenados, pero ya han sido castigados. En una rep\u00fablica, eso no se llama justicia: se llama venganza burocr\u00e1tica.<\/p>\n\n\n\n<p>No se trata de defender cr\u00edmenes ni de justificar el pasado. Se trata de exigir, para todos, lo mismo que exigimos para nosotros: debido proceso, juicio justo y dignidad legal. Nadie debe quedar fuera del contrato democr\u00e1tico, ni siquiera aquellos cuya historia incomoda.<\/p>\n\n\n\n<p>Cuando la prisi\u00f3n preventiva se transforma en una pena encubierta, no es solo el detenido quien pierde: pierde tambi\u00e9n la democracia que finge no ver.<\/p>\n\n\n\n<p><strong>III. Conciencia y papel arrugado<\/strong><br>Entre los papeles arrugados de la historia, muchos confunden memoria con revancha y justicia con escarmiento. Pero hay una diferencia abismal entre recordar y revivir. Una sociedad que no distingue entre castigar y procesar, termina adoptando la l\u00f3gica del enemigo.<\/p>\n\n\n\n<p>Hoy m\u00e1s que nunca necesitamos una br\u00fajula \u00e9tica, no ideol\u00f3gica. Una que no se oxide con la pol\u00edtica del d\u00eda, ni con los discursos de ocasi\u00f3n. Una que pueda mirar al pasado sin repetirlo, y al futuro sin temor.<\/p>\n\n\n\n<p>Porque el polvo de la hoja a veces queda suspendido. Pero el papel del caramelo arrugado \u2014ese que uno guarda en  el bolsillo\u2014 puede tener todav\u00eda sabor si lo abrimos con cuidado.<br><br><small>\u00a92025 Juan Soldado &#8211; Todos los derechos reservados<br>Copyright \u00a9 2025 ElCanillita.info \/ SalaStampa.eu, servicio mundial de prensa<br>Guzzo Photos &amp; Graphic Publications \u2013 Registro Editori e Stampatori n. 1441 Torino, Italia<\/small><\/p>\n\n\n\n<p><\/p>\n","protected":false},"excerpt":{"rendered":"<p>Reflexi\u00f3n sobre la ambig\u00fcedad argentina, la prisi\u00f3n preventiva como pena encubierta y la necesidad de principios claros en una democracia.<\/p>\n","protected":false},"author":1,"featured_media":4706,"comment_status":"closed","ping_status":"closed","sticky":false,"template":"","format":"standard","meta":{"footnotes":"","_links_to":"","_links_to_target":""},"categories":[121,108,70,123,126,119,23,25],"tags":[29],"class_list":["post-4704","post","type-post","status-publish","format-standard","has-post-thumbnail","hentry","category-dc24","category-blogdiario","category-actualidad","category-argentina","category-dolores-de-la-press","category-guerra","category-politica","category-sociedad","tag-argentina","entry","double"],"yoast_head":"<!-- This site is optimized with the Yoast SEO plugin v27.5 - https:\/\/yoast.com\/product\/yoast-seo-wordpress\/ -->\n<title>El camino que sube y el que baja - ElCanillita.Info<\/title>\n<meta name=\"robots\" content=\"index, follow, max-snippet:-1, max-image-preview:large, max-video-preview:-1\" \/>\n<link rel=\"canonical\" href=\"https:\/\/elcanillita.info\/press\/2025\/05\/27\/el-camino-que-sube-y-el-que-baja\/\" \/>\n<meta property=\"og:locale\" content=\"es_ES\" \/>\n<meta property=\"og:type\" content=\"article\" \/>\n<meta property=\"og:title\" content=\"El camino que sube y el que baja - ElCanillita.Info\" \/>\n<meta property=\"og:description\" content=\"Reflexi\u00f3n sobre la ambig\u00fcedad argentina, la prisi\u00f3n preventiva como pena encubierta y la necesidad de principios claros en una democracia.\" \/>\n<meta property=\"og:url\" content=\"https:\/\/elcanillita.info\/press\/2025\/05\/27\/el-camino-que-sube-y-el-que-baja\/\" \/>\n<meta property=\"og:site_name\" content=\"ElCanillita.Info\" \/>\n<meta property=\"article:publisher\" content=\"https:\/\/ar-ar.facebook.com\/ElCanillitainfo-114249515285712\/\" \/>\n<meta property=\"article:published_time\" content=\"2025-05-27T08:38:32+00:00\" \/>\n<meta property=\"article:modified_time\" content=\"2025-05-28T15:26:14+00:00\" \/>\n<meta property=\"og:image\" content=\"https:\/\/elcanillita.info\/press\/images\/2025\/05\/cautivos_20250527HH.png\" \/>\n\t<meta property=\"og:image:width\" content=\"550\" \/>\n\t<meta property=\"og:image:height\" content=\"367\" \/>\n\t<meta property=\"og:image:type\" content=\"image\/png\" \/>\n<meta name=\"author\" content=\"SalaStampa.eu, world press service\" \/>\n<meta name=\"twitter:card\" content=\"summary_large_image\" \/>\n<meta name=\"twitter:label1\" content=\"Escrito por\" \/>\n\t<meta name=\"twitter:data1\" content=\"SalaStampa.eu, world press service\" \/>\n\t<meta name=\"twitter:label2\" content=\"Tiempo de lectura\" \/>\n\t<meta name=\"twitter:data2\" content=\"3 minutos\" \/>\n<script type=\"application\/ld+json\" class=\"yoast-schema-graph\">{\"@context\":\"https:\\\/\\\/schema.org\",\"@graph\":[{\"@type\":\"Article\",\"@id\":\"https:\\\/\\\/elcanillita.info\\\/press\\\/2025\\\/05\\\/27\\\/el-camino-que-sube-y-el-que-baja\\\/#article\",\"isPartOf\":{\"@id\":\"https:\\\/\\\/elcanillita.info\\\/press\\\/2025\\\/05\\\/27\\\/el-camino-que-sube-y-el-que-baja\\\/\"},\"author\":{\"name\":\"SalaStampa.eu, world press service\",\"@id\":\"https:\\\/\\\/elcanillita.info\\\/press\\\/#\\\/schema\\\/person\\\/7fcb79f38045700919f7da6d97e71ba0\"},\"headline\":\"El camino que sube y el que baja\",\"datePublished\":\"2025-05-27T08:38:32+00:00\",\"dateModified\":\"2025-05-28T15:26:14+00:00\",\"mainEntityOfPage\":{\"@id\":\"https:\\\/\\\/elcanillita.info\\\/press\\\/2025\\\/05\\\/27\\\/el-camino-que-sube-y-el-que-baja\\\/\"},\"wordCount\":463,\"publisher\":{\"@id\":\"https:\\\/\\\/elcanillita.info\\\/press\\\/#organization\"},\"image\":{\"@id\":\"https:\\\/\\\/elcanillita.info\\\/press\\\/2025\\\/05\\\/27\\\/el-camino-que-sube-y-el-que-baja\\\/#primaryimage\"},\"thumbnailUrl\":\"https:\\\/\\\/elcanillita.info\\\/press\\\/images\\\/2025\\\/05\\\/cautivos_20250527HH.png\",\"keywords\":[\"Argentina\"],\"articleSection\":[\".\",\".\",\"Actualidad\",\"Argentina\",\"Dolores de La Press\",\"Guerra\",\"Politica\",\"Sociedad\"],\"inLanguage\":\"es-AR\"},{\"@type\":\"WebPage\",\"@id\":\"https:\\\/\\\/elcanillita.info\\\/press\\\/2025\\\/05\\\/27\\\/el-camino-que-sube-y-el-que-baja\\\/\",\"url\":\"https:\\\/\\\/elcanillita.info\\\/press\\\/2025\\\/05\\\/27\\\/el-camino-que-sube-y-el-que-baja\\\/\",\"name\":\"El camino que sube y el que baja - ElCanillita.Info\",\"isPartOf\":{\"@id\":\"https:\\\/\\\/elcanillita.info\\\/press\\\/#website\"},\"primaryImageOfPage\":{\"@id\":\"https:\\\/\\\/elcanillita.info\\\/press\\\/2025\\\/05\\\/27\\\/el-camino-que-sube-y-el-que-baja\\\/#primaryimage\"},\"image\":{\"@id\":\"https:\\\/\\\/elcanillita.info\\\/press\\\/2025\\\/05\\\/27\\\/el-camino-que-sube-y-el-que-baja\\\/#primaryimage\"},\"thumbnailUrl\":\"https:\\\/\\\/elcanillita.info\\\/press\\\/images\\\/2025\\\/05\\\/cautivos_20250527HH.png\",\"datePublished\":\"2025-05-27T08:38:32+00:00\",\"dateModified\":\"2025-05-28T15:26:14+00:00\",\"inLanguage\":\"es-AR\",\"potentialAction\":[{\"@type\":\"ReadAction\",\"target\":[\"https:\\\/\\\/elcanillita.info\\\/press\\\/2025\\\/05\\\/27\\\/el-camino-que-sube-y-el-que-baja\\\/\"]}]},{\"@type\":\"ImageObject\",\"inLanguage\":\"es-AR\",\"@id\":\"https:\\\/\\\/elcanillita.info\\\/press\\\/2025\\\/05\\\/27\\\/el-camino-que-sube-y-el-que-baja\\\/#primaryimage\",\"url\":\"https:\\\/\\\/elcanillita.info\\\/press\\\/images\\\/2025\\\/05\\\/cautivos_20250527HH.png\",\"contentUrl\":\"https:\\\/\\\/elcanillita.info\\\/press\\\/images\\\/2025\\\/05\\\/cautivos_20250527HH.png\",\"width\":550,\"height\":367},{\"@type\":\"WebSite\",\"@id\":\"https:\\\/\\\/elcanillita.info\\\/press\\\/#website\",\"url\":\"https:\\\/\\\/elcanillita.info\\\/press\\\/\",\"name\":\"ElCanillita.Info\",\"description\":\"desde los Apeninos a los Andes\",\"publisher\":{\"@id\":\"https:\\\/\\\/elcanillita.info\\\/press\\\/#organization\"},\"potentialAction\":[{\"@type\":\"SearchAction\",\"target\":{\"@type\":\"EntryPoint\",\"urlTemplate\":\"https:\\\/\\\/elcanillita.info\\\/press\\\/?s={search_term_string}\"},\"query-input\":{\"@type\":\"PropertyValueSpecification\",\"valueRequired\":true,\"valueName\":\"search_term_string\"}}],\"inLanguage\":\"es-AR\"},{\"@type\":\"Organization\",\"@id\":\"https:\\\/\\\/elcanillita.info\\\/press\\\/#organization\",\"name\":\"Guzzo Photos & Graphic Publications\",\"url\":\"https:\\\/\\\/elcanillita.info\\\/press\\\/\",\"logo\":{\"@type\":\"ImageObject\",\"inLanguage\":\"es-AR\",\"@id\":\"https:\\\/\\\/elcanillita.info\\\/press\\\/#\\\/schema\\\/logo\\\/image\\\/\",\"url\":\"https:\\\/\\\/elcanillita.info\\\/press\\\/images\\\/2020\\\/01\\\/cropped-cropped-cropped-elcanillitainfo.png\",\"contentUrl\":\"https:\\\/\\\/elcanillita.info\\\/press\\\/images\\\/2020\\\/01\\\/cropped-cropped-cropped-elcanillitainfo.png\",\"width\":460,\"height\":50,\"caption\":\"Guzzo Photos & Graphic Publications\"},\"image\":{\"@id\":\"https:\\\/\\\/elcanillita.info\\\/press\\\/#\\\/schema\\\/logo\\\/image\\\/\"},\"sameAs\":[\"https:\\\/\\\/ar-ar.facebook.com\\\/ElCanillitainfo-114249515285712\\\/\"]},{\"@type\":\"Person\",\"@id\":\"https:\\\/\\\/elcanillita.info\\\/press\\\/#\\\/schema\\\/person\\\/7fcb79f38045700919f7da6d97e71ba0\",\"name\":\"SalaStampa.eu, world press service\",\"image\":{\"@type\":\"ImageObject\",\"inLanguage\":\"es-AR\",\"@id\":\"https:\\\/\\\/secure.gravatar.com\\\/avatar\\\/c2f0e0d515a107624234994507816ca4724c7199cef73fc8bedebf6931d73888?s=96&d=mm&r=g\",\"url\":\"https:\\\/\\\/secure.gravatar.com\\\/avatar\\\/c2f0e0d515a107624234994507816ca4724c7199cef73fc8bedebf6931d73888?s=96&d=mm&r=g\",\"contentUrl\":\"https:\\\/\\\/secure.gravatar.com\\\/avatar\\\/c2f0e0d515a107624234994507816ca4724c7199cef73fc8bedebf6931d73888?s=96&d=mm&r=g\",\"caption\":\"SalaStampa.eu, world press service\"}}]}<\/script>\n<!-- \/ Yoast SEO plugin. -->","yoast_head_json":{"title":"El camino que sube y el que baja - ElCanillita.Info","robots":{"index":"index","follow":"follow","max-snippet":"max-snippet:-1","max-image-preview":"max-image-preview:large","max-video-preview":"max-video-preview:-1"},"canonical":"https:\/\/elcanillita.info\/press\/2025\/05\/27\/el-camino-que-sube-y-el-que-baja\/","og_locale":"es_ES","og_type":"article","og_title":"El camino que sube y el que baja - ElCanillita.Info","og_description":"Reflexi\u00f3n sobre la ambig\u00fcedad argentina, la prisi\u00f3n preventiva como pena encubierta y la necesidad de principios claros en una democracia.","og_url":"https:\/\/elcanillita.info\/press\/2025\/05\/27\/el-camino-que-sube-y-el-que-baja\/","og_site_name":"ElCanillita.Info","article_publisher":"https:\/\/ar-ar.facebook.com\/ElCanillitainfo-114249515285712\/","article_published_time":"2025-05-27T08:38:32+00:00","article_modified_time":"2025-05-28T15:26:14+00:00","og_image":[{"width":550,"height":367,"url":"https:\/\/elcanillita.info\/press\/images\/2025\/05\/cautivos_20250527HH.png","type":"image\/png"}],"author":"SalaStampa.eu, world press service","twitter_card":"summary_large_image","twitter_misc":{"Escrito por":"SalaStampa.eu, world press service","Tiempo de lectura":"3 minutos"},"schema":{"@context":"https:\/\/schema.org","@graph":[{"@type":"Article","@id":"https:\/\/elcanillita.info\/press\/2025\/05\/27\/el-camino-que-sube-y-el-que-baja\/#article","isPartOf":{"@id":"https:\/\/elcanillita.info\/press\/2025\/05\/27\/el-camino-que-sube-y-el-que-baja\/"},"author":{"name":"SalaStampa.eu, world press service","@id":"https:\/\/elcanillita.info\/press\/#\/schema\/person\/7fcb79f38045700919f7da6d97e71ba0"},"headline":"El camino que sube y el que baja","datePublished":"2025-05-27T08:38:32+00:00","dateModified":"2025-05-28T15:26:14+00:00","mainEntityOfPage":{"@id":"https:\/\/elcanillita.info\/press\/2025\/05\/27\/el-camino-que-sube-y-el-que-baja\/"},"wordCount":463,"publisher":{"@id":"https:\/\/elcanillita.info\/press\/#organization"},"image":{"@id":"https:\/\/elcanillita.info\/press\/2025\/05\/27\/el-camino-que-sube-y-el-que-baja\/#primaryimage"},"thumbnailUrl":"https:\/\/elcanillita.info\/press\/images\/2025\/05\/cautivos_20250527HH.png","keywords":["Argentina"],"articleSection":[".",".","Actualidad","Argentina","Dolores de La Press","Guerra","Politica","Sociedad"],"inLanguage":"es-AR"},{"@type":"WebPage","@id":"https:\/\/elcanillita.info\/press\/2025\/05\/27\/el-camino-que-sube-y-el-que-baja\/","url":"https:\/\/elcanillita.info\/press\/2025\/05\/27\/el-camino-que-sube-y-el-que-baja\/","name":"El camino que sube y el que baja - ElCanillita.Info","isPartOf":{"@id":"https:\/\/elcanillita.info\/press\/#website"},"primaryImageOfPage":{"@id":"https:\/\/elcanillita.info\/press\/2025\/05\/27\/el-camino-que-sube-y-el-que-baja\/#primaryimage"},"image":{"@id":"https:\/\/elcanillita.info\/press\/2025\/05\/27\/el-camino-que-sube-y-el-que-baja\/#primaryimage"},"thumbnailUrl":"https:\/\/elcanillita.info\/press\/images\/2025\/05\/cautivos_20250527HH.png","datePublished":"2025-05-27T08:38:32+00:00","dateModified":"2025-05-28T15:26:14+00:00","inLanguage":"es-AR","potentialAction":[{"@type":"ReadAction","target":["https:\/\/elcanillita.info\/press\/2025\/05\/27\/el-camino-que-sube-y-el-que-baja\/"]}]},{"@type":"ImageObject","inLanguage":"es-AR","@id":"https:\/\/elcanillita.info\/press\/2025\/05\/27\/el-camino-que-sube-y-el-que-baja\/#primaryimage","url":"https:\/\/elcanillita.info\/press\/images\/2025\/05\/cautivos_20250527HH.png","contentUrl":"https:\/\/elcanillita.info\/press\/images\/2025\/05\/cautivos_20250527HH.png","width":550,"height":367},{"@type":"WebSite","@id":"https:\/\/elcanillita.info\/press\/#website","url":"https:\/\/elcanillita.info\/press\/","name":"ElCanillita.Info","description":"desde los Apeninos a los Andes","publisher":{"@id":"https:\/\/elcanillita.info\/press\/#organization"},"potentialAction":[{"@type":"SearchAction","target":{"@type":"EntryPoint","urlTemplate":"https:\/\/elcanillita.info\/press\/?s={search_term_string}"},"query-input":{"@type":"PropertyValueSpecification","valueRequired":true,"valueName":"search_term_string"}}],"inLanguage":"es-AR"},{"@type":"Organization","@id":"https:\/\/elcanillita.info\/press\/#organization","name":"Guzzo Photos & Graphic Publications","url":"https:\/\/elcanillita.info\/press\/","logo":{"@type":"ImageObject","inLanguage":"es-AR","@id":"https:\/\/elcanillita.info\/press\/#\/schema\/logo\/image\/","url":"https:\/\/elcanillita.info\/press\/images\/2020\/01\/cropped-cropped-cropped-elcanillitainfo.png","contentUrl":"https:\/\/elcanillita.info\/press\/images\/2020\/01\/cropped-cropped-cropped-elcanillitainfo.png","width":460,"height":50,"caption":"Guzzo Photos & Graphic Publications"},"image":{"@id":"https:\/\/elcanillita.info\/press\/#\/schema\/logo\/image\/"},"sameAs":["https:\/\/ar-ar.facebook.com\/ElCanillitainfo-114249515285712\/"]},{"@type":"Person","@id":"https:\/\/elcanillita.info\/press\/#\/schema\/person\/7fcb79f38045700919f7da6d97e71ba0","name":"SalaStampa.eu, world press service","image":{"@type":"ImageObject","inLanguage":"es-AR","@id":"https:\/\/secure.gravatar.com\/avatar\/c2f0e0d515a107624234994507816ca4724c7199cef73fc8bedebf6931d73888?s=96&d=mm&r=g","url":"https:\/\/secure.gravatar.com\/avatar\/c2f0e0d515a107624234994507816ca4724c7199cef73fc8bedebf6931d73888?s=96&d=mm&r=g","contentUrl":"https:\/\/secure.gravatar.com\/avatar\/c2f0e0d515a107624234994507816ca4724c7199cef73fc8bedebf6931d73888?s=96&d=mm&r=g","caption":"SalaStampa.eu, world press service"}}]}},"views":254,"_links":{"self":[{"href":"https:\/\/elcanillita.info\/press\/wp-json\/wp\/v2\/posts\/4704","targetHints":{"allow":["GET"]}}],"collection":[{"href":"https:\/\/elcanillita.info\/press\/wp-json\/wp\/v2\/posts"}],"about":[{"href":"https:\/\/elcanillita.info\/press\/wp-json\/wp\/v2\/types\/post"}],"author":[{"embeddable":true,"href":"https:\/\/elcanillita.info\/press\/wp-json\/wp\/v2\/users\/1"}],"replies":[{"embeddable":true,"href":"https:\/\/elcanillita.info\/press\/wp-json\/wp\/v2\/comments?post=4704"}],"version-history":[{"count":0,"href":"https:\/\/elcanillita.info\/press\/wp-json\/wp\/v2\/posts\/4704\/revisions"}],"wp:featuredmedia":[{"embeddable":true,"href":"https:\/\/elcanillita.info\/press\/wp-json\/wp\/v2\/media\/4706"}],"wp:attachment":[{"href":"https:\/\/elcanillita.info\/press\/wp-json\/wp\/v2\/media?parent=4704"}],"wp:term":[{"taxonomy":"category","embeddable":true,"href":"https:\/\/elcanillita.info\/press\/wp-json\/wp\/v2\/categories?post=4704"},{"taxonomy":"post_tag","embeddable":true,"href":"https:\/\/elcanillita.info\/press\/wp-json\/wp\/v2\/tags?post=4704"}],"curies":[{"name":"wp","href":"https:\/\/api.w.org\/{rel}","templated":true}]}}