{"id":4700,"date":"2025-05-27T02:24:29","date_gmt":"2025-05-27T05:24:29","guid":{"rendered":"https:\/\/elcanillita.info\/press\/?p=4700"},"modified":"2025-05-28T12:26:29","modified_gmt":"2025-05-28T15:26:29","slug":"del-club-de-la-obra-publica-al-hagalo-usted-mismo","status":"publish","type":"post","link":"https:\/\/elcanillita.info\/press\/2025\/05\/27\/del-club-de-la-obra-publica-al-hagalo-usted-mismo\/","title":{"rendered":"Del \u201cclub de la obra p\u00fablica\u201d al \u201ch\u00e1galo usted mismo\u201d"},"content":{"rendered":"<div class=\"wp-block-image\">\n<figure class=\"alignleft size-full is-resized\"><img loading=\"lazy\" decoding=\"async\" width=\"450\" height=\"450\" src=\"https:\/\/elcanillita.info\/press\/images\/2025\/05\/Fedecio_20250526.png\" alt=\"\" class=\"wp-image-4701\" style=\"width:328px;height:auto\" srcset=\"https:\/\/elcanillita.info\/press\/images\/2025\/05\/Fedecio_20250526.png 450w, https:\/\/elcanillita.info\/press\/images\/2025\/05\/Fedecio_20250526-300x300.png 300w, https:\/\/elcanillita.info\/press\/images\/2025\/05\/Fedecio_20250526-150x150.png 150w\" sizes=\"auto, (max-width: 450px) 100vw, 450px\" \/><\/figure>\n<\/div>\n\n\n<p><strong>ElCanillita.info<\/strong><br>Argentina, 27\/05\/2025<br>Mientras el gobierno nacional mantiene congeladas casi todas las obras p\u00fablicas \u2014incluyendo hospitales, rutas, escuelas y hasta promesas viejas\u2014, el ministro de Desregulaci\u00f3n, Federico Sturzenegger, sali\u00f3 al ruedo con una novedad: cambi\u00f3 el sistema de contrataci\u00f3n de obras p\u00fablicas.<\/p>\n\n\n\n<p>\u201cDurante 70 a\u00f1os imper\u00f3 un sistema de cartelizaci\u00f3n establecido por ley\u201d, afirm\u00f3. Y luego agreg\u00f3, sin pesta\u00f1ear: \u201cEste dislate estaba protegido por un perverso sistema que limitaba la capacidad constructiva de cada oferente asegurando un reparto entre actores\u201d.<\/p>\n\n\n\n<p>O sea: hab\u00eda un club, y ahora no lo hay. Pero tambi\u00e9n \u2014detalle no menor\u2014 ya no hay obra.<\/p>\n\n\n\n<p>Con la excusa de combatir el cartel, lo que hizo el gobierno fue desaparecer el andamio. El pa\u00eds sigue sin inversi\u00f3n p\u00fablica real, pero ahora con un discurso libertario que convierte cada bald\u00edo abandonado en una supuesta victoria moral contra la casta del cemento.<\/p>\n\n\n\n<p>Curiosamente, el anuncio llega justo cuando se activan nuevos calendarios electorales, incluso en provincias como Corrientes, que ir\u00e1n a las urnas pronto. \u00bfCasualidad? \u00bfEstrategia? \u00bfO simplemente un oportuno lavado de cara en plena campa\u00f1a?<\/p>\n\n\n\n<p>La \u00fanica certeza es que el modelo de \u201ch\u00e1galo usted mismo\u201d parece haber llegado tambi\u00e9n a la infraestructura nacional. Y en lugar de plan de obras, ahora tenemos planillas Excel y discursos contra los arquitectos del pasado.<\/p>\n\n\n\n<p>Esta nota forma parte de nuestra serie sobre el pa\u00eds que construye ideas pero no edificios. <br><br><small>\u00a92025 \u201cEl Lector de la Esquina\u201d \u2013 Todos los derechos reservados<br>Copyright \u00a9 2025 ElCanillita.info \/ SalaStampa.eu, servicio mundial de prensa<br>Guzzo Photos &amp; Graphic Publications \u2013 Registro Editori e Stampatori n. 1441 Torino, Italia<\/small><\/p>\n\n\n\n<p> <\/p>\n\n\n\n<p> <\/p>\n","protected":false},"excerpt":{"rendered":"<p>Cuando desregular es el nuevo modo de construir sin hacer nada<\/p>\n","protected":false},"author":1,"featured_media":4702,"comment_status":"closed","ping_status":"closed","sticky":false,"template":"","format":"standard","meta":{"footnotes":"","_links_to":"","_links_to_target":""},"categories":[108,121,70,123,126,20,23],"tags":[29],"class_list":["post-4700","post","type-post","status-publish","format-standard","has-post-thumbnail","hentry","category-blogdiario","category-dc24","category-actualidad","category-argentina","category-dolores-de-la-press","category-economia","category-politica","tag-argentina","entry","double"],"yoast_head":"<!-- This site is optimized with the Yoast SEO plugin v27.5 - https:\/\/yoast.com\/product\/yoast-seo-wordpress\/ -->\n<title>Del \u201cclub de la obra p\u00fablica\u201d al \u201ch\u00e1galo usted mismo\u201d - ElCanillita.Info<\/title>\n<meta name=\"robots\" content=\"index, follow, max-snippet:-1, max-image-preview:large, max-video-preview:-1\" \/>\n<link rel=\"canonical\" href=\"https:\/\/elcanillita.info\/press\/2025\/05\/27\/del-club-de-la-obra-publica-al-hagalo-usted-mismo\/\" \/>\n<meta property=\"og:locale\" content=\"es_ES\" \/>\n<meta property=\"og:type\" content=\"article\" \/>\n<meta property=\"og:title\" content=\"Del \u201cclub de la obra p\u00fablica\u201d al \u201ch\u00e1galo usted mismo\u201d - ElCanillita.Info\" \/>\n<meta property=\"og:description\" content=\"Cuando desregular es el nuevo modo de construir sin hacer nada\" \/>\n<meta property=\"og:url\" content=\"https:\/\/elcanillita.info\/press\/2025\/05\/27\/del-club-de-la-obra-publica-al-hagalo-usted-mismo\/\" \/>\n<meta property=\"og:site_name\" content=\"ElCanillita.Info\" \/>\n<meta property=\"article:publisher\" content=\"https:\/\/ar-ar.facebook.com\/ElCanillitainfo-114249515285712\/\" \/>\n<meta property=\"article:published_time\" content=\"2025-05-27T05:24:29+00:00\" \/>\n<meta property=\"article:modified_time\" content=\"2025-05-28T15:26:29+00:00\" \/>\n<meta property=\"og:image\" content=\"https:\/\/elcanillita.info\/press\/images\/2025\/05\/FedecioHH.png\" \/>\n\t<meta property=\"og:image:width\" content=\"500\" \/>\n\t<meta property=\"og:image:height\" content=\"334\" \/>\n\t<meta property=\"og:image:type\" content=\"image\/png\" \/>\n<meta name=\"author\" content=\"SalaStampa.eu, world press service\" \/>\n<meta name=\"twitter:card\" content=\"summary_large_image\" \/>\n<meta name=\"twitter:label1\" content=\"Escrito por\" \/>\n\t<meta name=\"twitter:data1\" content=\"SalaStampa.eu, world press service\" \/>\n\t<meta name=\"twitter:label2\" content=\"Tiempo de lectura\" \/>\n\t<meta name=\"twitter:data2\" content=\"2 minutos\" \/>\n<script type=\"application\/ld+json\" class=\"yoast-schema-graph\">{\"@context\":\"https:\\\/\\\/schema.org\",\"@graph\":[{\"@type\":\"Article\",\"@id\":\"https:\\\/\\\/elcanillita.info\\\/press\\\/2025\\\/05\\\/27\\\/del-club-de-la-obra-publica-al-hagalo-usted-mismo\\\/#article\",\"isPartOf\":{\"@id\":\"https:\\\/\\\/elcanillita.info\\\/press\\\/2025\\\/05\\\/27\\\/del-club-de-la-obra-publica-al-hagalo-usted-mismo\\\/\"},\"author\":{\"name\":\"SalaStampa.eu, world press service\",\"@id\":\"https:\\\/\\\/elcanillita.info\\\/press\\\/#\\\/schema\\\/person\\\/7fcb79f38045700919f7da6d97e71ba0\"},\"headline\":\"Del \u201cclub de la obra p\u00fablica\u201d al \u201ch\u00e1galo usted mismo\u201d\",\"datePublished\":\"2025-05-27T05:24:29+00:00\",\"dateModified\":\"2025-05-28T15:26:29+00:00\",\"mainEntityOfPage\":{\"@id\":\"https:\\\/\\\/elcanillita.info\\\/press\\\/2025\\\/05\\\/27\\\/del-club-de-la-obra-publica-al-hagalo-usted-mismo\\\/\"},\"wordCount\":287,\"publisher\":{\"@id\":\"https:\\\/\\\/elcanillita.info\\\/press\\\/#organization\"},\"image\":{\"@id\":\"https:\\\/\\\/elcanillita.info\\\/press\\\/2025\\\/05\\\/27\\\/del-club-de-la-obra-publica-al-hagalo-usted-mismo\\\/#primaryimage\"},\"thumbnailUrl\":\"https:\\\/\\\/elcanillita.info\\\/press\\\/images\\\/2025\\\/05\\\/FedecioHH.png\",\"keywords\":[\"Argentina\"],\"articleSection\":[\".\",\".\",\"Actualidad\",\"Argentina\",\"Dolores de La Press\",\"Economia\",\"Politica\"],\"inLanguage\":\"es-AR\"},{\"@type\":\"WebPage\",\"@id\":\"https:\\\/\\\/elcanillita.info\\\/press\\\/2025\\\/05\\\/27\\\/del-club-de-la-obra-publica-al-hagalo-usted-mismo\\\/\",\"url\":\"https:\\\/\\\/elcanillita.info\\\/press\\\/2025\\\/05\\\/27\\\/del-club-de-la-obra-publica-al-hagalo-usted-mismo\\\/\",\"name\":\"Del \u201cclub de la obra p\u00fablica\u201d al \u201ch\u00e1galo usted mismo\u201d - ElCanillita.Info\",\"isPartOf\":{\"@id\":\"https:\\\/\\\/elcanillita.info\\\/press\\\/#website\"},\"primaryImageOfPage\":{\"@id\":\"https:\\\/\\\/elcanillita.info\\\/press\\\/2025\\\/05\\\/27\\\/del-club-de-la-obra-publica-al-hagalo-usted-mismo\\\/#primaryimage\"},\"image\":{\"@id\":\"https:\\\/\\\/elcanillita.info\\\/press\\\/2025\\\/05\\\/27\\\/del-club-de-la-obra-publica-al-hagalo-usted-mismo\\\/#primaryimage\"},\"thumbnailUrl\":\"https:\\\/\\\/elcanillita.info\\\/press\\\/images\\\/2025\\\/05\\\/FedecioHH.png\",\"datePublished\":\"2025-05-27T05:24:29+00:00\",\"dateModified\":\"2025-05-28T15:26:29+00:00\",\"inLanguage\":\"es-AR\",\"potentialAction\":[{\"@type\":\"ReadAction\",\"target\":[\"https:\\\/\\\/elcanillita.info\\\/press\\\/2025\\\/05\\\/27\\\/del-club-de-la-obra-publica-al-hagalo-usted-mismo\\\/\"]}]},{\"@type\":\"ImageObject\",\"inLanguage\":\"es-AR\",\"@id\":\"https:\\\/\\\/elcanillita.info\\\/press\\\/2025\\\/05\\\/27\\\/del-club-de-la-obra-publica-al-hagalo-usted-mismo\\\/#primaryimage\",\"url\":\"https:\\\/\\\/elcanillita.info\\\/press\\\/images\\\/2025\\\/05\\\/FedecioHH.png\",\"contentUrl\":\"https:\\\/\\\/elcanillita.info\\\/press\\\/images\\\/2025\\\/05\\\/FedecioHH.png\",\"width\":500,\"height\":334},{\"@type\":\"WebSite\",\"@id\":\"https:\\\/\\\/elcanillita.info\\\/press\\\/#website\",\"url\":\"https:\\\/\\\/elcanillita.info\\\/press\\\/\",\"name\":\"ElCanillita.Info\",\"description\":\"desde los Apeninos a los Andes\",\"publisher\":{\"@id\":\"https:\\\/\\\/elcanillita.info\\\/press\\\/#organization\"},\"potentialAction\":[{\"@type\":\"SearchAction\",\"target\":{\"@type\":\"EntryPoint\",\"urlTemplate\":\"https:\\\/\\\/elcanillita.info\\\/press\\\/?s={search_term_string}\"},\"query-input\":{\"@type\":\"PropertyValueSpecification\",\"valueRequired\":true,\"valueName\":\"search_term_string\"}}],\"inLanguage\":\"es-AR\"},{\"@type\":\"Organization\",\"@id\":\"https:\\\/\\\/elcanillita.info\\\/press\\\/#organization\",\"name\":\"Guzzo Photos & Graphic Publications\",\"url\":\"https:\\\/\\\/elcanillita.info\\\/press\\\/\",\"logo\":{\"@type\":\"ImageObject\",\"inLanguage\":\"es-AR\",\"@id\":\"https:\\\/\\\/elcanillita.info\\\/press\\\/#\\\/schema\\\/logo\\\/image\\\/\",\"url\":\"https:\\\/\\\/elcanillita.info\\\/press\\\/images\\\/2020\\\/01\\\/cropped-cropped-cropped-elcanillitainfo.png\",\"contentUrl\":\"https:\\\/\\\/elcanillita.info\\\/press\\\/images\\\/2020\\\/01\\\/cropped-cropped-cropped-elcanillitainfo.png\",\"width\":460,\"height\":50,\"caption\":\"Guzzo Photos & Graphic Publications\"},\"image\":{\"@id\":\"https:\\\/\\\/elcanillita.info\\\/press\\\/#\\\/schema\\\/logo\\\/image\\\/\"},\"sameAs\":[\"https:\\\/\\\/ar-ar.facebook.com\\\/ElCanillitainfo-114249515285712\\\/\"]},{\"@type\":\"Person\",\"@id\":\"https:\\\/\\\/elcanillita.info\\\/press\\\/#\\\/schema\\\/person\\\/7fcb79f38045700919f7da6d97e71ba0\",\"name\":\"SalaStampa.eu, world press service\",\"image\":{\"@type\":\"ImageObject\",\"inLanguage\":\"es-AR\",\"@id\":\"https:\\\/\\\/secure.gravatar.com\\\/avatar\\\/c2f0e0d515a107624234994507816ca4724c7199cef73fc8bedebf6931d73888?s=96&d=mm&r=g\",\"url\":\"https:\\\/\\\/secure.gravatar.com\\\/avatar\\\/c2f0e0d515a107624234994507816ca4724c7199cef73fc8bedebf6931d73888?s=96&d=mm&r=g\",\"contentUrl\":\"https:\\\/\\\/secure.gravatar.com\\\/avatar\\\/c2f0e0d515a107624234994507816ca4724c7199cef73fc8bedebf6931d73888?s=96&d=mm&r=g\",\"caption\":\"SalaStampa.eu, world press service\"}}]}<\/script>\n<!-- \/ Yoast SEO plugin. -->","yoast_head_json":{"title":"Del \u201cclub de la obra p\u00fablica\u201d al \u201ch\u00e1galo usted mismo\u201d - ElCanillita.Info","robots":{"index":"index","follow":"follow","max-snippet":"max-snippet:-1","max-image-preview":"max-image-preview:large","max-video-preview":"max-video-preview:-1"},"canonical":"https:\/\/elcanillita.info\/press\/2025\/05\/27\/del-club-de-la-obra-publica-al-hagalo-usted-mismo\/","og_locale":"es_ES","og_type":"article","og_title":"Del \u201cclub de la obra p\u00fablica\u201d al \u201ch\u00e1galo usted mismo\u201d - ElCanillita.Info","og_description":"Cuando desregular es el nuevo modo de construir sin hacer nada","og_url":"https:\/\/elcanillita.info\/press\/2025\/05\/27\/del-club-de-la-obra-publica-al-hagalo-usted-mismo\/","og_site_name":"ElCanillita.Info","article_publisher":"https:\/\/ar-ar.facebook.com\/ElCanillitainfo-114249515285712\/","article_published_time":"2025-05-27T05:24:29+00:00","article_modified_time":"2025-05-28T15:26:29+00:00","og_image":[{"width":500,"height":334,"url":"https:\/\/elcanillita.info\/press\/images\/2025\/05\/FedecioHH.png","type":"image\/png"}],"author":"SalaStampa.eu, world press service","twitter_card":"summary_large_image","twitter_misc":{"Escrito por":"SalaStampa.eu, world press service","Tiempo de lectura":"2 minutos"},"schema":{"@context":"https:\/\/schema.org","@graph":[{"@type":"Article","@id":"https:\/\/elcanillita.info\/press\/2025\/05\/27\/del-club-de-la-obra-publica-al-hagalo-usted-mismo\/#article","isPartOf":{"@id":"https:\/\/elcanillita.info\/press\/2025\/05\/27\/del-club-de-la-obra-publica-al-hagalo-usted-mismo\/"},"author":{"name":"SalaStampa.eu, world press service","@id":"https:\/\/elcanillita.info\/press\/#\/schema\/person\/7fcb79f38045700919f7da6d97e71ba0"},"headline":"Del \u201cclub de la obra p\u00fablica\u201d al \u201ch\u00e1galo usted mismo\u201d","datePublished":"2025-05-27T05:24:29+00:00","dateModified":"2025-05-28T15:26:29+00:00","mainEntityOfPage":{"@id":"https:\/\/elcanillita.info\/press\/2025\/05\/27\/del-club-de-la-obra-publica-al-hagalo-usted-mismo\/"},"wordCount":287,"publisher":{"@id":"https:\/\/elcanillita.info\/press\/#organization"},"image":{"@id":"https:\/\/elcanillita.info\/press\/2025\/05\/27\/del-club-de-la-obra-publica-al-hagalo-usted-mismo\/#primaryimage"},"thumbnailUrl":"https:\/\/elcanillita.info\/press\/images\/2025\/05\/FedecioHH.png","keywords":["Argentina"],"articleSection":[".",".","Actualidad","Argentina","Dolores de La Press","Economia","Politica"],"inLanguage":"es-AR"},{"@type":"WebPage","@id":"https:\/\/elcanillita.info\/press\/2025\/05\/27\/del-club-de-la-obra-publica-al-hagalo-usted-mismo\/","url":"https:\/\/elcanillita.info\/press\/2025\/05\/27\/del-club-de-la-obra-publica-al-hagalo-usted-mismo\/","name":"Del \u201cclub de la obra p\u00fablica\u201d al \u201ch\u00e1galo usted mismo\u201d - ElCanillita.Info","isPartOf":{"@id":"https:\/\/elcanillita.info\/press\/#website"},"primaryImageOfPage":{"@id":"https:\/\/elcanillita.info\/press\/2025\/05\/27\/del-club-de-la-obra-publica-al-hagalo-usted-mismo\/#primaryimage"},"image":{"@id":"https:\/\/elcanillita.info\/press\/2025\/05\/27\/del-club-de-la-obra-publica-al-hagalo-usted-mismo\/#primaryimage"},"thumbnailUrl":"https:\/\/elcanillita.info\/press\/images\/2025\/05\/FedecioHH.png","datePublished":"2025-05-27T05:24:29+00:00","dateModified":"2025-05-28T15:26:29+00:00","inLanguage":"es-AR","potentialAction":[{"@type":"ReadAction","target":["https:\/\/elcanillita.info\/press\/2025\/05\/27\/del-club-de-la-obra-publica-al-hagalo-usted-mismo\/"]}]},{"@type":"ImageObject","inLanguage":"es-AR","@id":"https:\/\/elcanillita.info\/press\/2025\/05\/27\/del-club-de-la-obra-publica-al-hagalo-usted-mismo\/#primaryimage","url":"https:\/\/elcanillita.info\/press\/images\/2025\/05\/FedecioHH.png","contentUrl":"https:\/\/elcanillita.info\/press\/images\/2025\/05\/FedecioHH.png","width":500,"height":334},{"@type":"WebSite","@id":"https:\/\/elcanillita.info\/press\/#website","url":"https:\/\/elcanillita.info\/press\/","name":"ElCanillita.Info","description":"desde los Apeninos a los Andes","publisher":{"@id":"https:\/\/elcanillita.info\/press\/#organization"},"potentialAction":[{"@type":"SearchAction","target":{"@type":"EntryPoint","urlTemplate":"https:\/\/elcanillita.info\/press\/?s={search_term_string}"},"query-input":{"@type":"PropertyValueSpecification","valueRequired":true,"valueName":"search_term_string"}}],"inLanguage":"es-AR"},{"@type":"Organization","@id":"https:\/\/elcanillita.info\/press\/#organization","name":"Guzzo Photos & Graphic Publications","url":"https:\/\/elcanillita.info\/press\/","logo":{"@type":"ImageObject","inLanguage":"es-AR","@id":"https:\/\/elcanillita.info\/press\/#\/schema\/logo\/image\/","url":"https:\/\/elcanillita.info\/press\/images\/2020\/01\/cropped-cropped-cropped-elcanillitainfo.png","contentUrl":"https:\/\/elcanillita.info\/press\/images\/2020\/01\/cropped-cropped-cropped-elcanillitainfo.png","width":460,"height":50,"caption":"Guzzo Photos & Graphic Publications"},"image":{"@id":"https:\/\/elcanillita.info\/press\/#\/schema\/logo\/image\/"},"sameAs":["https:\/\/ar-ar.facebook.com\/ElCanillitainfo-114249515285712\/"]},{"@type":"Person","@id":"https:\/\/elcanillita.info\/press\/#\/schema\/person\/7fcb79f38045700919f7da6d97e71ba0","name":"SalaStampa.eu, world press service","image":{"@type":"ImageObject","inLanguage":"es-AR","@id":"https:\/\/secure.gravatar.com\/avatar\/c2f0e0d515a107624234994507816ca4724c7199cef73fc8bedebf6931d73888?s=96&d=mm&r=g","url":"https:\/\/secure.gravatar.com\/avatar\/c2f0e0d515a107624234994507816ca4724c7199cef73fc8bedebf6931d73888?s=96&d=mm&r=g","contentUrl":"https:\/\/secure.gravatar.com\/avatar\/c2f0e0d515a107624234994507816ca4724c7199cef73fc8bedebf6931d73888?s=96&d=mm&r=g","caption":"SalaStampa.eu, world press service"}}]}},"views":189,"_links":{"self":[{"href":"https:\/\/elcanillita.info\/press\/wp-json\/wp\/v2\/posts\/4700","targetHints":{"allow":["GET"]}}],"collection":[{"href":"https:\/\/elcanillita.info\/press\/wp-json\/wp\/v2\/posts"}],"about":[{"href":"https:\/\/elcanillita.info\/press\/wp-json\/wp\/v2\/types\/post"}],"author":[{"embeddable":true,"href":"https:\/\/elcanillita.info\/press\/wp-json\/wp\/v2\/users\/1"}],"replies":[{"embeddable":true,"href":"https:\/\/elcanillita.info\/press\/wp-json\/wp\/v2\/comments?post=4700"}],"version-history":[{"count":0,"href":"https:\/\/elcanillita.info\/press\/wp-json\/wp\/v2\/posts\/4700\/revisions"}],"wp:featuredmedia":[{"embeddable":true,"href":"https:\/\/elcanillita.info\/press\/wp-json\/wp\/v2\/media\/4702"}],"wp:attachment":[{"href":"https:\/\/elcanillita.info\/press\/wp-json\/wp\/v2\/media?parent=4700"}],"wp:term":[{"taxonomy":"category","embeddable":true,"href":"https:\/\/elcanillita.info\/press\/wp-json\/wp\/v2\/categories?post=4700"},{"taxonomy":"post_tag","embeddable":true,"href":"https:\/\/elcanillita.info\/press\/wp-json\/wp\/v2\/tags?post=4700"}],"curies":[{"name":"wp","href":"https:\/\/api.w.org\/{rel}","templated":true}]}}