{"id":4696,"date":"2025-05-27T02:05:58","date_gmt":"2025-05-27T05:05:58","guid":{"rendered":"https:\/\/elcanillita.info\/press\/?p=4696"},"modified":"2025-05-28T12:26:48","modified_gmt":"2025-05-28T15:26:48","slug":"zona-fria-bolsillo-caliente","status":"publish","type":"post","link":"https:\/\/elcanillita.info\/press\/2025\/05\/27\/zona-fria-bolsillo-caliente\/","title":{"rendered":"Zona Fr\u00eda, Bolsillo Caliente"},"content":{"rendered":"<div class=\"wp-block-image\">\n<figure class=\"alignleft size-full is-resized\"><img loading=\"lazy\" decoding=\"async\" width=\"367\" height=\"550\" src=\"https:\/\/elcanillita.info\/press\/images\/2025\/05\/frio_20250527.png\" alt=\"\" class=\"wp-image-4697\" style=\"width:321px;height:auto\" srcset=\"https:\/\/elcanillita.info\/press\/images\/2025\/05\/frio_20250527.png 367w, https:\/\/elcanillita.info\/press\/images\/2025\/05\/frio_20250527-200x300.png 200w\" sizes=\"auto, (max-width: 367px) 100vw, 367px\" \/><\/figure>\n<\/div>\n\n\n<p><strong>ElCanillita.info<\/strong><br>Argentina, 27\/05\/2025<br>El Gobierno Nacional acaba de darle otra vuelta de tuerca \u2014y no precisamente energ\u00e9tica\u2014 al ya vapuleado bolsillo de los argentinos. Esta vez, el golpe vino disfrazado de revisi\u00f3n t\u00e9cnica: se recort\u00f3 el beneficio del 50% en tarifas de gas para quienes figuren con m\u00e1s de un medidor a su nombre en la llamada \u201cZona Fr\u00eda\u201d.<\/p>\n\n\n\n<p>La Resoluci\u00f3n 219\/2025, publicada este lunes en el Bolet\u00edn Oficial, reduce el descuento al 30% para quienes tengan m\u00faltiples domicilios registrados. Solo podr\u00e1n mantener el subsidio completo aquellos que acrediten vulnerabilidad social o econ\u00f3mica, lo que, como sabemos, suele implicar m\u00e1s tr\u00e1mites que calor en invierno.<\/p>\n\n\n\n<p>Seg\u00fan datos oficiales, hay m\u00e1s de 138.000 casos detectados en los que un mismo titular percib\u00eda el subsidio por varias viviendas. As\u00ed, lo que antes era considerado previsi\u00f3n familiar ahora entra en la categor\u00eda de \u201cabuso legal\u201d.<\/p>\n\n\n\n<p>La medida, parte del nuevo \u201cajuste con bistur\u00ed\u201d, tiene un claro mensaje: si ten\u00e9s m\u00e1s de una casa, ya no sos sujeto de derecho, sino sospechoso subsidiario.<\/p>\n\n\n\n<p>Mientras tanto, las temperaturas bajan, el gas sube, y el manual del ciudadano ejemplar parece exigir: una factura, una casa, una oraci\u00f3n y una frazada.<\/p>\n\n\n\n<p>Esta nota forma parte de nuestra serie editorial sobre subsidios, realidades paralelas y calefacciones presupuestarias.<br><br>Don Afano \u2013 columnista freelance del Ministerio (del rev\u00e9s)<\/p>\n\n\n\n<p><small>\u00a92025 Don Afano \u2013 columnista freelance del Ministerio (del rev\u00e9s).<br>Copyright \u00a9 2025 ElCanillita.info \/ SalaStampa.eu, servicio mundial de prensa<br>Guzzo Photos &amp; Graphic Publications \u2013 Registro Editori e Stampatori n. 1441 Torino, Italia<\/small><br><\/p>\n\n\n\n<p><\/p>\n","protected":false},"excerpt":{"rendered":"<p>Si ten\u00e9s m\u00e1s de una casa, prepar\u00e1 los dientes\u2026 y los tornillos<\/p>\n","protected":false},"author":1,"featured_media":4698,"comment_status":"closed","ping_status":"closed","sticky":false,"template":"","format":"standard","meta":{"footnotes":"","_links_to":"","_links_to_target":""},"categories":[108,121,70,123,126,20,23,25],"tags":[29],"class_list":["post-4696","post","type-post","status-publish","format-standard","has-post-thumbnail","hentry","category-blogdiario","category-dc24","category-actualidad","category-argentina","category-dolores-de-la-press","category-economia","category-politica","category-sociedad","tag-argentina","entry","double"],"yoast_head":"<!-- This site is optimized with the Yoast SEO plugin v27.5 - https:\/\/yoast.com\/product\/yoast-seo-wordpress\/ -->\n<title>Zona Fr\u00eda, Bolsillo Caliente - ElCanillita.Info<\/title>\n<meta name=\"robots\" content=\"index, follow, max-snippet:-1, max-image-preview:large, max-video-preview:-1\" \/>\n<link rel=\"canonical\" href=\"https:\/\/elcanillita.info\/press\/2025\/05\/27\/zona-fria-bolsillo-caliente\/\" \/>\n<meta property=\"og:locale\" content=\"es_ES\" \/>\n<meta property=\"og:type\" content=\"article\" \/>\n<meta property=\"og:title\" content=\"Zona Fr\u00eda, Bolsillo Caliente - ElCanillita.Info\" \/>\n<meta property=\"og:description\" content=\"Si ten\u00e9s m\u00e1s de una casa, prepar\u00e1 los dientes\u2026 y los tornillos\" \/>\n<meta property=\"og:url\" content=\"https:\/\/elcanillita.info\/press\/2025\/05\/27\/zona-fria-bolsillo-caliente\/\" \/>\n<meta property=\"og:site_name\" content=\"ElCanillita.Info\" \/>\n<meta property=\"article:publisher\" content=\"https:\/\/ar-ar.facebook.com\/ElCanillitainfo-114249515285712\/\" \/>\n<meta property=\"article:published_time\" content=\"2025-05-27T05:05:58+00:00\" \/>\n<meta property=\"article:modified_time\" content=\"2025-05-28T15:26:48+00:00\" \/>\n<meta property=\"og:image\" content=\"https:\/\/elcanillita.info\/press\/images\/2025\/05\/frio_20250527.H400.png\" \/>\n\t<meta property=\"og:image:width\" content=\"367\" \/>\n\t<meta property=\"og:image:height\" content=\"245\" \/>\n\t<meta property=\"og:image:type\" content=\"image\/png\" \/>\n<meta name=\"author\" content=\"SalaStampa.eu, world press service\" \/>\n<meta name=\"twitter:card\" content=\"summary_large_image\" \/>\n<meta name=\"twitter:label1\" content=\"Escrito por\" \/>\n\t<meta name=\"twitter:data1\" content=\"SalaStampa.eu, world press service\" \/>\n\t<meta name=\"twitter:label2\" content=\"Tiempo de lectura\" \/>\n\t<meta name=\"twitter:data2\" content=\"2 minutos\" \/>\n<script type=\"application\/ld+json\" class=\"yoast-schema-graph\">{\"@context\":\"https:\\\/\\\/schema.org\",\"@graph\":[{\"@type\":\"Article\",\"@id\":\"https:\\\/\\\/elcanillita.info\\\/press\\\/2025\\\/05\\\/27\\\/zona-fria-bolsillo-caliente\\\/#article\",\"isPartOf\":{\"@id\":\"https:\\\/\\\/elcanillita.info\\\/press\\\/2025\\\/05\\\/27\\\/zona-fria-bolsillo-caliente\\\/\"},\"author\":{\"name\":\"SalaStampa.eu, world press service\",\"@id\":\"https:\\\/\\\/elcanillita.info\\\/press\\\/#\\\/schema\\\/person\\\/7fcb79f38045700919f7da6d97e71ba0\"},\"headline\":\"Zona Fr\u00eda, Bolsillo Caliente\",\"datePublished\":\"2025-05-27T05:05:58+00:00\",\"dateModified\":\"2025-05-28T15:26:48+00:00\",\"mainEntityOfPage\":{\"@id\":\"https:\\\/\\\/elcanillita.info\\\/press\\\/2025\\\/05\\\/27\\\/zona-fria-bolsillo-caliente\\\/\"},\"wordCount\":268,\"publisher\":{\"@id\":\"https:\\\/\\\/elcanillita.info\\\/press\\\/#organization\"},\"image\":{\"@id\":\"https:\\\/\\\/elcanillita.info\\\/press\\\/2025\\\/05\\\/27\\\/zona-fria-bolsillo-caliente\\\/#primaryimage\"},\"thumbnailUrl\":\"https:\\\/\\\/elcanillita.info\\\/press\\\/images\\\/2025\\\/05\\\/frio_20250527.H400.png\",\"keywords\":[\"Argentina\"],\"articleSection\":[\".\",\".\",\"Actualidad\",\"Argentina\",\"Dolores de La Press\",\"Economia\",\"Politica\",\"Sociedad\"],\"inLanguage\":\"es-AR\"},{\"@type\":\"WebPage\",\"@id\":\"https:\\\/\\\/elcanillita.info\\\/press\\\/2025\\\/05\\\/27\\\/zona-fria-bolsillo-caliente\\\/\",\"url\":\"https:\\\/\\\/elcanillita.info\\\/press\\\/2025\\\/05\\\/27\\\/zona-fria-bolsillo-caliente\\\/\",\"name\":\"Zona Fr\u00eda, Bolsillo Caliente - ElCanillita.Info\",\"isPartOf\":{\"@id\":\"https:\\\/\\\/elcanillita.info\\\/press\\\/#website\"},\"primaryImageOfPage\":{\"@id\":\"https:\\\/\\\/elcanillita.info\\\/press\\\/2025\\\/05\\\/27\\\/zona-fria-bolsillo-caliente\\\/#primaryimage\"},\"image\":{\"@id\":\"https:\\\/\\\/elcanillita.info\\\/press\\\/2025\\\/05\\\/27\\\/zona-fria-bolsillo-caliente\\\/#primaryimage\"},\"thumbnailUrl\":\"https:\\\/\\\/elcanillita.info\\\/press\\\/images\\\/2025\\\/05\\\/frio_20250527.H400.png\",\"datePublished\":\"2025-05-27T05:05:58+00:00\",\"dateModified\":\"2025-05-28T15:26:48+00:00\",\"inLanguage\":\"es-AR\",\"potentialAction\":[{\"@type\":\"ReadAction\",\"target\":[\"https:\\\/\\\/elcanillita.info\\\/press\\\/2025\\\/05\\\/27\\\/zona-fria-bolsillo-caliente\\\/\"]}]},{\"@type\":\"ImageObject\",\"inLanguage\":\"es-AR\",\"@id\":\"https:\\\/\\\/elcanillita.info\\\/press\\\/2025\\\/05\\\/27\\\/zona-fria-bolsillo-caliente\\\/#primaryimage\",\"url\":\"https:\\\/\\\/elcanillita.info\\\/press\\\/images\\\/2025\\\/05\\\/frio_20250527.H400.png\",\"contentUrl\":\"https:\\\/\\\/elcanillita.info\\\/press\\\/images\\\/2025\\\/05\\\/frio_20250527.H400.png\",\"width\":367,\"height\":245},{\"@type\":\"WebSite\",\"@id\":\"https:\\\/\\\/elcanillita.info\\\/press\\\/#website\",\"url\":\"https:\\\/\\\/elcanillita.info\\\/press\\\/\",\"name\":\"ElCanillita.Info\",\"description\":\"desde los Apeninos a los Andes\",\"publisher\":{\"@id\":\"https:\\\/\\\/elcanillita.info\\\/press\\\/#organization\"},\"potentialAction\":[{\"@type\":\"SearchAction\",\"target\":{\"@type\":\"EntryPoint\",\"urlTemplate\":\"https:\\\/\\\/elcanillita.info\\\/press\\\/?s={search_term_string}\"},\"query-input\":{\"@type\":\"PropertyValueSpecification\",\"valueRequired\":true,\"valueName\":\"search_term_string\"}}],\"inLanguage\":\"es-AR\"},{\"@type\":\"Organization\",\"@id\":\"https:\\\/\\\/elcanillita.info\\\/press\\\/#organization\",\"name\":\"Guzzo Photos & Graphic Publications\",\"url\":\"https:\\\/\\\/elcanillita.info\\\/press\\\/\",\"logo\":{\"@type\":\"ImageObject\",\"inLanguage\":\"es-AR\",\"@id\":\"https:\\\/\\\/elcanillita.info\\\/press\\\/#\\\/schema\\\/logo\\\/image\\\/\",\"url\":\"https:\\\/\\\/elcanillita.info\\\/press\\\/images\\\/2020\\\/01\\\/cropped-cropped-cropped-elcanillitainfo.png\",\"contentUrl\":\"https:\\\/\\\/elcanillita.info\\\/press\\\/images\\\/2020\\\/01\\\/cropped-cropped-cropped-elcanillitainfo.png\",\"width\":460,\"height\":50,\"caption\":\"Guzzo Photos & Graphic Publications\"},\"image\":{\"@id\":\"https:\\\/\\\/elcanillita.info\\\/press\\\/#\\\/schema\\\/logo\\\/image\\\/\"},\"sameAs\":[\"https:\\\/\\\/ar-ar.facebook.com\\\/ElCanillitainfo-114249515285712\\\/\"]},{\"@type\":\"Person\",\"@id\":\"https:\\\/\\\/elcanillita.info\\\/press\\\/#\\\/schema\\\/person\\\/7fcb79f38045700919f7da6d97e71ba0\",\"name\":\"SalaStampa.eu, world press service\",\"image\":{\"@type\":\"ImageObject\",\"inLanguage\":\"es-AR\",\"@id\":\"https:\\\/\\\/secure.gravatar.com\\\/avatar\\\/c2f0e0d515a107624234994507816ca4724c7199cef73fc8bedebf6931d73888?s=96&d=mm&r=g\",\"url\":\"https:\\\/\\\/secure.gravatar.com\\\/avatar\\\/c2f0e0d515a107624234994507816ca4724c7199cef73fc8bedebf6931d73888?s=96&d=mm&r=g\",\"contentUrl\":\"https:\\\/\\\/secure.gravatar.com\\\/avatar\\\/c2f0e0d515a107624234994507816ca4724c7199cef73fc8bedebf6931d73888?s=96&d=mm&r=g\",\"caption\":\"SalaStampa.eu, world press service\"}}]}<\/script>\n<!-- \/ Yoast SEO plugin. -->","yoast_head_json":{"title":"Zona Fr\u00eda, Bolsillo Caliente - ElCanillita.Info","robots":{"index":"index","follow":"follow","max-snippet":"max-snippet:-1","max-image-preview":"max-image-preview:large","max-video-preview":"max-video-preview:-1"},"canonical":"https:\/\/elcanillita.info\/press\/2025\/05\/27\/zona-fria-bolsillo-caliente\/","og_locale":"es_ES","og_type":"article","og_title":"Zona Fr\u00eda, Bolsillo Caliente - ElCanillita.Info","og_description":"Si ten\u00e9s m\u00e1s de una casa, prepar\u00e1 los dientes\u2026 y los tornillos","og_url":"https:\/\/elcanillita.info\/press\/2025\/05\/27\/zona-fria-bolsillo-caliente\/","og_site_name":"ElCanillita.Info","article_publisher":"https:\/\/ar-ar.facebook.com\/ElCanillitainfo-114249515285712\/","article_published_time":"2025-05-27T05:05:58+00:00","article_modified_time":"2025-05-28T15:26:48+00:00","og_image":[{"width":367,"height":245,"url":"https:\/\/elcanillita.info\/press\/images\/2025\/05\/frio_20250527.H400.png","type":"image\/png"}],"author":"SalaStampa.eu, world press service","twitter_card":"summary_large_image","twitter_misc":{"Escrito por":"SalaStampa.eu, world press service","Tiempo de lectura":"2 minutos"},"schema":{"@context":"https:\/\/schema.org","@graph":[{"@type":"Article","@id":"https:\/\/elcanillita.info\/press\/2025\/05\/27\/zona-fria-bolsillo-caliente\/#article","isPartOf":{"@id":"https:\/\/elcanillita.info\/press\/2025\/05\/27\/zona-fria-bolsillo-caliente\/"},"author":{"name":"SalaStampa.eu, world press service","@id":"https:\/\/elcanillita.info\/press\/#\/schema\/person\/7fcb79f38045700919f7da6d97e71ba0"},"headline":"Zona Fr\u00eda, Bolsillo Caliente","datePublished":"2025-05-27T05:05:58+00:00","dateModified":"2025-05-28T15:26:48+00:00","mainEntityOfPage":{"@id":"https:\/\/elcanillita.info\/press\/2025\/05\/27\/zona-fria-bolsillo-caliente\/"},"wordCount":268,"publisher":{"@id":"https:\/\/elcanillita.info\/press\/#organization"},"image":{"@id":"https:\/\/elcanillita.info\/press\/2025\/05\/27\/zona-fria-bolsillo-caliente\/#primaryimage"},"thumbnailUrl":"https:\/\/elcanillita.info\/press\/images\/2025\/05\/frio_20250527.H400.png","keywords":["Argentina"],"articleSection":[".",".","Actualidad","Argentina","Dolores de La Press","Economia","Politica","Sociedad"],"inLanguage":"es-AR"},{"@type":"WebPage","@id":"https:\/\/elcanillita.info\/press\/2025\/05\/27\/zona-fria-bolsillo-caliente\/","url":"https:\/\/elcanillita.info\/press\/2025\/05\/27\/zona-fria-bolsillo-caliente\/","name":"Zona Fr\u00eda, Bolsillo Caliente - ElCanillita.Info","isPartOf":{"@id":"https:\/\/elcanillita.info\/press\/#website"},"primaryImageOfPage":{"@id":"https:\/\/elcanillita.info\/press\/2025\/05\/27\/zona-fria-bolsillo-caliente\/#primaryimage"},"image":{"@id":"https:\/\/elcanillita.info\/press\/2025\/05\/27\/zona-fria-bolsillo-caliente\/#primaryimage"},"thumbnailUrl":"https:\/\/elcanillita.info\/press\/images\/2025\/05\/frio_20250527.H400.png","datePublished":"2025-05-27T05:05:58+00:00","dateModified":"2025-05-28T15:26:48+00:00","inLanguage":"es-AR","potentialAction":[{"@type":"ReadAction","target":["https:\/\/elcanillita.info\/press\/2025\/05\/27\/zona-fria-bolsillo-caliente\/"]}]},{"@type":"ImageObject","inLanguage":"es-AR","@id":"https:\/\/elcanillita.info\/press\/2025\/05\/27\/zona-fria-bolsillo-caliente\/#primaryimage","url":"https:\/\/elcanillita.info\/press\/images\/2025\/05\/frio_20250527.H400.png","contentUrl":"https:\/\/elcanillita.info\/press\/images\/2025\/05\/frio_20250527.H400.png","width":367,"height":245},{"@type":"WebSite","@id":"https:\/\/elcanillita.info\/press\/#website","url":"https:\/\/elcanillita.info\/press\/","name":"ElCanillita.Info","description":"desde los Apeninos a los Andes","publisher":{"@id":"https:\/\/elcanillita.info\/press\/#organization"},"potentialAction":[{"@type":"SearchAction","target":{"@type":"EntryPoint","urlTemplate":"https:\/\/elcanillita.info\/press\/?s={search_term_string}"},"query-input":{"@type":"PropertyValueSpecification","valueRequired":true,"valueName":"search_term_string"}}],"inLanguage":"es-AR"},{"@type":"Organization","@id":"https:\/\/elcanillita.info\/press\/#organization","name":"Guzzo Photos & Graphic Publications","url":"https:\/\/elcanillita.info\/press\/","logo":{"@type":"ImageObject","inLanguage":"es-AR","@id":"https:\/\/elcanillita.info\/press\/#\/schema\/logo\/image\/","url":"https:\/\/elcanillita.info\/press\/images\/2020\/01\/cropped-cropped-cropped-elcanillitainfo.png","contentUrl":"https:\/\/elcanillita.info\/press\/images\/2020\/01\/cropped-cropped-cropped-elcanillitainfo.png","width":460,"height":50,"caption":"Guzzo Photos & Graphic Publications"},"image":{"@id":"https:\/\/elcanillita.info\/press\/#\/schema\/logo\/image\/"},"sameAs":["https:\/\/ar-ar.facebook.com\/ElCanillitainfo-114249515285712\/"]},{"@type":"Person","@id":"https:\/\/elcanillita.info\/press\/#\/schema\/person\/7fcb79f38045700919f7da6d97e71ba0","name":"SalaStampa.eu, world press service","image":{"@type":"ImageObject","inLanguage":"es-AR","@id":"https:\/\/secure.gravatar.com\/avatar\/c2f0e0d515a107624234994507816ca4724c7199cef73fc8bedebf6931d73888?s=96&d=mm&r=g","url":"https:\/\/secure.gravatar.com\/avatar\/c2f0e0d515a107624234994507816ca4724c7199cef73fc8bedebf6931d73888?s=96&d=mm&r=g","contentUrl":"https:\/\/secure.gravatar.com\/avatar\/c2f0e0d515a107624234994507816ca4724c7199cef73fc8bedebf6931d73888?s=96&d=mm&r=g","caption":"SalaStampa.eu, world press service"}}]}},"views":180,"_links":{"self":[{"href":"https:\/\/elcanillita.info\/press\/wp-json\/wp\/v2\/posts\/4696","targetHints":{"allow":["GET"]}}],"collection":[{"href":"https:\/\/elcanillita.info\/press\/wp-json\/wp\/v2\/posts"}],"about":[{"href":"https:\/\/elcanillita.info\/press\/wp-json\/wp\/v2\/types\/post"}],"author":[{"embeddable":true,"href":"https:\/\/elcanillita.info\/press\/wp-json\/wp\/v2\/users\/1"}],"replies":[{"embeddable":true,"href":"https:\/\/elcanillita.info\/press\/wp-json\/wp\/v2\/comments?post=4696"}],"version-history":[{"count":0,"href":"https:\/\/elcanillita.info\/press\/wp-json\/wp\/v2\/posts\/4696\/revisions"}],"wp:featuredmedia":[{"embeddable":true,"href":"https:\/\/elcanillita.info\/press\/wp-json\/wp\/v2\/media\/4698"}],"wp:attachment":[{"href":"https:\/\/elcanillita.info\/press\/wp-json\/wp\/v2\/media?parent=4696"}],"wp:term":[{"taxonomy":"category","embeddable":true,"href":"https:\/\/elcanillita.info\/press\/wp-json\/wp\/v2\/categories?post=4696"},{"taxonomy":"post_tag","embeddable":true,"href":"https:\/\/elcanillita.info\/press\/wp-json\/wp\/v2\/tags?post=4696"}],"curies":[{"name":"wp","href":"https:\/\/api.w.org\/{rel}","templated":true}]}}