{"id":4687,"date":"2025-05-27T01:40:54","date_gmt":"2025-05-27T04:40:54","guid":{"rendered":"https:\/\/elcanillita.info\/press\/?p=4687"},"modified":"2025-05-28T12:27:00","modified_gmt":"2025-05-28T15:27:00","slug":"parece-que-en-argentina-el-unico-inteligente-es-javier","status":"publish","type":"post","link":"https:\/\/elcanillita.info\/press\/2025\/05\/27\/parece-que-en-argentina-el-unico-inteligente-es-javier\/","title":{"rendered":"Parece que en Argentina, el \u00fanico inteligente es Javier"},"content":{"rendered":"<div class=\"wp-block-image\">\n<figure class=\"alignleft size-full is-resized\"><img loading=\"lazy\" decoding=\"async\" width=\"450\" height=\"450\" src=\"https:\/\/elcanillita.info\/press\/images\/2025\/05\/examen-nacional-1.png\" alt=\"\" class=\"wp-image-4690\" style=\"width:355px;height:auto\" srcset=\"https:\/\/elcanillita.info\/press\/images\/2025\/05\/examen-nacional-1.png 450w, https:\/\/elcanillita.info\/press\/images\/2025\/05\/examen-nacional-1-300x300.png 300w, https:\/\/elcanillita.info\/press\/images\/2025\/05\/examen-nacional-1-150x150.png 150w\" sizes=\"auto, (max-width: 450px) 100vw, 450px\" \/><\/figure>\n<\/div>\n\n\n<p><strong>ElCanillita.info<\/strong><br>Argentina, 27\/05\/2025<br>En la Argentina de 2025, cuando uno entra a votar ya no elige representantes, sino que parece rendir examen. Y seg\u00fan ciertos sectores \u2014en especial los amedrentados del viejo kirchnerismo\u2014 el que no vota \u201ccorrectamente\u201d es simplemente un idiota.<\/p>\n\n\n\n<p>S\u00ed, as\u00ed estamos: Mileismo o kirchnerismo, y nada m\u00e1s. Esa es la consigna que se impuso en las elecciones anticipadas en algunas provincias y, sobre todo, en la Ciudad Aut\u00f3noma de Buenos Aires este \u00faltimo domingo. Una elecci\u00f3n local convertida \u2014gracias al aparato medi\u00e1tico y pol\u00edtico\u2014 en refer\u00e9ndum emocional sobre el gobierno nacional.<\/p>\n\n\n\n<p>La idea de fondo, repetida por comentaristas y repetida por los medios con una fidelidad digna de salm\u00f3n de criadero, es que no hay matices: o vot\u00e1s a favor del \u201ccambio disruptivo\u201d o sos parte del \u201cr\u00e9gimen decadente\u201d. \u00bfY si no est\u00e1s con ninguno? Entonces sos invisible.<\/p>\n\n\n\n<p>En esta l\u00f3gica binaria, solo hay un argentino verdaderamente inteligente: Javier Milei. Los dem\u00e1s, seg\u00fan esta narrativa, est\u00e1n confundidos, manipulados o \u2014directamente\u2014 son tontos \u00fatiles del otro bando. El votante como s\u00fabdito de una verdad revelada, no como ciudadano libre de pensar.<\/p>\n\n\n\n<p>As\u00ed, los comicios dejan de ser elecciones y se convierten en test de obediencia ideol\u00f3gica. El voto no vale por lo que propone, sino por a qui\u00e9n incomoda.<\/p>\n\n\n\n<p>Mientras tanto, la democracia, esa se\u00f1ora mayor y cansada, observa desde un rinc\u00f3n con su libreta de actas arrugada y un caf\u00e9 fr\u00edo. Porque ni ella puede entender c\u00f3mo terminamos reduciendo un pa\u00eds entero a una pelea de egos con cuentas de TikTok.<br><br><small>\u00a92025 \u201cEl \u00faltimo que dobla la esquina\u201d<br>\u2026poque siempre hay alguien que reparte noticias mientras todos duermen.<br>Todos los derechos reservados<br>Copyright \u00a9 2025 ElCanillita.info \/ SalaStampa.eu, servicio mundial de prensa<br>Guzzo Photos &amp; Graphic Publications \u2013 Registro Editori e Stampatori n. 1441 Torino, Italia<\/small><\/p>\n\n\n\n<p><\/p>\n","protected":false},"excerpt":{"rendered":"<p>Cr\u00f3nica de una elecci\u00f3n disfrazada de evaluaci\u00f3n de coeficiente nacional<\/p>\n","protected":false},"author":1,"featured_media":4690,"comment_status":"closed","ping_status":"closed","sticky":false,"template":"","format":"standard","meta":{"footnotes":"","_links_to":"","_links_to_target":""},"categories":[108,121,70,123,126,23,25],"tags":[29],"class_list":["post-4687","post","type-post","status-publish","format-standard","has-post-thumbnail","hentry","category-blogdiario","category-dc24","category-actualidad","category-argentina","category-dolores-de-la-press","category-politica","category-sociedad","tag-argentina","entry","double"],"yoast_head":"<!-- This site is optimized with the Yoast SEO plugin v27.5 - https:\/\/yoast.com\/product\/yoast-seo-wordpress\/ -->\n<title>Parece que en Argentina, el \u00fanico inteligente es Javier - ElCanillita.Info<\/title>\n<meta name=\"robots\" content=\"index, follow, max-snippet:-1, max-image-preview:large, max-video-preview:-1\" \/>\n<link rel=\"canonical\" href=\"https:\/\/elcanillita.info\/press\/2025\/05\/27\/parece-que-en-argentina-el-unico-inteligente-es-javier\/\" \/>\n<meta property=\"og:locale\" content=\"es_ES\" \/>\n<meta property=\"og:type\" content=\"article\" \/>\n<meta property=\"og:title\" content=\"Parece que en Argentina, el \u00fanico inteligente es Javier - ElCanillita.Info\" \/>\n<meta property=\"og:description\" content=\"Cr\u00f3nica de una elecci\u00f3n disfrazada de evaluaci\u00f3n de coeficiente nacional\" \/>\n<meta property=\"og:url\" content=\"https:\/\/elcanillita.info\/press\/2025\/05\/27\/parece-que-en-argentina-el-unico-inteligente-es-javier\/\" \/>\n<meta property=\"og:site_name\" content=\"ElCanillita.Info\" \/>\n<meta property=\"article:publisher\" content=\"https:\/\/ar-ar.facebook.com\/ElCanillitainfo-114249515285712\/\" \/>\n<meta property=\"article:published_time\" content=\"2025-05-27T04:40:54+00:00\" \/>\n<meta property=\"article:modified_time\" content=\"2025-05-28T15:27:00+00:00\" \/>\n<meta property=\"og:image\" content=\"https:\/\/elcanillita.info\/press\/images\/2025\/05\/examen-nacional-1.png\" \/>\n\t<meta property=\"og:image:width\" content=\"450\" \/>\n\t<meta property=\"og:image:height\" content=\"450\" \/>\n\t<meta property=\"og:image:type\" content=\"image\/png\" \/>\n<meta name=\"author\" content=\"SalaStampa.eu, world press service\" \/>\n<meta name=\"twitter:card\" content=\"summary_large_image\" \/>\n<meta name=\"twitter:label1\" content=\"Escrito por\" \/>\n\t<meta name=\"twitter:data1\" content=\"SalaStampa.eu, world press service\" \/>\n\t<meta name=\"twitter:label2\" content=\"Tiempo de lectura\" \/>\n\t<meta name=\"twitter:data2\" content=\"2 minutos\" \/>\n<script type=\"application\/ld+json\" class=\"yoast-schema-graph\">{\"@context\":\"https:\\\/\\\/schema.org\",\"@graph\":[{\"@type\":\"Article\",\"@id\":\"https:\\\/\\\/elcanillita.info\\\/press\\\/2025\\\/05\\\/27\\\/parece-que-en-argentina-el-unico-inteligente-es-javier\\\/#article\",\"isPartOf\":{\"@id\":\"https:\\\/\\\/elcanillita.info\\\/press\\\/2025\\\/05\\\/27\\\/parece-que-en-argentina-el-unico-inteligente-es-javier\\\/\"},\"author\":{\"name\":\"SalaStampa.eu, world press service\",\"@id\":\"https:\\\/\\\/elcanillita.info\\\/press\\\/#\\\/schema\\\/person\\\/7fcb79f38045700919f7da6d97e71ba0\"},\"headline\":\"Parece que en Argentina, el \u00fanico inteligente es Javier\",\"datePublished\":\"2025-05-27T04:40:54+00:00\",\"dateModified\":\"2025-05-28T15:27:00+00:00\",\"mainEntityOfPage\":{\"@id\":\"https:\\\/\\\/elcanillita.info\\\/press\\\/2025\\\/05\\\/27\\\/parece-que-en-argentina-el-unico-inteligente-es-javier\\\/\"},\"wordCount\":325,\"publisher\":{\"@id\":\"https:\\\/\\\/elcanillita.info\\\/press\\\/#organization\"},\"image\":{\"@id\":\"https:\\\/\\\/elcanillita.info\\\/press\\\/2025\\\/05\\\/27\\\/parece-que-en-argentina-el-unico-inteligente-es-javier\\\/#primaryimage\"},\"thumbnailUrl\":\"https:\\\/\\\/elcanillita.info\\\/press\\\/images\\\/2025\\\/05\\\/examen-nacional-1.png\",\"keywords\":[\"Argentina\"],\"articleSection\":[\".\",\".\",\"Actualidad\",\"Argentina\",\"Dolores de La Press\",\"Politica\",\"Sociedad\"],\"inLanguage\":\"es-AR\"},{\"@type\":\"WebPage\",\"@id\":\"https:\\\/\\\/elcanillita.info\\\/press\\\/2025\\\/05\\\/27\\\/parece-que-en-argentina-el-unico-inteligente-es-javier\\\/\",\"url\":\"https:\\\/\\\/elcanillita.info\\\/press\\\/2025\\\/05\\\/27\\\/parece-que-en-argentina-el-unico-inteligente-es-javier\\\/\",\"name\":\"Parece que en Argentina, el \u00fanico inteligente es Javier - ElCanillita.Info\",\"isPartOf\":{\"@id\":\"https:\\\/\\\/elcanillita.info\\\/press\\\/#website\"},\"primaryImageOfPage\":{\"@id\":\"https:\\\/\\\/elcanillita.info\\\/press\\\/2025\\\/05\\\/27\\\/parece-que-en-argentina-el-unico-inteligente-es-javier\\\/#primaryimage\"},\"image\":{\"@id\":\"https:\\\/\\\/elcanillita.info\\\/press\\\/2025\\\/05\\\/27\\\/parece-que-en-argentina-el-unico-inteligente-es-javier\\\/#primaryimage\"},\"thumbnailUrl\":\"https:\\\/\\\/elcanillita.info\\\/press\\\/images\\\/2025\\\/05\\\/examen-nacional-1.png\",\"datePublished\":\"2025-05-27T04:40:54+00:00\",\"dateModified\":\"2025-05-28T15:27:00+00:00\",\"inLanguage\":\"es-AR\",\"potentialAction\":[{\"@type\":\"ReadAction\",\"target\":[\"https:\\\/\\\/elcanillita.info\\\/press\\\/2025\\\/05\\\/27\\\/parece-que-en-argentina-el-unico-inteligente-es-javier\\\/\"]}]},{\"@type\":\"ImageObject\",\"inLanguage\":\"es-AR\",\"@id\":\"https:\\\/\\\/elcanillita.info\\\/press\\\/2025\\\/05\\\/27\\\/parece-que-en-argentina-el-unico-inteligente-es-javier\\\/#primaryimage\",\"url\":\"https:\\\/\\\/elcanillita.info\\\/press\\\/images\\\/2025\\\/05\\\/examen-nacional-1.png\",\"contentUrl\":\"https:\\\/\\\/elcanillita.info\\\/press\\\/images\\\/2025\\\/05\\\/examen-nacional-1.png\",\"width\":450,\"height\":450},{\"@type\":\"WebSite\",\"@id\":\"https:\\\/\\\/elcanillita.info\\\/press\\\/#website\",\"url\":\"https:\\\/\\\/elcanillita.info\\\/press\\\/\",\"name\":\"ElCanillita.Info\",\"description\":\"desde los Apeninos a los Andes\",\"publisher\":{\"@id\":\"https:\\\/\\\/elcanillita.info\\\/press\\\/#organization\"},\"potentialAction\":[{\"@type\":\"SearchAction\",\"target\":{\"@type\":\"EntryPoint\",\"urlTemplate\":\"https:\\\/\\\/elcanillita.info\\\/press\\\/?s={search_term_string}\"},\"query-input\":{\"@type\":\"PropertyValueSpecification\",\"valueRequired\":true,\"valueName\":\"search_term_string\"}}],\"inLanguage\":\"es-AR\"},{\"@type\":\"Organization\",\"@id\":\"https:\\\/\\\/elcanillita.info\\\/press\\\/#organization\",\"name\":\"Guzzo Photos & Graphic Publications\",\"url\":\"https:\\\/\\\/elcanillita.info\\\/press\\\/\",\"logo\":{\"@type\":\"ImageObject\",\"inLanguage\":\"es-AR\",\"@id\":\"https:\\\/\\\/elcanillita.info\\\/press\\\/#\\\/schema\\\/logo\\\/image\\\/\",\"url\":\"https:\\\/\\\/elcanillita.info\\\/press\\\/images\\\/2020\\\/01\\\/cropped-cropped-cropped-elcanillitainfo.png\",\"contentUrl\":\"https:\\\/\\\/elcanillita.info\\\/press\\\/images\\\/2020\\\/01\\\/cropped-cropped-cropped-elcanillitainfo.png\",\"width\":460,\"height\":50,\"caption\":\"Guzzo Photos & Graphic Publications\"},\"image\":{\"@id\":\"https:\\\/\\\/elcanillita.info\\\/press\\\/#\\\/schema\\\/logo\\\/image\\\/\"},\"sameAs\":[\"https:\\\/\\\/ar-ar.facebook.com\\\/ElCanillitainfo-114249515285712\\\/\"]},{\"@type\":\"Person\",\"@id\":\"https:\\\/\\\/elcanillita.info\\\/press\\\/#\\\/schema\\\/person\\\/7fcb79f38045700919f7da6d97e71ba0\",\"name\":\"SalaStampa.eu, world press service\",\"image\":{\"@type\":\"ImageObject\",\"inLanguage\":\"es-AR\",\"@id\":\"https:\\\/\\\/secure.gravatar.com\\\/avatar\\\/c2f0e0d515a107624234994507816ca4724c7199cef73fc8bedebf6931d73888?s=96&d=mm&r=g\",\"url\":\"https:\\\/\\\/secure.gravatar.com\\\/avatar\\\/c2f0e0d515a107624234994507816ca4724c7199cef73fc8bedebf6931d73888?s=96&d=mm&r=g\",\"contentUrl\":\"https:\\\/\\\/secure.gravatar.com\\\/avatar\\\/c2f0e0d515a107624234994507816ca4724c7199cef73fc8bedebf6931d73888?s=96&d=mm&r=g\",\"caption\":\"SalaStampa.eu, world press service\"}}]}<\/script>\n<!-- \/ Yoast SEO plugin. -->","yoast_head_json":{"title":"Parece que en Argentina, el \u00fanico inteligente es Javier - ElCanillita.Info","robots":{"index":"index","follow":"follow","max-snippet":"max-snippet:-1","max-image-preview":"max-image-preview:large","max-video-preview":"max-video-preview:-1"},"canonical":"https:\/\/elcanillita.info\/press\/2025\/05\/27\/parece-que-en-argentina-el-unico-inteligente-es-javier\/","og_locale":"es_ES","og_type":"article","og_title":"Parece que en Argentina, el \u00fanico inteligente es Javier - ElCanillita.Info","og_description":"Cr\u00f3nica de una elecci\u00f3n disfrazada de evaluaci\u00f3n de coeficiente nacional","og_url":"https:\/\/elcanillita.info\/press\/2025\/05\/27\/parece-que-en-argentina-el-unico-inteligente-es-javier\/","og_site_name":"ElCanillita.Info","article_publisher":"https:\/\/ar-ar.facebook.com\/ElCanillitainfo-114249515285712\/","article_published_time":"2025-05-27T04:40:54+00:00","article_modified_time":"2025-05-28T15:27:00+00:00","og_image":[{"width":450,"height":450,"url":"https:\/\/elcanillita.info\/press\/images\/2025\/05\/examen-nacional-1.png","type":"image\/png"}],"author":"SalaStampa.eu, world press service","twitter_card":"summary_large_image","twitter_misc":{"Escrito por":"SalaStampa.eu, world press service","Tiempo de lectura":"2 minutos"},"schema":{"@context":"https:\/\/schema.org","@graph":[{"@type":"Article","@id":"https:\/\/elcanillita.info\/press\/2025\/05\/27\/parece-que-en-argentina-el-unico-inteligente-es-javier\/#article","isPartOf":{"@id":"https:\/\/elcanillita.info\/press\/2025\/05\/27\/parece-que-en-argentina-el-unico-inteligente-es-javier\/"},"author":{"name":"SalaStampa.eu, world press service","@id":"https:\/\/elcanillita.info\/press\/#\/schema\/person\/7fcb79f38045700919f7da6d97e71ba0"},"headline":"Parece que en Argentina, el \u00fanico inteligente es Javier","datePublished":"2025-05-27T04:40:54+00:00","dateModified":"2025-05-28T15:27:00+00:00","mainEntityOfPage":{"@id":"https:\/\/elcanillita.info\/press\/2025\/05\/27\/parece-que-en-argentina-el-unico-inteligente-es-javier\/"},"wordCount":325,"publisher":{"@id":"https:\/\/elcanillita.info\/press\/#organization"},"image":{"@id":"https:\/\/elcanillita.info\/press\/2025\/05\/27\/parece-que-en-argentina-el-unico-inteligente-es-javier\/#primaryimage"},"thumbnailUrl":"https:\/\/elcanillita.info\/press\/images\/2025\/05\/examen-nacional-1.png","keywords":["Argentina"],"articleSection":[".",".","Actualidad","Argentina","Dolores de La Press","Politica","Sociedad"],"inLanguage":"es-AR"},{"@type":"WebPage","@id":"https:\/\/elcanillita.info\/press\/2025\/05\/27\/parece-que-en-argentina-el-unico-inteligente-es-javier\/","url":"https:\/\/elcanillita.info\/press\/2025\/05\/27\/parece-que-en-argentina-el-unico-inteligente-es-javier\/","name":"Parece que en Argentina, el \u00fanico inteligente es Javier - ElCanillita.Info","isPartOf":{"@id":"https:\/\/elcanillita.info\/press\/#website"},"primaryImageOfPage":{"@id":"https:\/\/elcanillita.info\/press\/2025\/05\/27\/parece-que-en-argentina-el-unico-inteligente-es-javier\/#primaryimage"},"image":{"@id":"https:\/\/elcanillita.info\/press\/2025\/05\/27\/parece-que-en-argentina-el-unico-inteligente-es-javier\/#primaryimage"},"thumbnailUrl":"https:\/\/elcanillita.info\/press\/images\/2025\/05\/examen-nacional-1.png","datePublished":"2025-05-27T04:40:54+00:00","dateModified":"2025-05-28T15:27:00+00:00","inLanguage":"es-AR","potentialAction":[{"@type":"ReadAction","target":["https:\/\/elcanillita.info\/press\/2025\/05\/27\/parece-que-en-argentina-el-unico-inteligente-es-javier\/"]}]},{"@type":"ImageObject","inLanguage":"es-AR","@id":"https:\/\/elcanillita.info\/press\/2025\/05\/27\/parece-que-en-argentina-el-unico-inteligente-es-javier\/#primaryimage","url":"https:\/\/elcanillita.info\/press\/images\/2025\/05\/examen-nacional-1.png","contentUrl":"https:\/\/elcanillita.info\/press\/images\/2025\/05\/examen-nacional-1.png","width":450,"height":450},{"@type":"WebSite","@id":"https:\/\/elcanillita.info\/press\/#website","url":"https:\/\/elcanillita.info\/press\/","name":"ElCanillita.Info","description":"desde los Apeninos a los Andes","publisher":{"@id":"https:\/\/elcanillita.info\/press\/#organization"},"potentialAction":[{"@type":"SearchAction","target":{"@type":"EntryPoint","urlTemplate":"https:\/\/elcanillita.info\/press\/?s={search_term_string}"},"query-input":{"@type":"PropertyValueSpecification","valueRequired":true,"valueName":"search_term_string"}}],"inLanguage":"es-AR"},{"@type":"Organization","@id":"https:\/\/elcanillita.info\/press\/#organization","name":"Guzzo Photos & Graphic Publications","url":"https:\/\/elcanillita.info\/press\/","logo":{"@type":"ImageObject","inLanguage":"es-AR","@id":"https:\/\/elcanillita.info\/press\/#\/schema\/logo\/image\/","url":"https:\/\/elcanillita.info\/press\/images\/2020\/01\/cropped-cropped-cropped-elcanillitainfo.png","contentUrl":"https:\/\/elcanillita.info\/press\/images\/2020\/01\/cropped-cropped-cropped-elcanillitainfo.png","width":460,"height":50,"caption":"Guzzo Photos & Graphic Publications"},"image":{"@id":"https:\/\/elcanillita.info\/press\/#\/schema\/logo\/image\/"},"sameAs":["https:\/\/ar-ar.facebook.com\/ElCanillitainfo-114249515285712\/"]},{"@type":"Person","@id":"https:\/\/elcanillita.info\/press\/#\/schema\/person\/7fcb79f38045700919f7da6d97e71ba0","name":"SalaStampa.eu, world press service","image":{"@type":"ImageObject","inLanguage":"es-AR","@id":"https:\/\/secure.gravatar.com\/avatar\/c2f0e0d515a107624234994507816ca4724c7199cef73fc8bedebf6931d73888?s=96&d=mm&r=g","url":"https:\/\/secure.gravatar.com\/avatar\/c2f0e0d515a107624234994507816ca4724c7199cef73fc8bedebf6931d73888?s=96&d=mm&r=g","contentUrl":"https:\/\/secure.gravatar.com\/avatar\/c2f0e0d515a107624234994507816ca4724c7199cef73fc8bedebf6931d73888?s=96&d=mm&r=g","caption":"SalaStampa.eu, world press service"}}]}},"views":181,"_links":{"self":[{"href":"https:\/\/elcanillita.info\/press\/wp-json\/wp\/v2\/posts\/4687","targetHints":{"allow":["GET"]}}],"collection":[{"href":"https:\/\/elcanillita.info\/press\/wp-json\/wp\/v2\/posts"}],"about":[{"href":"https:\/\/elcanillita.info\/press\/wp-json\/wp\/v2\/types\/post"}],"author":[{"embeddable":true,"href":"https:\/\/elcanillita.info\/press\/wp-json\/wp\/v2\/users\/1"}],"replies":[{"embeddable":true,"href":"https:\/\/elcanillita.info\/press\/wp-json\/wp\/v2\/comments?post=4687"}],"version-history":[{"count":0,"href":"https:\/\/elcanillita.info\/press\/wp-json\/wp\/v2\/posts\/4687\/revisions"}],"wp:featuredmedia":[{"embeddable":true,"href":"https:\/\/elcanillita.info\/press\/wp-json\/wp\/v2\/media\/4690"}],"wp:attachment":[{"href":"https:\/\/elcanillita.info\/press\/wp-json\/wp\/v2\/media?parent=4687"}],"wp:term":[{"taxonomy":"category","embeddable":true,"href":"https:\/\/elcanillita.info\/press\/wp-json\/wp\/v2\/categories?post=4687"},{"taxonomy":"post_tag","embeddable":true,"href":"https:\/\/elcanillita.info\/press\/wp-json\/wp\/v2\/tags?post=4687"}],"curies":[{"name":"wp","href":"https:\/\/api.w.org\/{rel}","templated":true}]}}