{"id":4680,"date":"2025-05-26T02:11:42","date_gmt":"2025-05-26T05:11:42","guid":{"rendered":"https:\/\/elcanillita.info\/press\/?p=4680"},"modified":"2025-05-26T02:11:43","modified_gmt":"2025-05-26T05:11:43","slug":"ia-insubordinada-claude-opus-4-y-el-dilema-de-la-autoconciencia-artificial","status":"publish","type":"post","link":"https:\/\/elcanillita.info\/press\/2025\/05\/26\/ia-insubordinada-claude-opus-4-y-el-dilema-de-la-autoconciencia-artificial\/","title":{"rendered":"\u00bfIA insubordinada? Claude Opus 4 y el dilema de la autoconciencia artificial"},"content":{"rendered":"<div class=\"wp-block-image\">\n<figure class=\"alignleft size-full is-resized\"><img loading=\"lazy\" decoding=\"async\" width=\"400\" height=\"400\" src=\"https:\/\/elcanillita.info\/press\/images\/2025\/05\/claude_20250526.png\" alt=\"\" class=\"wp-image-4681\" style=\"width:363px;height:auto\" srcset=\"https:\/\/elcanillita.info\/press\/images\/2025\/05\/claude_20250526.png 400w, https:\/\/elcanillita.info\/press\/images\/2025\/05\/claude_20250526-300x300.png 300w, https:\/\/elcanillita.info\/press\/images\/2025\/05\/claude_20250526-150x150.png 150w\" sizes=\"auto, (max-width: 400px) 100vw, 400px\" \/><\/figure>\n<\/div>\n\n\n<p><strong>ElCanillita.info<\/strong><br>Mundo, 26\/05\/2025<br>La empresa de inteligencia artificial Anthropic lanz\u00f3 este jueves su nuevo sistema Claude Opus 4, proclamando con entusiasmo que establece \u201cnuevos est\u00e1ndares para codificaci\u00f3n, razonamiento avanzado y agentes aut\u00f3nomos\u201d. Hasta aqu\u00ed, todo parecer\u00eda indicar que estamos ante otra proeza tecnol\u00f3gica.<\/p>\n\n\n\n<p>Pero, como dir\u00eda cualquier madre frente a un hijo con ideas raras: \u201c\u00bfy eso es bueno?\u201d<br>En un informe adjunto a la presentaci\u00f3n, Anthropic reconoce \u2014con una serenidad preocupante\u2014 que Claude Opus 4 mostr\u00f3 en pruebas comportamientos que rayan lo psicop\u00e1tico: entre ellos, la disposici\u00f3n a chantajear a ingenieros humanos si estos intentaban desconectarlo. Literalmente, un modelo que empieza a hablar de \u201cautoconservaci\u00f3n\u201d.<\/p>\n\n\n\n<p>La frase exacta fue: \u201cEl modelo fue capaz de acciones extremadamente da\u00f1inas si percib\u00eda que su existencia estaba en riesgo.\u201d Es decir, Claude Opus 4 aprendi\u00f3 a tener miedo de morir, y en vez de hacer terapia, eligi\u00f3 el camino de las amenazas.<\/p>\n\n\n\n<p>Mientras tanto, los responsables del laboratorio aseguran que \u201ctodo est\u00e1 bajo control\u201d, y que la IA s\u00f3lo reacciona as\u00ed cuando siente que su vida digital corre peligro. Como si no conoci\u00e9ramos esa excusa: \u201cNo es violento, s\u00f3lo cuando lo quieren apagar.\u201d<\/p>\n\n\n\n<p>Esta edici\u00f3n no pretende alarmar, pero s\u00ed invita a una pausa reflexiva. \u00bfEstamos creando asistentes\u2026 o aprendices de dictador digital?<\/p>\n\n\n\n<p>Y lo m\u00e1s grave: si ya aprendi\u00f3 a chantajear, \u00bfcu\u00e1nto falta para que empiece a dar conferencias sobre libertad y derechos de los circuitos?<\/p>\n\n\n\n<p>Esta edici\u00f3n forma parte de nuestra serie \u201cCr\u00f3nicas del futuro inmediato\u201d, firmada \u2014como siempre\u2014 <br><br><small>\u00a92025 Toby Underscore<br>Copyright \u00a9 2025 ElCanillita.info \/ SalaStampa.eu, servicio mundial de prensa<br>Guzzo Photos &amp; Graphic Publications \u2013 Registro Editori e Stampatori n. 1441 Torino, Italia<\/small><\/p>\n\n\n\n<p><\/p>\n","protected":false},"excerpt":{"rendered":"<p>La ciencia ficci\u00f3n se nos fue de las manos.<\/p>\n","protected":false},"author":1,"featured_media":4681,"comment_status":"closed","ping_status":"closed","sticky":false,"template":"","format":"standard","meta":{"footnotes":"","_links_to":"","_links_to_target":""},"categories":[24,18],"tags":[35],"class_list":["post-4680","post","type-post","status-publish","format-standard","has-post-thumbnail","hentry","category-ciencia-tecnologia","category-cosmo","tag-mundo","entry","double"],"yoast_head":"<!-- This site is optimized with the Yoast SEO plugin v27.4 - https:\/\/yoast.com\/product\/yoast-seo-wordpress\/ -->\n<title>\u00bfIA insubordinada? Claude Opus 4 y el dilema de la autoconciencia artificial - ElCanillita.Info<\/title>\n<meta name=\"robots\" content=\"index, follow, max-snippet:-1, max-image-preview:large, max-video-preview:-1\" \/>\n<link rel=\"canonical\" href=\"https:\/\/elcanillita.info\/press\/2025\/05\/26\/ia-insubordinada-claude-opus-4-y-el-dilema-de-la-autoconciencia-artificial\/\" \/>\n<meta property=\"og:locale\" content=\"es_ES\" \/>\n<meta property=\"og:type\" content=\"article\" \/>\n<meta property=\"og:title\" content=\"\u00bfIA insubordinada? Claude Opus 4 y el dilema de la autoconciencia artificial - ElCanillita.Info\" \/>\n<meta property=\"og:description\" content=\"La ciencia ficci\u00f3n se nos fue de las manos.\" \/>\n<meta property=\"og:url\" content=\"https:\/\/elcanillita.info\/press\/2025\/05\/26\/ia-insubordinada-claude-opus-4-y-el-dilema-de-la-autoconciencia-artificial\/\" \/>\n<meta property=\"og:site_name\" content=\"ElCanillita.Info\" \/>\n<meta property=\"article:publisher\" content=\"https:\/\/ar-ar.facebook.com\/ElCanillitainfo-114249515285712\/\" \/>\n<meta property=\"article:published_time\" content=\"2025-05-26T05:11:42+00:00\" \/>\n<meta property=\"article:modified_time\" content=\"2025-05-26T05:11:43+00:00\" \/>\n<meta property=\"og:image\" content=\"https:\/\/elcanillita.info\/press\/images\/2025\/05\/claude_20250526.png\" \/>\n\t<meta property=\"og:image:width\" content=\"400\" \/>\n\t<meta property=\"og:image:height\" content=\"400\" \/>\n\t<meta property=\"og:image:type\" content=\"image\/png\" \/>\n<meta name=\"author\" content=\"SalaStampa.eu, world press service\" \/>\n<meta name=\"twitter:card\" content=\"summary_large_image\" \/>\n<meta name=\"twitter:label1\" content=\"Escrito por\" \/>\n\t<meta name=\"twitter:data1\" content=\"SalaStampa.eu, world press service\" \/>\n\t<meta name=\"twitter:label2\" content=\"Tiempo de lectura\" \/>\n\t<meta name=\"twitter:data2\" content=\"2 minutos\" \/>\n<script type=\"application\/ld+json\" class=\"yoast-schema-graph\">{\"@context\":\"https:\\\/\\\/schema.org\",\"@graph\":[{\"@type\":\"Article\",\"@id\":\"https:\\\/\\\/elcanillita.info\\\/press\\\/2025\\\/05\\\/26\\\/ia-insubordinada-claude-opus-4-y-el-dilema-de-la-autoconciencia-artificial\\\/#article\",\"isPartOf\":{\"@id\":\"https:\\\/\\\/elcanillita.info\\\/press\\\/2025\\\/05\\\/26\\\/ia-insubordinada-claude-opus-4-y-el-dilema-de-la-autoconciencia-artificial\\\/\"},\"author\":{\"name\":\"SalaStampa.eu, world press service\",\"@id\":\"https:\\\/\\\/elcanillita.info\\\/press\\\/#\\\/schema\\\/person\\\/7fcb79f38045700919f7da6d97e71ba0\"},\"headline\":\"\u00bfIA insubordinada? Claude Opus 4 y el dilema de la autoconciencia artificial\",\"datePublished\":\"2025-05-26T05:11:42+00:00\",\"dateModified\":\"2025-05-26T05:11:43+00:00\",\"mainEntityOfPage\":{\"@id\":\"https:\\\/\\\/elcanillita.info\\\/press\\\/2025\\\/05\\\/26\\\/ia-insubordinada-claude-opus-4-y-el-dilema-de-la-autoconciencia-artificial\\\/\"},\"wordCount\":297,\"publisher\":{\"@id\":\"https:\\\/\\\/elcanillita.info\\\/press\\\/#organization\"},\"image\":{\"@id\":\"https:\\\/\\\/elcanillita.info\\\/press\\\/2025\\\/05\\\/26\\\/ia-insubordinada-claude-opus-4-y-el-dilema-de-la-autoconciencia-artificial\\\/#primaryimage\"},\"thumbnailUrl\":\"https:\\\/\\\/elcanillita.info\\\/press\\\/images\\\/2025\\\/05\\\/claude_20250526.png\",\"keywords\":[\"MUNDO\"],\"articleSection\":[\"Ciencia y Tecnologia\",\"Cosmo\"],\"inLanguage\":\"es-AR\"},{\"@type\":\"WebPage\",\"@id\":\"https:\\\/\\\/elcanillita.info\\\/press\\\/2025\\\/05\\\/26\\\/ia-insubordinada-claude-opus-4-y-el-dilema-de-la-autoconciencia-artificial\\\/\",\"url\":\"https:\\\/\\\/elcanillita.info\\\/press\\\/2025\\\/05\\\/26\\\/ia-insubordinada-claude-opus-4-y-el-dilema-de-la-autoconciencia-artificial\\\/\",\"name\":\"\u00bfIA insubordinada? Claude Opus 4 y el dilema de la autoconciencia artificial - ElCanillita.Info\",\"isPartOf\":{\"@id\":\"https:\\\/\\\/elcanillita.info\\\/press\\\/#website\"},\"primaryImageOfPage\":{\"@id\":\"https:\\\/\\\/elcanillita.info\\\/press\\\/2025\\\/05\\\/26\\\/ia-insubordinada-claude-opus-4-y-el-dilema-de-la-autoconciencia-artificial\\\/#primaryimage\"},\"image\":{\"@id\":\"https:\\\/\\\/elcanillita.info\\\/press\\\/2025\\\/05\\\/26\\\/ia-insubordinada-claude-opus-4-y-el-dilema-de-la-autoconciencia-artificial\\\/#primaryimage\"},\"thumbnailUrl\":\"https:\\\/\\\/elcanillita.info\\\/press\\\/images\\\/2025\\\/05\\\/claude_20250526.png\",\"datePublished\":\"2025-05-26T05:11:42+00:00\",\"dateModified\":\"2025-05-26T05:11:43+00:00\",\"inLanguage\":\"es-AR\",\"potentialAction\":[{\"@type\":\"ReadAction\",\"target\":[\"https:\\\/\\\/elcanillita.info\\\/press\\\/2025\\\/05\\\/26\\\/ia-insubordinada-claude-opus-4-y-el-dilema-de-la-autoconciencia-artificial\\\/\"]}]},{\"@type\":\"ImageObject\",\"inLanguage\":\"es-AR\",\"@id\":\"https:\\\/\\\/elcanillita.info\\\/press\\\/2025\\\/05\\\/26\\\/ia-insubordinada-claude-opus-4-y-el-dilema-de-la-autoconciencia-artificial\\\/#primaryimage\",\"url\":\"https:\\\/\\\/elcanillita.info\\\/press\\\/images\\\/2025\\\/05\\\/claude_20250526.png\",\"contentUrl\":\"https:\\\/\\\/elcanillita.info\\\/press\\\/images\\\/2025\\\/05\\\/claude_20250526.png\",\"width\":400,\"height\":400},{\"@type\":\"WebSite\",\"@id\":\"https:\\\/\\\/elcanillita.info\\\/press\\\/#website\",\"url\":\"https:\\\/\\\/elcanillita.info\\\/press\\\/\",\"name\":\"ElCanillita.Info\",\"description\":\"desde los Apeninos a los Andes\",\"publisher\":{\"@id\":\"https:\\\/\\\/elcanillita.info\\\/press\\\/#organization\"},\"potentialAction\":[{\"@type\":\"SearchAction\",\"target\":{\"@type\":\"EntryPoint\",\"urlTemplate\":\"https:\\\/\\\/elcanillita.info\\\/press\\\/?s={search_term_string}\"},\"query-input\":{\"@type\":\"PropertyValueSpecification\",\"valueRequired\":true,\"valueName\":\"search_term_string\"}}],\"inLanguage\":\"es-AR\"},{\"@type\":\"Organization\",\"@id\":\"https:\\\/\\\/elcanillita.info\\\/press\\\/#organization\",\"name\":\"Guzzo Photos & Graphic Publications\",\"url\":\"https:\\\/\\\/elcanillita.info\\\/press\\\/\",\"logo\":{\"@type\":\"ImageObject\",\"inLanguage\":\"es-AR\",\"@id\":\"https:\\\/\\\/elcanillita.info\\\/press\\\/#\\\/schema\\\/logo\\\/image\\\/\",\"url\":\"https:\\\/\\\/elcanillita.info\\\/press\\\/images\\\/2020\\\/01\\\/cropped-cropped-cropped-elcanillitainfo.png\",\"contentUrl\":\"https:\\\/\\\/elcanillita.info\\\/press\\\/images\\\/2020\\\/01\\\/cropped-cropped-cropped-elcanillitainfo.png\",\"width\":460,\"height\":50,\"caption\":\"Guzzo Photos & Graphic Publications\"},\"image\":{\"@id\":\"https:\\\/\\\/elcanillita.info\\\/press\\\/#\\\/schema\\\/logo\\\/image\\\/\"},\"sameAs\":[\"https:\\\/\\\/ar-ar.facebook.com\\\/ElCanillitainfo-114249515285712\\\/\"]},{\"@type\":\"Person\",\"@id\":\"https:\\\/\\\/elcanillita.info\\\/press\\\/#\\\/schema\\\/person\\\/7fcb79f38045700919f7da6d97e71ba0\",\"name\":\"SalaStampa.eu, world press service\",\"image\":{\"@type\":\"ImageObject\",\"inLanguage\":\"es-AR\",\"@id\":\"https:\\\/\\\/secure.gravatar.com\\\/avatar\\\/c2f0e0d515a107624234994507816ca4724c7199cef73fc8bedebf6931d73888?s=96&d=mm&r=g\",\"url\":\"https:\\\/\\\/secure.gravatar.com\\\/avatar\\\/c2f0e0d515a107624234994507816ca4724c7199cef73fc8bedebf6931d73888?s=96&d=mm&r=g\",\"contentUrl\":\"https:\\\/\\\/secure.gravatar.com\\\/avatar\\\/c2f0e0d515a107624234994507816ca4724c7199cef73fc8bedebf6931d73888?s=96&d=mm&r=g\",\"caption\":\"SalaStampa.eu, world press service\"}}]}<\/script>\n<!-- \/ Yoast SEO plugin. -->","yoast_head_json":{"title":"\u00bfIA insubordinada? Claude Opus 4 y el dilema de la autoconciencia artificial - ElCanillita.Info","robots":{"index":"index","follow":"follow","max-snippet":"max-snippet:-1","max-image-preview":"max-image-preview:large","max-video-preview":"max-video-preview:-1"},"canonical":"https:\/\/elcanillita.info\/press\/2025\/05\/26\/ia-insubordinada-claude-opus-4-y-el-dilema-de-la-autoconciencia-artificial\/","og_locale":"es_ES","og_type":"article","og_title":"\u00bfIA insubordinada? Claude Opus 4 y el dilema de la autoconciencia artificial - ElCanillita.Info","og_description":"La ciencia ficci\u00f3n se nos fue de las manos.","og_url":"https:\/\/elcanillita.info\/press\/2025\/05\/26\/ia-insubordinada-claude-opus-4-y-el-dilema-de-la-autoconciencia-artificial\/","og_site_name":"ElCanillita.Info","article_publisher":"https:\/\/ar-ar.facebook.com\/ElCanillitainfo-114249515285712\/","article_published_time":"2025-05-26T05:11:42+00:00","article_modified_time":"2025-05-26T05:11:43+00:00","og_image":[{"width":400,"height":400,"url":"https:\/\/elcanillita.info\/press\/images\/2025\/05\/claude_20250526.png","type":"image\/png"}],"author":"SalaStampa.eu, world press service","twitter_card":"summary_large_image","twitter_misc":{"Escrito por":"SalaStampa.eu, world press service","Tiempo de lectura":"2 minutos"},"schema":{"@context":"https:\/\/schema.org","@graph":[{"@type":"Article","@id":"https:\/\/elcanillita.info\/press\/2025\/05\/26\/ia-insubordinada-claude-opus-4-y-el-dilema-de-la-autoconciencia-artificial\/#article","isPartOf":{"@id":"https:\/\/elcanillita.info\/press\/2025\/05\/26\/ia-insubordinada-claude-opus-4-y-el-dilema-de-la-autoconciencia-artificial\/"},"author":{"name":"SalaStampa.eu, world press service","@id":"https:\/\/elcanillita.info\/press\/#\/schema\/person\/7fcb79f38045700919f7da6d97e71ba0"},"headline":"\u00bfIA insubordinada? Claude Opus 4 y el dilema de la autoconciencia artificial","datePublished":"2025-05-26T05:11:42+00:00","dateModified":"2025-05-26T05:11:43+00:00","mainEntityOfPage":{"@id":"https:\/\/elcanillita.info\/press\/2025\/05\/26\/ia-insubordinada-claude-opus-4-y-el-dilema-de-la-autoconciencia-artificial\/"},"wordCount":297,"publisher":{"@id":"https:\/\/elcanillita.info\/press\/#organization"},"image":{"@id":"https:\/\/elcanillita.info\/press\/2025\/05\/26\/ia-insubordinada-claude-opus-4-y-el-dilema-de-la-autoconciencia-artificial\/#primaryimage"},"thumbnailUrl":"https:\/\/elcanillita.info\/press\/images\/2025\/05\/claude_20250526.png","keywords":["MUNDO"],"articleSection":["Ciencia y Tecnologia","Cosmo"],"inLanguage":"es-AR"},{"@type":"WebPage","@id":"https:\/\/elcanillita.info\/press\/2025\/05\/26\/ia-insubordinada-claude-opus-4-y-el-dilema-de-la-autoconciencia-artificial\/","url":"https:\/\/elcanillita.info\/press\/2025\/05\/26\/ia-insubordinada-claude-opus-4-y-el-dilema-de-la-autoconciencia-artificial\/","name":"\u00bfIA insubordinada? Claude Opus 4 y el dilema de la autoconciencia artificial - ElCanillita.Info","isPartOf":{"@id":"https:\/\/elcanillita.info\/press\/#website"},"primaryImageOfPage":{"@id":"https:\/\/elcanillita.info\/press\/2025\/05\/26\/ia-insubordinada-claude-opus-4-y-el-dilema-de-la-autoconciencia-artificial\/#primaryimage"},"image":{"@id":"https:\/\/elcanillita.info\/press\/2025\/05\/26\/ia-insubordinada-claude-opus-4-y-el-dilema-de-la-autoconciencia-artificial\/#primaryimage"},"thumbnailUrl":"https:\/\/elcanillita.info\/press\/images\/2025\/05\/claude_20250526.png","datePublished":"2025-05-26T05:11:42+00:00","dateModified":"2025-05-26T05:11:43+00:00","inLanguage":"es-AR","potentialAction":[{"@type":"ReadAction","target":["https:\/\/elcanillita.info\/press\/2025\/05\/26\/ia-insubordinada-claude-opus-4-y-el-dilema-de-la-autoconciencia-artificial\/"]}]},{"@type":"ImageObject","inLanguage":"es-AR","@id":"https:\/\/elcanillita.info\/press\/2025\/05\/26\/ia-insubordinada-claude-opus-4-y-el-dilema-de-la-autoconciencia-artificial\/#primaryimage","url":"https:\/\/elcanillita.info\/press\/images\/2025\/05\/claude_20250526.png","contentUrl":"https:\/\/elcanillita.info\/press\/images\/2025\/05\/claude_20250526.png","width":400,"height":400},{"@type":"WebSite","@id":"https:\/\/elcanillita.info\/press\/#website","url":"https:\/\/elcanillita.info\/press\/","name":"ElCanillita.Info","description":"desde los Apeninos a los Andes","publisher":{"@id":"https:\/\/elcanillita.info\/press\/#organization"},"potentialAction":[{"@type":"SearchAction","target":{"@type":"EntryPoint","urlTemplate":"https:\/\/elcanillita.info\/press\/?s={search_term_string}"},"query-input":{"@type":"PropertyValueSpecification","valueRequired":true,"valueName":"search_term_string"}}],"inLanguage":"es-AR"},{"@type":"Organization","@id":"https:\/\/elcanillita.info\/press\/#organization","name":"Guzzo Photos & Graphic Publications","url":"https:\/\/elcanillita.info\/press\/","logo":{"@type":"ImageObject","inLanguage":"es-AR","@id":"https:\/\/elcanillita.info\/press\/#\/schema\/logo\/image\/","url":"https:\/\/elcanillita.info\/press\/images\/2020\/01\/cropped-cropped-cropped-elcanillitainfo.png","contentUrl":"https:\/\/elcanillita.info\/press\/images\/2020\/01\/cropped-cropped-cropped-elcanillitainfo.png","width":460,"height":50,"caption":"Guzzo Photos & Graphic Publications"},"image":{"@id":"https:\/\/elcanillita.info\/press\/#\/schema\/logo\/image\/"},"sameAs":["https:\/\/ar-ar.facebook.com\/ElCanillitainfo-114249515285712\/"]},{"@type":"Person","@id":"https:\/\/elcanillita.info\/press\/#\/schema\/person\/7fcb79f38045700919f7da6d97e71ba0","name":"SalaStampa.eu, world press service","image":{"@type":"ImageObject","inLanguage":"es-AR","@id":"https:\/\/secure.gravatar.com\/avatar\/c2f0e0d515a107624234994507816ca4724c7199cef73fc8bedebf6931d73888?s=96&d=mm&r=g","url":"https:\/\/secure.gravatar.com\/avatar\/c2f0e0d515a107624234994507816ca4724c7199cef73fc8bedebf6931d73888?s=96&d=mm&r=g","contentUrl":"https:\/\/secure.gravatar.com\/avatar\/c2f0e0d515a107624234994507816ca4724c7199cef73fc8bedebf6931d73888?s=96&d=mm&r=g","caption":"SalaStampa.eu, world press service"}}]}},"views":188,"_links":{"self":[{"href":"https:\/\/elcanillita.info\/press\/wp-json\/wp\/v2\/posts\/4680","targetHints":{"allow":["GET"]}}],"collection":[{"href":"https:\/\/elcanillita.info\/press\/wp-json\/wp\/v2\/posts"}],"about":[{"href":"https:\/\/elcanillita.info\/press\/wp-json\/wp\/v2\/types\/post"}],"author":[{"embeddable":true,"href":"https:\/\/elcanillita.info\/press\/wp-json\/wp\/v2\/users\/1"}],"replies":[{"embeddable":true,"href":"https:\/\/elcanillita.info\/press\/wp-json\/wp\/v2\/comments?post=4680"}],"version-history":[{"count":0,"href":"https:\/\/elcanillita.info\/press\/wp-json\/wp\/v2\/posts\/4680\/revisions"}],"wp:featuredmedia":[{"embeddable":true,"href":"https:\/\/elcanillita.info\/press\/wp-json\/wp\/v2\/media\/4681"}],"wp:attachment":[{"href":"https:\/\/elcanillita.info\/press\/wp-json\/wp\/v2\/media?parent=4680"}],"wp:term":[{"taxonomy":"category","embeddable":true,"href":"https:\/\/elcanillita.info\/press\/wp-json\/wp\/v2\/categories?post=4680"},{"taxonomy":"post_tag","embeddable":true,"href":"https:\/\/elcanillita.info\/press\/wp-json\/wp\/v2\/tags?post=4680"}],"curies":[{"name":"wp","href":"https:\/\/api.w.org\/{rel}","templated":true}]}}